{"id":858,"date":"2019-08-29T10:47:55","date_gmt":"2019-08-29T10:47:55","guid":{"rendered":"https:\/\/new.gidaperakendecileri.org\/?p=858"},"modified":"2019-09-20T10:25:12","modified_gmt":"2019-09-20T10:25:12","slug":"sifir-atik","status":"publish","type":"post","link":"https:\/\/www.gidaperakendecileri.org\/?p=858","title":{"rendered":"\u0130sraf\u0131 \u00d6nlemek \u0130\u00e7in &#8220;S\u0131f\u0131r At\u0131k&#8221;"},"content":{"rendered":"\t\t<div data-elementor-type=\"wp-post\" data-elementor-id=\"858\" class=\"elementor elementor-858\">\n\t\t\t\t\t\t<section class=\"elementor-section elementor-top-section elementor-element elementor-element-7cb3dba elementor-section-boxed elementor-section-height-default elementor-section-height-default\" data-id=\"7cb3dba\" data-element_type=\"section\">\n\t\t\t\t\t\t<div class=\"elementor-container elementor-column-gap-default\">\n\t\t\t\t\t<div class=\"elementor-column elementor-col-100 elementor-top-column elementor-element elementor-element-4b9c6851\" data-id=\"4b9c6851\" data-element_type=\"column\">\n\t\t\t<div class=\"elementor-widget-wrap elementor-element-populated\">\n\t\t\t\t\t\t<div class=\"elementor-element elementor-element-649b8508 elementor-widget elementor-widget-text-editor\" data-id=\"649b8508\" data-element_type=\"widget\" data-widget_type=\"text-editor.default\">\n\t\t\t\t<div class=\"elementor-widget-container\">\n\t\t\t\t\t\t\t\t\t<div class=\"td-paragraph-padding-1\"><h3><span style=\"color: #000000;\"><strong>Son y\u0131llarda t\u00fcm d\u00fcnyada bireysel, kurumsal anlamda ve belediyeler genelinde, s\u0131f\u0131r at\u0131k uygulama \u00e7al\u0131\u015fmalar\u0131 giderek yayg\u0131nla\u015f\u0131yor. \u00c7evre ve \u015eehircilik Bakanl\u0131\u011f\u0131 taraf\u0131ndan T\u00fcrkiye&#8217;de 2017 y\u0131l\u0131nda ba\u015flat\u0131lan &#8220;S\u0131f\u0131r At\u0131k&#8221; projesiyle israf\u0131n \u00f6nlenmesi, kaynaklar\u0131n daha verimli kullan\u0131lmas\u0131, olu\u015fan at\u0131\u011f\u0131n miktar\u0131n\u0131n azalt\u0131lmas\u0131, etkin toplama sisteminin kurulmas\u0131, at\u0131klar\u0131n geri d\u00f6n\u00fc\u015ft\u00fcr\u00fclmesi hedefleniyor. Bu kapsamda \u00e7e\u015fitli \u00e7al\u0131\u015fmalar yap\u0131larak etkili sonu\u00e7lar al\u0131nmaya ba\u015fland\u0131 bile. Daha iyi bir d\u00fcnya, daha iyi bir gelecek i\u00e7in herkese &#8220;S\u0131f\u0131r At\u0131k S\u0131f\u0131r Kay\u0131p&#8221; \u00e7a\u011f\u0131r\u0131s\u0131 yap\u0131l\u0131yor. <\/strong><\/span><\/h3><h3><span style=\"color: #000000;\"><strong> <img fetchpriority=\"high\" decoding=\"async\" class=\"wp-image-862 alignleft\" src=\"http:\/\/gidaperakendecileri.org\/wp-content\/uploads\/2019\/08\/s\u0131f\u0131r-at\u0131k-4-237x300.jpg\" alt=\"\" width=\"331\" height=\"419\" srcset=\"https:\/\/www.gidaperakendecileri.org\/wp-content\/uploads\/2019\/08\/s\u0131f\u0131r-at\u0131k-4-237x300.jpg 237w, https:\/\/www.gidaperakendecileri.org\/wp-content\/uploads\/2019\/08\/s\u0131f\u0131r-at\u0131k-4-768x974.jpg 768w, https:\/\/www.gidaperakendecileri.org\/wp-content\/uploads\/2019\/08\/s\u0131f\u0131r-at\u0131k-4-807x1024.jpg 807w, https:\/\/www.gidaperakendecileri.org\/wp-content\/uploads\/2019\/08\/s\u0131f\u0131r-at\u0131k-4-696x883.jpg 696w, https:\/\/www.gidaperakendecileri.org\/wp-content\/uploads\/2019\/08\/s\u0131f\u0131r-at\u0131k-4-1068x1355.jpg 1068w, https:\/\/www.gidaperakendecileri.org\/wp-content\/uploads\/2019\/08\/s\u0131f\u0131r-at\u0131k-4-331x420.jpg 331w, https:\/\/www.gidaperakendecileri.org\/wp-content\/uploads\/2019\/08\/s\u0131f\u0131r-at\u0131k-4.jpg 1181w\" sizes=\"(max-width: 331px) 100vw, 331px\" \/><\/strong><\/span><\/h3><p><span style=\"color: #000000;\">\u00c7evre ve \u015eehircilik Bakanl\u0131\u011f\u0131&#8217;n\u0131n &#8220;S\u0131f\u0131r At\u0131k&#8221; projesi kapsam\u0131nda 2017 y\u0131l\u0131ndan bu yana \u00e7e\u015fitli projeler ve bilin\u00e7lendirme \u00e7al\u0131\u015fmalar\u0131 ger\u00e7ekle\u015ftiriliyor. T\u00fcm d\u00fcnyan\u0131n g\u00fcndeminde olan &#8220;S\u0131f\u0131r At\u0131k&#8221; konusunda, bireysel ve kurumsal tedbirlerle daha iyi bir gelecek ve daha ya\u015fan\u0131l\u0131r bir d\u00fcnya i\u00e7in herkesin atmas\u0131 gereken ad\u0131mlar oldu\u011funa dikkat \u00e7ekiliyor.<\/span><\/p><p><span style=\"color: #000000;\">Bilindi\u011fi gibi do\u011fal kaynaklar, k\u00fcresel ekonominin i\u015fleyi\u015fini ve ya\u015fam kalitesini destekliyor. Bu kaynaklar yak\u0131tlar, mineraller ve metaller gibi hammaddelerle birlikte g\u0131da, toprak, su, hava, biyok\u00fctle ve ekosistemleri de i\u00e7eriyor. \u0130yi i\u015fleyen bir ekonomi, do\u011fal kaynaklar\u0131n ve hammaddelerin kesintisiz ak\u0131\u015f\u0131na ba\u011fl\u0131&#8230; Kaynaklar\u0131n s\u00fcrd\u00fcr\u00fclebilir ve verimli bir \u015fekilde y\u00f6netimi, g\u00fcn\u00fcm\u00fczde ka\u00e7\u0131n\u0131lmaz bir gereklilik&#8230; 1900 y\u0131l\u0131na g\u00f6re bug\u00fcn, ki\u015fi ba\u015f\u0131na enerji t\u00fcketiminin 3 kat\u0131na, hammadde kullan\u0131m\u0131n\u0131n 2 kat\u0131na, d\u00fcnya n\u00fcfusunun ise 5 kat\u0131na \u00e7\u0131kt\u0131\u011f\u0131n\u0131 vurgulayan \u00c7evre ve \u015eehircilik Bakanl\u0131\u011f\u0131, herkese &#8220;S\u0131f\u0131r At\u0131k S\u0131f\u0131r Kay\u0131p&#8221; \u00e7a\u011fr\u0131s\u0131nda bulunuyor.<\/span><\/p><p><strong><span style=\"color: #000000;\">N\u00fcfus Artt\u0131k\u00e7a At\u0131k Da Art\u0131yor<\/span><\/strong><br \/><span style=\"color: #000000;\">Sanayi Devrimine ba\u011fl\u0131 olarak ortaya \u00e7\u0131kan teknolojik yeniliklerle birlikte artan n\u00fcfus ve \u015fehirle\u015fme, ya\u015fam standartlar\u0131n\u0131n ve t\u00fcketim al\u0131\u015fkanl\u0131klar\u0131n\u0131n farkl\u0131la\u015fmas\u0131na yol a\u00e7t\u0131. Bu durum ise ge\u00e7mi\u015fe nazaran daha \u00e7ok at\u0131\u011f\u0131n olu\u015fmas\u0131na neden oluyor. Ayn\u0131 zamanda, ba\u015fta do\u011fal kaynaklar\u0131n t\u00fckenmesi ve iklim de\u011fi\u015fikli\u011fi gibi konular olmak \u00fczere, t\u00fcm canl\u0131lar\u0131 tehdit edecek boyutlara varan hava, su ve toprak kirlili\u011fi de s\u00f6z konusu&#8230; S\u00fcrd\u00fcr\u00fclebilir kalk\u0131nma ilkeleri \u00e7er\u00e7evesinde at\u0131klar\u0131 kontrol alt\u0131na almak, gelecek nesillere temiz, geli\u015fmi\u015f bir T\u00fcrkiye ve ya\u015fanabilir bir d\u00fcnya b\u0131rakmak i\u00e7in s\u0131f\u0131r at\u0131k prensibini hedef almak ve entegre bir yakla\u015f\u0131mla at\u0131klar\u0131n y\u00f6netimini sa\u011flamak hayati de\u011fer ta\u015f\u0131yor.<\/span><\/p><p><strong><span style=\"color: #000000;\">S\u0131f\u0131r At\u0131k Projesinin Hedefleri<\/span><\/strong><br \/><span style=\"color: #000000;\">* Temiz ortam kaynakl\u0131 olarak performans\u0131n ve verimlili\u011fin artt\u0131r\u0131lmas\u0131<\/span><br \/><span style=\"color: #000000;\">* \u0130sraf\u0131n \u00f6n\u00fcne ge\u00e7ildi\u011finden maliyetlerin azalt\u0131lmas\u0131<\/span><br \/><span style=\"color: #000000;\">* Tasarruf ve ekonomik kazan\u00e7 sa\u011flanmas\u0131<\/span><br \/><span style=\"color: #000000;\">* \u201cDuyarl\u0131 t\u00fcketici\u201d duygusuna sahip olunmas\u0131n\u0131n sa\u011flanmas\u0131<\/span><br \/><span style=\"color: #000000;\">* \u00c7evresel risklerin azalt\u0131lmas\u0131n\u0131n sa\u011flanmas\u0131<\/span><\/p><p><strong><span style=\"color: #000000;\">Neden S\u0131f\u0131r At\u0131k?<\/span><\/strong><br \/><span style=\"color: #000000;\">1 ton at\u0131k ka\u011f\u0131d\u0131n geri kazan\u0131m\u0131yla 17 a\u011fac\u0131n kesilmesi \u00f6nleniyor, 12.400 metrek\u00fcp kadar sera gaz\u0131 engelleniyor, 2,4 metrek\u00fcp at\u0131k depolama alan\u0131ndan tasarruf sa\u011flan\u0131yor. Ayn\u0131 zamanda yeni \u00fcretime k\u0131yasla metal ve plastik geri kazan\u0131m\u0131yla %95 enerji tasarrufu sa\u011flanabiliyor. At\u0131k camlar tekrar cam \u00fcr\u00fcnlerine, plastikler elyaf ve dolgu malzemesi gibi bir\u00e7ok malzemeye, at\u0131k metallerse tekrar metal \u00fcr\u00fcnlerine d\u00f6n\u00fc\u015febiliyor. Organik at\u0131klardan elde edilebilecek kompost ile topraklar daha verimli hale geliyor. Geri d\u00f6n\u00fc\u015ft\u00fcr\u00fclen her 1 ton cam i\u00e7in yakla\u015f\u0131k 100 litre petrolden tasarruf edilebiliyor.<\/span><\/p><p><strong><span style=\"color: #000000;\">Bir Ya\u015fam Bi\u00e7imi Olarak &#8220;S\u0131f\u0131r At\u0131k&#8221;<\/span><\/strong><br \/><span style=\"color: #000000;\">\u0130stanbul Frans\u0131z K\u00fclt\u00fcr Merkezi ve \u0130stanbul Uluslararas\u0131 Edebiyat Festivali \u201cS\u0131f\u0131r At\u0131k\u201d isimli konferans i\u00e7in 8 May\u0131s&#8217;ta &#8220;S\u0131f\u0131r At\u0131k&#8221; kitab\u0131yla dikkatleri \u00fczerine \u00e7eken B\u00e9a Johnson\u2019u a\u011f\u0131rlad\u0131. Johnson ve ailesinin, 2008 y\u0131l\u0131ndan bu yana ya\u015famlar\u0131nda \u00e7\u00f6pe yer yok. B\u00e9a, blog\u2019u ve \u00e7ok satan Z\u00e9roD\u00e9chet (S\u0131f\u0131rAt\u0131k) kitab\u0131 sayesinde, daha basit ya\u015fayarak ve at\u0131klar\u0131n\u0131 radikal bir bi\u00e7imde azaltarak t\u00fcm d\u00fcnyaya ilham kayna\u011f\u0131 olmu\u015f bir isim. 2011 y\u0131l\u0131nda &#8220;Green Awards&#8221; \u00f6d\u00fcl\u00fcne de lay\u0131k g\u00f6r\u00fclen B\u00e9a, uluslararas\u0131 d\u00fczeyde \u00fcniversitelerde, i\u015f komitelerinde, derneklerde, sempozyum ve fuarlarda s\u00f6yle\u015filere kat\u0131larak medyan\u0131n ilgisini topluyor.<\/span><br \/><span style=\"color: #000000;\">B\u00e9a, s\u0131f\u0131r at\u0131k elde etmek i\u00e7in, 5 kural\u0131n uygulanmas\u0131 \u015feklinde basit bir sistem sunuyor: Reddet, Azalt, Yeniden Kullan, D\u00f6n\u00fc\u015ft\u00fcr ve G\u00fcbrele. S\u0131f\u0131r at\u0131\u011f\u0131n iyi ve daha sa\u011fl\u0131kl\u0131 bir d\u00fcnya i\u00e7in gerekli oldu\u011funu belirten Bea, bu sayede zaman ve para tasarrufu sa\u011flanabildi\u011fini de vurguluyor.<\/span><\/p><\/div>\t\t\t\t\t\t\t\t<\/div>\n\t\t\t\t<\/div>\n\t\t\t\t\t<\/div>\n\t\t<\/div>\n\t\t\t\t\t<\/div>\n\t\t<\/section>\n\t\t\t\t<\/div>\n\t\t","protected":false},"excerpt":{"rendered":"<p>Son y\u0131llarda t\u00fcm d\u00fcnyada bireysel, kurumsal anlamda ve belediyeler genelinde, s\u0131f\u0131r at\u0131k uygulama \u00e7al\u0131\u015fmalar\u0131 giderek yayg\u0131nla\u015f\u0131yor. \u00c7evre ve \u015eehircilik Bakanl\u0131\u011f\u0131 taraf\u0131ndan T\u00fcrkiye&#8217;de 2017 y\u0131l\u0131nda ba\u015flat\u0131lan &#8220;S\u0131f\u0131r At\u0131k&#8221; projesiyle israf\u0131n \u00f6nlenmesi, kaynaklar\u0131n daha verimli kullan\u0131lmas\u0131, olu\u015fan at\u0131\u011f\u0131n miktar\u0131n\u0131n azalt\u0131lmas\u0131, etkin toplama sisteminin kurulmas\u0131, at\u0131klar\u0131n geri d\u00f6n\u00fc\u015ft\u00fcr\u00fclmesi hedefleniyor. Bu kapsamda \u00e7e\u015fitli \u00e7al\u0131\u015fmalar yap\u0131larak etkili sonu\u00e7lar al\u0131nmaya ba\u015fland\u0131 [&hellip;]<\/p>\n","protected":false},"author":1,"featured_media":859,"comment_status":"closed","ping_status":"closed","sticky":false,"template":"","format":"standard","meta":{"_monsterinsights_skip_tracking":false,"_monsterinsights_sitenote_active":false,"_monsterinsights_sitenote_note":"","_monsterinsights_sitenote_category":0,"footnotes":""},"categories":[25],"tags":[],"class_list":{"0":"post-858","1":"post","2":"type-post","3":"status-publish","4":"format-standard","5":"has-post-thumbnail","7":"category-makaleler"},"featured_image_src":"https:\/\/www.gidaperakendecileri.org\/wp-content\/uploads\/2019\/08\/s\u0131f\u0131r-at\u0131k-3.jpg","author_info":{"display_name":"ph16171887571_m2ho1594","author_link":"https:\/\/www.gidaperakendecileri.org\/?author=1"},"yoast_head":"<!-- This site is optimized with the Yoast SEO plugin v26.7 - https:\/\/yoast.com\/wordpress\/plugins\/seo\/ -->\n<title>\u0130sraf\u0131 \u00d6nlemek \u0130\u00e7in &quot;S\u0131f\u0131r At\u0131k&quot; - GPD<\/title>\n<meta name=\"robots\" content=\"index, follow, max-snippet:-1, max-image-preview:large, max-video-preview:-1\" \/>\n<link rel=\"canonical\" href=\"https:\/\/www.gidaperakendecileri.org\/?p=858\" \/>\n<meta property=\"og:locale\" content=\"en_US\" \/>\n<meta property=\"og:type\" content=\"article\" \/>\n<meta property=\"og:title\" content=\"\u0130sraf\u0131 \u00d6nlemek \u0130\u00e7in &quot;S\u0131f\u0131r At\u0131k&quot; - GPD\" \/>\n<meta property=\"og:description\" content=\"Son y\u0131llarda t\u00fcm d\u00fcnyada bireysel, kurumsal anlamda ve belediyeler genelinde, s\u0131f\u0131r at\u0131k uygulama \u00e7al\u0131\u015fmalar\u0131 giderek yayg\u0131nla\u015f\u0131yor. \u00c7evre ve \u015eehircilik Bakanl\u0131\u011f\u0131 taraf\u0131ndan T\u00fcrkiye&#8217;de 2017 y\u0131l\u0131nda ba\u015flat\u0131lan &#8220;S\u0131f\u0131r At\u0131k&#8221; projesiyle israf\u0131n \u00f6nlenmesi, kaynaklar\u0131n daha verimli kullan\u0131lmas\u0131, olu\u015fan at\u0131\u011f\u0131n miktar\u0131n\u0131n azalt\u0131lmas\u0131, etkin toplama sisteminin kurulmas\u0131, at\u0131klar\u0131n geri d\u00f6n\u00fc\u015ft\u00fcr\u00fclmesi hedefleniyor. Bu kapsamda \u00e7e\u015fitli \u00e7al\u0131\u015fmalar yap\u0131larak etkili sonu\u00e7lar al\u0131nmaya ba\u015fland\u0131 [&hellip;]\" \/>\n<meta property=\"og:url\" content=\"https:\/\/www.gidaperakendecileri.org\/?p=858\" \/>\n<meta property=\"og:site_name\" content=\"GPD\" \/>\n<meta property=\"article:published_time\" content=\"2019-08-29T10:47:55+00:00\" \/>\n<meta property=\"article:modified_time\" content=\"2019-09-20T10:25:12+00:00\" \/>\n<meta property=\"og:image\" content=\"https:\/\/www.gidaperakendecileri.org\/wp-content\/uploads\/2019\/08\/s\u0131f\u0131r-at\u0131k-3.jpg\" \/>\n\t<meta property=\"og:image:width\" content=\"1181\" \/>\n\t<meta property=\"og:image:height\" content=\"886\" \/>\n\t<meta property=\"og:image:type\" content=\"image\/jpeg\" \/>\n<meta name=\"author\" content=\"ph16171887571_m2ho1594\" \/>\n<meta name=\"twitter:card\" content=\"summary_large_image\" \/>\n<meta name=\"twitter:label1\" content=\"Written by\" \/>\n\t<meta name=\"twitter:data1\" content=\"ph16171887571_m2ho1594\" \/>\n\t<meta name=\"twitter:label2\" content=\"Est. reading time\" \/>\n\t<meta name=\"twitter:data2\" content=\"4 minutes\" \/>\n<script type=\"application\/ld+json\" class=\"yoast-schema-graph\">{\"@context\":\"https:\/\/schema.org\",\"@graph\":[{\"@type\":\"Article\",\"@id\":\"https:\/\/www.gidaperakendecileri.org\/?p=858#article\",\"isPartOf\":{\"@id\":\"https:\/\/www.gidaperakendecileri.org\/?p=858\"},\"author\":{\"name\":\"ph16171887571_m2ho1594\",\"@id\":\"https:\/\/www.gidaperakendecileri.org\/#\/schema\/person\/2a9973560de07919114aa1faead0a371\"},\"headline\":\"\u0130sraf\u0131 \u00d6nlemek \u0130\u00e7in &#8220;S\u0131f\u0131r At\u0131k&#8221;\",\"datePublished\":\"2019-08-29T10:47:55+00:00\",\"dateModified\":\"2019-09-20T10:25:12+00:00\",\"mainEntityOfPage\":{\"@id\":\"https:\/\/www.gidaperakendecileri.org\/?p=858\"},\"wordCount\":852,\"image\":{\"@id\":\"https:\/\/www.gidaperakendecileri.org\/?p=858#primaryimage\"},\"thumbnailUrl\":\"https:\/\/www.gidaperakendecileri.org\/wp-content\/uploads\/2019\/08\/s\u0131f\u0131r-at\u0131k-3.jpg\",\"articleSection\":[\"Makaleler\"],\"inLanguage\":\"en-US\"},{\"@type\":\"WebPage\",\"@id\":\"https:\/\/www.gidaperakendecileri.org\/?p=858\",\"url\":\"https:\/\/www.gidaperakendecileri.org\/?p=858\",\"name\":\"\u0130sraf\u0131 \u00d6nlemek \u0130\u00e7in \\\"S\u0131f\u0131r At\u0131k\\\" - GPD\",\"isPartOf\":{\"@id\":\"https:\/\/www.gidaperakendecileri.org\/#website\"},\"primaryImageOfPage\":{\"@id\":\"https:\/\/www.gidaperakendecileri.org\/?p=858#primaryimage\"},\"image\":{\"@id\":\"https:\/\/www.gidaperakendecileri.org\/?p=858#primaryimage\"},\"thumbnailUrl\":\"https:\/\/www.gidaperakendecileri.org\/wp-content\/uploads\/2019\/08\/s\u0131f\u0131r-at\u0131k-3.jpg\",\"datePublished\":\"2019-08-29T10:47:55+00:00\",\"dateModified\":\"2019-09-20T10:25:12+00:00\",\"author\":{\"@id\":\"https:\/\/www.gidaperakendecileri.org\/#\/schema\/person\/2a9973560de07919114aa1faead0a371\"},\"breadcrumb\":{\"@id\":\"https:\/\/www.gidaperakendecileri.org\/?p=858#breadcrumb\"},\"inLanguage\":\"en-US\",\"potentialAction\":[{\"@type\":\"ReadAction\",\"target\":[\"https:\/\/www.gidaperakendecileri.org\/?p=858\"]}]},{\"@type\":\"ImageObject\",\"inLanguage\":\"en-US\",\"@id\":\"https:\/\/www.gidaperakendecileri.org\/?p=858#primaryimage\",\"url\":\"https:\/\/www.gidaperakendecileri.org\/wp-content\/uploads\/2019\/08\/s\u0131f\u0131r-at\u0131k-3.jpg\",\"contentUrl\":\"https:\/\/www.gidaperakendecileri.org\/wp-content\/uploads\/2019\/08\/s\u0131f\u0131r-at\u0131k-3.jpg\",\"width\":1181,\"height\":886},{\"@type\":\"BreadcrumbList\",\"@id\":\"https:\/\/www.gidaperakendecileri.org\/?p=858#breadcrumb\",\"itemListElement\":[{\"@type\":\"ListItem\",\"position\":1,\"name\":\"Home\",\"item\":\"https:\/\/www.gidaperakendecileri.org\/\"},{\"@type\":\"ListItem\",\"position\":2,\"name\":\"\u0130sraf\u0131 \u00d6nlemek \u0130\u00e7in &#8220;S\u0131f\u0131r At\u0131k&#8221;\"}]},{\"@type\":\"WebSite\",\"@id\":\"https:\/\/www.gidaperakendecileri.org\/#website\",\"url\":\"https:\/\/www.gidaperakendecileri.org\/\",\"name\":\"GPD\",\"description\":\"G\u0131da Perakendecileri Derne\u011fi\",\"potentialAction\":[{\"@type\":\"SearchAction\",\"target\":{\"@type\":\"EntryPoint\",\"urlTemplate\":\"https:\/\/www.gidaperakendecileri.org\/?s={search_term_string}\"},\"query-input\":{\"@type\":\"PropertyValueSpecification\",\"valueRequired\":true,\"valueName\":\"search_term_string\"}}],\"inLanguage\":\"en-US\"},{\"@type\":\"Person\",\"@id\":\"https:\/\/www.gidaperakendecileri.org\/#\/schema\/person\/2a9973560de07919114aa1faead0a371\",\"name\":\"ph16171887571_m2ho1594\",\"image\":{\"@type\":\"ImageObject\",\"inLanguage\":\"en-US\",\"@id\":\"https:\/\/www.gidaperakendecileri.org\/#\/schema\/person\/image\/\",\"url\":\"https:\/\/secure.gravatar.com\/avatar\/6aa3f1f40edc90be5904b6c95a027d0e9963a528a5b2f13ee07d82a1baae7c25?s=96&d=mm&r=g\",\"contentUrl\":\"https:\/\/secure.gravatar.com\/avatar\/6aa3f1f40edc90be5904b6c95a027d0e9963a528a5b2f13ee07d82a1baae7c25?s=96&d=mm&r=g\",\"caption\":\"ph16171887571_m2ho1594\"},\"url\":\"https:\/\/www.gidaperakendecileri.org\/?author=1\"}]}<\/script>\n<!-- \/ Yoast SEO plugin. -->","yoast_head_json":{"title":"\u0130sraf\u0131 \u00d6nlemek \u0130\u00e7in \"S\u0131f\u0131r At\u0131k\" - GPD","robots":{"index":"index","follow":"follow","max-snippet":"max-snippet:-1","max-image-preview":"max-image-preview:large","max-video-preview":"max-video-preview:-1"},"canonical":"https:\/\/www.gidaperakendecileri.org\/?p=858","og_locale":"en_US","og_type":"article","og_title":"\u0130sraf\u0131 \u00d6nlemek \u0130\u00e7in \"S\u0131f\u0131r At\u0131k\" - GPD","og_description":"Son y\u0131llarda t\u00fcm d\u00fcnyada bireysel, kurumsal anlamda ve belediyeler genelinde, s\u0131f\u0131r at\u0131k uygulama \u00e7al\u0131\u015fmalar\u0131 giderek yayg\u0131nla\u015f\u0131yor. \u00c7evre ve \u015eehircilik Bakanl\u0131\u011f\u0131 taraf\u0131ndan T\u00fcrkiye&#8217;de 2017 y\u0131l\u0131nda ba\u015flat\u0131lan &#8220;S\u0131f\u0131r At\u0131k&#8221; projesiyle israf\u0131n \u00f6nlenmesi, kaynaklar\u0131n daha verimli kullan\u0131lmas\u0131, olu\u015fan at\u0131\u011f\u0131n miktar\u0131n\u0131n azalt\u0131lmas\u0131, etkin toplama sisteminin kurulmas\u0131, at\u0131klar\u0131n geri d\u00f6n\u00fc\u015ft\u00fcr\u00fclmesi hedefleniyor. Bu kapsamda \u00e7e\u015fitli \u00e7al\u0131\u015fmalar yap\u0131larak etkili sonu\u00e7lar al\u0131nmaya ba\u015fland\u0131 [&hellip;]","og_url":"https:\/\/www.gidaperakendecileri.org\/?p=858","og_site_name":"GPD","article_published_time":"2019-08-29T10:47:55+00:00","article_modified_time":"2019-09-20T10:25:12+00:00","og_image":[{"width":1181,"height":886,"url":"https:\/\/www.gidaperakendecileri.org\/wp-content\/uploads\/2019\/08\/s\u0131f\u0131r-at\u0131k-3.jpg","type":"image\/jpeg"}],"author":"ph16171887571_m2ho1594","twitter_card":"summary_large_image","twitter_misc":{"Written by":"ph16171887571_m2ho1594","Est. reading time":"4 minutes"},"schema":{"@context":"https:\/\/schema.org","@graph":[{"@type":"Article","@id":"https:\/\/www.gidaperakendecileri.org\/?p=858#article","isPartOf":{"@id":"https:\/\/www.gidaperakendecileri.org\/?p=858"},"author":{"name":"ph16171887571_m2ho1594","@id":"https:\/\/www.gidaperakendecileri.org\/#\/schema\/person\/2a9973560de07919114aa1faead0a371"},"headline":"\u0130sraf\u0131 \u00d6nlemek \u0130\u00e7in &#8220;S\u0131f\u0131r At\u0131k&#8221;","datePublished":"2019-08-29T10:47:55+00:00","dateModified":"2019-09-20T10:25:12+00:00","mainEntityOfPage":{"@id":"https:\/\/www.gidaperakendecileri.org\/?p=858"},"wordCount":852,"image":{"@id":"https:\/\/www.gidaperakendecileri.org\/?p=858#primaryimage"},"thumbnailUrl":"https:\/\/www.gidaperakendecileri.org\/wp-content\/uploads\/2019\/08\/s\u0131f\u0131r-at\u0131k-3.jpg","articleSection":["Makaleler"],"inLanguage":"en-US"},{"@type":"WebPage","@id":"https:\/\/www.gidaperakendecileri.org\/?p=858","url":"https:\/\/www.gidaperakendecileri.org\/?p=858","name":"\u0130sraf\u0131 \u00d6nlemek \u0130\u00e7in \"S\u0131f\u0131r At\u0131k\" - GPD","isPartOf":{"@id":"https:\/\/www.gidaperakendecileri.org\/#website"},"primaryImageOfPage":{"@id":"https:\/\/www.gidaperakendecileri.org\/?p=858#primaryimage"},"image":{"@id":"https:\/\/www.gidaperakendecileri.org\/?p=858#primaryimage"},"thumbnailUrl":"https:\/\/www.gidaperakendecileri.org\/wp-content\/uploads\/2019\/08\/s\u0131f\u0131r-at\u0131k-3.jpg","datePublished":"2019-08-29T10:47:55+00:00","dateModified":"2019-09-20T10:25:12+00:00","author":{"@id":"https:\/\/www.gidaperakendecileri.org\/#\/schema\/person\/2a9973560de07919114aa1faead0a371"},"breadcrumb":{"@id":"https:\/\/www.gidaperakendecileri.org\/?p=858#breadcrumb"},"inLanguage":"en-US","potentialAction":[{"@type":"ReadAction","target":["https:\/\/www.gidaperakendecileri.org\/?p=858"]}]},{"@type":"ImageObject","inLanguage":"en-US","@id":"https:\/\/www.gidaperakendecileri.org\/?p=858#primaryimage","url":"https:\/\/www.gidaperakendecileri.org\/wp-content\/uploads\/2019\/08\/s\u0131f\u0131r-at\u0131k-3.jpg","contentUrl":"https:\/\/www.gidaperakendecileri.org\/wp-content\/uploads\/2019\/08\/s\u0131f\u0131r-at\u0131k-3.jpg","width":1181,"height":886},{"@type":"BreadcrumbList","@id":"https:\/\/www.gidaperakendecileri.org\/?p=858#breadcrumb","itemListElement":[{"@type":"ListItem","position":1,"name":"Home","item":"https:\/\/www.gidaperakendecileri.org\/"},{"@type":"ListItem","position":2,"name":"\u0130sraf\u0131 \u00d6nlemek \u0130\u00e7in &#8220;S\u0131f\u0131r At\u0131k&#8221;"}]},{"@type":"WebSite","@id":"https:\/\/www.gidaperakendecileri.org\/#website","url":"https:\/\/www.gidaperakendecileri.org\/","name":"GPD","description":"G\u0131da Perakendecileri Derne\u011fi","potentialAction":[{"@type":"SearchAction","target":{"@type":"EntryPoint","urlTemplate":"https:\/\/www.gidaperakendecileri.org\/?s={search_term_string}"},"query-input":{"@type":"PropertyValueSpecification","valueRequired":true,"valueName":"search_term_string"}}],"inLanguage":"en-US"},{"@type":"Person","@id":"https:\/\/www.gidaperakendecileri.org\/#\/schema\/person\/2a9973560de07919114aa1faead0a371","name":"ph16171887571_m2ho1594","image":{"@type":"ImageObject","inLanguage":"en-US","@id":"https:\/\/www.gidaperakendecileri.org\/#\/schema\/person\/image\/","url":"https:\/\/secure.gravatar.com\/avatar\/6aa3f1f40edc90be5904b6c95a027d0e9963a528a5b2f13ee07d82a1baae7c25?s=96&d=mm&r=g","contentUrl":"https:\/\/secure.gravatar.com\/avatar\/6aa3f1f40edc90be5904b6c95a027d0e9963a528a5b2f13ee07d82a1baae7c25?s=96&d=mm&r=g","caption":"ph16171887571_m2ho1594"},"url":"https:\/\/www.gidaperakendecileri.org\/?author=1"}]}},"amp_enabled":true,"_links":{"self":[{"href":"https:\/\/www.gidaperakendecileri.org\/index.php?rest_route=\/wp\/v2\/posts\/858","targetHints":{"allow":["GET"]}}],"collection":[{"href":"https:\/\/www.gidaperakendecileri.org\/index.php?rest_route=\/wp\/v2\/posts"}],"about":[{"href":"https:\/\/www.gidaperakendecileri.org\/index.php?rest_route=\/wp\/v2\/types\/post"}],"author":[{"embeddable":true,"href":"https:\/\/www.gidaperakendecileri.org\/index.php?rest_route=\/wp\/v2\/users\/1"}],"replies":[{"embeddable":true,"href":"https:\/\/www.gidaperakendecileri.org\/index.php?rest_route=%2Fwp%2Fv2%2Fcomments&post=858"}],"version-history":[{"count":5,"href":"https:\/\/www.gidaperakendecileri.org\/index.php?rest_route=\/wp\/v2\/posts\/858\/revisions"}],"predecessor-version":[{"id":1184,"href":"https:\/\/www.gidaperakendecileri.org\/index.php?rest_route=\/wp\/v2\/posts\/858\/revisions\/1184"}],"wp:featuredmedia":[{"embeddable":true,"href":"https:\/\/www.gidaperakendecileri.org\/index.php?rest_route=\/wp\/v2\/media\/859"}],"wp:attachment":[{"href":"https:\/\/www.gidaperakendecileri.org\/index.php?rest_route=%2Fwp%2Fv2%2Fmedia&parent=858"}],"wp:term":[{"taxonomy":"category","embeddable":true,"href":"https:\/\/www.gidaperakendecileri.org\/index.php?rest_route=%2Fwp%2Fv2%2Fcategories&post=858"},{"taxonomy":"post_tag","embeddable":true,"href":"https:\/\/www.gidaperakendecileri.org\/index.php?rest_route=%2Fwp%2Fv2%2Ftags&post=858"}],"curies":[{"name":"wp","href":"https:\/\/api.w.org\/{rel}","templated":true}]}}