{"id":769,"date":"2019-08-26T14:42:07","date_gmt":"2019-08-26T14:42:07","guid":{"rendered":"https:\/\/new.gidaperakendecileri.org\/?p=769"},"modified":"2019-08-26T14:45:11","modified_gmt":"2019-08-26T14:45:11","slug":"prof-dr-acar-baltas-iyi-lider-degisim-yaratir-iz-birakir","status":"publish","type":"post","link":"https:\/\/www.gidaperakendecileri.org\/?p=769","title":{"rendered":"Prof. Dr. Acar Balta\u015f: \u201c\u0130yi Lider De\u011fi\u015fim Yarat\u0131r, \u0130z B\u0131rak\u0131r\u201d"},"content":{"rendered":"\t\t<div data-elementor-type=\"wp-post\" data-elementor-id=\"769\" class=\"elementor elementor-769\">\n\t\t\t\t\t\t<section class=\"elementor-section elementor-top-section elementor-element elementor-element-7cb3dba elementor-section-boxed elementor-section-height-default elementor-section-height-default\" data-id=\"7cb3dba\" data-element_type=\"section\">\n\t\t\t\t\t\t<div class=\"elementor-container elementor-column-gap-default\">\n\t\t\t\t\t<div class=\"elementor-column elementor-col-100 elementor-top-column elementor-element elementor-element-4b9c6851\" data-id=\"4b9c6851\" data-element_type=\"column\">\n\t\t\t<div class=\"elementor-widget-wrap elementor-element-populated\">\n\t\t\t\t\t\t<div class=\"elementor-element elementor-element-649b8508 elementor-widget elementor-widget-text-editor\" data-id=\"649b8508\" data-element_type=\"widget\" data-widget_type=\"text-editor.default\">\n\t\t\t\t<div class=\"elementor-widget-container\">\n\t\t\t\t\t\t\t\t\t<div class=\"td-paragraph-padding-1\"><h3><strong>T\u00fcrkiye\u2019nin ilk n\u00f6ro-psikologlar\u0131ndan olan Prof. Dr. Acar Balta\u015f, insan\u0131 ve de\u011fi\u015fimi merkeze alan \u00e7al\u0131\u015fmalar\u0131yla \u00f6zg\u00fcn \u00e7\u00f6z\u00fcmler ger\u00e7ekle\u015ftirip uyguluyor. \u0130\u015f ya\u015fam\u0131nda g\u00f6zlenebilir tutum de\u011fi\u015fikli\u011fi ve \u00f6l\u00e7\u00fclebilir sonu\u00e7lar elde etmeyi ama\u00e7layan Acar Balta\u015f\u2019a g\u00f6re g\u00fcn\u00fcm\u00fczde iyi lider, kurumlar\u0131 gelece\u011fe ta\u015f\u0131yan, dolay\u0131s\u0131yla s\u00fcreklili\u011fi g\u00fcvence alt\u0131na alan, h\u0131zla de\u011fi\u015fen d\u00fcnyan\u0131n taleplerine uyum sa\u011flayarak ayakta kalmas\u0131n\u0131 sa\u011flayan bir \u00e7ekim merkezi. \u201c\u0130yi lider de\u011fi\u015fim yarat\u0131r, iz b\u0131rak\u0131r\u201d diyen Acar Balta\u015f\u2019\u0131n n\u00f6ro-marketing hakk\u0131ndaki g\u00f6r\u00fc\u015fleri de son derece farkl\u0131 ve ilgi \u00e7ekici. <\/strong><\/h3><p class=\"p1\"><b>R\u00f6portaj: Aliye Sema <\/b><\/p><h3><strong> <img fetchpriority=\"high\" decoding=\"async\" class=\"wp-image-774 alignleft\" src=\"http:\/\/gidaperakendecileri.org\/wp-content\/uploads\/2019\/08\/acar-baltas-1-300x200.jpg\" alt=\"\" width=\"327\" height=\"218\" srcset=\"https:\/\/www.gidaperakendecileri.org\/wp-content\/uploads\/2019\/08\/acar-baltas-1-300x200.jpg 300w, https:\/\/www.gidaperakendecileri.org\/wp-content\/uploads\/2019\/08\/acar-baltas-1-768x512.jpg 768w, https:\/\/www.gidaperakendecileri.org\/wp-content\/uploads\/2019\/08\/acar-baltas-1-1024x682.jpg 1024w, https:\/\/www.gidaperakendecileri.org\/wp-content\/uploads\/2019\/08\/acar-baltas-1-696x464.jpg 696w, https:\/\/www.gidaperakendecileri.org\/wp-content\/uploads\/2019\/08\/acar-baltas-1-1068x712.jpg 1068w, https:\/\/www.gidaperakendecileri.org\/wp-content\/uploads\/2019\/08\/acar-baltas-1-630x420.jpg 630w, https:\/\/www.gidaperakendecileri.org\/wp-content\/uploads\/2019\/08\/acar-baltas-1.jpg 1181w\" sizes=\"(max-width: 327px) 100vw, 327px\" \/><\/strong><\/h3><p>Y\u00fcksek\u00f6\u011frenimini \u0130stanbul \u00dcniversitesi Edebiyat Fak\u00fcltesi Psikoloji B\u00f6l\u00fcm\u00fc\u2019nde tamamlad\u0131ktan sonra Cerrahpa\u015fa T\u0131p Fak\u00fcltesi\u2019nde y\u00fcksek beyin fonksiyonlar\u0131 konusunda doktora yaparak klinik n\u00f6ro-fizyoloji alan\u0131nda T\u0131p Bilimleri Doktoru unvan\u0131n\u0131 alan Balta\u015f Grubu Y\u00f6neticisi Prof. Dr. Acar Balta\u015f, T\u00fcrkiye\u2019nin ilk n\u00f6ro-psikologlar\u0131ndan biri. E\u015fi Prof. Dr. Zuhal Balta\u015f\u2019la kurucusu oldu\u011fu, i\u015f hayat\u0131nda g\u00f6zlenebilir zihniyet de\u011fi\u015fikli\u011fi ve \u00f6l\u00e7\u00fclebilir i\u015f sonu\u00e7lar\u0131 i\u00e7in kurum ve \u00e7al\u0131\u015fan etkinli\u011fini hedefleyen Balta\u015f Grubu\u2019nu y\u00f6neten Acar Balta\u015f ile g\u00fcn\u00fcm\u00fczde iyi liderin \u00f6zelliklerini, perakende sekt\u00f6r\u00fcnde nelerin de\u011fi\u015fmesi gerekti\u011fini ve n\u00f6ro-marketing\u2019i konu\u015ftuk.<\/p><p><strong>Balta\u015f Grubu\u2019nun \u00e7al\u0131\u015fmalar\u0131 hakk\u0131nda bilgi verir misiniz?<\/strong><br \/>1980&#8217;lerde ba\u015flad\u0131\u011f\u0131m\u0131z seminerlerden bu yana, \u00e7a\u011fda\u015f psikoloji biliminin bulgular\u0131na dayanan ve T\u00fcrk k\u00fclt\u00fcr de\u011ferlerinden kaynaklanan \u00f6zg\u00fcn \u00e7\u00f6z\u00fcmler geli\u015ftiriyoruz ve uyguluyoruz. Hizmetlerimizle i\u015f hayat\u0131nda g\u00f6zlenebilir tutum de\u011fi\u015fikli\u011fi ve \u00f6l\u00e7\u00fclebilir i\u015f sonu\u00e7lar\u0131 elde etmeyi ama\u00e7l\u0131yoruz. T\u00fcrk toplumunun k\u00fclt\u00fcrel \u00f6zelliklerini ve d\u00fc\u015f\u00fcnce yap\u0131s\u0131n\u0131 temel alan ve fark olu\u015fturan bir yakla\u015f\u0131ma sahibiz. \u0130nsan beyninin i\u015fleyi\u015fiyle ilgili n\u00f6ro-psikolojik bilgi birikimiyle insan ve de\u011fi\u015fimin dinamiklerini y\u00f6netiyoruz. Se\u00e7me, yerle\u015ftirme ve y\u00fckseltmelerde isabetli de\u011ferlendirmeler i\u00e7in bilimsel temele dayal\u0131 yeni ku\u015fak \u00f6l\u00e7\u00fcm ara\u00e7lar\u0131 ve tekniklerini kullan\u0131yoruz. \u00c7a\u011fda\u015f yakla\u015f\u0131mlar\u0131 benimseyerek e-\u00f6\u011frenme, ters y\u00fcz, mobil ve ko\u00e7luk yoluyla \u00f6\u011fretme modellerini kullan\u0131yoruz.<\/p><p><strong>G\u00fcn\u00fcm\u00fczde \u201ciyi lider\u201d sizce nas\u0131l bir liderdir?<\/strong><br \/>\u0130yi lider; kurumlar\u0131 gelece\u011fe ta\u015f\u0131yan, dolay\u0131s\u0131yla s\u00fcreklili\u011fi g\u00fcvence alt\u0131na alan, h\u0131zla de\u011fi\u015fen d\u00fcnyan\u0131n taleplerine uyum sa\u011flayarak ayakta kalmas\u0131n\u0131 sa\u011flayan bir \u00e7ekim merkezidir. Liderin varl\u0131k nedeni, h\u0131zla de\u011fi\u015fen d\u00fcnyada y\u00f6netmek, \u201cidare etmek\u201d, ba\u015fka deyi\u015fle stat\u00fckoyu korumak de\u011fil, etkilemek ve sonucu de\u011fi\u015ftirmektir. \u00d6zetlersek, iyi lider; de\u011fi\u015fim yarat\u0131r, birle\u015ftirir, harekete ge\u00e7irir, iz b\u0131rak\u0131r. G\u00fcn\u00fcm\u00fczde de\u011fi\u015fen liderlik \u00f6zellikleri; \u00e7ekinilen de\u011fil yakla\u015f\u0131lan bir lider olmay\u0131, \u00e7ok konu\u015fan bir lider olmak yerine, soru soran, dinleyen, anlayan ve etkili konu\u015fan bir lider olmay\u0131, g\u00fc\u00e7le de\u011fil anlam duygusuyla y\u00f6neten, farkl\u0131 ku\u015faklar\u0131n deneyimini farkl\u0131 alanlardaki bilgi birikimini birle\u015ftiren bir lider olmay\u0131 ve insanlarda farkl\u0131 olan\u0131 g\u00f6rerek ki\u015fiselle\u015ftirerek y\u00f6netmeyi gerektirmektedir.<\/p><p><strong>Perakende sekt\u00f6r\u00fc a\u00e7\u0131s\u0131ndan bakt\u0131\u011f\u0131m\u0131zda beden dilinin \u00f6nemi nedir?<\/strong><br \/>Perakende sekt\u00f6r\u00fc sadece m\u00fc\u015fteriye mevcut \u00fcr\u00fcn\u00fc satmakla s\u0131n\u0131rl\u0131 kalacak \u015fekilde d\u00fc\u015f\u00fcn\u00fclemez. Ayn\u0131 zamanda m\u00fc\u015fteriyle sa\u011flam, kal\u0131c\u0131 ve kaliteli bir ili\u015fki kurmaya dayan\u0131r. Bunun da tek yolu do\u011fru ileti\u015fim kurmakt\u0131r. \u0130leti\u015fim, ses tonu, beden dili ve kelimelerden olu\u015fan bir b\u00fct\u00fcnd\u00fcr. Beden dilinin \u00f6nemi, m\u00fc\u015fterinin s\u00f6zl\u00fc ve s\u00f6zs\u00fcz mesajlar\u0131n\u0131 do\u011fru anlamakta ve ona do\u011fru mesajlar vermekte yatar.<\/p><p><strong>Kurumlara psikolojik dan\u0131\u015fmanl\u0131k yap\u0131yorsunuz. S\u00fcre\u00e7 i\u00e7erisinde nelere dokunuyorsunuz, kurum ad\u0131na neler de\u011fi\u015fiyor?<\/strong><br \/>Logomuzda da yer bulan yakla\u015f\u0131m\u0131m\u0131z \u201cinsan ve de\u011fi\u015fim\u201di merkezine al\u0131yor. Bireyden ba\u015flayarak kurumu olmak istedi\u011fi konuma getirecek bir de\u011fi\u015fim yolculu\u011funa arac\u0131l\u0131k ediyoruz. Verdi\u011fimiz dan\u0131\u015fmanl\u0131k hizmetleriyle bilimsel bilginin ger\u00e7ek hayatta etkin bir bi\u00e7imde uygulanabilmesini, do\u011fru kararlara ve verimli i\u015f \u00e7\u0131kt\u0131lar\u0131na d\u00f6n\u00fc\u015febilmesini ama\u00e7l\u0131yoruz. Bunu yaparken sundu\u011fumuz se\u00e7me, yerle\u015ftirme ve y\u00fckseltme hizmetleri ki\u015filik \u00f6zelliklerini temel alarak i\u015fe al\u0131m s\u00fcrecini y\u00f6netmeye ve mevcut \u00e7al\u0131\u015fan\u0131n kariyer planlamas\u0131n\u0131n olu\u015fturulmas\u0131na destek veriyor. E\u011fitim ve geli\u015fim programlar\u0131m\u0131z, kazan\u0131lan bilgi ve becerilerin i\u015f ortam\u0131na aktar\u0131lmas\u0131n\u0131 sa\u011flayan \u00f6l\u00e7me ve izleme \u00e7al\u0131\u015fmalar\u0131 sunuyor. Dan\u0131\u015fmanl\u0131k hizmetlerimiz \u015firketlerin kurumsalla\u015fma, b\u00fcy\u00fcme, birle\u015fme ve yeniden yap\u0131lanma ihtiya\u00e7lar\u0131 do\u011frultusunda \u015fekilleniyor. Bu kapsamda, insan kaynaklar\u0131 ve organizasyonel yap\u0131land\u0131rma projeleri y\u00fcr\u00fct\u00fcyoruz.<\/p><p><strong>Bug\u00fcn\u00fcn \u00e7al\u0131\u015fanlar\u0131n\u0131n b\u00fcy\u00fck bir k\u0131sm\u0131n\u0131 Y Ku\u015fa\u011f\u0131 bireyleri olu\u015fturuyor. Arkadan da zorlayan bir Z Ku\u015fa\u011f\u0131 geliyor. \u00c7a\u011f\u0131n ko\u015fullar\u0131na g\u00f6re, \u00e7al\u0131\u015fan mutlulu\u011funu sa\u011flamak ve verimi artt\u0131rmak i\u00e7in i\u015fletmeler neler yapmal\u0131?<\/strong><br \/>Birincisi; ku\u015fak ismi olarak hangi kavram\u0131 kullan\u0131rsak kullanal\u0131m, herkesin ihtiyac\u0131 sayg\u0131 g\u00f6rmektir. \u00d6nceki ku\u015faklara d\u00fc\u015fen, kendinden sonra gelenlerin sayg\u0131dan neyi anlad\u0131klar\u0131n\u0131 anlamaya \u00e7al\u0131\u015fmakt\u0131r. \u0130kincisi; onlar\u0131n birikiminden yararlanacak \u015fekilde ba\u011f kurmakt\u0131r. Bu da y\u00f6netim literat\u00fcr\u00fcne ters mentorluk gibi yeni kavramlar\u0131n yerle\u015fmesine yol a\u00e7m\u0131\u015ft\u0131r.<\/p><p><strong>Perakende sekt\u00f6r\u00fcnde gerekli g\u00f6rd\u00fc\u011f\u00fcn\u00fcz de\u011fi\u015fimler nelerdir?<\/strong><br \/>Birincisi; i\u015f terkini bir kader olarak g\u00f6rmemek ve sekt\u00f6r ortalamas\u0131n\u0131n alt\u0131nda i\u015f terki olu\u015fturmay\u0131 hedeflemektir. \u0130kincisi; mevcut personeli en ba\u015fta birinci kademe y\u00f6neticilerinden ba\u015flayarak e\u011fitmektir.<\/p><p><strong>Son olarak, n\u00f6romarketing hakk\u0131nda neler d\u00fc\u015f\u00fcn\u00fcyorsunuz?<\/strong><br \/>Bug\u00fcn hala insanlar\u0131n beyin taramalar\u0131na bakarak ne yalan s\u00f6ylediklerini ne de \u00e2\u015f\u0131k olduklar\u0131n\u0131 anlayabiliyoruz. Bu konuda elde edilen bilgiler, \u00e7ok genel ve kaba. Bunlara bak\u0131larak bilimsel do\u011frulara hen\u00fcz var\u0131lam\u0131yor. Beyinde &#8220;sat\u0131n al&#8221; d\u00fc\u011fmesi hen\u00fcz bulunmu\u015f de\u011fil. B\u00fct\u00fcn bunlar\u0131n \u00f6tesinde EEG g\u00f6r\u00fcnt\u00fclerinden yola \u00e7\u0131karak insanlarla ilgili kararlar vermek &#8220;ahlaki&#8221; de\u011fil. Bu konuda sinirbilimci Molly Crockett\u2019in s\u00f6z\u00fcne kat\u0131l\u0131yorum ve okurlara tavsiye ediyorum: &#8220;E\u011fer birisi size \u00fczerinde beyin olan bir \u015fey satmak isterse s\u00f6zlerine kanmay\u0131n. Onlardan kan\u0131t isteyin. Zor sorular sorun. Cevaplar basit ve tek y\u00f6nl\u00fc olmamal\u0131. \u00c7\u00fcnk\u00fc beyin basit de\u011fildir.&#8221;<\/p><\/div>\t\t\t\t\t\t\t\t<\/div>\n\t\t\t\t<\/div>\n\t\t\t\t\t<\/div>\n\t\t<\/div>\n\t\t\t\t\t<\/div>\n\t\t<\/section>\n\t\t\t\t<\/div>\n\t\t","protected":false},"excerpt":{"rendered":"<p>T\u00fcrkiye\u2019nin ilk n\u00f6ro-psikologlar\u0131ndan olan Prof. Dr. Acar Balta\u015f, insan\u0131 ve de\u011fi\u015fimi merkeze alan \u00e7al\u0131\u015fmalar\u0131yla \u00f6zg\u00fcn \u00e7\u00f6z\u00fcmler ger\u00e7ekle\u015ftirip uyguluyor. \u0130\u015f ya\u015fam\u0131nda g\u00f6zlenebilir tutum de\u011fi\u015fikli\u011fi ve \u00f6l\u00e7\u00fclebilir sonu\u00e7lar elde etmeyi ama\u00e7layan Acar Balta\u015f\u2019a g\u00f6re g\u00fcn\u00fcm\u00fczde iyi lider, kurumlar\u0131 gelece\u011fe ta\u015f\u0131yan, dolay\u0131s\u0131yla s\u00fcreklili\u011fi g\u00fcvence alt\u0131na alan, h\u0131zla de\u011fi\u015fen d\u00fcnyan\u0131n taleplerine uyum sa\u011flayarak ayakta kalmas\u0131n\u0131 sa\u011flayan bir \u00e7ekim merkezi. [&hellip;]<\/p>\n","protected":false},"author":1,"featured_media":770,"comment_status":"closed","ping_status":"closed","sticky":false,"template":"","format":"standard","meta":{"_monsterinsights_skip_tracking":false,"_monsterinsights_sitenote_active":false,"_monsterinsights_sitenote_note":"","_monsterinsights_sitenote_category":0,"footnotes":""},"categories":[24],"tags":[],"class_list":{"0":"post-769","1":"post","2":"type-post","3":"status-publish","4":"format-standard","5":"has-post-thumbnail","7":"category-roportajlar"},"featured_image_src":"https:\/\/www.gidaperakendecileri.org\/wp-content\/uploads\/2019\/08\/acar-baltas-2.jpg","author_info":{"display_name":"ph16171887571_m2ho1594","author_link":"https:\/\/www.gidaperakendecileri.org\/?author=1"},"yoast_head":"<!-- This site is optimized with the Yoast SEO plugin v26.7 - https:\/\/yoast.com\/wordpress\/plugins\/seo\/ -->\n<title>Prof. Dr. Acar Balta\u015f: \u201c\u0130yi Lider De\u011fi\u015fim Yarat\u0131r, \u0130z B\u0131rak\u0131r\u201d - GPD<\/title>\n<meta name=\"robots\" content=\"index, follow, max-snippet:-1, max-image-preview:large, max-video-preview:-1\" \/>\n<link rel=\"canonical\" href=\"https:\/\/www.gidaperakendecileri.org\/?p=769\" \/>\n<meta property=\"og:locale\" content=\"en_US\" \/>\n<meta property=\"og:type\" content=\"article\" \/>\n<meta property=\"og:title\" content=\"Prof. Dr. Acar Balta\u015f: \u201c\u0130yi Lider De\u011fi\u015fim Yarat\u0131r, \u0130z B\u0131rak\u0131r\u201d - GPD\" \/>\n<meta property=\"og:description\" content=\"T\u00fcrkiye\u2019nin ilk n\u00f6ro-psikologlar\u0131ndan olan Prof. Dr. Acar Balta\u015f, insan\u0131 ve de\u011fi\u015fimi merkeze alan \u00e7al\u0131\u015fmalar\u0131yla \u00f6zg\u00fcn \u00e7\u00f6z\u00fcmler ger\u00e7ekle\u015ftirip uyguluyor. \u0130\u015f ya\u015fam\u0131nda g\u00f6zlenebilir tutum de\u011fi\u015fikli\u011fi ve \u00f6l\u00e7\u00fclebilir sonu\u00e7lar elde etmeyi ama\u00e7layan Acar Balta\u015f\u2019a g\u00f6re g\u00fcn\u00fcm\u00fczde iyi lider, kurumlar\u0131 gelece\u011fe ta\u015f\u0131yan, dolay\u0131s\u0131yla s\u00fcreklili\u011fi g\u00fcvence alt\u0131na alan, h\u0131zla de\u011fi\u015fen d\u00fcnyan\u0131n taleplerine uyum sa\u011flayarak ayakta kalmas\u0131n\u0131 sa\u011flayan bir \u00e7ekim merkezi. [&hellip;]\" \/>\n<meta property=\"og:url\" content=\"https:\/\/www.gidaperakendecileri.org\/?p=769\" \/>\n<meta property=\"og:site_name\" content=\"GPD\" \/>\n<meta property=\"article:published_time\" content=\"2019-08-26T14:42:07+00:00\" \/>\n<meta property=\"article:modified_time\" content=\"2019-08-26T14:45:11+00:00\" \/>\n<meta property=\"og:image\" content=\"https:\/\/www.gidaperakendecileri.org\/wp-content\/uploads\/2019\/08\/acar-baltas-2.jpg\" \/>\n\t<meta property=\"og:image:width\" content=\"1181\" \/>\n\t<meta property=\"og:image:height\" content=\"787\" \/>\n\t<meta property=\"og:image:type\" content=\"image\/jpeg\" \/>\n<meta name=\"author\" content=\"ph16171887571_m2ho1594\" \/>\n<meta name=\"twitter:card\" content=\"summary_large_image\" \/>\n<meta name=\"twitter:label1\" content=\"Written by\" \/>\n\t<meta name=\"twitter:data1\" content=\"ph16171887571_m2ho1594\" \/>\n\t<meta name=\"twitter:label2\" content=\"Est. reading time\" \/>\n\t<meta name=\"twitter:data2\" content=\"6 minutes\" \/>\n<script type=\"application\/ld+json\" class=\"yoast-schema-graph\">{\"@context\":\"https:\/\/schema.org\",\"@graph\":[{\"@type\":\"Article\",\"@id\":\"https:\/\/www.gidaperakendecileri.org\/?p=769#article\",\"isPartOf\":{\"@id\":\"https:\/\/www.gidaperakendecileri.org\/?p=769\"},\"author\":{\"name\":\"ph16171887571_m2ho1594\",\"@id\":\"https:\/\/www.gidaperakendecileri.org\/#\/schema\/person\/2a9973560de07919114aa1faead0a371\"},\"headline\":\"Prof. Dr. Acar Balta\u015f: \u201c\u0130yi Lider De\u011fi\u015fim Yarat\u0131r, \u0130z B\u0131rak\u0131r\u201d\",\"datePublished\":\"2019-08-26T14:42:07+00:00\",\"dateModified\":\"2019-08-26T14:45:11+00:00\",\"mainEntityOfPage\":{\"@id\":\"https:\/\/www.gidaperakendecileri.org\/?p=769\"},\"wordCount\":1159,\"image\":{\"@id\":\"https:\/\/www.gidaperakendecileri.org\/?p=769#primaryimage\"},\"thumbnailUrl\":\"https:\/\/www.gidaperakendecileri.org\/wp-content\/uploads\/2019\/08\/acar-baltas-2.jpg\",\"articleSection\":[\"R\u00f6portajlar\"],\"inLanguage\":\"en-US\"},{\"@type\":\"WebPage\",\"@id\":\"https:\/\/www.gidaperakendecileri.org\/?p=769\",\"url\":\"https:\/\/www.gidaperakendecileri.org\/?p=769\",\"name\":\"Prof. Dr. Acar Balta\u015f: \u201c\u0130yi Lider De\u011fi\u015fim Yarat\u0131r, \u0130z B\u0131rak\u0131r\u201d - GPD\",\"isPartOf\":{\"@id\":\"https:\/\/www.gidaperakendecileri.org\/#website\"},\"primaryImageOfPage\":{\"@id\":\"https:\/\/www.gidaperakendecileri.org\/?p=769#primaryimage\"},\"image\":{\"@id\":\"https:\/\/www.gidaperakendecileri.org\/?p=769#primaryimage\"},\"thumbnailUrl\":\"https:\/\/www.gidaperakendecileri.org\/wp-content\/uploads\/2019\/08\/acar-baltas-2.jpg\",\"datePublished\":\"2019-08-26T14:42:07+00:00\",\"dateModified\":\"2019-08-26T14:45:11+00:00\",\"author\":{\"@id\":\"https:\/\/www.gidaperakendecileri.org\/#\/schema\/person\/2a9973560de07919114aa1faead0a371\"},\"breadcrumb\":{\"@id\":\"https:\/\/www.gidaperakendecileri.org\/?p=769#breadcrumb\"},\"inLanguage\":\"en-US\",\"potentialAction\":[{\"@type\":\"ReadAction\",\"target\":[\"https:\/\/www.gidaperakendecileri.org\/?p=769\"]}]},{\"@type\":\"ImageObject\",\"inLanguage\":\"en-US\",\"@id\":\"https:\/\/www.gidaperakendecileri.org\/?p=769#primaryimage\",\"url\":\"https:\/\/www.gidaperakendecileri.org\/wp-content\/uploads\/2019\/08\/acar-baltas-2.jpg\",\"contentUrl\":\"https:\/\/www.gidaperakendecileri.org\/wp-content\/uploads\/2019\/08\/acar-baltas-2.jpg\",\"width\":1181,\"height\":787},{\"@type\":\"BreadcrumbList\",\"@id\":\"https:\/\/www.gidaperakendecileri.org\/?p=769#breadcrumb\",\"itemListElement\":[{\"@type\":\"ListItem\",\"position\":1,\"name\":\"Home\",\"item\":\"https:\/\/www.gidaperakendecileri.org\/\"},{\"@type\":\"ListItem\",\"position\":2,\"name\":\"Prof. Dr. Acar Balta\u015f: \u201c\u0130yi Lider De\u011fi\u015fim Yarat\u0131r, \u0130z B\u0131rak\u0131r\u201d\"}]},{\"@type\":\"WebSite\",\"@id\":\"https:\/\/www.gidaperakendecileri.org\/#website\",\"url\":\"https:\/\/www.gidaperakendecileri.org\/\",\"name\":\"GPD\",\"description\":\"G\u0131da Perakendecileri Derne\u011fi\",\"potentialAction\":[{\"@type\":\"SearchAction\",\"target\":{\"@type\":\"EntryPoint\",\"urlTemplate\":\"https:\/\/www.gidaperakendecileri.org\/?s={search_term_string}\"},\"query-input\":{\"@type\":\"PropertyValueSpecification\",\"valueRequired\":true,\"valueName\":\"search_term_string\"}}],\"inLanguage\":\"en-US\"},{\"@type\":\"Person\",\"@id\":\"https:\/\/www.gidaperakendecileri.org\/#\/schema\/person\/2a9973560de07919114aa1faead0a371\",\"name\":\"ph16171887571_m2ho1594\",\"image\":{\"@type\":\"ImageObject\",\"inLanguage\":\"en-US\",\"@id\":\"https:\/\/www.gidaperakendecileri.org\/#\/schema\/person\/image\/\",\"url\":\"https:\/\/secure.gravatar.com\/avatar\/6aa3f1f40edc90be5904b6c95a027d0e9963a528a5b2f13ee07d82a1baae7c25?s=96&d=mm&r=g\",\"contentUrl\":\"https:\/\/secure.gravatar.com\/avatar\/6aa3f1f40edc90be5904b6c95a027d0e9963a528a5b2f13ee07d82a1baae7c25?s=96&d=mm&r=g\",\"caption\":\"ph16171887571_m2ho1594\"},\"url\":\"https:\/\/www.gidaperakendecileri.org\/?author=1\"}]}<\/script>\n<!-- \/ Yoast SEO plugin. -->","yoast_head_json":{"title":"Prof. Dr. Acar Balta\u015f: \u201c\u0130yi Lider De\u011fi\u015fim Yarat\u0131r, \u0130z B\u0131rak\u0131r\u201d - GPD","robots":{"index":"index","follow":"follow","max-snippet":"max-snippet:-1","max-image-preview":"max-image-preview:large","max-video-preview":"max-video-preview:-1"},"canonical":"https:\/\/www.gidaperakendecileri.org\/?p=769","og_locale":"en_US","og_type":"article","og_title":"Prof. Dr. Acar Balta\u015f: \u201c\u0130yi Lider De\u011fi\u015fim Yarat\u0131r, \u0130z B\u0131rak\u0131r\u201d - GPD","og_description":"T\u00fcrkiye\u2019nin ilk n\u00f6ro-psikologlar\u0131ndan olan Prof. Dr. Acar Balta\u015f, insan\u0131 ve de\u011fi\u015fimi merkeze alan \u00e7al\u0131\u015fmalar\u0131yla \u00f6zg\u00fcn \u00e7\u00f6z\u00fcmler ger\u00e7ekle\u015ftirip uyguluyor. \u0130\u015f ya\u015fam\u0131nda g\u00f6zlenebilir tutum de\u011fi\u015fikli\u011fi ve \u00f6l\u00e7\u00fclebilir sonu\u00e7lar elde etmeyi ama\u00e7layan Acar Balta\u015f\u2019a g\u00f6re g\u00fcn\u00fcm\u00fczde iyi lider, kurumlar\u0131 gelece\u011fe ta\u015f\u0131yan, dolay\u0131s\u0131yla s\u00fcreklili\u011fi g\u00fcvence alt\u0131na alan, h\u0131zla de\u011fi\u015fen d\u00fcnyan\u0131n taleplerine uyum sa\u011flayarak ayakta kalmas\u0131n\u0131 sa\u011flayan bir \u00e7ekim merkezi. [&hellip;]","og_url":"https:\/\/www.gidaperakendecileri.org\/?p=769","og_site_name":"GPD","article_published_time":"2019-08-26T14:42:07+00:00","article_modified_time":"2019-08-26T14:45:11+00:00","og_image":[{"width":1181,"height":787,"url":"https:\/\/www.gidaperakendecileri.org\/wp-content\/uploads\/2019\/08\/acar-baltas-2.jpg","type":"image\/jpeg"}],"author":"ph16171887571_m2ho1594","twitter_card":"summary_large_image","twitter_misc":{"Written by":"ph16171887571_m2ho1594","Est. reading time":"6 minutes"},"schema":{"@context":"https:\/\/schema.org","@graph":[{"@type":"Article","@id":"https:\/\/www.gidaperakendecileri.org\/?p=769#article","isPartOf":{"@id":"https:\/\/www.gidaperakendecileri.org\/?p=769"},"author":{"name":"ph16171887571_m2ho1594","@id":"https:\/\/www.gidaperakendecileri.org\/#\/schema\/person\/2a9973560de07919114aa1faead0a371"},"headline":"Prof. Dr. Acar Balta\u015f: \u201c\u0130yi Lider De\u011fi\u015fim Yarat\u0131r, \u0130z B\u0131rak\u0131r\u201d","datePublished":"2019-08-26T14:42:07+00:00","dateModified":"2019-08-26T14:45:11+00:00","mainEntityOfPage":{"@id":"https:\/\/www.gidaperakendecileri.org\/?p=769"},"wordCount":1159,"image":{"@id":"https:\/\/www.gidaperakendecileri.org\/?p=769#primaryimage"},"thumbnailUrl":"https:\/\/www.gidaperakendecileri.org\/wp-content\/uploads\/2019\/08\/acar-baltas-2.jpg","articleSection":["R\u00f6portajlar"],"inLanguage":"en-US"},{"@type":"WebPage","@id":"https:\/\/www.gidaperakendecileri.org\/?p=769","url":"https:\/\/www.gidaperakendecileri.org\/?p=769","name":"Prof. Dr. Acar Balta\u015f: \u201c\u0130yi Lider De\u011fi\u015fim Yarat\u0131r, \u0130z B\u0131rak\u0131r\u201d - GPD","isPartOf":{"@id":"https:\/\/www.gidaperakendecileri.org\/#website"},"primaryImageOfPage":{"@id":"https:\/\/www.gidaperakendecileri.org\/?p=769#primaryimage"},"image":{"@id":"https:\/\/www.gidaperakendecileri.org\/?p=769#primaryimage"},"thumbnailUrl":"https:\/\/www.gidaperakendecileri.org\/wp-content\/uploads\/2019\/08\/acar-baltas-2.jpg","datePublished":"2019-08-26T14:42:07+00:00","dateModified":"2019-08-26T14:45:11+00:00","author":{"@id":"https:\/\/www.gidaperakendecileri.org\/#\/schema\/person\/2a9973560de07919114aa1faead0a371"},"breadcrumb":{"@id":"https:\/\/www.gidaperakendecileri.org\/?p=769#breadcrumb"},"inLanguage":"en-US","potentialAction":[{"@type":"ReadAction","target":["https:\/\/www.gidaperakendecileri.org\/?p=769"]}]},{"@type":"ImageObject","inLanguage":"en-US","@id":"https:\/\/www.gidaperakendecileri.org\/?p=769#primaryimage","url":"https:\/\/www.gidaperakendecileri.org\/wp-content\/uploads\/2019\/08\/acar-baltas-2.jpg","contentUrl":"https:\/\/www.gidaperakendecileri.org\/wp-content\/uploads\/2019\/08\/acar-baltas-2.jpg","width":1181,"height":787},{"@type":"BreadcrumbList","@id":"https:\/\/www.gidaperakendecileri.org\/?p=769#breadcrumb","itemListElement":[{"@type":"ListItem","position":1,"name":"Home","item":"https:\/\/www.gidaperakendecileri.org\/"},{"@type":"ListItem","position":2,"name":"Prof. Dr. Acar Balta\u015f: \u201c\u0130yi Lider De\u011fi\u015fim Yarat\u0131r, \u0130z B\u0131rak\u0131r\u201d"}]},{"@type":"WebSite","@id":"https:\/\/www.gidaperakendecileri.org\/#website","url":"https:\/\/www.gidaperakendecileri.org\/","name":"GPD","description":"G\u0131da Perakendecileri Derne\u011fi","potentialAction":[{"@type":"SearchAction","target":{"@type":"EntryPoint","urlTemplate":"https:\/\/www.gidaperakendecileri.org\/?s={search_term_string}"},"query-input":{"@type":"PropertyValueSpecification","valueRequired":true,"valueName":"search_term_string"}}],"inLanguage":"en-US"},{"@type":"Person","@id":"https:\/\/www.gidaperakendecileri.org\/#\/schema\/person\/2a9973560de07919114aa1faead0a371","name":"ph16171887571_m2ho1594","image":{"@type":"ImageObject","inLanguage":"en-US","@id":"https:\/\/www.gidaperakendecileri.org\/#\/schema\/person\/image\/","url":"https:\/\/secure.gravatar.com\/avatar\/6aa3f1f40edc90be5904b6c95a027d0e9963a528a5b2f13ee07d82a1baae7c25?s=96&d=mm&r=g","contentUrl":"https:\/\/secure.gravatar.com\/avatar\/6aa3f1f40edc90be5904b6c95a027d0e9963a528a5b2f13ee07d82a1baae7c25?s=96&d=mm&r=g","caption":"ph16171887571_m2ho1594"},"url":"https:\/\/www.gidaperakendecileri.org\/?author=1"}]}},"amp_enabled":true,"_links":{"self":[{"href":"https:\/\/www.gidaperakendecileri.org\/index.php?rest_route=\/wp\/v2\/posts\/769","targetHints":{"allow":["GET"]}}],"collection":[{"href":"https:\/\/www.gidaperakendecileri.org\/index.php?rest_route=\/wp\/v2\/posts"}],"about":[{"href":"https:\/\/www.gidaperakendecileri.org\/index.php?rest_route=\/wp\/v2\/types\/post"}],"author":[{"embeddable":true,"href":"https:\/\/www.gidaperakendecileri.org\/index.php?rest_route=\/wp\/v2\/users\/1"}],"replies":[{"embeddable":true,"href":"https:\/\/www.gidaperakendecileri.org\/index.php?rest_route=%2Fwp%2Fv2%2Fcomments&post=769"}],"version-history":[{"count":3,"href":"https:\/\/www.gidaperakendecileri.org\/index.php?rest_route=\/wp\/v2\/posts\/769\/revisions"}],"predecessor-version":[{"id":775,"href":"https:\/\/www.gidaperakendecileri.org\/index.php?rest_route=\/wp\/v2\/posts\/769\/revisions\/775"}],"wp:featuredmedia":[{"embeddable":true,"href":"https:\/\/www.gidaperakendecileri.org\/index.php?rest_route=\/wp\/v2\/media\/770"}],"wp:attachment":[{"href":"https:\/\/www.gidaperakendecileri.org\/index.php?rest_route=%2Fwp%2Fv2%2Fmedia&parent=769"}],"wp:term":[{"taxonomy":"category","embeddable":true,"href":"https:\/\/www.gidaperakendecileri.org\/index.php?rest_route=%2Fwp%2Fv2%2Fcategories&post=769"},{"taxonomy":"post_tag","embeddable":true,"href":"https:\/\/www.gidaperakendecileri.org\/index.php?rest_route=%2Fwp%2Fv2%2Ftags&post=769"}],"curies":[{"name":"wp","href":"https:\/\/api.w.org\/{rel}","templated":true}]}}