{"id":7381,"date":"2025-06-30T07:20:23","date_gmt":"2025-06-30T07:20:23","guid":{"rendered":"https:\/\/www.gidaperakendecileri.org\/?p=7381"},"modified":"2025-06-30T07:26:14","modified_gmt":"2025-06-30T07:26:14","slug":"yiyecek-icecek-sektoru-donusumun-esiginde-yuksek-enflasyon-artan-maliyetler-ve-degisen-tuketici-davranislari","status":"publish","type":"post","link":"https:\/\/www.gidaperakendecileri.org\/?p=7381","title":{"rendered":"Yiyecek-\u0130\u00e7ecek Sekt\u00f6r\u00fc D\u00f6n\u00fc\u015f\u00fcm\u00fcn E\u015fi\u011finde: Y\u00fcksek Enflasyon, Artan Maliyetler ve De\u011fi\u015fen T\u00fcketici Davran\u0131\u015flar\u0131"},"content":{"rendered":"\t\t<div data-elementor-type=\"wp-post\" data-elementor-id=\"7381\" class=\"elementor elementor-7381\">\n\t\t\t\t\t\t<section class=\"elementor-section elementor-top-section elementor-element elementor-element-3ef128ae elementor-section-boxed elementor-section-height-default elementor-section-height-default\" data-id=\"3ef128ae\" data-element_type=\"section\">\n\t\t\t\t\t\t<div class=\"elementor-container elementor-column-gap-default\">\n\t\t\t\t\t<div class=\"elementor-column elementor-col-100 elementor-top-column elementor-element elementor-element-6c0ce5df\" data-id=\"6c0ce5df\" data-element_type=\"column\">\n\t\t\t<div class=\"elementor-widget-wrap elementor-element-populated\">\n\t\t\t\t\t\t<div class=\"elementor-element elementor-element-5aacae7a elementor-widget elementor-widget-text-editor\" data-id=\"5aacae7a\" data-element_type=\"widget\" data-widget_type=\"text-editor.default\">\n\t\t\t\t<div class=\"elementor-widget-container\">\n\t\t\t\t\t\t\t\t\t<div class=\"td-paragraph-padding-1\"><h3><span style=\"color: #000000;\"><strong>KPMG T\u00fcrkiye\u2019nin yay\u0131mlad\u0131\u011f\u0131 \u201cT\u00fcrkiye Yiyecek-\u0130\u00e7ecek Sekt\u00f6r\u00fc Makroekonomik G\u00f6r\u00fcn\u00fcm \u00d6zeti 2025\u201d raporu, sekt\u00f6r\u00fcn y\u00fcksek enflasyon, d\u00f6viz kuru dalgalanmalar\u0131 ve finansman zorluklar\u0131yla \u015fekillenen \u00e7etin bir d\u00f6nemden ge\u00e7ti\u011fini ortaya koyuyor. T\u00fcrkiye\u2019de hane halk\u0131 harcamalar\u0131n\u0131n d\u00f6rtte birini olu\u015fturan yiyecek-i\u00e7ecek sekt\u00f6r\u00fcnde, ekonomik dalgalanmalar\u0131n etkileri hem \u00fcretici hem de t\u00fcketici cephesinde g\u00fc\u00e7l\u00fc bir \u015fekilde hissediliyor.<\/strong><\/span><\/h3><\/div><div class=\"td-paragraph-padding-1\"><p><span style=\"color: #000000;\"><strong>Fiyat Art\u0131\u015flar\u0131 Yerine Gramaj Azaltma<\/strong><br \/>Rapora g\u00f6re, y\u00fcksek enflasyon t\u00fcketici al\u0131\u015fkanl\u0131klar\u0131n\u0131 de\u011fi\u015ftirirken, \u00fcreticiler de do\u011frudan fiyat art\u0131\u015f\u0131 yerine gramaj azaltma, ekonomik-premium \u00fcr\u00fcn serileri olu\u015fturma ve kampanyal\u0131 sat\u0131\u015flarla denge kurmaya \u00e7al\u0131\u015f\u0131yor. Statista verilerine g\u00f6re shrinkflation (gramaj azaltma) uygulamas\u0131 ambalajl\u0131 \u00fcr\u00fcnlerde %38 oran\u0131nda yayg\u0131nla\u015fm\u0131\u015f durumda.<\/span><\/p><p><strong><span style=\"color: #000000;\">D\u00f6viz Kuru ve \u0130thal Girdi Riski<\/span><\/strong><br \/><span style=\"color: #000000;\">\u0130thal girdilere y\u00fcksek oranda ba\u011f\u0131ml\u0131 olan sekt\u00f6r, d\u00f6viz kurlar\u0131ndaki art\u0131\u015ftan do\u011frudan etkileniyor. Rapora g\u00f6re, d\u00f6viz kuruna duyarl\u0131 hammaddelerin yo\u011fun kullan\u0131m\u0131 sekt\u00f6r\u00fcn maliyet yap\u0131s\u0131n\u0131 do\u011frudan etkiliyor. \u00d6zellikle i\u00e7ecek gruplar\u0131nda %65\u2019in \u00fczerinde kur ge\u00e7i\u015fkenli\u011fi g\u00f6zlemlenirken, ithal girdilere dayal\u0131 \u00fcretim yapan firmalar alternatif \u00fcr\u00fcn ve tedarik modelleri geli\u015ftirmeye y\u00f6neliyor.<\/span><\/p><p><strong><span style=\"color: #000000;\">Finansmana Eri\u015fimde S\u0131k\u0131nt\u0131<\/span><\/strong><br \/><span style=\"color: #000000;\">Y\u0131l\u0131n \u00f6ne \u00e7\u0131kan sorunlar\u0131ndan biri de y\u00fcksek faiz oranlar\u0131 nedeniyle i\u015fletmelerin finansmana eri\u015fimde ya\u015fad\u0131\u011f\u0131 zorluklar oldu. Ticari kredi faizlerinin %100\u2019\u00fc buldu\u011fu bu d\u00f6nemde POS teminatl\u0131 krediler ve fakt\u00f6ring gibi alternatif \u00e7\u00f6z\u00fcmler \u00f6n plana \u00e7\u0131karken, bir\u00e7ok firma yeni yat\u0131r\u0131mlar\u0131 ask\u0131ya alarak nakit ak\u0131\u015f\u0131n\u0131 s\u00fcrd\u00fcrebilmek i\u00e7in operasyonel d\u00f6ng\u00fcye odaklanmak zorunda kald\u0131.<\/span><\/p><p><strong><span style=\"color: #000000;\">Tahsilat Vadeleri Uzuyor<\/span><\/strong><br \/><span style=\"color: #000000;\">Zincir perakendecilerle \u00e7al\u0131\u015fan \u00fcreticilerin tahsilat s\u00fcreleri ortalama 100 g\u00fcn\u00fc a\u015farken, bu durum \u00fcreticileri y\u00fcksek faizli kredi kullanmaya zorluyor. \u00dcreticiler ise bu riski azaltmak i\u00e7in pe\u015fin \u00f6demeye dayal\u0131 mikro-bayi modelleri gibi alternatif da\u011f\u0131t\u0131m y\u00f6ntemlerini g\u00fcndeme al\u0131yor.<\/span><\/p><p><strong><span style=\"color: #000000;\">T\u00fcketici \u201cDaha Az, Daha Ak\u0131ll\u0131ca\u201d Harc\u0131yor<\/span><\/strong><br \/><span style=\"color: #000000;\">Raporun t\u00fcketici taraf\u0131na ili\u015fkin bulgular\u0131 da dikkat \u00e7ekici. Yerli \u00fcr\u00fcn tercihi artarken, t\u00fcketici art\u0131k yaln\u0131zca \u00fcr\u00fcn i\u00e7eri\u011fine de\u011fil, markan\u0131n s\u00fcrd\u00fcr\u00fclebilirlik ve toplumsal duru\u015funa da \u00f6nem veriyor. Etiket okuma al\u0131\u015fkanl\u0131\u011f\u0131 yayg\u0131nla\u015f\u0131rken, do\u011fal i\u00e7erikli ve katk\u0131s\u0131z \u00fcr\u00fcnlere y\u00f6nelim art\u0131yor. Online kanallarda sadece dijital sat\u0131\u015fa \u00f6zel \u00fcr\u00fcn stratejileri geli\u015firken, promosyon takibi ve sadakat sistemleri t\u00fcketici kararlar\u0131n\u0131 belirleyici hale getiriyor.<\/span><br \/><span style=\"color: #000000;\">2025 y\u0131l\u0131 itibar\u0131yla t\u00fcketici profilinde \u015fu e\u011filimler \u00f6ne \u00e7\u0131k\u0131yor:<\/span><br \/><span style=\"color: #000000;\">\u2022 Fiyat\/performans dengesi odakl\u0131 tercih<\/span><br \/><span style=\"color: #000000;\">\u2022 Yerli \u00fcretime y\u00f6nelim<\/span><br \/><span style=\"color: #000000;\">\u2022 Do\u011fal ve katk\u0131s\u0131z i\u00e7erik hassasiyeti<\/span><br \/><span style=\"color: #000000;\">\u2022 S\u00fcrd\u00fcr\u00fclebilir ambalajlara artan ilgi<\/span><br \/><span style=\"color: #000000;\">\u2022 Kampanya ve sadakat sistemlerine ba\u011fl\u0131l\u0131k<\/span><br \/><span style=\"color: #000000;\">\u2022 Markalar\u0131n toplumsal duru\u015funa y\u00f6nelik fark\u0131ndal\u0131k<\/span><\/p><p><span style=\"color: #000000;\">Makroekonomik bask\u0131lar\u0131n artmas\u0131na ra\u011fmen, 2025 y\u0131l\u0131 ayn\u0131 zamanda sekt\u00f6r oyuncular\u0131 i\u00e7in yeniden yap\u0131lanma ve stratejik konumlanma y\u0131l\u0131d\u0131r. Finansal disiplini g\u00fc\u00e7lendiren, operasyonel esnekli\u011fi art\u0131ran ve t\u00fcketici beklentilerine h\u0131zla uyum sa\u011flayan firmalar s\u00fcrd\u00fcr\u00fclebilir b\u00fcy\u00fcme avantaj\u0131 elde edebilir.<\/span><\/p><p><a href=\"https:\/\/assets.kpmg.com\/content\/dam\/kpmg\/tr\/pdf\/2025\/06\/T%C3%BCrkiye%20Yiyecek%20%E2%80%93%20%C4%B0%C3%A7ecek%20Sekt%C3%B6r%C3%BC%20Makroekonomik%20G%C3%B6r%C3%BCn%C3%BCm%20%C3%96zeti.pdf\" target=\"_blank\" rel=\"noopener\"><em><span style=\"color: #000000;\">Raporun tamam\u0131 i\u00e7in t\u0131klay\u0131n\u0131z.<\/span><\/em><\/a><\/p><\/div>\t\t\t\t\t\t\t\t<\/div>\n\t\t\t\t<\/div>\n\t\t\t\t\t<\/div>\n\t\t<\/div>\n\t\t\t\t\t<\/div>\n\t\t<\/section>\n\t\t\t\t<\/div>\n\t\t","protected":false},"excerpt":{"rendered":"<p>KPMG T\u00fcrkiye\u2019nin yay\u0131mlad\u0131\u011f\u0131 \u201cT\u00fcrkiye Yiyecek-\u0130\u00e7ecek Sekt\u00f6r\u00fc Makroekonomik G\u00f6r\u00fcn\u00fcm \u00d6zeti 2025\u201d raporu, sekt\u00f6r\u00fcn y\u00fcksek enflasyon, d\u00f6viz kuru dalgalanmalar\u0131 ve finansman zorluklar\u0131yla \u015fekillenen \u00e7etin bir d\u00f6nemden ge\u00e7ti\u011fini ortaya koyuyor. T\u00fcrkiye\u2019de hane halk\u0131 harcamalar\u0131n\u0131n d\u00f6rtte birini olu\u015fturan yiyecek-i\u00e7ecek sekt\u00f6r\u00fcnde, ekonomik dalgalanmalar\u0131n etkileri hem \u00fcretici hem de t\u00fcketici cephesinde g\u00fc\u00e7l\u00fc bir \u015fekilde hissediliyor. Fiyat Art\u0131\u015flar\u0131 Yerine Gramaj AzaltmaRapora g\u00f6re, [&hellip;]<\/p>\n","protected":false},"author":1,"featured_media":7382,"comment_status":"closed","ping_status":"closed","sticky":false,"template":"","format":"standard","meta":{"_monsterinsights_skip_tracking":false,"_monsterinsights_sitenote_active":false,"_monsterinsights_sitenote_note":"","_monsterinsights_sitenote_category":0,"footnotes":""},"categories":[32],"tags":[],"class_list":{"0":"post-7381","1":"post","2":"type-post","3":"status-publish","4":"format-standard","5":"has-post-thumbnail","7":"category-sektorden-haberler-haberler"},"featured_image_src":"https:\/\/www.gidaperakendecileri.org\/wp-content\/uploads\/2025\/06\/kpmg-rapor-yiyecek.jpg","author_info":{"display_name":"ph16171887571_m2ho1594","author_link":"https:\/\/www.gidaperakendecileri.org\/?author=1"},"yoast_head":"<!-- This site is optimized with the Yoast SEO plugin v26.7 - https:\/\/yoast.com\/wordpress\/plugins\/seo\/ -->\n<title>Yiyecek-\u0130\u00e7ecek Sekt\u00f6r\u00fc D\u00f6n\u00fc\u015f\u00fcm\u00fcn E\u015fi\u011finde: Y\u00fcksek Enflasyon, Artan Maliyetler ve De\u011fi\u015fen T\u00fcketici Davran\u0131\u015flar\u0131 - GPD<\/title>\n<meta name=\"description\" content=\"KPMG T\u00fcrkiye\u2019nin \u201cT\u00fcrkiye Yiyecek-\u0130\u00e7ecek Sekt\u00f6r\u00fc Makroekonomik G\u00f6r\u00fcn\u00fcm \u00d6zeti 2025\u201d raporu yay\u0131nland\u0131.\" \/>\n<meta name=\"robots\" content=\"index, follow, max-snippet:-1, max-image-preview:large, max-video-preview:-1\" \/>\n<link rel=\"canonical\" href=\"https:\/\/www.gidaperakendecileri.org\/?p=7381\" \/>\n<meta property=\"og:locale\" content=\"en_US\" \/>\n<meta property=\"og:type\" content=\"article\" \/>\n<meta property=\"og:title\" content=\"Yiyecek-\u0130\u00e7ecek Sekt\u00f6r\u00fc D\u00f6n\u00fc\u015f\u00fcm\u00fcn E\u015fi\u011finde: Y\u00fcksek Enflasyon, Artan Maliyetler ve De\u011fi\u015fen T\u00fcketici Davran\u0131\u015flar\u0131 - GPD\" \/>\n<meta property=\"og:description\" content=\"KPMG T\u00fcrkiye\u2019nin \u201cT\u00fcrkiye Yiyecek-\u0130\u00e7ecek Sekt\u00f6r\u00fc Makroekonomik G\u00f6r\u00fcn\u00fcm \u00d6zeti 2025\u201d raporu yay\u0131nland\u0131.\" \/>\n<meta property=\"og:url\" content=\"https:\/\/www.gidaperakendecileri.org\/?p=7381\" \/>\n<meta property=\"og:site_name\" content=\"GPD\" \/>\n<meta property=\"article:published_time\" content=\"2025-06-30T07:20:23+00:00\" \/>\n<meta property=\"article:modified_time\" content=\"2025-06-30T07:26:14+00:00\" \/>\n<meta property=\"og:image\" content=\"https:\/\/www.gidaperakendecileri.org\/wp-content\/uploads\/2025\/06\/kpmg-rapor-yiyecek.jpg\" \/>\n\t<meta property=\"og:image:width\" content=\"1181\" \/>\n\t<meta property=\"og:image:height\" content=\"787\" \/>\n\t<meta property=\"og:image:type\" content=\"image\/jpeg\" \/>\n<meta name=\"author\" content=\"ph16171887571_m2ho1594\" \/>\n<meta name=\"twitter:card\" content=\"summary_large_image\" \/>\n<meta name=\"twitter:label1\" content=\"Written by\" \/>\n\t<meta name=\"twitter:data1\" content=\"ph16171887571_m2ho1594\" \/>\n\t<meta name=\"twitter:label2\" content=\"Est. reading time\" \/>\n\t<meta name=\"twitter:data2\" content=\"2 minutes\" \/>\n<script type=\"application\/ld+json\" class=\"yoast-schema-graph\">{\"@context\":\"https:\/\/schema.org\",\"@graph\":[{\"@type\":\"Article\",\"@id\":\"https:\/\/www.gidaperakendecileri.org\/?p=7381#article\",\"isPartOf\":{\"@id\":\"https:\/\/www.gidaperakendecileri.org\/?p=7381\"},\"author\":{\"name\":\"ph16171887571_m2ho1594\",\"@id\":\"https:\/\/www.gidaperakendecileri.org\/#\/schema\/person\/2a9973560de07919114aa1faead0a371\"},\"headline\":\"Yiyecek-\u0130\u00e7ecek Sekt\u00f6r\u00fc D\u00f6n\u00fc\u015f\u00fcm\u00fcn E\u015fi\u011finde: Y\u00fcksek Enflasyon, Artan Maliyetler ve De\u011fi\u015fen T\u00fcketici Davran\u0131\u015flar\u0131\",\"datePublished\":\"2025-06-30T07:20:23+00:00\",\"dateModified\":\"2025-06-30T07:26:14+00:00\",\"mainEntityOfPage\":{\"@id\":\"https:\/\/www.gidaperakendecileri.org\/?p=7381\"},\"wordCount\":581,\"image\":{\"@id\":\"https:\/\/www.gidaperakendecileri.org\/?p=7381#primaryimage\"},\"thumbnailUrl\":\"https:\/\/www.gidaperakendecileri.org\/wp-content\/uploads\/2025\/06\/kpmg-rapor-yiyecek.jpg\",\"articleSection\":[\"Sekt\u00f6rden Haberler\"],\"inLanguage\":\"en-US\"},{\"@type\":\"WebPage\",\"@id\":\"https:\/\/www.gidaperakendecileri.org\/?p=7381\",\"url\":\"https:\/\/www.gidaperakendecileri.org\/?p=7381\",\"name\":\"Yiyecek-\u0130\u00e7ecek Sekt\u00f6r\u00fc D\u00f6n\u00fc\u015f\u00fcm\u00fcn E\u015fi\u011finde: Y\u00fcksek Enflasyon, Artan Maliyetler ve De\u011fi\u015fen T\u00fcketici Davran\u0131\u015flar\u0131 - GPD\",\"isPartOf\":{\"@id\":\"https:\/\/www.gidaperakendecileri.org\/#website\"},\"primaryImageOfPage\":{\"@id\":\"https:\/\/www.gidaperakendecileri.org\/?p=7381#primaryimage\"},\"image\":{\"@id\":\"https:\/\/www.gidaperakendecileri.org\/?p=7381#primaryimage\"},\"thumbnailUrl\":\"https:\/\/www.gidaperakendecileri.org\/wp-content\/uploads\/2025\/06\/kpmg-rapor-yiyecek.jpg\",\"datePublished\":\"2025-06-30T07:20:23+00:00\",\"dateModified\":\"2025-06-30T07:26:14+00:00\",\"author\":{\"@id\":\"https:\/\/www.gidaperakendecileri.org\/#\/schema\/person\/2a9973560de07919114aa1faead0a371\"},\"description\":\"KPMG T\u00fcrkiye\u2019nin \u201cT\u00fcrkiye Yiyecek-\u0130\u00e7ecek Sekt\u00f6r\u00fc Makroekonomik G\u00f6r\u00fcn\u00fcm \u00d6zeti 2025\u201d raporu yay\u0131nland\u0131.\",\"breadcrumb\":{\"@id\":\"https:\/\/www.gidaperakendecileri.org\/?p=7381#breadcrumb\"},\"inLanguage\":\"en-US\",\"potentialAction\":[{\"@type\":\"ReadAction\",\"target\":[\"https:\/\/www.gidaperakendecileri.org\/?p=7381\"]}]},{\"@type\":\"ImageObject\",\"inLanguage\":\"en-US\",\"@id\":\"https:\/\/www.gidaperakendecileri.org\/?p=7381#primaryimage\",\"url\":\"https:\/\/www.gidaperakendecileri.org\/wp-content\/uploads\/2025\/06\/kpmg-rapor-yiyecek.jpg\",\"contentUrl\":\"https:\/\/www.gidaperakendecileri.org\/wp-content\/uploads\/2025\/06\/kpmg-rapor-yiyecek.jpg\",\"width\":1181,\"height\":787},{\"@type\":\"BreadcrumbList\",\"@id\":\"https:\/\/www.gidaperakendecileri.org\/?p=7381#breadcrumb\",\"itemListElement\":[{\"@type\":\"ListItem\",\"position\":1,\"name\":\"Home\",\"item\":\"https:\/\/www.gidaperakendecileri.org\/\"},{\"@type\":\"ListItem\",\"position\":2,\"name\":\"Yiyecek-\u0130\u00e7ecek Sekt\u00f6r\u00fc D\u00f6n\u00fc\u015f\u00fcm\u00fcn E\u015fi\u011finde: Y\u00fcksek Enflasyon, Artan Maliyetler ve De\u011fi\u015fen T\u00fcketici Davran\u0131\u015flar\u0131\"}]},{\"@type\":\"WebSite\",\"@id\":\"https:\/\/www.gidaperakendecileri.org\/#website\",\"url\":\"https:\/\/www.gidaperakendecileri.org\/\",\"name\":\"GPD\",\"description\":\"G\u0131da Perakendecileri Derne\u011fi\",\"potentialAction\":[{\"@type\":\"SearchAction\",\"target\":{\"@type\":\"EntryPoint\",\"urlTemplate\":\"https:\/\/www.gidaperakendecileri.org\/?s={search_term_string}\"},\"query-input\":{\"@type\":\"PropertyValueSpecification\",\"valueRequired\":true,\"valueName\":\"search_term_string\"}}],\"inLanguage\":\"en-US\"},{\"@type\":\"Person\",\"@id\":\"https:\/\/www.gidaperakendecileri.org\/#\/schema\/person\/2a9973560de07919114aa1faead0a371\",\"name\":\"ph16171887571_m2ho1594\",\"image\":{\"@type\":\"ImageObject\",\"inLanguage\":\"en-US\",\"@id\":\"https:\/\/www.gidaperakendecileri.org\/#\/schema\/person\/image\/\",\"url\":\"https:\/\/secure.gravatar.com\/avatar\/6aa3f1f40edc90be5904b6c95a027d0e9963a528a5b2f13ee07d82a1baae7c25?s=96&d=mm&r=g\",\"contentUrl\":\"https:\/\/secure.gravatar.com\/avatar\/6aa3f1f40edc90be5904b6c95a027d0e9963a528a5b2f13ee07d82a1baae7c25?s=96&d=mm&r=g\",\"caption\":\"ph16171887571_m2ho1594\"},\"url\":\"https:\/\/www.gidaperakendecileri.org\/?author=1\"}]}<\/script>\n<!-- \/ Yoast SEO plugin. -->","yoast_head_json":{"title":"Yiyecek-\u0130\u00e7ecek Sekt\u00f6r\u00fc D\u00f6n\u00fc\u015f\u00fcm\u00fcn E\u015fi\u011finde: Y\u00fcksek Enflasyon, Artan Maliyetler ve De\u011fi\u015fen T\u00fcketici Davran\u0131\u015flar\u0131 - GPD","description":"KPMG T\u00fcrkiye\u2019nin \u201cT\u00fcrkiye Yiyecek-\u0130\u00e7ecek Sekt\u00f6r\u00fc Makroekonomik G\u00f6r\u00fcn\u00fcm \u00d6zeti 2025\u201d raporu yay\u0131nland\u0131.","robots":{"index":"index","follow":"follow","max-snippet":"max-snippet:-1","max-image-preview":"max-image-preview:large","max-video-preview":"max-video-preview:-1"},"canonical":"https:\/\/www.gidaperakendecileri.org\/?p=7381","og_locale":"en_US","og_type":"article","og_title":"Yiyecek-\u0130\u00e7ecek Sekt\u00f6r\u00fc D\u00f6n\u00fc\u015f\u00fcm\u00fcn E\u015fi\u011finde: Y\u00fcksek Enflasyon, Artan Maliyetler ve De\u011fi\u015fen T\u00fcketici Davran\u0131\u015flar\u0131 - GPD","og_description":"KPMG T\u00fcrkiye\u2019nin \u201cT\u00fcrkiye Yiyecek-\u0130\u00e7ecek Sekt\u00f6r\u00fc Makroekonomik G\u00f6r\u00fcn\u00fcm \u00d6zeti 2025\u201d raporu yay\u0131nland\u0131.","og_url":"https:\/\/www.gidaperakendecileri.org\/?p=7381","og_site_name":"GPD","article_published_time":"2025-06-30T07:20:23+00:00","article_modified_time":"2025-06-30T07:26:14+00:00","og_image":[{"width":1181,"height":787,"url":"https:\/\/www.gidaperakendecileri.org\/wp-content\/uploads\/2025\/06\/kpmg-rapor-yiyecek.jpg","type":"image\/jpeg"}],"author":"ph16171887571_m2ho1594","twitter_card":"summary_large_image","twitter_misc":{"Written by":"ph16171887571_m2ho1594","Est. reading time":"2 minutes"},"schema":{"@context":"https:\/\/schema.org","@graph":[{"@type":"Article","@id":"https:\/\/www.gidaperakendecileri.org\/?p=7381#article","isPartOf":{"@id":"https:\/\/www.gidaperakendecileri.org\/?p=7381"},"author":{"name":"ph16171887571_m2ho1594","@id":"https:\/\/www.gidaperakendecileri.org\/#\/schema\/person\/2a9973560de07919114aa1faead0a371"},"headline":"Yiyecek-\u0130\u00e7ecek Sekt\u00f6r\u00fc D\u00f6n\u00fc\u015f\u00fcm\u00fcn E\u015fi\u011finde: Y\u00fcksek Enflasyon, Artan Maliyetler ve De\u011fi\u015fen T\u00fcketici Davran\u0131\u015flar\u0131","datePublished":"2025-06-30T07:20:23+00:00","dateModified":"2025-06-30T07:26:14+00:00","mainEntityOfPage":{"@id":"https:\/\/www.gidaperakendecileri.org\/?p=7381"},"wordCount":581,"image":{"@id":"https:\/\/www.gidaperakendecileri.org\/?p=7381#primaryimage"},"thumbnailUrl":"https:\/\/www.gidaperakendecileri.org\/wp-content\/uploads\/2025\/06\/kpmg-rapor-yiyecek.jpg","articleSection":["Sekt\u00f6rden Haberler"],"inLanguage":"en-US"},{"@type":"WebPage","@id":"https:\/\/www.gidaperakendecileri.org\/?p=7381","url":"https:\/\/www.gidaperakendecileri.org\/?p=7381","name":"Yiyecek-\u0130\u00e7ecek Sekt\u00f6r\u00fc D\u00f6n\u00fc\u015f\u00fcm\u00fcn E\u015fi\u011finde: Y\u00fcksek Enflasyon, Artan Maliyetler ve De\u011fi\u015fen T\u00fcketici Davran\u0131\u015flar\u0131 - GPD","isPartOf":{"@id":"https:\/\/www.gidaperakendecileri.org\/#website"},"primaryImageOfPage":{"@id":"https:\/\/www.gidaperakendecileri.org\/?p=7381#primaryimage"},"image":{"@id":"https:\/\/www.gidaperakendecileri.org\/?p=7381#primaryimage"},"thumbnailUrl":"https:\/\/www.gidaperakendecileri.org\/wp-content\/uploads\/2025\/06\/kpmg-rapor-yiyecek.jpg","datePublished":"2025-06-30T07:20:23+00:00","dateModified":"2025-06-30T07:26:14+00:00","author":{"@id":"https:\/\/www.gidaperakendecileri.org\/#\/schema\/person\/2a9973560de07919114aa1faead0a371"},"description":"KPMG T\u00fcrkiye\u2019nin \u201cT\u00fcrkiye Yiyecek-\u0130\u00e7ecek Sekt\u00f6r\u00fc Makroekonomik G\u00f6r\u00fcn\u00fcm \u00d6zeti 2025\u201d raporu yay\u0131nland\u0131.","breadcrumb":{"@id":"https:\/\/www.gidaperakendecileri.org\/?p=7381#breadcrumb"},"inLanguage":"en-US","potentialAction":[{"@type":"ReadAction","target":["https:\/\/www.gidaperakendecileri.org\/?p=7381"]}]},{"@type":"ImageObject","inLanguage":"en-US","@id":"https:\/\/www.gidaperakendecileri.org\/?p=7381#primaryimage","url":"https:\/\/www.gidaperakendecileri.org\/wp-content\/uploads\/2025\/06\/kpmg-rapor-yiyecek.jpg","contentUrl":"https:\/\/www.gidaperakendecileri.org\/wp-content\/uploads\/2025\/06\/kpmg-rapor-yiyecek.jpg","width":1181,"height":787},{"@type":"BreadcrumbList","@id":"https:\/\/www.gidaperakendecileri.org\/?p=7381#breadcrumb","itemListElement":[{"@type":"ListItem","position":1,"name":"Home","item":"https:\/\/www.gidaperakendecileri.org\/"},{"@type":"ListItem","position":2,"name":"Yiyecek-\u0130\u00e7ecek Sekt\u00f6r\u00fc D\u00f6n\u00fc\u015f\u00fcm\u00fcn E\u015fi\u011finde: Y\u00fcksek Enflasyon, Artan Maliyetler ve De\u011fi\u015fen T\u00fcketici Davran\u0131\u015flar\u0131"}]},{"@type":"WebSite","@id":"https:\/\/www.gidaperakendecileri.org\/#website","url":"https:\/\/www.gidaperakendecileri.org\/","name":"GPD","description":"G\u0131da Perakendecileri Derne\u011fi","potentialAction":[{"@type":"SearchAction","target":{"@type":"EntryPoint","urlTemplate":"https:\/\/www.gidaperakendecileri.org\/?s={search_term_string}"},"query-input":{"@type":"PropertyValueSpecification","valueRequired":true,"valueName":"search_term_string"}}],"inLanguage":"en-US"},{"@type":"Person","@id":"https:\/\/www.gidaperakendecileri.org\/#\/schema\/person\/2a9973560de07919114aa1faead0a371","name":"ph16171887571_m2ho1594","image":{"@type":"ImageObject","inLanguage":"en-US","@id":"https:\/\/www.gidaperakendecileri.org\/#\/schema\/person\/image\/","url":"https:\/\/secure.gravatar.com\/avatar\/6aa3f1f40edc90be5904b6c95a027d0e9963a528a5b2f13ee07d82a1baae7c25?s=96&d=mm&r=g","contentUrl":"https:\/\/secure.gravatar.com\/avatar\/6aa3f1f40edc90be5904b6c95a027d0e9963a528a5b2f13ee07d82a1baae7c25?s=96&d=mm&r=g","caption":"ph16171887571_m2ho1594"},"url":"https:\/\/www.gidaperakendecileri.org\/?author=1"}]}},"amp_enabled":true,"_links":{"self":[{"href":"https:\/\/www.gidaperakendecileri.org\/index.php?rest_route=\/wp\/v2\/posts\/7381","targetHints":{"allow":["GET"]}}],"collection":[{"href":"https:\/\/www.gidaperakendecileri.org\/index.php?rest_route=\/wp\/v2\/posts"}],"about":[{"href":"https:\/\/www.gidaperakendecileri.org\/index.php?rest_route=\/wp\/v2\/types\/post"}],"author":[{"embeddable":true,"href":"https:\/\/www.gidaperakendecileri.org\/index.php?rest_route=\/wp\/v2\/users\/1"}],"replies":[{"embeddable":true,"href":"https:\/\/www.gidaperakendecileri.org\/index.php?rest_route=%2Fwp%2Fv2%2Fcomments&post=7381"}],"version-history":[{"count":4,"href":"https:\/\/www.gidaperakendecileri.org\/index.php?rest_route=\/wp\/v2\/posts\/7381\/revisions"}],"predecessor-version":[{"id":7386,"href":"https:\/\/www.gidaperakendecileri.org\/index.php?rest_route=\/wp\/v2\/posts\/7381\/revisions\/7386"}],"wp:featuredmedia":[{"embeddable":true,"href":"https:\/\/www.gidaperakendecileri.org\/index.php?rest_route=\/wp\/v2\/media\/7382"}],"wp:attachment":[{"href":"https:\/\/www.gidaperakendecileri.org\/index.php?rest_route=%2Fwp%2Fv2%2Fmedia&parent=7381"}],"wp:term":[{"taxonomy":"category","embeddable":true,"href":"https:\/\/www.gidaperakendecileri.org\/index.php?rest_route=%2Fwp%2Fv2%2Fcategories&post=7381"},{"taxonomy":"post_tag","embeddable":true,"href":"https:\/\/www.gidaperakendecileri.org\/index.php?rest_route=%2Fwp%2Fv2%2Ftags&post=7381"}],"curies":[{"name":"wp","href":"https:\/\/api.w.org\/{rel}","templated":true}]}}