{"id":7093,"date":"2025-03-19T06:02:55","date_gmt":"2025-03-19T06:02:55","guid":{"rendered":"https:\/\/www.gidaperakendecileri.org\/?p=7093"},"modified":"2025-03-19T06:04:50","modified_gmt":"2025-03-19T06:04:50","slug":"kuresel-ceo-arastirmasi-sonuclari-aciklandi-ceolar-kuresel-ekonomik-buyumeden-umutlu","status":"publish","type":"post","link":"https:\/\/www.gidaperakendecileri.org\/?p=7093","title":{"rendered":"K\u00fcresel CEO Ara\u015ft\u0131rmas\u0131 Sonu\u00e7lar\u0131 A\u00e7\u0131kland\u0131: CEO\u2019lar K\u00fcresel Ekonomik B\u00fcy\u00fcmeden Umutlu"},"content":{"rendered":"\t\t<div data-elementor-type=\"wp-post\" data-elementor-id=\"7093\" class=\"elementor elementor-7093\">\n\t\t\t\t\t\t<section class=\"elementor-section elementor-top-section elementor-element elementor-element-3ef128ae elementor-section-boxed elementor-section-height-default elementor-section-height-default\" data-id=\"3ef128ae\" data-element_type=\"section\">\n\t\t\t\t\t\t<div class=\"elementor-container elementor-column-gap-default\">\n\t\t\t\t\t<div class=\"elementor-column elementor-col-100 elementor-top-column elementor-element elementor-element-6c0ce5df\" data-id=\"6c0ce5df\" data-element_type=\"column\">\n\t\t\t<div class=\"elementor-widget-wrap elementor-element-populated\">\n\t\t\t\t\t\t<div class=\"elementor-element elementor-element-5aacae7a elementor-widget elementor-widget-text-editor\" data-id=\"5aacae7a\" data-element_type=\"widget\" data-widget_type=\"text-editor.default\">\n\t\t\t\t<div class=\"elementor-widget-container\">\n\t\t\t\t\t\t\t\t\t<div class=\"td-paragraph-padding-1\"><h3><span style=\"color: #000000;\"><strong>PwC\u2019nin yay\u0131nlad\u0131\u011f\u0131 28. K\u00fcresel CEO Ara\u015ft\u0131rmas\u0131\u2019na g\u00f6re, t\u00fcm d\u00fcnyadaki CEO\u2019lar\u0131n neredeyse %60\u2019\u0131 \u00f6n\u00fcm\u00fczdeki 12 ayda k\u00fcresel ekonomik b\u00fcy\u00fcmenin artaca\u011f\u0131n\u0131 d\u00fc\u015f\u00fcn\u00fcyor. T\u00fcrk CEO\u2019lar i\u00e7in ise bu oran %53.<br \/><\/strong><\/span><\/h3><\/div><div class=\"td-paragraph-padding-1\"><p><span style=\"color: #000000;\"> PwC, 28. K\u00fcresel CEO Ara\u015ft\u0131rmas\u0131\u2019n\u0131 yay\u0131nlad\u0131. 109 \u00fclkeden 4.701 CEO\u2019nun kat\u0131ld\u0131\u011f\u0131 ara\u015ft\u0131rmaya g\u00f6re, CEO\u2019lar\u0131n %42\u2019si \u00f6n\u00fcm\u00fczdeki 12 ayda \u00e7al\u0131\u015fan say\u0131s\u0131n\u0131 %5 veya daha fazla artt\u0131rmay\u0131 d\u00fc\u015f\u00fcn\u00fcyor. Bu oran, \u00e7al\u0131\u015fan say\u0131s\u0131n\u0131 azaltmay\u0131 d\u00fc\u015f\u00fcnen CEO\u2019lar\u0131n (%17) iki kat\u0131ndan fazla. Ge\u00e7ti\u011fimiz y\u0131l \u00e7al\u0131\u015fan say\u0131s\u0131n\u0131 artt\u0131rmay\u0131 d\u00fc\u015f\u00fcnen CEO\u2019lar\u0131n oran\u0131 %39\u2019du. \u00c7al\u0131\u015fan say\u0131s\u0131n\u0131 artt\u0131rmay\u0131 d\u00fc\u015f\u00fcnen CEO\u2019lar\u0131n ba\u015f\u0131nda, cirosu 100 milyon dolar\u0131n alt\u0131nda olan k\u00fc\u00e7\u00fck \u00f6l\u00e7ekli \u015firketler (%48) geliyor. Bunu teknoloji (%61), gayrimenkul (%61), \u00f6zel sermaye (%52) gibi \u015firketler takip ediyor.<\/span><\/p><p><strong><span style=\"color: #000000;\">D\u00f6n\u00fc\u015f\u00fcm Zorunlulu\u011fu<\/span><\/strong><br \/><span style=\"color: #000000;\">Son iki y\u0131lda oldu\u011fu gibi, her on CEO\u2019dan d\u00f6rd\u00fc (%42) \u015firketlerinin mevcut gidi\u015fat\u0131n\u0131 s\u00fcrd\u00fcrmesi halinde on y\u0131ldan daha uzun s\u00fcre ayakta kalamayaca\u011f\u0131n\u0131 d\u00fc\u015f\u00fcn\u00fcyor. \u015eirketlerinin \u00f6nemli de\u011fi\u015fiklikler yapmadan ayakta kalamayaca\u011f\u0131n\u0131 d\u00fc\u015f\u00fcnen %42\u2019lik kesim, ekonomik olarak ayakta kalabilmelerini etkileyen en \u00f6nemli fakt\u00f6r\u00fcn yasal d\u00fczenlemelerdeki de\u011fi\u015fiklikler oldu\u011funu s\u00f6yl\u00fcyor. Her sekt\u00f6rden CEO\u2019lar\u0131n %63\u2019\u00fc son be\u015f y\u0131lda \u015firketlerinin de\u011fer yaratma, sunma ve yakalama \u015fekillerinde de\u011fi\u015fiklik yapmak i\u00e7in en az bir \u00f6nemli ad\u0131m att\u0131klar\u0131n\u0131 s\u00f6yl\u00fcyor.<\/span><br \/><span style=\"color: #000000;\">\u015eirketler i\u015f modellerini k\u00f6kten de\u011fi\u015ftirmeye de istekli; CEO\u2019lar\u0131n %38\u2019i son be\u015f y\u0131lda en az bir yeni sekt\u00f6rde rekabet etmeye ba\u015flad\u0131klar\u0131n\u0131, %34\u2019\u00fc ise bu yeni sekt\u00f6rlerden elde ettikleri gelirlerin, \u015firketlerinin bu d\u00f6nemdeki toplam gelirlerinin %20\u2019sinden fazlas\u0131n\u0131 olu\u015fturdu\u011funu belirtiyor.<\/span><\/p><p><strong><span style=\"color: #000000;\">CEO\u2019lar \u00dcretken Yapay Zek\u00e2 \u0130\u00e7in \u0130yimserler Ancak, Daha \u0130yi Sonu\u00e7lar Almak \u0130stiyorlar<\/span><\/strong><br \/><span style=\"color: #000000;\">Ara\u015ft\u0131rmaya kat\u0131lan CEO\u2019lar \u00fcretken yapay zek\u00e2dan elle tutulur sonu\u00e7lar elde etti\u011fini s\u00f6yl\u00fcyor. CEO\u2019lar\u0131n %56\u2019si, son 12 ayda \u00e7al\u0131\u015fanlar\u0131n\u0131n mesailerinde daha verimli olduklar\u0131n\u0131, %32\u2019si ise gelirlerinin artt\u0131\u011f\u0131n\u0131 belirtiyor. T\u00fcrkiye\u2019deki CEO\u2019lar\u0131n %64\u2019\u00fc ge\u00e7ti\u011fimiz 12 ayda \u00fcretken yapay zek\u00e2n\u0131n \u00e7al\u0131\u015fanlar\u0131n verimlili\u011fini artt\u0131rd\u0131\u011f\u0131n\u0131 belirtiyor.<\/span><br \/><span style=\"color: #000000;\">Yapay zek\u00e2ya g\u00fcven, bu teknolojinin yayg\u0131nla\u015fmas\u0131n\u0131n \u00f6n\u00fcndeki en b\u00fcy\u00fck engellerden biri olmaya devam ediyor. CEO\u2019lar\u0131n yaln\u0131zca \u00fc\u00e7te biri, yapay zek\u00e2 teknolojisini \u015firketlerinin kilit s\u00fcre\u00e7lerine entegre edecek kadar g\u00fcvenilir bulduklar\u0131n\u0131 s\u00f6yl\u00fcyor.<\/span><br \/><span style=\"color: #000000;\">Buna ra\u011fmen, \u00fcretken yapay zek\u00e2n\u0131n k\u00e2rl\u0131l\u0131\u011fa etkilerine ili\u015fkin iyimserlik ge\u00e7ti\u011fimiz y\u0131la g\u00f6re biraz artt\u0131; CEO\u2019lar\u0131n %49\u2019u \u00f6n\u00fcm\u00fczdeki 12 ayda k\u00e2rl\u0131l\u0131klar\u0131nda art\u0131\u015f bekliyor. CEO\u2019lar\u0131n neredeyse yar\u0131s\u0131 (%47) \u00f6n\u00fcm\u00fczdeki \u00fc\u00e7 y\u0131lda \u00fcretken yapay zek\u00e2 dahil yapay zek\u00e2 teknolojilerini kendi teknoloji platformlar\u0131na; %41\u2019i ana i\u015f s\u00fcre\u00e7lerine entegre etmeyi planl\u0131yor. \u00dcretken yapay zek\u00e2n\u0131n \u00e7al\u0131\u015fan say\u0131s\u0131n\u0131n artt\u0131r\u0131lmas\u0131na neden oldu\u011funu s\u00f6yleyen CEO\u2019lar\u0131n oran\u0131 (%17), azalt\u0131lmas\u0131na neden oldu\u011funu s\u00f6yleyen CEO\u2019lardan (%13) daha fazla.<\/span><\/p><p><strong><span style=\"color: #000000;\">\u0130klim De\u011fi\u015fikli\u011fiyle \u0130lgili Yat\u0131r\u0131mlar Meyvelerini Vermeye Ba\u015flad\u0131<\/span><\/strong><br \/><span style=\"color: #000000;\">Ara\u015ft\u0131rmada dikkat \u00e7eken bir di\u011fer konu ise iklim de\u011fi\u015fikli\u011finin \u015firketlere olan etkisi. CEO\u2019lar bu konuyla ilgili aksiyon almaya devam ediyor. CEO\u2019lar\u0131n son be\u015f y\u0131lda iklimle ilgili yapt\u0131klar\u0131 yat\u0131r\u0131mlar\u0131n finansal etkilerini de\u011ferlendirmeleri soruldu\u011funda, bu yat\u0131r\u0131mlar\u0131n gelirleri artt\u0131rma olas\u0131l\u0131\u011f\u0131n\u0131n (%33), azaltma olas\u0131l\u0131\u011f\u0131ndan (%5) alt\u0131 kat daha fazla oldu\u011fu g\u00f6r\u00fcl\u00fcyor. CEO\u2019lar\u0131n neredeyse \u00fc\u00e7te ikisi, iklimle ilgili yat\u0131r\u0131mlar\u0131n maliyetleri azaltt\u0131\u011f\u0131n\u0131 ya da maliyete \u00f6nemli bir etkisi olmad\u0131\u011f\u0131n\u0131 s\u00f6yl\u00fcyor. T\u00fcrkiye\u2019deki CEO\u2019lar\u0131n %38\u2019i son be\u015f y\u0131lda yapt\u0131klar\u0131 iklim dostu odakl\u0131 ald\u0131klar\u0131 inisiyatiflerin hizmet veya \u00fcr\u00fcn sat\u0131\u015f\u0131ndan elde edilen gelirde art\u0131\u015f sa\u011flad\u0131\u011f\u0131n\u0131 belirtiyor.<\/span><br \/><span style=\"color: #000000;\">Yine de iklimle ilgili yat\u0131r\u0131mlar\u0131 ger\u00e7ekle\u015ftirmenin \u00f6n\u00fcndeki engeller ortadan kalkm\u0131\u015f de\u011fil. Bu t\u00fcr yat\u0131r\u0131mlar\u0131 yapm\u0131\u015f olan CEO\u2019lar\u0131n %24\u2019\u00fc, yasal d\u00fczenlemelerdeki karma\u015f\u0131kl\u0131klar\u0131n \u015firketlerinin bu t\u00fcr yat\u0131r\u0131mlara ba\u015flamalar\u0131n\u0131n \u00f6n\u00fcndeki en b\u00fcy\u00fck engel oldu\u011funu s\u00f6yl\u00fcyor. %18\u2019i yat\u0131r\u0131m getirisinin az olmas\u0131n\u0131n, %6\u2019s\u0131 ise y\u00f6netim kurulunun veya \u00fcst y\u00f6netimin bu konuda destek vermemesinin en b\u00fcy\u00fck engel oldu\u011funu d\u00fc\u015f\u00fcn\u00fcyor.\u00a0<\/span><\/p><p><strong><span style=\"color: #000000;\">\u201cLiderler, De\u011fer Yaratma Modellerinde K\u00f6kl\u00fc De\u011fi\u015fiklikler Yapmalar\u0131 Gerekti\u011finin Fark\u0131ndalar\u201d<\/span><\/strong><br \/><span style=\"color: #000000;\">PwC T\u00fcrkiye K\u0131demli Orta\u011f\u0131 Cenk Ulu, ara\u015ft\u0131rmayla ilgili de\u011ferlendirmesinde \u015funlar\u0131 s\u00f6yledi: \u201cPwC olarak ger\u00e7ekle\u015ftirdi\u011fimiz CEO Ara\u015ft\u0131rmas\u0131 ile 28 y\u0131ld\u0131r i\u015f d\u00fcnyas\u0131n\u0131n i\u00e7inden ge\u00e7ti\u011fi kapsaml\u0131 d\u00f6n\u00fc\u015f\u00fcm\u00fc \u00e7ok yak\u0131ndan takip ediyoruz. Ara\u015ft\u0131rmam\u0131z\u0131n bu y\u0131lki k\u00fcresel sonu\u00e7lar\u0131, i\u015f liderlerinin ekonominin b\u00fcy\u00fcmesine y\u00f6nelik iyimserliklerini korudu\u011funu g\u00f6steriyor. Ancak liderler \u00f6nceki y\u0131llarda oldu\u011fu gibi, de\u011fer yaratma modellerinde k\u00f6kl\u00fc de\u011fi\u015fiklikler yapmalar\u0131 gerekti\u011finin fark\u0131ndalar ve daha da \u00f6nemlisi, bu y\u00f6nde ad\u0131mlar atmak i\u00e7in istekliler. CEO\u2019lar\u0131n i\u015fg\u00fcc\u00fc, s\u00fcrd\u00fcr\u00fclebilirlik, tedarik zincirleri de dahil olmak \u00fczere bir\u00e7ok alanda stratejik kararlar almalar\u0131n\u0131n gerekece\u011fi bir d\u00f6nemdeyiz. Ara\u015ft\u0131rma, \u00f6zellikle \u00fcretken yapay zek\u00e2 konusunda dikkat \u00e7ekici sonu\u00e7lar i\u00e7eriyor.\u201d<\/span><\/p><p><a href=\"https:\/\/www.pwc.com.tr\/tr\/yayinlar\/arastirmalar\/ceo-survey\/28-kuresel-ceo-arastirmasi.html\" target=\"_blank\" rel=\"noopener\"><span style=\"color: #000000;\">Raporun ayr\u0131nt\u0131lar\u0131 i\u00e7in t\u0131klay\u0131n\u0131z.<\/span><\/a><\/p><\/div>\t\t\t\t\t\t\t\t<\/div>\n\t\t\t\t<\/div>\n\t\t\t\t\t<\/div>\n\t\t<\/div>\n\t\t\t\t\t<\/div>\n\t\t<\/section>\n\t\t\t\t<\/div>\n\t\t","protected":false},"excerpt":{"rendered":"<p>PwC\u2019nin yay\u0131nlad\u0131\u011f\u0131 28. K\u00fcresel CEO Ara\u015ft\u0131rmas\u0131\u2019na g\u00f6re, t\u00fcm d\u00fcnyadaki CEO\u2019lar\u0131n neredeyse %60\u2019\u0131 \u00f6n\u00fcm\u00fczdeki 12 ayda k\u00fcresel ekonomik b\u00fcy\u00fcmenin artaca\u011f\u0131n\u0131 d\u00fc\u015f\u00fcn\u00fcyor. T\u00fcrk CEO\u2019lar i\u00e7in ise bu oran %53. PwC, 28. K\u00fcresel CEO Ara\u015ft\u0131rmas\u0131\u2019n\u0131 yay\u0131nlad\u0131. 109 \u00fclkeden 4.701 CEO\u2019nun kat\u0131ld\u0131\u011f\u0131 ara\u015ft\u0131rmaya g\u00f6re, CEO\u2019lar\u0131n %42\u2019si \u00f6n\u00fcm\u00fczdeki 12 ayda \u00e7al\u0131\u015fan say\u0131s\u0131n\u0131 %5 veya daha fazla artt\u0131rmay\u0131 d\u00fc\u015f\u00fcn\u00fcyor. Bu oran, [&hellip;]<\/p>\n","protected":false},"author":1,"featured_media":7094,"comment_status":"closed","ping_status":"closed","sticky":false,"template":"","format":"standard","meta":{"_monsterinsights_skip_tracking":false,"_monsterinsights_sitenote_active":false,"_monsterinsights_sitenote_note":"","_monsterinsights_sitenote_category":0,"footnotes":""},"categories":[32],"tags":[],"class_list":{"0":"post-7093","1":"post","2":"type-post","3":"status-publish","4":"format-standard","5":"has-post-thumbnail","7":"category-sektorden-haberler-haberler"},"featured_image_src":"https:\/\/www.gidaperakendecileri.org\/wp-content\/uploads\/2025\/03\/28-kuresel-ceo-pwc.jpg","author_info":{"display_name":"ph16171887571_m2ho1594","author_link":"https:\/\/www.gidaperakendecileri.org\/?author=1"},"yoast_head":"<!-- This site is optimized with the Yoast SEO plugin v26.7 - https:\/\/yoast.com\/wordpress\/plugins\/seo\/ -->\n<title>K\u00fcresel CEO Ara\u015ft\u0131rmas\u0131 Sonu\u00e7lar\u0131 A\u00e7\u0131kland\u0131: CEO\u2019lar K\u00fcresel Ekonomik B\u00fcy\u00fcmeden Umutlu - GPD<\/title>\n<meta name=\"description\" content=\"PwC, 28. K\u00fcresel CEO Ara\u015ft\u0131rmas\u0131\u2019n\u0131 yay\u0131nlad\u0131.\" \/>\n<meta name=\"robots\" content=\"index, follow, max-snippet:-1, max-image-preview:large, max-video-preview:-1\" \/>\n<link rel=\"canonical\" href=\"https:\/\/www.gidaperakendecileri.org\/?p=7093\" \/>\n<meta property=\"og:locale\" content=\"en_US\" \/>\n<meta property=\"og:type\" content=\"article\" \/>\n<meta property=\"og:title\" content=\"K\u00fcresel CEO Ara\u015ft\u0131rmas\u0131 Sonu\u00e7lar\u0131 A\u00e7\u0131kland\u0131: CEO\u2019lar K\u00fcresel Ekonomik B\u00fcy\u00fcmeden Umutlu - GPD\" \/>\n<meta property=\"og:description\" content=\"PwC, 28. K\u00fcresel CEO Ara\u015ft\u0131rmas\u0131\u2019n\u0131 yay\u0131nlad\u0131.\" \/>\n<meta property=\"og:url\" content=\"https:\/\/www.gidaperakendecileri.org\/?p=7093\" \/>\n<meta property=\"og:site_name\" content=\"GPD\" \/>\n<meta property=\"article:published_time\" content=\"2025-03-19T06:02:55+00:00\" \/>\n<meta property=\"article:modified_time\" content=\"2025-03-19T06:04:50+00:00\" \/>\n<meta property=\"og:image\" content=\"https:\/\/www.gidaperakendecileri.org\/wp-content\/uploads\/2025\/03\/28-kuresel-ceo-pwc.jpg\" \/>\n\t<meta property=\"og:image:width\" content=\"1181\" \/>\n\t<meta property=\"og:image:height\" content=\"590\" \/>\n\t<meta property=\"og:image:type\" content=\"image\/jpeg\" \/>\n<meta name=\"author\" content=\"ph16171887571_m2ho1594\" \/>\n<meta name=\"twitter:card\" content=\"summary_large_image\" \/>\n<meta name=\"twitter:label1\" content=\"Written by\" \/>\n\t<meta name=\"twitter:data1\" content=\"ph16171887571_m2ho1594\" \/>\n\t<meta name=\"twitter:label2\" content=\"Est. reading time\" \/>\n\t<meta name=\"twitter:data2\" content=\"3 minutes\" \/>\n<script type=\"application\/ld+json\" class=\"yoast-schema-graph\">{\"@context\":\"https:\/\/schema.org\",\"@graph\":[{\"@type\":\"Article\",\"@id\":\"https:\/\/www.gidaperakendecileri.org\/?p=7093#article\",\"isPartOf\":{\"@id\":\"https:\/\/www.gidaperakendecileri.org\/?p=7093\"},\"author\":{\"name\":\"ph16171887571_m2ho1594\",\"@id\":\"https:\/\/www.gidaperakendecileri.org\/#\/schema\/person\/2a9973560de07919114aa1faead0a371\"},\"headline\":\"K\u00fcresel CEO Ara\u015ft\u0131rmas\u0131 Sonu\u00e7lar\u0131 A\u00e7\u0131kland\u0131: CEO\u2019lar K\u00fcresel Ekonomik B\u00fcy\u00fcmeden Umutlu\",\"datePublished\":\"2025-03-19T06:02:55+00:00\",\"dateModified\":\"2025-03-19T06:04:50+00:00\",\"mainEntityOfPage\":{\"@id\":\"https:\/\/www.gidaperakendecileri.org\/?p=7093\"},\"wordCount\":988,\"image\":{\"@id\":\"https:\/\/www.gidaperakendecileri.org\/?p=7093#primaryimage\"},\"thumbnailUrl\":\"https:\/\/www.gidaperakendecileri.org\/wp-content\/uploads\/2025\/03\/28-kuresel-ceo-pwc.jpg\",\"articleSection\":[\"Sekt\u00f6rden Haberler\"],\"inLanguage\":\"en-US\"},{\"@type\":\"WebPage\",\"@id\":\"https:\/\/www.gidaperakendecileri.org\/?p=7093\",\"url\":\"https:\/\/www.gidaperakendecileri.org\/?p=7093\",\"name\":\"K\u00fcresel CEO Ara\u015ft\u0131rmas\u0131 Sonu\u00e7lar\u0131 A\u00e7\u0131kland\u0131: CEO\u2019lar K\u00fcresel Ekonomik B\u00fcy\u00fcmeden Umutlu - GPD\",\"isPartOf\":{\"@id\":\"https:\/\/www.gidaperakendecileri.org\/#website\"},\"primaryImageOfPage\":{\"@id\":\"https:\/\/www.gidaperakendecileri.org\/?p=7093#primaryimage\"},\"image\":{\"@id\":\"https:\/\/www.gidaperakendecileri.org\/?p=7093#primaryimage\"},\"thumbnailUrl\":\"https:\/\/www.gidaperakendecileri.org\/wp-content\/uploads\/2025\/03\/28-kuresel-ceo-pwc.jpg\",\"datePublished\":\"2025-03-19T06:02:55+00:00\",\"dateModified\":\"2025-03-19T06:04:50+00:00\",\"author\":{\"@id\":\"https:\/\/www.gidaperakendecileri.org\/#\/schema\/person\/2a9973560de07919114aa1faead0a371\"},\"description\":\"PwC, 28. K\u00fcresel CEO Ara\u015ft\u0131rmas\u0131\u2019n\u0131 yay\u0131nlad\u0131.\",\"breadcrumb\":{\"@id\":\"https:\/\/www.gidaperakendecileri.org\/?p=7093#breadcrumb\"},\"inLanguage\":\"en-US\",\"potentialAction\":[{\"@type\":\"ReadAction\",\"target\":[\"https:\/\/www.gidaperakendecileri.org\/?p=7093\"]}]},{\"@type\":\"ImageObject\",\"inLanguage\":\"en-US\",\"@id\":\"https:\/\/www.gidaperakendecileri.org\/?p=7093#primaryimage\",\"url\":\"https:\/\/www.gidaperakendecileri.org\/wp-content\/uploads\/2025\/03\/28-kuresel-ceo-pwc.jpg\",\"contentUrl\":\"https:\/\/www.gidaperakendecileri.org\/wp-content\/uploads\/2025\/03\/28-kuresel-ceo-pwc.jpg\",\"width\":1181,\"height\":590},{\"@type\":\"BreadcrumbList\",\"@id\":\"https:\/\/www.gidaperakendecileri.org\/?p=7093#breadcrumb\",\"itemListElement\":[{\"@type\":\"ListItem\",\"position\":1,\"name\":\"Home\",\"item\":\"https:\/\/www.gidaperakendecileri.org\/\"},{\"@type\":\"ListItem\",\"position\":2,\"name\":\"K\u00fcresel CEO Ara\u015ft\u0131rmas\u0131 Sonu\u00e7lar\u0131 A\u00e7\u0131kland\u0131: CEO\u2019lar K\u00fcresel Ekonomik B\u00fcy\u00fcmeden Umutlu\"}]},{\"@type\":\"WebSite\",\"@id\":\"https:\/\/www.gidaperakendecileri.org\/#website\",\"url\":\"https:\/\/www.gidaperakendecileri.org\/\",\"name\":\"GPD\",\"description\":\"G\u0131da Perakendecileri Derne\u011fi\",\"potentialAction\":[{\"@type\":\"SearchAction\",\"target\":{\"@type\":\"EntryPoint\",\"urlTemplate\":\"https:\/\/www.gidaperakendecileri.org\/?s={search_term_string}\"},\"query-input\":{\"@type\":\"PropertyValueSpecification\",\"valueRequired\":true,\"valueName\":\"search_term_string\"}}],\"inLanguage\":\"en-US\"},{\"@type\":\"Person\",\"@id\":\"https:\/\/www.gidaperakendecileri.org\/#\/schema\/person\/2a9973560de07919114aa1faead0a371\",\"name\":\"ph16171887571_m2ho1594\",\"image\":{\"@type\":\"ImageObject\",\"inLanguage\":\"en-US\",\"@id\":\"https:\/\/www.gidaperakendecileri.org\/#\/schema\/person\/image\/\",\"url\":\"https:\/\/secure.gravatar.com\/avatar\/6aa3f1f40edc90be5904b6c95a027d0e9963a528a5b2f13ee07d82a1baae7c25?s=96&d=mm&r=g\",\"contentUrl\":\"https:\/\/secure.gravatar.com\/avatar\/6aa3f1f40edc90be5904b6c95a027d0e9963a528a5b2f13ee07d82a1baae7c25?s=96&d=mm&r=g\",\"caption\":\"ph16171887571_m2ho1594\"},\"url\":\"https:\/\/www.gidaperakendecileri.org\/?author=1\"}]}<\/script>\n<!-- \/ Yoast SEO plugin. -->","yoast_head_json":{"title":"K\u00fcresel CEO Ara\u015ft\u0131rmas\u0131 Sonu\u00e7lar\u0131 A\u00e7\u0131kland\u0131: CEO\u2019lar K\u00fcresel Ekonomik B\u00fcy\u00fcmeden Umutlu - GPD","description":"PwC, 28. K\u00fcresel CEO Ara\u015ft\u0131rmas\u0131\u2019n\u0131 yay\u0131nlad\u0131.","robots":{"index":"index","follow":"follow","max-snippet":"max-snippet:-1","max-image-preview":"max-image-preview:large","max-video-preview":"max-video-preview:-1"},"canonical":"https:\/\/www.gidaperakendecileri.org\/?p=7093","og_locale":"en_US","og_type":"article","og_title":"K\u00fcresel CEO Ara\u015ft\u0131rmas\u0131 Sonu\u00e7lar\u0131 A\u00e7\u0131kland\u0131: CEO\u2019lar K\u00fcresel Ekonomik B\u00fcy\u00fcmeden Umutlu - GPD","og_description":"PwC, 28. K\u00fcresel CEO Ara\u015ft\u0131rmas\u0131\u2019n\u0131 yay\u0131nlad\u0131.","og_url":"https:\/\/www.gidaperakendecileri.org\/?p=7093","og_site_name":"GPD","article_published_time":"2025-03-19T06:02:55+00:00","article_modified_time":"2025-03-19T06:04:50+00:00","og_image":[{"width":1181,"height":590,"url":"https:\/\/www.gidaperakendecileri.org\/wp-content\/uploads\/2025\/03\/28-kuresel-ceo-pwc.jpg","type":"image\/jpeg"}],"author":"ph16171887571_m2ho1594","twitter_card":"summary_large_image","twitter_misc":{"Written by":"ph16171887571_m2ho1594","Est. reading time":"3 minutes"},"schema":{"@context":"https:\/\/schema.org","@graph":[{"@type":"Article","@id":"https:\/\/www.gidaperakendecileri.org\/?p=7093#article","isPartOf":{"@id":"https:\/\/www.gidaperakendecileri.org\/?p=7093"},"author":{"name":"ph16171887571_m2ho1594","@id":"https:\/\/www.gidaperakendecileri.org\/#\/schema\/person\/2a9973560de07919114aa1faead0a371"},"headline":"K\u00fcresel CEO Ara\u015ft\u0131rmas\u0131 Sonu\u00e7lar\u0131 A\u00e7\u0131kland\u0131: CEO\u2019lar K\u00fcresel Ekonomik B\u00fcy\u00fcmeden Umutlu","datePublished":"2025-03-19T06:02:55+00:00","dateModified":"2025-03-19T06:04:50+00:00","mainEntityOfPage":{"@id":"https:\/\/www.gidaperakendecileri.org\/?p=7093"},"wordCount":988,"image":{"@id":"https:\/\/www.gidaperakendecileri.org\/?p=7093#primaryimage"},"thumbnailUrl":"https:\/\/www.gidaperakendecileri.org\/wp-content\/uploads\/2025\/03\/28-kuresel-ceo-pwc.jpg","articleSection":["Sekt\u00f6rden Haberler"],"inLanguage":"en-US"},{"@type":"WebPage","@id":"https:\/\/www.gidaperakendecileri.org\/?p=7093","url":"https:\/\/www.gidaperakendecileri.org\/?p=7093","name":"K\u00fcresel CEO Ara\u015ft\u0131rmas\u0131 Sonu\u00e7lar\u0131 A\u00e7\u0131kland\u0131: CEO\u2019lar K\u00fcresel Ekonomik B\u00fcy\u00fcmeden Umutlu - GPD","isPartOf":{"@id":"https:\/\/www.gidaperakendecileri.org\/#website"},"primaryImageOfPage":{"@id":"https:\/\/www.gidaperakendecileri.org\/?p=7093#primaryimage"},"image":{"@id":"https:\/\/www.gidaperakendecileri.org\/?p=7093#primaryimage"},"thumbnailUrl":"https:\/\/www.gidaperakendecileri.org\/wp-content\/uploads\/2025\/03\/28-kuresel-ceo-pwc.jpg","datePublished":"2025-03-19T06:02:55+00:00","dateModified":"2025-03-19T06:04:50+00:00","author":{"@id":"https:\/\/www.gidaperakendecileri.org\/#\/schema\/person\/2a9973560de07919114aa1faead0a371"},"description":"PwC, 28. K\u00fcresel CEO Ara\u015ft\u0131rmas\u0131\u2019n\u0131 yay\u0131nlad\u0131.","breadcrumb":{"@id":"https:\/\/www.gidaperakendecileri.org\/?p=7093#breadcrumb"},"inLanguage":"en-US","potentialAction":[{"@type":"ReadAction","target":["https:\/\/www.gidaperakendecileri.org\/?p=7093"]}]},{"@type":"ImageObject","inLanguage":"en-US","@id":"https:\/\/www.gidaperakendecileri.org\/?p=7093#primaryimage","url":"https:\/\/www.gidaperakendecileri.org\/wp-content\/uploads\/2025\/03\/28-kuresel-ceo-pwc.jpg","contentUrl":"https:\/\/www.gidaperakendecileri.org\/wp-content\/uploads\/2025\/03\/28-kuresel-ceo-pwc.jpg","width":1181,"height":590},{"@type":"BreadcrumbList","@id":"https:\/\/www.gidaperakendecileri.org\/?p=7093#breadcrumb","itemListElement":[{"@type":"ListItem","position":1,"name":"Home","item":"https:\/\/www.gidaperakendecileri.org\/"},{"@type":"ListItem","position":2,"name":"K\u00fcresel CEO Ara\u015ft\u0131rmas\u0131 Sonu\u00e7lar\u0131 A\u00e7\u0131kland\u0131: CEO\u2019lar K\u00fcresel Ekonomik B\u00fcy\u00fcmeden Umutlu"}]},{"@type":"WebSite","@id":"https:\/\/www.gidaperakendecileri.org\/#website","url":"https:\/\/www.gidaperakendecileri.org\/","name":"GPD","description":"G\u0131da Perakendecileri Derne\u011fi","potentialAction":[{"@type":"SearchAction","target":{"@type":"EntryPoint","urlTemplate":"https:\/\/www.gidaperakendecileri.org\/?s={search_term_string}"},"query-input":{"@type":"PropertyValueSpecification","valueRequired":true,"valueName":"search_term_string"}}],"inLanguage":"en-US"},{"@type":"Person","@id":"https:\/\/www.gidaperakendecileri.org\/#\/schema\/person\/2a9973560de07919114aa1faead0a371","name":"ph16171887571_m2ho1594","image":{"@type":"ImageObject","inLanguage":"en-US","@id":"https:\/\/www.gidaperakendecileri.org\/#\/schema\/person\/image\/","url":"https:\/\/secure.gravatar.com\/avatar\/6aa3f1f40edc90be5904b6c95a027d0e9963a528a5b2f13ee07d82a1baae7c25?s=96&d=mm&r=g","contentUrl":"https:\/\/secure.gravatar.com\/avatar\/6aa3f1f40edc90be5904b6c95a027d0e9963a528a5b2f13ee07d82a1baae7c25?s=96&d=mm&r=g","caption":"ph16171887571_m2ho1594"},"url":"https:\/\/www.gidaperakendecileri.org\/?author=1"}]}},"amp_enabled":true,"_links":{"self":[{"href":"https:\/\/www.gidaperakendecileri.org\/index.php?rest_route=\/wp\/v2\/posts\/7093","targetHints":{"allow":["GET"]}}],"collection":[{"href":"https:\/\/www.gidaperakendecileri.org\/index.php?rest_route=\/wp\/v2\/posts"}],"about":[{"href":"https:\/\/www.gidaperakendecileri.org\/index.php?rest_route=\/wp\/v2\/types\/post"}],"author":[{"embeddable":true,"href":"https:\/\/www.gidaperakendecileri.org\/index.php?rest_route=\/wp\/v2\/users\/1"}],"replies":[{"embeddable":true,"href":"https:\/\/www.gidaperakendecileri.org\/index.php?rest_route=%2Fwp%2Fv2%2Fcomments&post=7093"}],"version-history":[{"count":4,"href":"https:\/\/www.gidaperakendecileri.org\/index.php?rest_route=\/wp\/v2\/posts\/7093\/revisions"}],"predecessor-version":[{"id":7098,"href":"https:\/\/www.gidaperakendecileri.org\/index.php?rest_route=\/wp\/v2\/posts\/7093\/revisions\/7098"}],"wp:featuredmedia":[{"embeddable":true,"href":"https:\/\/www.gidaperakendecileri.org\/index.php?rest_route=\/wp\/v2\/media\/7094"}],"wp:attachment":[{"href":"https:\/\/www.gidaperakendecileri.org\/index.php?rest_route=%2Fwp%2Fv2%2Fmedia&parent=7093"}],"wp:term":[{"taxonomy":"category","embeddable":true,"href":"https:\/\/www.gidaperakendecileri.org\/index.php?rest_route=%2Fwp%2Fv2%2Fcategories&post=7093"},{"taxonomy":"post_tag","embeddable":true,"href":"https:\/\/www.gidaperakendecileri.org\/index.php?rest_route=%2Fwp%2Fv2%2Ftags&post=7093"}],"curies":[{"name":"wp","href":"https:\/\/api.w.org\/{rel}","templated":true}]}}