{"id":6593,"date":"2024-06-03T10:09:25","date_gmt":"2024-06-03T10:09:25","guid":{"rendered":"https:\/\/www.gidaperakendecileri.org\/?p=6593"},"modified":"2024-06-03T10:17:47","modified_gmt":"2024-06-03T10:17:47","slug":"perakendenin-gelecegi-arastirmasi-ii-perakende-sektoru-icin-kapsayici-bir-model-onerisi","status":"publish","type":"post","link":"https:\/\/www.gidaperakendecileri.org\/?p=6593","title":{"rendered":"Perakendenin Gelece\u011fi Ara\u015ft\u0131rmas\u0131 \u2013 II | Perakende Sekt\u00f6r\u00fc i\u00e7in Kapsay\u0131c\u0131 bir Model \u00d6nerisi"},"content":{"rendered":"\t\t<div data-elementor-type=\"wp-post\" data-elementor-id=\"6593\" class=\"elementor elementor-6593\">\n\t\t\t\t\t\t<section class=\"elementor-section elementor-top-section elementor-element elementor-element-3ef128ae elementor-section-boxed elementor-section-height-default elementor-section-height-default\" data-id=\"3ef128ae\" data-element_type=\"section\">\n\t\t\t\t\t\t<div class=\"elementor-container elementor-column-gap-default\">\n\t\t\t\t\t<div class=\"elementor-column elementor-col-100 elementor-top-column elementor-element elementor-element-6c0ce5df\" data-id=\"6c0ce5df\" data-element_type=\"column\">\n\t\t\t<div class=\"elementor-widget-wrap elementor-element-populated\">\n\t\t\t\t\t\t<div class=\"elementor-element elementor-element-5aacae7a elementor-widget elementor-widget-text-editor\" data-id=\"5aacae7a\" data-element_type=\"widget\" data-widget_type=\"text-editor.default\">\n\t\t\t\t<div class=\"elementor-widget-container\">\n\t\t\t\t\t\t\t\t\t<div class=\"td-paragraph-padding-1\"><h3><span style=\"color: #000000;\"><strong>T\u00dcS\u0130AD Perakende \u00c7al\u0131\u015fma Grubu taraf\u0131ndan haz\u0131rlanan \u201cPerakendenin Gelece\u011fi Ara\u015ft\u0131rmas\u0131\u201dn\u0131n ikincisi \u201cPerakende Sekt\u00f6r\u00fc i\u00e7in Kapsay\u0131c\u0131 bir Model \u00d6nerisi\u201d ba\u015fl\u0131\u011f\u0131yla ge\u00e7ti\u011fimiz g\u00fcnlerde yay\u0131nland\u0131. Kamu, \u00f6zel sekt\u00f6r, akademi ve uluslararas\u0131 \u00f6rg\u00fct temsilcilerinin g\u00f6r\u00fc\u015fleri al\u0131narak haz\u0131rlanan rapor, perakende sekt\u00f6r\u00fcn\u00fcn t\u00fcm kanallar\u0131nda s\u00fcrd\u00fcr\u00fclebilir b\u00fcy\u00fcmenin temin edilmesi i\u00e7in \u201ckapsay\u0131c\u0131 bir yakla\u015f\u0131mla\u201d yeni bir model \u00f6nerisi sunuyor.<\/strong><\/span><\/h3><\/div><div class=\"td-paragraph-padding-1\"><p><span style=\"color: #000000;\">Son d\u00f6nemde ya\u015fanan k\u00fcresel ve yerel geli\u015fmelerin etkisi ile ya\u015fanan sekt\u00f6rdeki d\u00f6n\u00fc\u015f\u00fcm\u00fcn de\u011ferlendirilmesi amac\u0131yla haz\u0131rlanan \u201cPerakendenin Gelece\u011fi Ara\u015ft\u0131rmas\u0131-II 2023-2024 \/ Perakende Sekt\u00f6r\u00fc i\u00e7in Kapsay\u0131c\u0131 Bir Model \u00d6nerisi\u201d raporunun tan\u0131t\u0131m toplant\u0131s\u0131 ge\u00e7ti\u011fimiz hafta yap\u0131ld\u0131.<\/span><\/p><p><span style=\"color: #000000;\">Toplant\u0131n\u0131n a\u00e7\u0131l\u0131\u015f konu\u015fmas\u0131n\u0131 T\u00dcS\u0130AD Y\u00f6netim Kurulu \u00dcyesi ve Tar\u0131m, G\u0131da ve Hizmetler Yuvarlak Masas\u0131 Ba\u015fkan\u0131 \u0130zzet \u00d6zilhan yapt\u0131. \u0130zzet \u00d6zilhan konu\u015fmas\u0131nda \u015fu ifadelere yer verdi: \u201cPerakende sekt\u00f6r\u00fcnde b\u00fcy\u00fcmenin ve d\u00f6n\u00fc\u015f\u00fcm\u00fcn do\u011fru bi\u00e7imde y\u00f6netilebilmesi i\u00e7in;<\/span><br \/><span style=\"color: #000000;\">\u2022 \u00dcretimden t\u00fcketiciye giden yolda t\u00fcm a\u015famalarda sekt\u00f6rdeki kritik sorunlar\u0131n tespit edilmesi,<\/span><br \/><span style=\"color: #000000;\">\u2022 Kamu, \u00f6zel sekt\u00f6r ve sivil toplum aras\u0131ndaki isti\u015farenin g\u00fc\u00e7lendirilmesi,<\/span><br \/><span style=\"color: #000000;\">\u2022 Sekt\u00f6r\u00fcn \u00fclkemiz ekonomisine katk\u0131s\u0131n\u0131 s\u00fcrd\u00fcr\u00fclebilir k\u0131lacak \u00e7\u00f6z\u00fcm \u00f6nerilerinin olu\u015fturulmas\u0131 gerekiyor.<\/span><\/p><p><span style=\"color: #000000;\">Sekt\u00f6r\u00fcn gelece\u011fi; perakendenin t\u00fcm kanallar\u0131nda s\u00fcrd\u00fcr\u00fclebilir b\u00fcy\u00fcmenin sa\u011flanmas\u0131na ba\u011fl\u0131. Bu y\u00fczden; bug\u00fcn sunaca\u011f\u0131m\u0131z yol haritas\u0131n\u0131 temellendirirken, \u201ckapsay\u0131c\u0131 bir yakla\u015f\u0131m\u201d ihtiyac\u0131n\u0131n alt\u0131n\u0131 \u0131srarla \u00e7izdik. Buradan hareketle; ba\u015fta kamu kurumlar\u0131 olmak \u00fczere, geleneksel ve organize perakende temsilcileri, akademisyenler ve uluslararas\u0131 \u00f6rg\u00fct temsilcisi payda\u015flar\u0131m\u0131zla m\u00fclakatlar yapt\u0131k. \u0130lk ara\u015ft\u0131rmam\u0131z\u0131n devam\u0131 niteli\u011findeki ikinci \u201cPerakendenin Gelece\u011fi Ara\u015ft\u0131rmas\u0131\u201d ile Perakende Sekt\u00f6r\u00fc i\u00e7in Kapsay\u0131c\u0131 bir Model \u00d6nerisi\u2019ni ortaya koymay\u0131 ama\u00e7l\u0131yoruz. Bu model \u00f6nerisinin temelini ise; Kanunumuz ile \u00e7er\u00e7evesi \u00e7izilen Perakendeciler Konseyi\u2019nin d\u00fczenleyici etki analizini de kapsayacak \u015fekilde etkinle\u015ftirilmesi ve faaliyet g\u00f6stermesi olu\u015fturuyor.\u201d<\/span><\/p><p><strong><span style=\"color: #000000;\">\u201cPerakendenin Gelece\u011fi Ara\u015ft\u0131rmas\u0131-II 2023-2024 \/ Perakende Sekt\u00f6r\u00fc i\u00e7in Kapsay\u0131c\u0131 Bir Model \u00d6nerisi\u201d raporunun \u00f6zet bulgular\u0131 \u015f\u00f6yle:<\/span><\/strong><br \/><span style=\"color: #000000;\">\u2022 Perakende sekt\u00f6r\u00fcnde b\u00fcy\u00fcmenin ve d\u00f6n\u00fc\u015f\u00fcm\u00fcn do\u011fru bi\u00e7imde y\u00f6netilmesine ihtiya\u00e7 duyuluyor.<\/span><br \/><span style=\"color: #000000;\">\u2022 Perakende sekt\u00f6r\u00fc kapsaml\u0131 bir d\u00f6n\u00fc\u015f\u00fcm s\u00fcrecinden ge\u00e7iyor ve bu s\u00fcrecin ancak sistemsel d\u00fc\u015f\u00fcnme (systems thinking) yakla\u015f\u0131m\u0131 ile y\u00f6netilebilece\u011fi d\u00fc\u015f\u00fcn\u00fcl\u00fcyor.<\/span><br \/><span style=\"color: #000000;\">\u2022 Sekt\u00f6rdeki sorunlar\u0131n do\u011fru tespit edilmesini; kamu, \u00f6zel sekt\u00f6r ve sivil toplum aras\u0131ndaki isti\u015farenin g\u00fc\u00e7lendirilmesini ve sekt\u00f6r\u00fcn \u00fclke ekonomisine katk\u0131s\u0131n\u0131 s\u00fcrd\u00fcr\u00fclebilir k\u0131lacak \u00e7\u00f6z\u00fcm \u00f6nerilerinin olu\u015fturulmas\u0131n\u0131 sa\u011flayacak, 6585 Say\u0131l\u0131 Kanun ile \u00e7er\u00e7evesi olu\u015fturulan \u201cPerakendeciler Konseyi\u201dnin d\u00fczenleyici etki analizini de kapsayacak \u015fekilde etkinle\u015ftirilmesi ve faaliyet g\u00f6stermesi \u00f6neriliyor.<\/span><br \/><span style=\"color: #000000;\">\u2022 Konseyin; \u0130\u015f G\u00fcc\u00fc, E\u015fit ve Adil Rekabet, \u00dcretimde Verimlilik ve Dijitalle\u015fme ve \u0130novasyon gibi \u00f6ncelikli politika alanlar\u0131n\u0131 g\u00fcndemine almas\u0131n\u0131n sekt\u00f6re de\u011fer kataca\u011f\u0131 de\u011ferlendiriliyor.<\/span><\/p><p><a href=\"https:\/\/www.tusiad.org\/tr\/basin-bultenleri\/item\/download\/10169_cf4321a421279b9346051e0743be31f5\" target=\"_blank\" rel=\"noopener\"><em><span style=\"color: #000000;\">Raporu indirmek i\u00e7in t\u0131klay\u0131n\u0131z.<\/span><\/em><\/a><\/p><\/div>\t\t\t\t\t\t\t\t<\/div>\n\t\t\t\t<\/div>\n\t\t\t\t\t<\/div>\n\t\t<\/div>\n\t\t\t\t\t<\/div>\n\t\t<\/section>\n\t\t\t\t<\/div>\n\t\t","protected":false},"excerpt":{"rendered":"<p>T\u00dcS\u0130AD Perakende \u00c7al\u0131\u015fma Grubu taraf\u0131ndan haz\u0131rlanan \u201cPerakendenin Gelece\u011fi Ara\u015ft\u0131rmas\u0131\u201dn\u0131n ikincisi \u201cPerakende Sekt\u00f6r\u00fc i\u00e7in Kapsay\u0131c\u0131 bir Model \u00d6nerisi\u201d ba\u015fl\u0131\u011f\u0131yla ge\u00e7ti\u011fimiz g\u00fcnlerde yay\u0131nland\u0131. Kamu, \u00f6zel sekt\u00f6r, akademi ve uluslararas\u0131 \u00f6rg\u00fct temsilcilerinin g\u00f6r\u00fc\u015fleri al\u0131narak haz\u0131rlanan rapor, perakende sekt\u00f6r\u00fcn\u00fcn t\u00fcm kanallar\u0131nda s\u00fcrd\u00fcr\u00fclebilir b\u00fcy\u00fcmenin temin edilmesi i\u00e7in \u201ckapsay\u0131c\u0131 bir yakla\u015f\u0131mla\u201d yeni bir model \u00f6nerisi sunuyor. Son d\u00f6nemde ya\u015fanan k\u00fcresel ve [&hellip;]<\/p>\n","protected":false},"author":2,"featured_media":6594,"comment_status":"closed","ping_status":"closed","sticky":false,"template":"","format":"standard","meta":{"_monsterinsights_skip_tracking":false,"_monsterinsights_sitenote_active":false,"_monsterinsights_sitenote_note":"","_monsterinsights_sitenote_category":0,"footnotes":""},"categories":[32],"tags":[],"class_list":{"0":"post-6593","1":"post","2":"type-post","3":"status-publish","4":"format-standard","5":"has-post-thumbnail","7":"category-sektorden-haberler-haberler"},"featured_image_src":"https:\/\/www.gidaperakendecileri.org\/wp-content\/uploads\/2024\/06\/tusiad-perakende-raporu.jpg","author_info":{"display_name":"H\u00fcnkar G\u00f6rel","author_link":"https:\/\/www.gidaperakendecileri.org\/?author=2"},"yoast_head":"<!-- This site is optimized with the Yoast SEO plugin v26.7 - https:\/\/yoast.com\/wordpress\/plugins\/seo\/ -->\n<title>Perakendenin Gelece\u011fi Ara\u015ft\u0131rmas\u0131 \u2013 II | Perakende Sekt\u00f6r\u00fc i\u00e7in Kapsay\u0131c\u0131 bir Model \u00d6nerisi - GPD<\/title>\n<meta name=\"description\" content=\"\u201cPerakendenin Gelece\u011fi Ara\u015ft\u0131rmas\u0131\u201dn\u0131n ikincisi \u201cPerakende Sekt\u00f6r\u00fc i\u00e7in Kapsay\u0131c\u0131 bir Model \u00d6nerisi\u201d ba\u015fl\u0131\u011f\u0131yla ge\u00e7ti\u011fimiz g\u00fcnlerde yay\u0131nland\u0131.\" \/>\n<meta name=\"robots\" content=\"index, follow, max-snippet:-1, max-image-preview:large, max-video-preview:-1\" \/>\n<link rel=\"canonical\" href=\"https:\/\/www.gidaperakendecileri.org\/?p=6593\" \/>\n<meta property=\"og:locale\" content=\"en_US\" \/>\n<meta property=\"og:type\" content=\"article\" \/>\n<meta property=\"og:title\" content=\"Perakendenin Gelece\u011fi Ara\u015ft\u0131rmas\u0131 \u2013 II | Perakende Sekt\u00f6r\u00fc i\u00e7in Kapsay\u0131c\u0131 bir Model \u00d6nerisi - GPD\" \/>\n<meta property=\"og:description\" content=\"\u201cPerakendenin Gelece\u011fi Ara\u015ft\u0131rmas\u0131\u201dn\u0131n ikincisi \u201cPerakende Sekt\u00f6r\u00fc i\u00e7in Kapsay\u0131c\u0131 bir Model \u00d6nerisi\u201d ba\u015fl\u0131\u011f\u0131yla ge\u00e7ti\u011fimiz g\u00fcnlerde yay\u0131nland\u0131.\" \/>\n<meta property=\"og:url\" content=\"https:\/\/www.gidaperakendecileri.org\/?p=6593\" \/>\n<meta property=\"og:site_name\" content=\"GPD\" \/>\n<meta property=\"article:published_time\" content=\"2024-06-03T10:09:25+00:00\" \/>\n<meta property=\"article:modified_time\" content=\"2024-06-03T10:17:47+00:00\" \/>\n<meta property=\"og:image\" content=\"https:\/\/www.gidaperakendecileri.org\/wp-content\/uploads\/2024\/06\/tusiad-perakende-raporu.jpg\" \/>\n\t<meta property=\"og:image:width\" content=\"1827\" \/>\n\t<meta property=\"og:image:height\" content=\"1064\" \/>\n\t<meta property=\"og:image:type\" content=\"image\/jpeg\" \/>\n<meta name=\"author\" content=\"H\u00fcnkar G\u00f6rel\" \/>\n<meta name=\"twitter:card\" content=\"summary_large_image\" \/>\n<meta name=\"twitter:label1\" content=\"Written by\" \/>\n\t<meta name=\"twitter:data1\" content=\"H\u00fcnkar G\u00f6rel\" \/>\n\t<meta name=\"twitter:label2\" content=\"Est. reading time\" \/>\n\t<meta name=\"twitter:data2\" content=\"2 minutes\" \/>\n<script type=\"application\/ld+json\" class=\"yoast-schema-graph\">{\"@context\":\"https:\/\/schema.org\",\"@graph\":[{\"@type\":\"Article\",\"@id\":\"https:\/\/www.gidaperakendecileri.org\/?p=6593#article\",\"isPartOf\":{\"@id\":\"https:\/\/www.gidaperakendecileri.org\/?p=6593\"},\"author\":{\"name\":\"H\u00fcnkar G\u00f6rel\",\"@id\":\"https:\/\/www.gidaperakendecileri.org\/#\/schema\/person\/a509599b6fcfa3d743530309969de5e6\"},\"headline\":\"Perakendenin Gelece\u011fi Ara\u015ft\u0131rmas\u0131 \u2013 II | Perakende Sekt\u00f6r\u00fc i\u00e7in Kapsay\u0131c\u0131 bir Model \u00d6nerisi\",\"datePublished\":\"2024-06-03T10:09:25+00:00\",\"dateModified\":\"2024-06-03T10:17:47+00:00\",\"mainEntityOfPage\":{\"@id\":\"https:\/\/www.gidaperakendecileri.org\/?p=6593\"},\"wordCount\":586,\"image\":{\"@id\":\"https:\/\/www.gidaperakendecileri.org\/?p=6593#primaryimage\"},\"thumbnailUrl\":\"https:\/\/www.gidaperakendecileri.org\/wp-content\/uploads\/2024\/06\/tusiad-perakende-raporu.jpg\",\"articleSection\":[\"Sekt\u00f6rden Haberler\"],\"inLanguage\":\"en-US\"},{\"@type\":\"WebPage\",\"@id\":\"https:\/\/www.gidaperakendecileri.org\/?p=6593\",\"url\":\"https:\/\/www.gidaperakendecileri.org\/?p=6593\",\"name\":\"Perakendenin Gelece\u011fi Ara\u015ft\u0131rmas\u0131 \u2013 II | Perakende Sekt\u00f6r\u00fc i\u00e7in Kapsay\u0131c\u0131 bir Model \u00d6nerisi - GPD\",\"isPartOf\":{\"@id\":\"https:\/\/www.gidaperakendecileri.org\/#website\"},\"primaryImageOfPage\":{\"@id\":\"https:\/\/www.gidaperakendecileri.org\/?p=6593#primaryimage\"},\"image\":{\"@id\":\"https:\/\/www.gidaperakendecileri.org\/?p=6593#primaryimage\"},\"thumbnailUrl\":\"https:\/\/www.gidaperakendecileri.org\/wp-content\/uploads\/2024\/06\/tusiad-perakende-raporu.jpg\",\"datePublished\":\"2024-06-03T10:09:25+00:00\",\"dateModified\":\"2024-06-03T10:17:47+00:00\",\"author\":{\"@id\":\"https:\/\/www.gidaperakendecileri.org\/#\/schema\/person\/a509599b6fcfa3d743530309969de5e6\"},\"description\":\"\u201cPerakendenin Gelece\u011fi Ara\u015ft\u0131rmas\u0131\u201dn\u0131n ikincisi \u201cPerakende Sekt\u00f6r\u00fc i\u00e7in Kapsay\u0131c\u0131 bir Model \u00d6nerisi\u201d ba\u015fl\u0131\u011f\u0131yla ge\u00e7ti\u011fimiz g\u00fcnlerde yay\u0131nland\u0131.\",\"breadcrumb\":{\"@id\":\"https:\/\/www.gidaperakendecileri.org\/?p=6593#breadcrumb\"},\"inLanguage\":\"en-US\",\"potentialAction\":[{\"@type\":\"ReadAction\",\"target\":[\"https:\/\/www.gidaperakendecileri.org\/?p=6593\"]}]},{\"@type\":\"ImageObject\",\"inLanguage\":\"en-US\",\"@id\":\"https:\/\/www.gidaperakendecileri.org\/?p=6593#primaryimage\",\"url\":\"https:\/\/www.gidaperakendecileri.org\/wp-content\/uploads\/2024\/06\/tusiad-perakende-raporu.jpg\",\"contentUrl\":\"https:\/\/www.gidaperakendecileri.org\/wp-content\/uploads\/2024\/06\/tusiad-perakende-raporu.jpg\",\"width\":1827,\"height\":1064},{\"@type\":\"BreadcrumbList\",\"@id\":\"https:\/\/www.gidaperakendecileri.org\/?p=6593#breadcrumb\",\"itemListElement\":[{\"@type\":\"ListItem\",\"position\":1,\"name\":\"Home\",\"item\":\"https:\/\/www.gidaperakendecileri.org\/\"},{\"@type\":\"ListItem\",\"position\":2,\"name\":\"Perakendenin Gelece\u011fi Ara\u015ft\u0131rmas\u0131 \u2013 II | Perakende Sekt\u00f6r\u00fc i\u00e7in Kapsay\u0131c\u0131 bir Model \u00d6nerisi\"}]},{\"@type\":\"WebSite\",\"@id\":\"https:\/\/www.gidaperakendecileri.org\/#website\",\"url\":\"https:\/\/www.gidaperakendecileri.org\/\",\"name\":\"GPD\",\"description\":\"G\u0131da Perakendecileri Derne\u011fi\",\"potentialAction\":[{\"@type\":\"SearchAction\",\"target\":{\"@type\":\"EntryPoint\",\"urlTemplate\":\"https:\/\/www.gidaperakendecileri.org\/?s={search_term_string}\"},\"query-input\":{\"@type\":\"PropertyValueSpecification\",\"valueRequired\":true,\"valueName\":\"search_term_string\"}}],\"inLanguage\":\"en-US\"},{\"@type\":\"Person\",\"@id\":\"https:\/\/www.gidaperakendecileri.org\/#\/schema\/person\/a509599b6fcfa3d743530309969de5e6\",\"name\":\"H\u00fcnkar G\u00f6rel\",\"image\":{\"@type\":\"ImageObject\",\"inLanguage\":\"en-US\",\"@id\":\"https:\/\/www.gidaperakendecileri.org\/#\/schema\/person\/image\/\",\"url\":\"https:\/\/secure.gravatar.com\/avatar\/6833176c6068a3a97919a716cee09184937057818487819b3315830bdfd463a4?s=96&d=mm&r=g\",\"contentUrl\":\"https:\/\/secure.gravatar.com\/avatar\/6833176c6068a3a97919a716cee09184937057818487819b3315830bdfd463a4?s=96&d=mm&r=g\",\"caption\":\"H\u00fcnkar G\u00f6rel\"},\"url\":\"https:\/\/www.gidaperakendecileri.org\/?author=2\"}]}<\/script>\n<!-- \/ Yoast SEO plugin. -->","yoast_head_json":{"title":"Perakendenin Gelece\u011fi Ara\u015ft\u0131rmas\u0131 \u2013 II | Perakende Sekt\u00f6r\u00fc i\u00e7in Kapsay\u0131c\u0131 bir Model \u00d6nerisi - GPD","description":"\u201cPerakendenin Gelece\u011fi Ara\u015ft\u0131rmas\u0131\u201dn\u0131n ikincisi \u201cPerakende Sekt\u00f6r\u00fc i\u00e7in Kapsay\u0131c\u0131 bir Model \u00d6nerisi\u201d ba\u015fl\u0131\u011f\u0131yla ge\u00e7ti\u011fimiz g\u00fcnlerde yay\u0131nland\u0131.","robots":{"index":"index","follow":"follow","max-snippet":"max-snippet:-1","max-image-preview":"max-image-preview:large","max-video-preview":"max-video-preview:-1"},"canonical":"https:\/\/www.gidaperakendecileri.org\/?p=6593","og_locale":"en_US","og_type":"article","og_title":"Perakendenin Gelece\u011fi Ara\u015ft\u0131rmas\u0131 \u2013 II | Perakende Sekt\u00f6r\u00fc i\u00e7in Kapsay\u0131c\u0131 bir Model \u00d6nerisi - GPD","og_description":"\u201cPerakendenin Gelece\u011fi Ara\u015ft\u0131rmas\u0131\u201dn\u0131n ikincisi \u201cPerakende Sekt\u00f6r\u00fc i\u00e7in Kapsay\u0131c\u0131 bir Model \u00d6nerisi\u201d ba\u015fl\u0131\u011f\u0131yla ge\u00e7ti\u011fimiz g\u00fcnlerde yay\u0131nland\u0131.","og_url":"https:\/\/www.gidaperakendecileri.org\/?p=6593","og_site_name":"GPD","article_published_time":"2024-06-03T10:09:25+00:00","article_modified_time":"2024-06-03T10:17:47+00:00","og_image":[{"width":1827,"height":1064,"url":"https:\/\/www.gidaperakendecileri.org\/wp-content\/uploads\/2024\/06\/tusiad-perakende-raporu.jpg","type":"image\/jpeg"}],"author":"H\u00fcnkar G\u00f6rel","twitter_card":"summary_large_image","twitter_misc":{"Written by":"H\u00fcnkar G\u00f6rel","Est. reading time":"2 minutes"},"schema":{"@context":"https:\/\/schema.org","@graph":[{"@type":"Article","@id":"https:\/\/www.gidaperakendecileri.org\/?p=6593#article","isPartOf":{"@id":"https:\/\/www.gidaperakendecileri.org\/?p=6593"},"author":{"name":"H\u00fcnkar G\u00f6rel","@id":"https:\/\/www.gidaperakendecileri.org\/#\/schema\/person\/a509599b6fcfa3d743530309969de5e6"},"headline":"Perakendenin Gelece\u011fi Ara\u015ft\u0131rmas\u0131 \u2013 II | Perakende Sekt\u00f6r\u00fc i\u00e7in Kapsay\u0131c\u0131 bir Model \u00d6nerisi","datePublished":"2024-06-03T10:09:25+00:00","dateModified":"2024-06-03T10:17:47+00:00","mainEntityOfPage":{"@id":"https:\/\/www.gidaperakendecileri.org\/?p=6593"},"wordCount":586,"image":{"@id":"https:\/\/www.gidaperakendecileri.org\/?p=6593#primaryimage"},"thumbnailUrl":"https:\/\/www.gidaperakendecileri.org\/wp-content\/uploads\/2024\/06\/tusiad-perakende-raporu.jpg","articleSection":["Sekt\u00f6rden Haberler"],"inLanguage":"en-US"},{"@type":"WebPage","@id":"https:\/\/www.gidaperakendecileri.org\/?p=6593","url":"https:\/\/www.gidaperakendecileri.org\/?p=6593","name":"Perakendenin Gelece\u011fi Ara\u015ft\u0131rmas\u0131 \u2013 II | Perakende Sekt\u00f6r\u00fc i\u00e7in Kapsay\u0131c\u0131 bir Model \u00d6nerisi - GPD","isPartOf":{"@id":"https:\/\/www.gidaperakendecileri.org\/#website"},"primaryImageOfPage":{"@id":"https:\/\/www.gidaperakendecileri.org\/?p=6593#primaryimage"},"image":{"@id":"https:\/\/www.gidaperakendecileri.org\/?p=6593#primaryimage"},"thumbnailUrl":"https:\/\/www.gidaperakendecileri.org\/wp-content\/uploads\/2024\/06\/tusiad-perakende-raporu.jpg","datePublished":"2024-06-03T10:09:25+00:00","dateModified":"2024-06-03T10:17:47+00:00","author":{"@id":"https:\/\/www.gidaperakendecileri.org\/#\/schema\/person\/a509599b6fcfa3d743530309969de5e6"},"description":"\u201cPerakendenin Gelece\u011fi Ara\u015ft\u0131rmas\u0131\u201dn\u0131n ikincisi \u201cPerakende Sekt\u00f6r\u00fc i\u00e7in Kapsay\u0131c\u0131 bir Model \u00d6nerisi\u201d ba\u015fl\u0131\u011f\u0131yla ge\u00e7ti\u011fimiz g\u00fcnlerde yay\u0131nland\u0131.","breadcrumb":{"@id":"https:\/\/www.gidaperakendecileri.org\/?p=6593#breadcrumb"},"inLanguage":"en-US","potentialAction":[{"@type":"ReadAction","target":["https:\/\/www.gidaperakendecileri.org\/?p=6593"]}]},{"@type":"ImageObject","inLanguage":"en-US","@id":"https:\/\/www.gidaperakendecileri.org\/?p=6593#primaryimage","url":"https:\/\/www.gidaperakendecileri.org\/wp-content\/uploads\/2024\/06\/tusiad-perakende-raporu.jpg","contentUrl":"https:\/\/www.gidaperakendecileri.org\/wp-content\/uploads\/2024\/06\/tusiad-perakende-raporu.jpg","width":1827,"height":1064},{"@type":"BreadcrumbList","@id":"https:\/\/www.gidaperakendecileri.org\/?p=6593#breadcrumb","itemListElement":[{"@type":"ListItem","position":1,"name":"Home","item":"https:\/\/www.gidaperakendecileri.org\/"},{"@type":"ListItem","position":2,"name":"Perakendenin Gelece\u011fi Ara\u015ft\u0131rmas\u0131 \u2013 II | Perakende Sekt\u00f6r\u00fc i\u00e7in Kapsay\u0131c\u0131 bir Model \u00d6nerisi"}]},{"@type":"WebSite","@id":"https:\/\/www.gidaperakendecileri.org\/#website","url":"https:\/\/www.gidaperakendecileri.org\/","name":"GPD","description":"G\u0131da Perakendecileri Derne\u011fi","potentialAction":[{"@type":"SearchAction","target":{"@type":"EntryPoint","urlTemplate":"https:\/\/www.gidaperakendecileri.org\/?s={search_term_string}"},"query-input":{"@type":"PropertyValueSpecification","valueRequired":true,"valueName":"search_term_string"}}],"inLanguage":"en-US"},{"@type":"Person","@id":"https:\/\/www.gidaperakendecileri.org\/#\/schema\/person\/a509599b6fcfa3d743530309969de5e6","name":"H\u00fcnkar G\u00f6rel","image":{"@type":"ImageObject","inLanguage":"en-US","@id":"https:\/\/www.gidaperakendecileri.org\/#\/schema\/person\/image\/","url":"https:\/\/secure.gravatar.com\/avatar\/6833176c6068a3a97919a716cee09184937057818487819b3315830bdfd463a4?s=96&d=mm&r=g","contentUrl":"https:\/\/secure.gravatar.com\/avatar\/6833176c6068a3a97919a716cee09184937057818487819b3315830bdfd463a4?s=96&d=mm&r=g","caption":"H\u00fcnkar G\u00f6rel"},"url":"https:\/\/www.gidaperakendecileri.org\/?author=2"}]}},"amp_enabled":true,"_links":{"self":[{"href":"https:\/\/www.gidaperakendecileri.org\/index.php?rest_route=\/wp\/v2\/posts\/6593","targetHints":{"allow":["GET"]}}],"collection":[{"href":"https:\/\/www.gidaperakendecileri.org\/index.php?rest_route=\/wp\/v2\/posts"}],"about":[{"href":"https:\/\/www.gidaperakendecileri.org\/index.php?rest_route=\/wp\/v2\/types\/post"}],"author":[{"embeddable":true,"href":"https:\/\/www.gidaperakendecileri.org\/index.php?rest_route=\/wp\/v2\/users\/2"}],"replies":[{"embeddable":true,"href":"https:\/\/www.gidaperakendecileri.org\/index.php?rest_route=%2Fwp%2Fv2%2Fcomments&post=6593"}],"version-history":[{"count":4,"href":"https:\/\/www.gidaperakendecileri.org\/index.php?rest_route=\/wp\/v2\/posts\/6593\/revisions"}],"predecessor-version":[{"id":6598,"href":"https:\/\/www.gidaperakendecileri.org\/index.php?rest_route=\/wp\/v2\/posts\/6593\/revisions\/6598"}],"wp:featuredmedia":[{"embeddable":true,"href":"https:\/\/www.gidaperakendecileri.org\/index.php?rest_route=\/wp\/v2\/media\/6594"}],"wp:attachment":[{"href":"https:\/\/www.gidaperakendecileri.org\/index.php?rest_route=%2Fwp%2Fv2%2Fmedia&parent=6593"}],"wp:term":[{"taxonomy":"category","embeddable":true,"href":"https:\/\/www.gidaperakendecileri.org\/index.php?rest_route=%2Fwp%2Fv2%2Fcategories&post=6593"},{"taxonomy":"post_tag","embeddable":true,"href":"https:\/\/www.gidaperakendecileri.org\/index.php?rest_route=%2Fwp%2Fv2%2Ftags&post=6593"}],"curies":[{"name":"wp","href":"https:\/\/api.w.org\/{rel}","templated":true}]}}