{"id":6269,"date":"2023-12-05T07:33:02","date_gmt":"2023-12-05T07:33:02","guid":{"rendered":"https:\/\/www.gidaperakendecileri.org\/?p=6269"},"modified":"2023-12-05T07:34:55","modified_gmt":"2023-12-05T07:34:55","slug":"tuketiciler-daha-iyi-bir-dunya-icin-beslenme-aliskanliklarini-degistirmeye-hazir","status":"publish","type":"post","link":"https:\/\/www.gidaperakendecileri.org\/?p=6269","title":{"rendered":"T\u00fcketiciler, Daha \u0130yi Bir D\u00fcnya \u0130\u00e7in Beslenme Al\u0131\u015fkanl\u0131klar\u0131n\u0131 De\u011fi\u015ftirmeye Haz\u0131r"},"content":{"rendered":"\t\t<div data-elementor-type=\"wp-post\" data-elementor-id=\"6269\" class=\"elementor elementor-6269\">\n\t\t\t\t\t\t<section class=\"elementor-section elementor-top-section elementor-element elementor-element-3ef128ae elementor-section-boxed elementor-section-height-default elementor-section-height-default\" data-id=\"3ef128ae\" data-element_type=\"section\">\n\t\t\t\t\t\t<div class=\"elementor-container elementor-column-gap-default\">\n\t\t\t\t\t<div class=\"elementor-column elementor-col-100 elementor-top-column elementor-element elementor-element-6c0ce5df\" data-id=\"6c0ce5df\" data-element_type=\"column\">\n\t\t\t<div class=\"elementor-widget-wrap elementor-element-populated\">\n\t\t\t\t\t\t<div class=\"elementor-element elementor-element-5aacae7a elementor-widget elementor-widget-text-editor\" data-id=\"5aacae7a\" data-element_type=\"widget\" data-widget_type=\"text-editor.default\">\n\t\t\t\t<div class=\"elementor-widget-container\">\n\t\t\t\t\t\t\t\t\t<div class=\"td-paragraph-padding-1\"><h3><span style=\"color: #000000;\"><strong>Tetra Pak, g\u0131da alan\u0131ndaki son yenilikler hakk\u0131nda yeni bir ara\u015ft\u0131rma yay\u0131nlad\u0131. Ipsos ile ortakla\u015fa y\u00fcr\u00fct\u00fclen ve d\u00fcnya \u00e7ap\u0131nda 5 bin ki\u015finin kat\u0131ld\u0131\u011f\u0131 Tetra Pak 2023 Endeksi\u2019ne g\u00f6re, t\u00fcketicilerin y\u00fczde 54\u2019\u00fc beslenme al\u0131\u015fkanl\u0131klar\u0131n\u0131 de\u011fi\u015ftirerek daha iyi bir d\u00fcnyaya katk\u0131da bulunabileceklerini s\u00f6yl\u00fcyor. T\u00fcketicilerin y\u00fczde 65\u2019i teknolojinin sa\u011fl\u0131k i\u00e7in giderek daha \u00f6nemli olaca\u011f\u0131na ve daha s\u00fcrd\u00fcr\u00fclebilir bir gelece\u011fin sa\u011flanmas\u0131nda rol oynayaca\u011f\u0131na inan\u0131yor. G\u0131da t\u00fcketiminde \u015fekerin azalt\u0131lmas\u0131 ise bir numaral\u0131 sa\u011fl\u0131kl\u0131 t\u00fcketim se\u00e7ene\u011fi olarak \u00f6ne \u00e7\u0131k\u0131yor. <\/strong><\/span><\/h3><\/div><div class=\"td-paragraph-padding-1\"><p><span style=\"color: #000000;\">Tetra Pak 2023 Endeksi, trendlerin t\u00fcketicilerin tercihlerini \u015fekillendirmesi, son yenilikler ve teknolojiler hakk\u0131ndaki g\u00f6r\u00fc\u015fleri gibi bug\u00fcn\u00fcn t\u00fcketicilerine ve yar\u0131n\u0131n f\u0131rsatlar\u0131na bir bak\u0131\u015f sunuyor. Ara\u015ft\u0131rmaya g\u00f6re t\u00fcketiciler, art\u0131k g\u0131da sat\u0131n al\u0131rken bireysel sa\u011fl\u0131klar\u0131n\u0131n yan\u0131 s\u0131ra \u00e7evreyi de g\u00f6z \u00f6n\u00fcnde bulunduruyor. \u00c7evreye duyarl\u0131 t\u00fcketiciler, gezegeni korumak i\u00e7in beslenme al\u0131\u015fkanl\u0131klar\u0131n\u0131 de\u011fi\u015ftirmeye istekli.<\/span><\/p><p><strong><span style=\"color: #000000;\">Ekonomik Kayg\u0131lara Ra\u011fmen T\u00fcketiciler Sa\u011fl\u0131ktan \u00d6d\u00fcn Vermiyor<\/span><\/strong><br \/><span style=\"color: #000000;\">T\u00fcketicilerin y\u00fczde 60\u2019\u0131 artan fiyatlar\u0131n sa\u011fl\u0131kl\u0131 g\u0131daya eri\u015fimi k\u0131s\u0131tlayaca\u011f\u0131ndan korkuyor. Ancak sadece y\u00fczde 17\u2019lik kesim tasarruf etmek i\u00e7in sa\u011fl\u0131\u011fa faydal\u0131 yiyecek ve i\u00e7eceklerden feragat edebiliyor. Y\u00fczde 70\u2019i ise daha sa\u011fl\u0131kl\u0131 \u00fcr\u00fcnler elde etmek i\u00e7in ekonomik refahlar\u0131ndan \u00f6d\u00fcn verebileceklerini belirtiyor.<\/span><\/p><p><strong><span style=\"color: #000000;\">Beslenme Al\u0131\u015fkanl\u0131klar\u0131 D\u00fcnyay\u0131 De\u011fi\u015ftirebilir<\/span><\/strong><br \/><span style=\"color: #000000;\">T\u00fcketicilerin y\u00fczde 54\u2019\u00fc beslenme al\u0131\u015fkanl\u0131klar\u0131n\u0131 de\u011fi\u015ftirerek daha iyi bir d\u00fcnyaya katk\u0131da bulunabileceklerini s\u00f6yl\u00fcyor. Bununla birlikte ara\u015ft\u0131rmaya kat\u0131lan t\u00fcketicilerin y\u00fczde 65\u2019i teknolojinin sa\u011fl\u0131k i\u00e7in giderek daha \u00f6nemli olaca\u011f\u0131na ve daha s\u00fcrd\u00fcr\u00fclebilir bir gelece\u011fin sa\u011flanmas\u0131nda rol oynayaca\u011f\u0131na inan\u0131yor. Ancak neredeyse yar\u0131s\u0131 g\u0131da alan\u0131nda \u00e7ok fazla inovasyon ya\u015fand\u0131\u011f\u0131n\u0131 d\u00fc\u015f\u00fcn\u00fcyor ve bu geli\u015fmelerin kendileri i\u00e7in yararl\u0131 olmamas\u0131ndan endi\u015fe ediyor.<\/span><\/p><p><strong><span style=\"color: #000000;\">\u015eekersiz \u00c7a\u011fa Ad\u0131m Att\u0131k<\/span><\/strong><br \/><span style=\"color: #000000;\">G\u0131da t\u00fcketiminde \u015fekerin azalt\u0131lmas\u0131 raporda dikkat \u00e7eken konulardan biri olarak \u00f6ne \u00e7\u0131k\u0131yor. Bir numaral\u0131 sa\u011fl\u0131kl\u0131 t\u00fcketim se\u00e7ene\u011fi olarak kabul edilen bu \u00fcr\u00fcnler, en b\u00fcy\u00fck sa\u011fl\u0131k ve beslenme t\u00fcketici segmentimizi tan\u0131ml\u0131yor ve inovasyon ara\u015ft\u0131rmalar\u0131m\u0131zda \u00f6ne \u00e7\u0131kan ba\u015fl\u0131ca nitelik olarak g\u00f6r\u00fcl\u00fcyor.<\/span><\/p><p><strong><span style=\"color: #000000;\">Sa\u011fl\u0131k Her Zamankinden Daha \u00d6nemli<\/span><\/strong><br \/><span style=\"color: #000000;\">Ara\u015ft\u0131rma kapsam\u0131nda, t\u00fcketicilerin y\u00fczde 70\u2019i son birka\u00e7 y\u0131lda sa\u011fl\u0131\u011f\u0131n kendileri i\u00e7in daha \u00f6nemli hale geldi\u011fini s\u00f6yl\u00fcyor. \u00dc\u00e7te ikisi ise art\u0131k yediklerine ve i\u00e7tiklerine daha fazla dikkat ediyor. Sonu\u00e7 olarak y\u00fczde 70\u2019lik kesim kendilerini daha iyi hissettiklerini belirtiyor.<\/span><\/p><p><strong><span style=\"color: #000000;\">Zihinsel Sa\u011fl\u0131k Reva\u00e7ta<\/span><\/strong><br \/><span style=\"color: #000000;\">T\u00fcketicilerin neredeyse d\u00f6rtte \u00fc\u00e7\u00fc art\u0131k ruh sa\u011fl\u0131\u011f\u0131n\u0131n fiziksel sa\u011fl\u0131k kadar \u00f6nemli oldu\u011funu d\u00fc\u015f\u00fcn\u00fcyor. Y\u00fczde 83\u2019l\u00fck kesim, konuyu destekleyen yiyecek ve i\u00e7ecek \u00fcr\u00fcnlerini tercih ediyor.<\/span><\/p><p><strong><span style=\"color: #000000;\">Sa\u011fl\u0131k ve \u00c7evre Bir Arada Ele Al\u0131nmal\u0131<\/span><\/strong><br \/><span style=\"color: #000000;\">T\u00fcketicilerin y\u00fczde 70\u2019i sa\u011fl\u0131kl\u0131 \u00fcr\u00fcnlerin \u00e7evreye zarar vermemesi gerekti\u011fini s\u00f6yl\u00fcyor. Y\u00fczde 50\u2019si ise \u201cBir yiyecek ya da i\u00e7ecek birey i\u00e7in sa\u011fl\u0131kl\u0131 de\u011filse gezegen i\u00e7in de s\u00fcrd\u00fcr\u00fclebilir de\u011fildir\u201d diyor.<\/span><\/p><p><strong><span style=\"color: #000000;\">Ki\u015fiselle\u015ftirilmi\u015f Beslenme Devrim Yaratacak<\/span><\/strong><br \/><span style=\"color: #000000;\">Ki\u015fiselle\u015ftirilmi\u015f beslenme konusunda b\u00fcy\u00fck bir segmentasyon ya\u015fan\u0131yor. Markalar, ya\u015f ve sa\u011fl\u0131k durumu gibi fakt\u00f6rlere dayal\u0131 olarak, giderek daha dar t\u00fcketici gruplar\u0131 i\u00e7in \u00f6zel tarifler olu\u015fturuyor.<\/span><\/p><p><strong><span style=\"color: #000000;\">G\u0131da Sistemlerinin S\u00fcrd\u00fcr\u00fclebilirli\u011fi \u00c7ok Boyutlu D\u00fc\u015f\u00fcnmeyi Gerektiriyor<\/span><\/strong><br \/><span style=\"color: #000000;\">Ara\u015ft\u0131rmaya g\u00f6re artan n\u00fcfusu besleyebilmek olduk\u00e7a karma\u015f\u0131k bir konu. Sadece mevcut g\u0131da \u00fcretim y\u00f6ntemlerimizi iyile\u015ftirmenin yollar\u0131n\u0131 bulmam\u0131z de\u011fil, ayn\u0131 zamanda yeni g\u0131da kaynaklar\u0131n\u0131n potansiyelinden yararlanmak i\u00e7in teknoloji ve altyap\u0131ya yat\u0131r\u0131m yapmam\u0131z gerekiyor. Bu iki alan da gelecekteki g\u0131da g\u00fcvenli\u011fi i\u00e7in kritik \u00f6neme sahip.<\/span><\/p><p><strong><span style=\"color: #000000;\">G\u0131dada D\u00f6n\u00fc\u015f\u00fcm, Lezzetle Yo\u011frulmal\u0131<\/span><\/strong><br \/><span style=\"color: #000000;\">Bir \u00fcr\u00fcn\u00fcn sa\u011fl\u0131k, beslenme veya s\u00fcrd\u00fcr\u00fclebilirlik a\u00e7\u0131s\u0131ndan avantajlar\u0131 her ne olursa olsun, t\u00fcketiciler lezzetten \u00f6d\u00fcn vermiyor. Fiyat dengesi de yeni g\u0131dalar i\u00e7in kilit \u00f6neme sahip olacak ve baz\u0131 tahminlere g\u00f6re bu durum 2025 y\u0131l\u0131nda g\u00f6r\u00fclmeye ba\u015flanacak.<\/span><\/p><\/div>\t\t\t\t\t\t\t\t<\/div>\n\t\t\t\t<\/div>\n\t\t\t\t\t<\/div>\n\t\t<\/div>\n\t\t\t\t\t<\/div>\n\t\t<\/section>\n\t\t\t\t<\/div>\n\t\t","protected":false},"excerpt":{"rendered":"<p>Tetra Pak, g\u0131da alan\u0131ndaki son yenilikler hakk\u0131nda yeni bir ara\u015ft\u0131rma yay\u0131nlad\u0131. Ipsos ile ortakla\u015fa y\u00fcr\u00fct\u00fclen ve d\u00fcnya \u00e7ap\u0131nda 5 bin ki\u015finin kat\u0131ld\u0131\u011f\u0131 Tetra Pak 2023 Endeksi\u2019ne g\u00f6re, t\u00fcketicilerin y\u00fczde 54\u2019\u00fc beslenme al\u0131\u015fkanl\u0131klar\u0131n\u0131 de\u011fi\u015ftirerek daha iyi bir d\u00fcnyaya katk\u0131da bulunabileceklerini s\u00f6yl\u00fcyor. T\u00fcketicilerin y\u00fczde 65\u2019i teknolojinin sa\u011fl\u0131k i\u00e7in giderek daha \u00f6nemli olaca\u011f\u0131na ve daha s\u00fcrd\u00fcr\u00fclebilir bir gelece\u011fin [&hellip;]<\/p>\n","protected":false},"author":2,"featured_media":6270,"comment_status":"closed","ping_status":"closed","sticky":false,"template":"","format":"standard","meta":{"_monsterinsights_skip_tracking":false,"_monsterinsights_sitenote_active":false,"_monsterinsights_sitenote_note":"","_monsterinsights_sitenote_category":0,"footnotes":""},"categories":[32],"tags":[],"class_list":{"0":"post-6269","1":"post","2":"type-post","3":"status-publish","4":"format-standard","5":"has-post-thumbnail","7":"category-sektorden-haberler-haberler"},"featured_image_src":"https:\/\/www.gidaperakendecileri.org\/wp-content\/uploads\/2023\/12\/ipsos-tuketici-beslenme.jpg","author_info":{"display_name":"H\u00fcnkar G\u00f6rel","author_link":"https:\/\/www.gidaperakendecileri.org\/?author=2"},"yoast_head":"<!-- This site is optimized with the Yoast SEO plugin v26.7 - https:\/\/yoast.com\/wordpress\/plugins\/seo\/ -->\n<title>T\u00fcketiciler, Daha \u0130yi Bir D\u00fcnya \u0130\u00e7in Beslenme Al\u0131\u015fkanl\u0131klar\u0131n\u0131 De\u011fi\u015ftirmeye Haz\u0131r - GPD<\/title>\n<meta name=\"description\" content=\"Tetra Pak, g\u0131da alan\u0131ndaki son yenilikler hakk\u0131nda bir ara\u015ft\u0131rma yay\u0131nlad\u0131. Ipsos ile ortakla\u015fa y\u00fcr\u00fct\u00fclen ara\u015ft\u0131rmaya d\u00fcnya \u00e7ap\u0131nda 5 bin ki\u015fi kat\u0131ld\u0131.\" \/>\n<meta name=\"robots\" content=\"index, follow, max-snippet:-1, max-image-preview:large, max-video-preview:-1\" \/>\n<link rel=\"canonical\" href=\"https:\/\/www.gidaperakendecileri.org\/?p=6269\" \/>\n<meta property=\"og:locale\" content=\"en_US\" \/>\n<meta property=\"og:type\" content=\"article\" \/>\n<meta property=\"og:title\" content=\"T\u00fcketiciler, Daha \u0130yi Bir D\u00fcnya \u0130\u00e7in Beslenme Al\u0131\u015fkanl\u0131klar\u0131n\u0131 De\u011fi\u015ftirmeye Haz\u0131r - GPD\" \/>\n<meta property=\"og:description\" content=\"Tetra Pak, g\u0131da alan\u0131ndaki son yenilikler hakk\u0131nda bir ara\u015ft\u0131rma yay\u0131nlad\u0131. Ipsos ile ortakla\u015fa y\u00fcr\u00fct\u00fclen ara\u015ft\u0131rmaya d\u00fcnya \u00e7ap\u0131nda 5 bin ki\u015fi kat\u0131ld\u0131.\" \/>\n<meta property=\"og:url\" content=\"https:\/\/www.gidaperakendecileri.org\/?p=6269\" \/>\n<meta property=\"og:site_name\" content=\"GPD\" \/>\n<meta property=\"article:published_time\" content=\"2023-12-05T07:33:02+00:00\" \/>\n<meta property=\"article:modified_time\" content=\"2023-12-05T07:34:55+00:00\" \/>\n<meta property=\"og:image\" content=\"https:\/\/www.gidaperakendecileri.org\/wp-content\/uploads\/2023\/12\/ipsos-tuketici-beslenme.jpg\" \/>\n\t<meta property=\"og:image:width\" content=\"2268\" \/>\n\t<meta property=\"og:image:height\" content=\"1490\" \/>\n\t<meta property=\"og:image:type\" content=\"image\/jpeg\" \/>\n<meta name=\"author\" content=\"H\u00fcnkar G\u00f6rel\" \/>\n<meta name=\"twitter:card\" content=\"summary_large_image\" \/>\n<meta name=\"twitter:label1\" content=\"Written by\" \/>\n\t<meta name=\"twitter:data1\" content=\"H\u00fcnkar G\u00f6rel\" \/>\n\t<meta name=\"twitter:label2\" content=\"Est. reading time\" \/>\n\t<meta name=\"twitter:data2\" content=\"3 minutes\" \/>\n<script type=\"application\/ld+json\" class=\"yoast-schema-graph\">{\"@context\":\"https:\/\/schema.org\",\"@graph\":[{\"@type\":\"Article\",\"@id\":\"https:\/\/www.gidaperakendecileri.org\/?p=6269#article\",\"isPartOf\":{\"@id\":\"https:\/\/www.gidaperakendecileri.org\/?p=6269\"},\"author\":{\"name\":\"H\u00fcnkar G\u00f6rel\",\"@id\":\"https:\/\/www.gidaperakendecileri.org\/#\/schema\/person\/a509599b6fcfa3d743530309969de5e6\"},\"headline\":\"T\u00fcketiciler, Daha \u0130yi Bir D\u00fcnya \u0130\u00e7in Beslenme Al\u0131\u015fkanl\u0131klar\u0131n\u0131 De\u011fi\u015ftirmeye Haz\u0131r\",\"datePublished\":\"2023-12-05T07:33:02+00:00\",\"dateModified\":\"2023-12-05T07:34:55+00:00\",\"mainEntityOfPage\":{\"@id\":\"https:\/\/www.gidaperakendecileri.org\/?p=6269\"},\"wordCount\":810,\"image\":{\"@id\":\"https:\/\/www.gidaperakendecileri.org\/?p=6269#primaryimage\"},\"thumbnailUrl\":\"https:\/\/www.gidaperakendecileri.org\/wp-content\/uploads\/2023\/12\/ipsos-tuketici-beslenme.jpg\",\"articleSection\":[\"Sekt\u00f6rden Haberler\"],\"inLanguage\":\"en-US\"},{\"@type\":\"WebPage\",\"@id\":\"https:\/\/www.gidaperakendecileri.org\/?p=6269\",\"url\":\"https:\/\/www.gidaperakendecileri.org\/?p=6269\",\"name\":\"T\u00fcketiciler, Daha \u0130yi Bir D\u00fcnya \u0130\u00e7in Beslenme Al\u0131\u015fkanl\u0131klar\u0131n\u0131 De\u011fi\u015ftirmeye Haz\u0131r - GPD\",\"isPartOf\":{\"@id\":\"https:\/\/www.gidaperakendecileri.org\/#website\"},\"primaryImageOfPage\":{\"@id\":\"https:\/\/www.gidaperakendecileri.org\/?p=6269#primaryimage\"},\"image\":{\"@id\":\"https:\/\/www.gidaperakendecileri.org\/?p=6269#primaryimage\"},\"thumbnailUrl\":\"https:\/\/www.gidaperakendecileri.org\/wp-content\/uploads\/2023\/12\/ipsos-tuketici-beslenme.jpg\",\"datePublished\":\"2023-12-05T07:33:02+00:00\",\"dateModified\":\"2023-12-05T07:34:55+00:00\",\"author\":{\"@id\":\"https:\/\/www.gidaperakendecileri.org\/#\/schema\/person\/a509599b6fcfa3d743530309969de5e6\"},\"description\":\"Tetra Pak, g\u0131da alan\u0131ndaki son yenilikler hakk\u0131nda bir ara\u015ft\u0131rma yay\u0131nlad\u0131. Ipsos ile ortakla\u015fa y\u00fcr\u00fct\u00fclen ara\u015ft\u0131rmaya d\u00fcnya \u00e7ap\u0131nda 5 bin ki\u015fi kat\u0131ld\u0131.\",\"breadcrumb\":{\"@id\":\"https:\/\/www.gidaperakendecileri.org\/?p=6269#breadcrumb\"},\"inLanguage\":\"en-US\",\"potentialAction\":[{\"@type\":\"ReadAction\",\"target\":[\"https:\/\/www.gidaperakendecileri.org\/?p=6269\"]}]},{\"@type\":\"ImageObject\",\"inLanguage\":\"en-US\",\"@id\":\"https:\/\/www.gidaperakendecileri.org\/?p=6269#primaryimage\",\"url\":\"https:\/\/www.gidaperakendecileri.org\/wp-content\/uploads\/2023\/12\/ipsos-tuketici-beslenme.jpg\",\"contentUrl\":\"https:\/\/www.gidaperakendecileri.org\/wp-content\/uploads\/2023\/12\/ipsos-tuketici-beslenme.jpg\",\"width\":2268,\"height\":1490},{\"@type\":\"BreadcrumbList\",\"@id\":\"https:\/\/www.gidaperakendecileri.org\/?p=6269#breadcrumb\",\"itemListElement\":[{\"@type\":\"ListItem\",\"position\":1,\"name\":\"Home\",\"item\":\"https:\/\/www.gidaperakendecileri.org\/\"},{\"@type\":\"ListItem\",\"position\":2,\"name\":\"T\u00fcketiciler, Daha \u0130yi Bir D\u00fcnya \u0130\u00e7in Beslenme Al\u0131\u015fkanl\u0131klar\u0131n\u0131 De\u011fi\u015ftirmeye Haz\u0131r\"}]},{\"@type\":\"WebSite\",\"@id\":\"https:\/\/www.gidaperakendecileri.org\/#website\",\"url\":\"https:\/\/www.gidaperakendecileri.org\/\",\"name\":\"GPD\",\"description\":\"G\u0131da Perakendecileri Derne\u011fi\",\"potentialAction\":[{\"@type\":\"SearchAction\",\"target\":{\"@type\":\"EntryPoint\",\"urlTemplate\":\"https:\/\/www.gidaperakendecileri.org\/?s={search_term_string}\"},\"query-input\":{\"@type\":\"PropertyValueSpecification\",\"valueRequired\":true,\"valueName\":\"search_term_string\"}}],\"inLanguage\":\"en-US\"},{\"@type\":\"Person\",\"@id\":\"https:\/\/www.gidaperakendecileri.org\/#\/schema\/person\/a509599b6fcfa3d743530309969de5e6\",\"name\":\"H\u00fcnkar G\u00f6rel\",\"image\":{\"@type\":\"ImageObject\",\"inLanguage\":\"en-US\",\"@id\":\"https:\/\/www.gidaperakendecileri.org\/#\/schema\/person\/image\/\",\"url\":\"https:\/\/secure.gravatar.com\/avatar\/6833176c6068a3a97919a716cee09184937057818487819b3315830bdfd463a4?s=96&d=mm&r=g\",\"contentUrl\":\"https:\/\/secure.gravatar.com\/avatar\/6833176c6068a3a97919a716cee09184937057818487819b3315830bdfd463a4?s=96&d=mm&r=g\",\"caption\":\"H\u00fcnkar G\u00f6rel\"},\"url\":\"https:\/\/www.gidaperakendecileri.org\/?author=2\"}]}<\/script>\n<!-- \/ Yoast SEO plugin. -->","yoast_head_json":{"title":"T\u00fcketiciler, Daha \u0130yi Bir D\u00fcnya \u0130\u00e7in Beslenme Al\u0131\u015fkanl\u0131klar\u0131n\u0131 De\u011fi\u015ftirmeye Haz\u0131r - GPD","description":"Tetra Pak, g\u0131da alan\u0131ndaki son yenilikler hakk\u0131nda bir ara\u015ft\u0131rma yay\u0131nlad\u0131. Ipsos ile ortakla\u015fa y\u00fcr\u00fct\u00fclen ara\u015ft\u0131rmaya d\u00fcnya \u00e7ap\u0131nda 5 bin ki\u015fi kat\u0131ld\u0131.","robots":{"index":"index","follow":"follow","max-snippet":"max-snippet:-1","max-image-preview":"max-image-preview:large","max-video-preview":"max-video-preview:-1"},"canonical":"https:\/\/www.gidaperakendecileri.org\/?p=6269","og_locale":"en_US","og_type":"article","og_title":"T\u00fcketiciler, Daha \u0130yi Bir D\u00fcnya \u0130\u00e7in Beslenme Al\u0131\u015fkanl\u0131klar\u0131n\u0131 De\u011fi\u015ftirmeye Haz\u0131r - GPD","og_description":"Tetra Pak, g\u0131da alan\u0131ndaki son yenilikler hakk\u0131nda bir ara\u015ft\u0131rma yay\u0131nlad\u0131. Ipsos ile ortakla\u015fa y\u00fcr\u00fct\u00fclen ara\u015ft\u0131rmaya d\u00fcnya \u00e7ap\u0131nda 5 bin ki\u015fi kat\u0131ld\u0131.","og_url":"https:\/\/www.gidaperakendecileri.org\/?p=6269","og_site_name":"GPD","article_published_time":"2023-12-05T07:33:02+00:00","article_modified_time":"2023-12-05T07:34:55+00:00","og_image":[{"width":2268,"height":1490,"url":"https:\/\/www.gidaperakendecileri.org\/wp-content\/uploads\/2023\/12\/ipsos-tuketici-beslenme.jpg","type":"image\/jpeg"}],"author":"H\u00fcnkar G\u00f6rel","twitter_card":"summary_large_image","twitter_misc":{"Written by":"H\u00fcnkar G\u00f6rel","Est. reading time":"3 minutes"},"schema":{"@context":"https:\/\/schema.org","@graph":[{"@type":"Article","@id":"https:\/\/www.gidaperakendecileri.org\/?p=6269#article","isPartOf":{"@id":"https:\/\/www.gidaperakendecileri.org\/?p=6269"},"author":{"name":"H\u00fcnkar G\u00f6rel","@id":"https:\/\/www.gidaperakendecileri.org\/#\/schema\/person\/a509599b6fcfa3d743530309969de5e6"},"headline":"T\u00fcketiciler, Daha \u0130yi Bir D\u00fcnya \u0130\u00e7in Beslenme Al\u0131\u015fkanl\u0131klar\u0131n\u0131 De\u011fi\u015ftirmeye Haz\u0131r","datePublished":"2023-12-05T07:33:02+00:00","dateModified":"2023-12-05T07:34:55+00:00","mainEntityOfPage":{"@id":"https:\/\/www.gidaperakendecileri.org\/?p=6269"},"wordCount":810,"image":{"@id":"https:\/\/www.gidaperakendecileri.org\/?p=6269#primaryimage"},"thumbnailUrl":"https:\/\/www.gidaperakendecileri.org\/wp-content\/uploads\/2023\/12\/ipsos-tuketici-beslenme.jpg","articleSection":["Sekt\u00f6rden Haberler"],"inLanguage":"en-US"},{"@type":"WebPage","@id":"https:\/\/www.gidaperakendecileri.org\/?p=6269","url":"https:\/\/www.gidaperakendecileri.org\/?p=6269","name":"T\u00fcketiciler, Daha \u0130yi Bir D\u00fcnya \u0130\u00e7in Beslenme Al\u0131\u015fkanl\u0131klar\u0131n\u0131 De\u011fi\u015ftirmeye Haz\u0131r - GPD","isPartOf":{"@id":"https:\/\/www.gidaperakendecileri.org\/#website"},"primaryImageOfPage":{"@id":"https:\/\/www.gidaperakendecileri.org\/?p=6269#primaryimage"},"image":{"@id":"https:\/\/www.gidaperakendecileri.org\/?p=6269#primaryimage"},"thumbnailUrl":"https:\/\/www.gidaperakendecileri.org\/wp-content\/uploads\/2023\/12\/ipsos-tuketici-beslenme.jpg","datePublished":"2023-12-05T07:33:02+00:00","dateModified":"2023-12-05T07:34:55+00:00","author":{"@id":"https:\/\/www.gidaperakendecileri.org\/#\/schema\/person\/a509599b6fcfa3d743530309969de5e6"},"description":"Tetra Pak, g\u0131da alan\u0131ndaki son yenilikler hakk\u0131nda bir ara\u015ft\u0131rma yay\u0131nlad\u0131. Ipsos ile ortakla\u015fa y\u00fcr\u00fct\u00fclen ara\u015ft\u0131rmaya d\u00fcnya \u00e7ap\u0131nda 5 bin ki\u015fi kat\u0131ld\u0131.","breadcrumb":{"@id":"https:\/\/www.gidaperakendecileri.org\/?p=6269#breadcrumb"},"inLanguage":"en-US","potentialAction":[{"@type":"ReadAction","target":["https:\/\/www.gidaperakendecileri.org\/?p=6269"]}]},{"@type":"ImageObject","inLanguage":"en-US","@id":"https:\/\/www.gidaperakendecileri.org\/?p=6269#primaryimage","url":"https:\/\/www.gidaperakendecileri.org\/wp-content\/uploads\/2023\/12\/ipsos-tuketici-beslenme.jpg","contentUrl":"https:\/\/www.gidaperakendecileri.org\/wp-content\/uploads\/2023\/12\/ipsos-tuketici-beslenme.jpg","width":2268,"height":1490},{"@type":"BreadcrumbList","@id":"https:\/\/www.gidaperakendecileri.org\/?p=6269#breadcrumb","itemListElement":[{"@type":"ListItem","position":1,"name":"Home","item":"https:\/\/www.gidaperakendecileri.org\/"},{"@type":"ListItem","position":2,"name":"T\u00fcketiciler, Daha \u0130yi Bir D\u00fcnya \u0130\u00e7in Beslenme Al\u0131\u015fkanl\u0131klar\u0131n\u0131 De\u011fi\u015ftirmeye Haz\u0131r"}]},{"@type":"WebSite","@id":"https:\/\/www.gidaperakendecileri.org\/#website","url":"https:\/\/www.gidaperakendecileri.org\/","name":"GPD","description":"G\u0131da Perakendecileri Derne\u011fi","potentialAction":[{"@type":"SearchAction","target":{"@type":"EntryPoint","urlTemplate":"https:\/\/www.gidaperakendecileri.org\/?s={search_term_string}"},"query-input":{"@type":"PropertyValueSpecification","valueRequired":true,"valueName":"search_term_string"}}],"inLanguage":"en-US"},{"@type":"Person","@id":"https:\/\/www.gidaperakendecileri.org\/#\/schema\/person\/a509599b6fcfa3d743530309969de5e6","name":"H\u00fcnkar G\u00f6rel","image":{"@type":"ImageObject","inLanguage":"en-US","@id":"https:\/\/www.gidaperakendecileri.org\/#\/schema\/person\/image\/","url":"https:\/\/secure.gravatar.com\/avatar\/6833176c6068a3a97919a716cee09184937057818487819b3315830bdfd463a4?s=96&d=mm&r=g","contentUrl":"https:\/\/secure.gravatar.com\/avatar\/6833176c6068a3a97919a716cee09184937057818487819b3315830bdfd463a4?s=96&d=mm&r=g","caption":"H\u00fcnkar G\u00f6rel"},"url":"https:\/\/www.gidaperakendecileri.org\/?author=2"}]}},"amp_enabled":true,"_links":{"self":[{"href":"https:\/\/www.gidaperakendecileri.org\/index.php?rest_route=\/wp\/v2\/posts\/6269","targetHints":{"allow":["GET"]}}],"collection":[{"href":"https:\/\/www.gidaperakendecileri.org\/index.php?rest_route=\/wp\/v2\/posts"}],"about":[{"href":"https:\/\/www.gidaperakendecileri.org\/index.php?rest_route=\/wp\/v2\/types\/post"}],"author":[{"embeddable":true,"href":"https:\/\/www.gidaperakendecileri.org\/index.php?rest_route=\/wp\/v2\/users\/2"}],"replies":[{"embeddable":true,"href":"https:\/\/www.gidaperakendecileri.org\/index.php?rest_route=%2Fwp%2Fv2%2Fcomments&post=6269"}],"version-history":[{"count":7,"href":"https:\/\/www.gidaperakendecileri.org\/index.php?rest_route=\/wp\/v2\/posts\/6269\/revisions"}],"predecessor-version":[{"id":6277,"href":"https:\/\/www.gidaperakendecileri.org\/index.php?rest_route=\/wp\/v2\/posts\/6269\/revisions\/6277"}],"wp:featuredmedia":[{"embeddable":true,"href":"https:\/\/www.gidaperakendecileri.org\/index.php?rest_route=\/wp\/v2\/media\/6270"}],"wp:attachment":[{"href":"https:\/\/www.gidaperakendecileri.org\/index.php?rest_route=%2Fwp%2Fv2%2Fmedia&parent=6269"}],"wp:term":[{"taxonomy":"category","embeddable":true,"href":"https:\/\/www.gidaperakendecileri.org\/index.php?rest_route=%2Fwp%2Fv2%2Fcategories&post=6269"},{"taxonomy":"post_tag","embeddable":true,"href":"https:\/\/www.gidaperakendecileri.org\/index.php?rest_route=%2Fwp%2Fv2%2Ftags&post=6269"}],"curies":[{"name":"wp","href":"https:\/\/api.w.org\/{rel}","templated":true}]}}