{"id":6062,"date":"2023-06-16T07:39:24","date_gmt":"2023-06-16T07:39:24","guid":{"rendered":"https:\/\/www.gidaperakendecileri.org\/?p=6062"},"modified":"2023-06-19T14:55:45","modified_gmt":"2023-06-19T14:55:45","slug":"baskanimiz-alp-onder-ozpamukcu-pg23de-perakende-orgun-konugu-oldu","status":"publish","type":"post","link":"https:\/\/www.gidaperakendecileri.org\/?p=6062","title":{"rendered":"Ba\u015fkan\u0131m\u0131z Alp \u00d6nder \u00d6zpamuk\u00e7u PG23\u2019te, perakende.org\u2019un konu\u011fu oldu"},"content":{"rendered":"\t\t<div data-elementor-type=\"wp-post\" data-elementor-id=\"6062\" class=\"elementor elementor-6062\">\n\t\t\t\t\t\t<section class=\"elementor-section elementor-top-section elementor-element elementor-element-3ef128ae elementor-section-boxed elementor-section-height-default elementor-section-height-default\" data-id=\"3ef128ae\" data-element_type=\"section\">\n\t\t\t\t\t\t<div class=\"elementor-container elementor-column-gap-default\">\n\t\t\t\t\t<div class=\"elementor-column elementor-col-100 elementor-top-column elementor-element elementor-element-6c0ce5df\" data-id=\"6c0ce5df\" data-element_type=\"column\">\n\t\t\t<div class=\"elementor-widget-wrap elementor-element-populated\">\n\t\t\t\t\t\t<div class=\"elementor-element elementor-element-5aacae7a elementor-widget elementor-widget-text-editor\" data-id=\"5aacae7a\" data-element_type=\"widget\" data-widget_type=\"text-editor.default\">\n\t\t\t\t<div class=\"elementor-widget-container\">\n\t\t\t\t\t\t\t\t\t<div class=\"td-paragraph-padding-1\"><h3><span style=\"color: #000000;\"><strong>Ba\u015fkan\u0131m\u0131z Alp \u00d6nder \u00d6zpamuk\u00e7u, 31 May\u0131s-1 Haziran tarihlerinde Hali\u00e7 Kongre Merkezi\u2019nde ger\u00e7ekle\u015ftirilen Perakende G\u00fcnleri 23\u2019te perakende.org\u2019un konu\u011fu oldu. <\/strong><\/span><\/h3><\/div><div class=\"td-paragraph-padding-1\"><p><span style=\"color: #000000;\">\u00d6zpamuk\u00e7u, s\u00fcrd\u00fcr\u00fclebilirlik \u00f6zelinde sekt\u00f6r\u00fcn ve \u00fcyelerimizin yapt\u0131klar\u0131 \u00e7al\u0131\u015fmalardan bahsederken, s\u00fcrd\u00fcr\u00fclebilirli\u011fin her boyutta ele al\u0131nmas\u0131 gerekti\u011fini de vurgulad\u0131. Mesela g\u0131da at\u0131k y\u00f6netiminde, y\u0131lda 15 milyar dolar harcand\u0131\u011f\u0131n\u0131, bu y\u00fczden de s\u00fcrd\u00fcr\u00fclebilirli\u011fi kendi i\u00e7inde do\u011fru ekonomik bir model yaratarak ya\u015fat\u0131r hale getirmek, d\u00fcnyaya uyum sa\u011flamak gerekti\u011fini dile getirdi.<br \/>Alp \u00d6nder \u00d6zpamuk\u00e7u, dijitalle\u015fme d\u00fcnyas\u0131nda, yerel ve yerli kaynaklar \u00fcretilmesi gerekti\u011fini iletirken \u201cT\u00fcm perakendecileri hatta t\u00fcm ekosistemi yerel yaz\u0131l\u0131mc\u0131larla beraber geli\u015ftirme konusunda harekete davet ediyorum\u201d \u015feklinde konu\u015ftu.<\/span><\/p><\/div>\t\t\t\t\t\t\t\t<\/div>\n\t\t\t\t<\/div>\n\t\t\t\t\t<\/div>\n\t\t<\/div>\n\t\t\t\t\t<\/div>\n\t\t<\/section>\n\t\t\t\t<section class=\"elementor-section elementor-top-section elementor-element elementor-element-d0844a9 elementor-section-boxed elementor-section-height-default elementor-section-height-default\" data-id=\"d0844a9\" data-element_type=\"section\">\n\t\t\t\t\t\t<div class=\"elementor-container elementor-column-gap-default\">\n\t\t\t\t\t<div class=\"elementor-column elementor-col-100 elementor-top-column elementor-element elementor-element-43ea114\" data-id=\"43ea114\" data-element_type=\"column\">\n\t\t\t<div class=\"elementor-widget-wrap elementor-element-populated\">\n\t\t\t\t\t\t<div class=\"elementor-element elementor-element-3cdb5f0 elementor-widget elementor-widget-video\" data-id=\"3cdb5f0\" data-element_type=\"widget\" data-settings=\"{&quot;youtube_url&quot;:&quot;https:\\\/\\\/www.youtube.com\\\/watch?v=VBp7z5A_J7g&amp;t=1s&quot;,&quot;start&quot;:13,&quot;autoplay&quot;:&quot;yes&quot;,&quot;play_on_mobile&quot;:&quot;yes&quot;,&quot;loop&quot;:&quot;yes&quot;,&quot;video_type&quot;:&quot;youtube&quot;,&quot;controls&quot;:&quot;yes&quot;}\" data-widget_type=\"video.default\">\n\t\t\t\t<div class=\"elementor-widget-container\">\n\t\t\t\t\t\t\t<div class=\"elementor-wrapper elementor-open-inline\">\n\t\t\t<div class=\"elementor-video\"><\/div>\t\t<\/div>\n\t\t\t\t\t\t<\/div>\n\t\t\t\t<\/div>\n\t\t\t\t\t<\/div>\n\t\t<\/div>\n\t\t\t\t\t<\/div>\n\t\t<\/section>\n\t\t\t\t<\/div>\n\t\t","protected":false},"excerpt":{"rendered":"<p>Ba\u015fkan\u0131m\u0131z Alp \u00d6nder \u00d6zpamuk\u00e7u, 31 May\u0131s-1 Haziran tarihlerinde Hali\u00e7 Kongre Merkezi\u2019nde ger\u00e7ekle\u015ftirilen Perakende G\u00fcnleri 23\u2019te perakende.org\u2019un konu\u011fu oldu. \u00d6zpamuk\u00e7u, s\u00fcrd\u00fcr\u00fclebilirlik \u00f6zelinde sekt\u00f6r\u00fcn ve \u00fcyelerimizin yapt\u0131klar\u0131 \u00e7al\u0131\u015fmalardan bahsederken, s\u00fcrd\u00fcr\u00fclebilirli\u011fin her boyutta ele al\u0131nmas\u0131 gerekti\u011fini de vurgulad\u0131. Mesela g\u0131da at\u0131k y\u00f6netiminde, y\u0131lda 15 milyar dolar harcand\u0131\u011f\u0131n\u0131, bu y\u00fczden de s\u00fcrd\u00fcr\u00fclebilirli\u011fi kendi i\u00e7inde do\u011fru ekonomik bir model yaratarak [&hellip;]<\/p>\n","protected":false},"author":2,"featured_media":6063,"comment_status":"closed","ping_status":"closed","sticky":false,"template":"","format":"standard","meta":{"_monsterinsights_skip_tracking":false,"_monsterinsights_sitenote_active":false,"_monsterinsights_sitenote_note":"","_monsterinsights_sitenote_category":0,"footnotes":""},"categories":[32],"tags":[],"class_list":{"0":"post-6062","1":"post","2":"type-post","3":"status-publish","4":"format-standard","5":"has-post-thumbnail","7":"category-sektorden-haberler-haberler"},"featured_image_src":"https:\/\/www.gidaperakendecileri.org\/wp-content\/uploads\/2023\/06\/Gida-Perakendecileri-Dernegi-Baskani-Alp-Onder-Ozpamukcu-PG23de-Perakende.orgun-konugu-oldu.jpg","author_info":{"display_name":"H\u00fcnkar G\u00f6rel","author_link":"https:\/\/www.gidaperakendecileri.org\/?author=2"},"yoast_head":"<!-- This site is optimized with the Yoast SEO plugin v26.7 - https:\/\/yoast.com\/wordpress\/plugins\/seo\/ -->\n<title>Ba\u015fkan\u0131m\u0131z Alp \u00d6nder \u00d6zpamuk\u00e7u PG23\u2019te, perakende.org\u2019un konu\u011fu oldu - GPD<\/title>\n<meta name=\"description\" content=\"D\u00fcnya Ekonomik Forumu (World Economic Forum\/WEF) \u0130\u015flerin Gelece\u011fi Raporu ile i\u015f piyasas\u0131n\u0131n gelece\u011fine \u0131\u015f\u0131k tuttu.\" \/>\n<meta name=\"robots\" content=\"index, follow, max-snippet:-1, max-image-preview:large, max-video-preview:-1\" \/>\n<link rel=\"canonical\" href=\"https:\/\/www.gidaperakendecileri.org\/?p=6062\" \/>\n<meta property=\"og:locale\" content=\"en_US\" \/>\n<meta property=\"og:type\" content=\"article\" \/>\n<meta property=\"og:title\" content=\"Ba\u015fkan\u0131m\u0131z Alp \u00d6nder \u00d6zpamuk\u00e7u PG23\u2019te, perakende.org\u2019un konu\u011fu oldu - GPD\" \/>\n<meta property=\"og:description\" content=\"D\u00fcnya Ekonomik Forumu (World Economic Forum\/WEF) \u0130\u015flerin Gelece\u011fi Raporu ile i\u015f piyasas\u0131n\u0131n gelece\u011fine \u0131\u015f\u0131k tuttu.\" \/>\n<meta property=\"og:url\" content=\"https:\/\/www.gidaperakendecileri.org\/?p=6062\" \/>\n<meta property=\"og:site_name\" content=\"GPD\" \/>\n<meta property=\"article:published_time\" content=\"2023-06-16T07:39:24+00:00\" \/>\n<meta property=\"article:modified_time\" content=\"2023-06-19T14:55:45+00:00\" \/>\n<meta property=\"og:image\" content=\"https:\/\/www.gidaperakendecileri.org\/wp-content\/uploads\/2023\/06\/Gida-Perakendecileri-Dernegi-Baskani-Alp-Onder-Ozpamukcu-PG23de-Perakende.orgun-konugu-oldu.jpg\" \/>\n\t<meta property=\"og:image:width\" content=\"1000\" \/>\n\t<meta property=\"og:image:height\" content=\"600\" \/>\n\t<meta property=\"og:image:type\" content=\"image\/jpeg\" \/>\n<meta name=\"author\" content=\"H\u00fcnkar G\u00f6rel\" \/>\n<meta name=\"twitter:card\" content=\"summary_large_image\" \/>\n<meta name=\"twitter:label1\" content=\"Written by\" \/>\n\t<meta name=\"twitter:data1\" content=\"H\u00fcnkar G\u00f6rel\" \/>\n\t<meta name=\"twitter:label2\" content=\"Est. reading time\" \/>\n\t<meta name=\"twitter:data2\" content=\"1 minute\" \/>\n<script type=\"application\/ld+json\" class=\"yoast-schema-graph\">{\"@context\":\"https:\/\/schema.org\",\"@graph\":[{\"@type\":\"Article\",\"@id\":\"https:\/\/www.gidaperakendecileri.org\/?p=6062#article\",\"isPartOf\":{\"@id\":\"https:\/\/www.gidaperakendecileri.org\/?p=6062\"},\"author\":{\"name\":\"H\u00fcnkar G\u00f6rel\",\"@id\":\"https:\/\/www.gidaperakendecileri.org\/#\/schema\/person\/a509599b6fcfa3d743530309969de5e6\"},\"headline\":\"Ba\u015fkan\u0131m\u0131z Alp \u00d6nder \u00d6zpamuk\u00e7u PG23\u2019te, perakende.org\u2019un konu\u011fu oldu\",\"datePublished\":\"2023-06-16T07:39:24+00:00\",\"dateModified\":\"2023-06-19T14:55:45+00:00\",\"mainEntityOfPage\":{\"@id\":\"https:\/\/www.gidaperakendecileri.org\/?p=6062\"},\"wordCount\":173,\"image\":{\"@id\":\"https:\/\/www.gidaperakendecileri.org\/?p=6062#primaryimage\"},\"thumbnailUrl\":\"https:\/\/www.gidaperakendecileri.org\/wp-content\/uploads\/2023\/06\/Gida-Perakendecileri-Dernegi-Baskani-Alp-Onder-Ozpamukcu-PG23de-Perakende.orgun-konugu-oldu.jpg\",\"articleSection\":[\"Sekt\u00f6rden Haberler\"],\"inLanguage\":\"en-US\"},{\"@type\":\"WebPage\",\"@id\":\"https:\/\/www.gidaperakendecileri.org\/?p=6062\",\"url\":\"https:\/\/www.gidaperakendecileri.org\/?p=6062\",\"name\":\"Ba\u015fkan\u0131m\u0131z Alp \u00d6nder \u00d6zpamuk\u00e7u PG23\u2019te, perakende.org\u2019un konu\u011fu oldu - GPD\",\"isPartOf\":{\"@id\":\"https:\/\/www.gidaperakendecileri.org\/#website\"},\"primaryImageOfPage\":{\"@id\":\"https:\/\/www.gidaperakendecileri.org\/?p=6062#primaryimage\"},\"image\":{\"@id\":\"https:\/\/www.gidaperakendecileri.org\/?p=6062#primaryimage\"},\"thumbnailUrl\":\"https:\/\/www.gidaperakendecileri.org\/wp-content\/uploads\/2023\/06\/Gida-Perakendecileri-Dernegi-Baskani-Alp-Onder-Ozpamukcu-PG23de-Perakende.orgun-konugu-oldu.jpg\",\"datePublished\":\"2023-06-16T07:39:24+00:00\",\"dateModified\":\"2023-06-19T14:55:45+00:00\",\"author\":{\"@id\":\"https:\/\/www.gidaperakendecileri.org\/#\/schema\/person\/a509599b6fcfa3d743530309969de5e6\"},\"description\":\"D\u00fcnya Ekonomik Forumu (World Economic Forum\/WEF) \u0130\u015flerin Gelece\u011fi Raporu ile i\u015f piyasas\u0131n\u0131n gelece\u011fine \u0131\u015f\u0131k tuttu.\",\"breadcrumb\":{\"@id\":\"https:\/\/www.gidaperakendecileri.org\/?p=6062#breadcrumb\"},\"inLanguage\":\"en-US\",\"potentialAction\":[{\"@type\":\"ReadAction\",\"target\":[\"https:\/\/www.gidaperakendecileri.org\/?p=6062\"]}]},{\"@type\":\"ImageObject\",\"inLanguage\":\"en-US\",\"@id\":\"https:\/\/www.gidaperakendecileri.org\/?p=6062#primaryimage\",\"url\":\"https:\/\/www.gidaperakendecileri.org\/wp-content\/uploads\/2023\/06\/Gida-Perakendecileri-Dernegi-Baskani-Alp-Onder-Ozpamukcu-PG23de-Perakende.orgun-konugu-oldu.jpg\",\"contentUrl\":\"https:\/\/www.gidaperakendecileri.org\/wp-content\/uploads\/2023\/06\/Gida-Perakendecileri-Dernegi-Baskani-Alp-Onder-Ozpamukcu-PG23de-Perakende.orgun-konugu-oldu.jpg\",\"width\":1000,\"height\":600},{\"@type\":\"BreadcrumbList\",\"@id\":\"https:\/\/www.gidaperakendecileri.org\/?p=6062#breadcrumb\",\"itemListElement\":[{\"@type\":\"ListItem\",\"position\":1,\"name\":\"Home\",\"item\":\"https:\/\/www.gidaperakendecileri.org\/\"},{\"@type\":\"ListItem\",\"position\":2,\"name\":\"Ba\u015fkan\u0131m\u0131z Alp \u00d6nder \u00d6zpamuk\u00e7u PG23\u2019te, perakende.org\u2019un konu\u011fu oldu\"}]},{\"@type\":\"WebSite\",\"@id\":\"https:\/\/www.gidaperakendecileri.org\/#website\",\"url\":\"https:\/\/www.gidaperakendecileri.org\/\",\"name\":\"GPD\",\"description\":\"G\u0131da Perakendecileri Derne\u011fi\",\"potentialAction\":[{\"@type\":\"SearchAction\",\"target\":{\"@type\":\"EntryPoint\",\"urlTemplate\":\"https:\/\/www.gidaperakendecileri.org\/?s={search_term_string}\"},\"query-input\":{\"@type\":\"PropertyValueSpecification\",\"valueRequired\":true,\"valueName\":\"search_term_string\"}}],\"inLanguage\":\"en-US\"},{\"@type\":\"Person\",\"@id\":\"https:\/\/www.gidaperakendecileri.org\/#\/schema\/person\/a509599b6fcfa3d743530309969de5e6\",\"name\":\"H\u00fcnkar G\u00f6rel\",\"image\":{\"@type\":\"ImageObject\",\"inLanguage\":\"en-US\",\"@id\":\"https:\/\/www.gidaperakendecileri.org\/#\/schema\/person\/image\/\",\"url\":\"https:\/\/secure.gravatar.com\/avatar\/6833176c6068a3a97919a716cee09184937057818487819b3315830bdfd463a4?s=96&d=mm&r=g\",\"contentUrl\":\"https:\/\/secure.gravatar.com\/avatar\/6833176c6068a3a97919a716cee09184937057818487819b3315830bdfd463a4?s=96&d=mm&r=g\",\"caption\":\"H\u00fcnkar G\u00f6rel\"},\"url\":\"https:\/\/www.gidaperakendecileri.org\/?author=2\"}]}<\/script>\n<!-- \/ Yoast SEO plugin. -->","yoast_head_json":{"title":"Ba\u015fkan\u0131m\u0131z Alp \u00d6nder \u00d6zpamuk\u00e7u PG23\u2019te, perakende.org\u2019un konu\u011fu oldu - GPD","description":"D\u00fcnya Ekonomik Forumu (World Economic Forum\/WEF) \u0130\u015flerin Gelece\u011fi Raporu ile i\u015f piyasas\u0131n\u0131n gelece\u011fine \u0131\u015f\u0131k tuttu.","robots":{"index":"index","follow":"follow","max-snippet":"max-snippet:-1","max-image-preview":"max-image-preview:large","max-video-preview":"max-video-preview:-1"},"canonical":"https:\/\/www.gidaperakendecileri.org\/?p=6062","og_locale":"en_US","og_type":"article","og_title":"Ba\u015fkan\u0131m\u0131z Alp \u00d6nder \u00d6zpamuk\u00e7u PG23\u2019te, perakende.org\u2019un konu\u011fu oldu - GPD","og_description":"D\u00fcnya Ekonomik Forumu (World Economic Forum\/WEF) \u0130\u015flerin Gelece\u011fi Raporu ile i\u015f piyasas\u0131n\u0131n gelece\u011fine \u0131\u015f\u0131k tuttu.","og_url":"https:\/\/www.gidaperakendecileri.org\/?p=6062","og_site_name":"GPD","article_published_time":"2023-06-16T07:39:24+00:00","article_modified_time":"2023-06-19T14:55:45+00:00","og_image":[{"width":1000,"height":600,"url":"https:\/\/www.gidaperakendecileri.org\/wp-content\/uploads\/2023\/06\/Gida-Perakendecileri-Dernegi-Baskani-Alp-Onder-Ozpamukcu-PG23de-Perakende.orgun-konugu-oldu.jpg","type":"image\/jpeg"}],"author":"H\u00fcnkar G\u00f6rel","twitter_card":"summary_large_image","twitter_misc":{"Written by":"H\u00fcnkar G\u00f6rel","Est. reading time":"1 minute"},"schema":{"@context":"https:\/\/schema.org","@graph":[{"@type":"Article","@id":"https:\/\/www.gidaperakendecileri.org\/?p=6062#article","isPartOf":{"@id":"https:\/\/www.gidaperakendecileri.org\/?p=6062"},"author":{"name":"H\u00fcnkar G\u00f6rel","@id":"https:\/\/www.gidaperakendecileri.org\/#\/schema\/person\/a509599b6fcfa3d743530309969de5e6"},"headline":"Ba\u015fkan\u0131m\u0131z Alp \u00d6nder \u00d6zpamuk\u00e7u PG23\u2019te, perakende.org\u2019un konu\u011fu oldu","datePublished":"2023-06-16T07:39:24+00:00","dateModified":"2023-06-19T14:55:45+00:00","mainEntityOfPage":{"@id":"https:\/\/www.gidaperakendecileri.org\/?p=6062"},"wordCount":173,"image":{"@id":"https:\/\/www.gidaperakendecileri.org\/?p=6062#primaryimage"},"thumbnailUrl":"https:\/\/www.gidaperakendecileri.org\/wp-content\/uploads\/2023\/06\/Gida-Perakendecileri-Dernegi-Baskani-Alp-Onder-Ozpamukcu-PG23de-Perakende.orgun-konugu-oldu.jpg","articleSection":["Sekt\u00f6rden Haberler"],"inLanguage":"en-US"},{"@type":"WebPage","@id":"https:\/\/www.gidaperakendecileri.org\/?p=6062","url":"https:\/\/www.gidaperakendecileri.org\/?p=6062","name":"Ba\u015fkan\u0131m\u0131z Alp \u00d6nder \u00d6zpamuk\u00e7u PG23\u2019te, perakende.org\u2019un konu\u011fu oldu - GPD","isPartOf":{"@id":"https:\/\/www.gidaperakendecileri.org\/#website"},"primaryImageOfPage":{"@id":"https:\/\/www.gidaperakendecileri.org\/?p=6062#primaryimage"},"image":{"@id":"https:\/\/www.gidaperakendecileri.org\/?p=6062#primaryimage"},"thumbnailUrl":"https:\/\/www.gidaperakendecileri.org\/wp-content\/uploads\/2023\/06\/Gida-Perakendecileri-Dernegi-Baskani-Alp-Onder-Ozpamukcu-PG23de-Perakende.orgun-konugu-oldu.jpg","datePublished":"2023-06-16T07:39:24+00:00","dateModified":"2023-06-19T14:55:45+00:00","author":{"@id":"https:\/\/www.gidaperakendecileri.org\/#\/schema\/person\/a509599b6fcfa3d743530309969de5e6"},"description":"D\u00fcnya Ekonomik Forumu (World Economic Forum\/WEF) \u0130\u015flerin Gelece\u011fi Raporu ile i\u015f piyasas\u0131n\u0131n gelece\u011fine \u0131\u015f\u0131k tuttu.","breadcrumb":{"@id":"https:\/\/www.gidaperakendecileri.org\/?p=6062#breadcrumb"},"inLanguage":"en-US","potentialAction":[{"@type":"ReadAction","target":["https:\/\/www.gidaperakendecileri.org\/?p=6062"]}]},{"@type":"ImageObject","inLanguage":"en-US","@id":"https:\/\/www.gidaperakendecileri.org\/?p=6062#primaryimage","url":"https:\/\/www.gidaperakendecileri.org\/wp-content\/uploads\/2023\/06\/Gida-Perakendecileri-Dernegi-Baskani-Alp-Onder-Ozpamukcu-PG23de-Perakende.orgun-konugu-oldu.jpg","contentUrl":"https:\/\/www.gidaperakendecileri.org\/wp-content\/uploads\/2023\/06\/Gida-Perakendecileri-Dernegi-Baskani-Alp-Onder-Ozpamukcu-PG23de-Perakende.orgun-konugu-oldu.jpg","width":1000,"height":600},{"@type":"BreadcrumbList","@id":"https:\/\/www.gidaperakendecileri.org\/?p=6062#breadcrumb","itemListElement":[{"@type":"ListItem","position":1,"name":"Home","item":"https:\/\/www.gidaperakendecileri.org\/"},{"@type":"ListItem","position":2,"name":"Ba\u015fkan\u0131m\u0131z Alp \u00d6nder \u00d6zpamuk\u00e7u PG23\u2019te, perakende.org\u2019un konu\u011fu oldu"}]},{"@type":"WebSite","@id":"https:\/\/www.gidaperakendecileri.org\/#website","url":"https:\/\/www.gidaperakendecileri.org\/","name":"GPD","description":"G\u0131da Perakendecileri Derne\u011fi","potentialAction":[{"@type":"SearchAction","target":{"@type":"EntryPoint","urlTemplate":"https:\/\/www.gidaperakendecileri.org\/?s={search_term_string}"},"query-input":{"@type":"PropertyValueSpecification","valueRequired":true,"valueName":"search_term_string"}}],"inLanguage":"en-US"},{"@type":"Person","@id":"https:\/\/www.gidaperakendecileri.org\/#\/schema\/person\/a509599b6fcfa3d743530309969de5e6","name":"H\u00fcnkar G\u00f6rel","image":{"@type":"ImageObject","inLanguage":"en-US","@id":"https:\/\/www.gidaperakendecileri.org\/#\/schema\/person\/image\/","url":"https:\/\/secure.gravatar.com\/avatar\/6833176c6068a3a97919a716cee09184937057818487819b3315830bdfd463a4?s=96&d=mm&r=g","contentUrl":"https:\/\/secure.gravatar.com\/avatar\/6833176c6068a3a97919a716cee09184937057818487819b3315830bdfd463a4?s=96&d=mm&r=g","caption":"H\u00fcnkar G\u00f6rel"},"url":"https:\/\/www.gidaperakendecileri.org\/?author=2"}]}},"amp_enabled":true,"_links":{"self":[{"href":"https:\/\/www.gidaperakendecileri.org\/index.php?rest_route=\/wp\/v2\/posts\/6062","targetHints":{"allow":["GET"]}}],"collection":[{"href":"https:\/\/www.gidaperakendecileri.org\/index.php?rest_route=\/wp\/v2\/posts"}],"about":[{"href":"https:\/\/www.gidaperakendecileri.org\/index.php?rest_route=\/wp\/v2\/types\/post"}],"author":[{"embeddable":true,"href":"https:\/\/www.gidaperakendecileri.org\/index.php?rest_route=\/wp\/v2\/users\/2"}],"replies":[{"embeddable":true,"href":"https:\/\/www.gidaperakendecileri.org\/index.php?rest_route=%2Fwp%2Fv2%2Fcomments&post=6062"}],"version-history":[{"count":17,"href":"https:\/\/www.gidaperakendecileri.org\/index.php?rest_route=\/wp\/v2\/posts\/6062\/revisions"}],"predecessor-version":[{"id":6080,"href":"https:\/\/www.gidaperakendecileri.org\/index.php?rest_route=\/wp\/v2\/posts\/6062\/revisions\/6080"}],"wp:featuredmedia":[{"embeddable":true,"href":"https:\/\/www.gidaperakendecileri.org\/index.php?rest_route=\/wp\/v2\/media\/6063"}],"wp:attachment":[{"href":"https:\/\/www.gidaperakendecileri.org\/index.php?rest_route=%2Fwp%2Fv2%2Fmedia&parent=6062"}],"wp:term":[{"taxonomy":"category","embeddable":true,"href":"https:\/\/www.gidaperakendecileri.org\/index.php?rest_route=%2Fwp%2Fv2%2Fcategories&post=6062"},{"taxonomy":"post_tag","embeddable":true,"href":"https:\/\/www.gidaperakendecileri.org\/index.php?rest_route=%2Fwp%2Fv2%2Ftags&post=6062"}],"curies":[{"name":"wp","href":"https:\/\/api.w.org\/{rel}","templated":true}]}}