{"id":6031,"date":"2023-05-08T07:43:34","date_gmt":"2023-05-08T07:43:34","guid":{"rendered":"https:\/\/www.gidaperakendecileri.org\/?p=6031"},"modified":"2023-05-08T07:49:49","modified_gmt":"2023-05-08T07:49:49","slug":"islerin-gelecegi-raporu-4-yil-icinde-hangi-islerin-yok-olacagini-gosteriyor","status":"publish","type":"post","link":"https:\/\/www.gidaperakendecileri.org\/?p=6031","title":{"rendered":"\u0130\u015flerin Gelece\u011fi Raporu, 4 Y\u0131l \u0130\u00e7inde Hangi \u0130\u015flerin Yok Olaca\u011f\u0131n\u0131 G\u00f6steriyor"},"content":{"rendered":"\t\t<div data-elementor-type=\"wp-post\" data-elementor-id=\"6031\" class=\"elementor elementor-6031\">\n\t\t\t\t\t\t<section class=\"elementor-section elementor-top-section elementor-element elementor-element-3ef128ae elementor-section-boxed elementor-section-height-default elementor-section-height-default\" data-id=\"3ef128ae\" data-element_type=\"section\">\n\t\t\t\t\t\t<div class=\"elementor-container elementor-column-gap-default\">\n\t\t\t\t\t<div class=\"elementor-column elementor-col-100 elementor-top-column elementor-element elementor-element-6c0ce5df\" data-id=\"6c0ce5df\" data-element_type=\"column\">\n\t\t\t<div class=\"elementor-widget-wrap elementor-element-populated\">\n\t\t\t\t\t\t<div class=\"elementor-element elementor-element-5aacae7a elementor-widget elementor-widget-text-editor\" data-id=\"5aacae7a\" data-element_type=\"widget\" data-widget_type=\"text-editor.default\">\n\t\t\t\t<div class=\"elementor-widget-container\">\n\t\t\t\t\t\t\t\t\t<div class=\"td-paragraph-padding-1\"><h3><span style=\"color: #000000;\"><strong>Dijitalle\u015fmenin h\u0131z kazand\u0131\u011f\u0131 g\u00fcn\u00fcm\u00fczde i\u015f piyasas\u0131 da b\u00fcy\u00fck bir d\u00f6n\u00fc\u015f\u00fcm ge\u00e7iriyor. D\u00fcnya Ekonomik Forumu (World Economic Forum\/WEF) taraf\u0131ndan yay\u0131mlanan bir rapora g\u00f6re, gelecek 4 y\u0131l i\u00e7inde i\u015f piyasas\u0131nda b\u00fcy\u00fck de\u011fi\u015fimler ya\u015fanacak. Teknolojinin geli\u015fmesi ve dijitalle\u015fmenin yayg\u0131nla\u015fmas\u0131 ile bir\u00e7ok i\u015f, yerini yapay zekaya ve otomasyona b\u0131rakacak.<\/strong><\/span><\/h3><\/div><div class=\"td-paragraph-padding-1\"><p><span style=\"color: #000000;\">WEF raporunda, i\u015f piyasas\u0131n\u0131n gelece\u011fi i\u00e7in \u00e7evre dostu bir ekonomik modelin olu\u015fturulmas\u0131 \u00f6neriliyor. Ancak bu d\u00f6n\u00fc\u015f\u00fcm\u00fcn, ekonomik b\u00fcy\u00fcmenin yava\u015flamas\u0131na, y\u00fcksek enflasyona ve tedarik k\u0131tl\u0131\u011f\u0131na yol a\u00e7abilece\u011fi belirtiliyor. Ankete dayal\u0131 olarak haz\u0131rlanan rapora g\u00f6re, gelecek 4 y\u0131l i\u00e7inde i\u015flerin d\u00f6rtte birine yak\u0131n\u0131 de\u011fi\u015fecek. 2027 y\u0131l\u0131na kadar 83 milyon ki\u015filik meslek ortadan kalkarken, 69 milyon yeni i\u015f yarat\u0131lacak. Bu durum, d\u00fcnya genelindeki istihdam\u0131n y\u00fczde 2 azalmas\u0131 anlam\u0131na geliyor.<\/span><\/p><p><strong><span style=\"color: #000000;\">En H\u0131zl\u0131 Yok Olacak \u0130\u015fler: Bankac\u0131l\u0131k, Sekreterlik, Kasiyerlik<\/span><\/strong><br \/><span style=\"color: #000000;\">Raporda, bankac\u0131l\u0131k, sekreterlik, kasiyerlik gibi i\u015flerin en h\u0131zl\u0131 yok olacak meslekler aras\u0131nda yer ald\u0131\u011f\u0131 belirtiliyor. Bununla birlikte, yapay zek\u00e2, makine \u00f6\u011frenimi ve siber g\u00fcvenlik uzmanlar\u0131na talebin artaca\u011f\u0131 \u00f6ng\u00f6r\u00fcl\u00fcyor.<\/span><br \/><span style=\"color: #000000;\">\u0130\u015flerin Gelece\u011fi adl\u0131 rapor, yakla\u015f\u0131k 800 \u015firketten al\u0131nan bilgilerle haz\u0131rland\u0131. Rapora g\u00f6re, dijitalle\u015fmenin h\u0131zland\u0131\u011f\u0131 g\u00fcn\u00fcm\u00fczde, bir \u00e7al\u0131\u015fan\u0131n becerilerinin yar\u0131s\u0131na yak\u0131n\u0131n\u0131 g\u00fcncellemesi gerekiyor.<\/span><br \/><span style=\"color: #000000;\">WEF Genel M\u00fcd\u00fcr\u00fc Saadia Zahidi, raporla ilgili olarak h\u00fck\u00fcmetlerin ve i\u015f yerlerinin e\u011fitim, yeni beceriler kazand\u0131rma ve sosyal yard\u0131m yap\u0131lar\u0131yla yat\u0131r\u0131m yaparak gelece\u011fin i\u015flerine do\u011fru d\u00f6n\u00fc\u015f\u00fcm\u00fc desteklemesi gerekti\u011fini belirtti.<\/span><br \/><span style=\"color: #000000;\">Dijitalle\u015fmenin ve teknolojinin geli\u015fmesinin h\u0131z kazand\u0131\u011f\u0131 g\u00fcn\u00fcm\u00fczde, i\u015f piyasas\u0131nda da b\u00fcy\u00fck de\u011fi\u015fimler ya\u015fan\u0131yor. WEF taraf\u0131ndan yay\u0131mlanan rapor, i\u015f piyasas\u0131nda ya\u015fanacak de\u011fi\u015fimlere \u0131\u015f\u0131k tutuyor ve i\u015f d\u00fcnyas\u0131n\u0131n gelece\u011fine ili\u015fkin \u00f6nemli \u00f6ng\u00f6r\u00fcler sunuyor.<\/span><\/p><p><span style=\"color: #000000;\">WEF raporunda, i\u015f piyasas\u0131n\u0131n gelece\u011fi i\u00e7in \u00e7evre dostu bir ekonomik modelin olu\u015fturulmas\u0131 \u00f6neriliyor. Ancak bu d\u00f6n\u00fc\u015f\u00fcm\u00fcn, ekonomik b\u00fcy\u00fcmenin yava\u015flamas\u0131na, y\u00fcksek enflasyona ve tedarik k\u0131tl\u0131\u011f\u0131na yol a\u00e7abilece\u011fi belirtiliyor. Ankete dayal\u0131 olarak haz\u0131rlanan rapora g\u00f6re, gelecek 4 y\u0131l i\u00e7inde i\u015flerin d\u00f6rtte birine yak\u0131n\u0131 de\u011fi\u015fecek. 2027 y\u0131l\u0131na kadar 83 milyon ki\u015filik meslek ortadan kalkarken, 69 milyon yeni i\u015f yarat\u0131lacak. Bu durum, d\u00fcnya genelindeki istihdam\u0131n y\u00fczde 2 azalmas\u0131 anlam\u0131na geliyor.<\/span><\/p><p><span style=\"color: #000000;\">En H\u0131zl\u0131 Yok Olacak \u0130\u015fler: Bankac\u0131l\u0131k, Sekreterlik, Kasiyerlik<\/span><br \/><span style=\"color: #000000;\">Raporda, bankac\u0131l\u0131k, sekreterlik, kasiyerlik gibi i\u015flerin en h\u0131zl\u0131 yok olacak meslekler aras\u0131nda yer ald\u0131\u011f\u0131 belirtiliyor. Bununla birlikte, yapay zek\u00e2, makine \u00f6\u011frenimi ve siber g\u00fcvenlik uzmanlar\u0131na talebin artaca\u011f\u0131 \u00f6ng\u00f6r\u00fcl\u00fcyor.<\/span><br \/><span style=\"color: #000000;\">\u0130\u015flerin Gelece\u011fi adl\u0131 rapor, yakla\u015f\u0131k 800 \u015firketten al\u0131nan bilgilerle haz\u0131rland\u0131. Rapora g\u00f6re, dijitalle\u015fmenin h\u0131zland\u0131\u011f\u0131 g\u00fcn\u00fcm\u00fczde, bir \u00e7al\u0131\u015fan\u0131n becerilerinin yar\u0131s\u0131na yak\u0131n\u0131n\u0131 g\u00fcncellemesi gerekiyor.<\/span><br \/><span style=\"color: #000000;\">WEF Genel M\u00fcd\u00fcr\u00fc Saadia Zahidi, raporla ilgili olarak h\u00fck\u00fcmetlerin ve i\u015f yerlerinin e\u011fitim, yeni beceriler kazand\u0131rma ve sosyal yard\u0131m yap\u0131lar\u0131yla yat\u0131r\u0131m yaparak gelece\u011fin i\u015flerine do\u011fru d\u00f6n\u00fc\u015f\u00fcm\u00fc desteklemesi gerekti\u011fini belirtti.<\/span><br \/><span style=\"color: #000000;\">Dijitalle\u015fmenin ve teknolojinin geli\u015fmesinin h\u0131z kazand\u0131\u011f\u0131 g\u00fcn\u00fcm\u00fczde, i\u015f piyasas\u0131nda da b\u00fcy\u00fck de\u011fi\u015fimler ya\u015fan\u0131yor. WEF taraf\u0131ndan yay\u0131mlanan rapor, i\u015f piyasas\u0131nda ya\u015fanacak de\u011fi\u015fimlere \u0131\u015f\u0131k tutuyor ve i\u015f d\u00fcnyas\u0131n\u0131n gelece\u011fine ili\u015fkin \u00f6nemli \u00f6ng\u00f6r\u00fcler sunuyor.<\/span><\/p><\/div>\t\t\t\t\t\t\t\t<\/div>\n\t\t\t\t<\/div>\n\t\t\t\t\t<\/div>\n\t\t<\/div>\n\t\t\t\t\t<\/div>\n\t\t<\/section>\n\t\t\t\t<\/div>\n\t\t","protected":false},"excerpt":{"rendered":"<p>Dijitalle\u015fmenin h\u0131z kazand\u0131\u011f\u0131 g\u00fcn\u00fcm\u00fczde i\u015f piyasas\u0131 da b\u00fcy\u00fck bir d\u00f6n\u00fc\u015f\u00fcm ge\u00e7iriyor. D\u00fcnya Ekonomik Forumu (World Economic Forum\/WEF) taraf\u0131ndan yay\u0131mlanan bir rapora g\u00f6re, gelecek 4 y\u0131l i\u00e7inde i\u015f piyasas\u0131nda b\u00fcy\u00fck de\u011fi\u015fimler ya\u015fanacak. Teknolojinin geli\u015fmesi ve dijitalle\u015fmenin yayg\u0131nla\u015fmas\u0131 ile bir\u00e7ok i\u015f, yerini yapay zekaya ve otomasyona b\u0131rakacak. WEF raporunda, i\u015f piyasas\u0131n\u0131n gelece\u011fi i\u00e7in \u00e7evre dostu bir ekonomik [&hellip;]<\/p>\n","protected":false},"author":2,"featured_media":6032,"comment_status":"closed","ping_status":"closed","sticky":false,"template":"","format":"standard","meta":{"_monsterinsights_skip_tracking":false,"_monsterinsights_sitenote_active":false,"_monsterinsights_sitenote_note":"","_monsterinsights_sitenote_category":0,"footnotes":""},"categories":[32],"tags":[],"class_list":{"0":"post-6031","1":"post","2":"type-post","3":"status-publish","4":"format-standard","5":"has-post-thumbnail","7":"category-sektorden-haberler-haberler"},"featured_image_src":"https:\/\/www.gidaperakendecileri.org\/wp-content\/uploads\/2023\/05\/islerin-gelecegi-rapor.jpg","author_info":{"display_name":"H\u00fcnkar G\u00f6rel","author_link":"https:\/\/www.gidaperakendecileri.org\/?author=2"},"yoast_head":"<!-- This site is optimized with the Yoast SEO plugin v26.7 - https:\/\/yoast.com\/wordpress\/plugins\/seo\/ -->\n<title>\u0130\u015flerin Gelece\u011fi Raporu, 4 Y\u0131l \u0130\u00e7inde Hangi \u0130\u015flerin Yok Olaca\u011f\u0131n\u0131 G\u00f6steriyor - GPD<\/title>\n<meta name=\"description\" content=\"D\u00fcnya Ekonomik Forumu (World Economic Forum\/WEF) \u0130\u015flerin Gelece\u011fi Raporu ile i\u015f piyasas\u0131n\u0131n gelece\u011fine \u0131\u015f\u0131k tuttu.\" \/>\n<meta name=\"robots\" content=\"index, follow, max-snippet:-1, max-image-preview:large, max-video-preview:-1\" \/>\n<link rel=\"canonical\" href=\"https:\/\/www.gidaperakendecileri.org\/?p=6031\" \/>\n<meta property=\"og:locale\" content=\"en_US\" \/>\n<meta property=\"og:type\" content=\"article\" \/>\n<meta property=\"og:title\" content=\"\u0130\u015flerin Gelece\u011fi Raporu, 4 Y\u0131l \u0130\u00e7inde Hangi \u0130\u015flerin Yok Olaca\u011f\u0131n\u0131 G\u00f6steriyor - GPD\" \/>\n<meta property=\"og:description\" content=\"D\u00fcnya Ekonomik Forumu (World Economic Forum\/WEF) \u0130\u015flerin Gelece\u011fi Raporu ile i\u015f piyasas\u0131n\u0131n gelece\u011fine \u0131\u015f\u0131k tuttu.\" \/>\n<meta property=\"og:url\" content=\"https:\/\/www.gidaperakendecileri.org\/?p=6031\" \/>\n<meta property=\"og:site_name\" content=\"GPD\" \/>\n<meta property=\"article:published_time\" content=\"2023-05-08T07:43:34+00:00\" \/>\n<meta property=\"article:modified_time\" content=\"2023-05-08T07:49:49+00:00\" \/>\n<meta property=\"og:image\" content=\"https:\/\/www.gidaperakendecileri.org\/wp-content\/uploads\/2023\/05\/islerin-gelecegi-rapor.jpg\" \/>\n\t<meta property=\"og:image:width\" content=\"2268\" \/>\n\t<meta property=\"og:image:height\" content=\"1308\" \/>\n\t<meta property=\"og:image:type\" content=\"image\/jpeg\" \/>\n<meta name=\"author\" content=\"H\u00fcnkar G\u00f6rel\" \/>\n<meta name=\"twitter:card\" content=\"summary_large_image\" \/>\n<meta name=\"twitter:label1\" content=\"Written by\" \/>\n\t<meta name=\"twitter:data1\" content=\"H\u00fcnkar G\u00f6rel\" \/>\n\t<meta name=\"twitter:label2\" content=\"Est. reading time\" \/>\n\t<meta name=\"twitter:data2\" content=\"2 minutes\" \/>\n<script type=\"application\/ld+json\" class=\"yoast-schema-graph\">{\"@context\":\"https:\/\/schema.org\",\"@graph\":[{\"@type\":\"Article\",\"@id\":\"https:\/\/www.gidaperakendecileri.org\/?p=6031#article\",\"isPartOf\":{\"@id\":\"https:\/\/www.gidaperakendecileri.org\/?p=6031\"},\"author\":{\"name\":\"H\u00fcnkar G\u00f6rel\",\"@id\":\"https:\/\/www.gidaperakendecileri.org\/#\/schema\/person\/a509599b6fcfa3d743530309969de5e6\"},\"headline\":\"\u0130\u015flerin Gelece\u011fi Raporu, 4 Y\u0131l \u0130\u00e7inde Hangi \u0130\u015flerin Yok Olaca\u011f\u0131n\u0131 G\u00f6steriyor\",\"datePublished\":\"2023-05-08T07:43:34+00:00\",\"dateModified\":\"2023-05-08T07:49:49+00:00\",\"mainEntityOfPage\":{\"@id\":\"https:\/\/www.gidaperakendecileri.org\/?p=6031\"},\"wordCount\":656,\"image\":{\"@id\":\"https:\/\/www.gidaperakendecileri.org\/?p=6031#primaryimage\"},\"thumbnailUrl\":\"https:\/\/www.gidaperakendecileri.org\/wp-content\/uploads\/2023\/05\/islerin-gelecegi-rapor.jpg\",\"articleSection\":[\"Sekt\u00f6rden Haberler\"],\"inLanguage\":\"en-US\"},{\"@type\":\"WebPage\",\"@id\":\"https:\/\/www.gidaperakendecileri.org\/?p=6031\",\"url\":\"https:\/\/www.gidaperakendecileri.org\/?p=6031\",\"name\":\"\u0130\u015flerin Gelece\u011fi Raporu, 4 Y\u0131l \u0130\u00e7inde Hangi \u0130\u015flerin Yok Olaca\u011f\u0131n\u0131 G\u00f6steriyor - GPD\",\"isPartOf\":{\"@id\":\"https:\/\/www.gidaperakendecileri.org\/#website\"},\"primaryImageOfPage\":{\"@id\":\"https:\/\/www.gidaperakendecileri.org\/?p=6031#primaryimage\"},\"image\":{\"@id\":\"https:\/\/www.gidaperakendecileri.org\/?p=6031#primaryimage\"},\"thumbnailUrl\":\"https:\/\/www.gidaperakendecileri.org\/wp-content\/uploads\/2023\/05\/islerin-gelecegi-rapor.jpg\",\"datePublished\":\"2023-05-08T07:43:34+00:00\",\"dateModified\":\"2023-05-08T07:49:49+00:00\",\"author\":{\"@id\":\"https:\/\/www.gidaperakendecileri.org\/#\/schema\/person\/a509599b6fcfa3d743530309969de5e6\"},\"description\":\"D\u00fcnya Ekonomik Forumu (World Economic Forum\/WEF) \u0130\u015flerin Gelece\u011fi Raporu ile i\u015f piyasas\u0131n\u0131n gelece\u011fine \u0131\u015f\u0131k tuttu.\",\"breadcrumb\":{\"@id\":\"https:\/\/www.gidaperakendecileri.org\/?p=6031#breadcrumb\"},\"inLanguage\":\"en-US\",\"potentialAction\":[{\"@type\":\"ReadAction\",\"target\":[\"https:\/\/www.gidaperakendecileri.org\/?p=6031\"]}]},{\"@type\":\"ImageObject\",\"inLanguage\":\"en-US\",\"@id\":\"https:\/\/www.gidaperakendecileri.org\/?p=6031#primaryimage\",\"url\":\"https:\/\/www.gidaperakendecileri.org\/wp-content\/uploads\/2023\/05\/islerin-gelecegi-rapor.jpg\",\"contentUrl\":\"https:\/\/www.gidaperakendecileri.org\/wp-content\/uploads\/2023\/05\/islerin-gelecegi-rapor.jpg\",\"width\":2268,\"height\":1308},{\"@type\":\"BreadcrumbList\",\"@id\":\"https:\/\/www.gidaperakendecileri.org\/?p=6031#breadcrumb\",\"itemListElement\":[{\"@type\":\"ListItem\",\"position\":1,\"name\":\"Home\",\"item\":\"https:\/\/www.gidaperakendecileri.org\/\"},{\"@type\":\"ListItem\",\"position\":2,\"name\":\"\u0130\u015flerin Gelece\u011fi Raporu, 4 Y\u0131l \u0130\u00e7inde Hangi \u0130\u015flerin Yok Olaca\u011f\u0131n\u0131 G\u00f6steriyor\"}]},{\"@type\":\"WebSite\",\"@id\":\"https:\/\/www.gidaperakendecileri.org\/#website\",\"url\":\"https:\/\/www.gidaperakendecileri.org\/\",\"name\":\"GPD\",\"description\":\"G\u0131da Perakendecileri Derne\u011fi\",\"potentialAction\":[{\"@type\":\"SearchAction\",\"target\":{\"@type\":\"EntryPoint\",\"urlTemplate\":\"https:\/\/www.gidaperakendecileri.org\/?s={search_term_string}\"},\"query-input\":{\"@type\":\"PropertyValueSpecification\",\"valueRequired\":true,\"valueName\":\"search_term_string\"}}],\"inLanguage\":\"en-US\"},{\"@type\":\"Person\",\"@id\":\"https:\/\/www.gidaperakendecileri.org\/#\/schema\/person\/a509599b6fcfa3d743530309969de5e6\",\"name\":\"H\u00fcnkar G\u00f6rel\",\"image\":{\"@type\":\"ImageObject\",\"inLanguage\":\"en-US\",\"@id\":\"https:\/\/www.gidaperakendecileri.org\/#\/schema\/person\/image\/\",\"url\":\"https:\/\/secure.gravatar.com\/avatar\/6833176c6068a3a97919a716cee09184937057818487819b3315830bdfd463a4?s=96&d=mm&r=g\",\"contentUrl\":\"https:\/\/secure.gravatar.com\/avatar\/6833176c6068a3a97919a716cee09184937057818487819b3315830bdfd463a4?s=96&d=mm&r=g\",\"caption\":\"H\u00fcnkar G\u00f6rel\"},\"url\":\"https:\/\/www.gidaperakendecileri.org\/?author=2\"}]}<\/script>\n<!-- \/ Yoast SEO plugin. -->","yoast_head_json":{"title":"\u0130\u015flerin Gelece\u011fi Raporu, 4 Y\u0131l \u0130\u00e7inde Hangi \u0130\u015flerin Yok Olaca\u011f\u0131n\u0131 G\u00f6steriyor - GPD","description":"D\u00fcnya Ekonomik Forumu (World Economic Forum\/WEF) \u0130\u015flerin Gelece\u011fi Raporu ile i\u015f piyasas\u0131n\u0131n gelece\u011fine \u0131\u015f\u0131k tuttu.","robots":{"index":"index","follow":"follow","max-snippet":"max-snippet:-1","max-image-preview":"max-image-preview:large","max-video-preview":"max-video-preview:-1"},"canonical":"https:\/\/www.gidaperakendecileri.org\/?p=6031","og_locale":"en_US","og_type":"article","og_title":"\u0130\u015flerin Gelece\u011fi Raporu, 4 Y\u0131l \u0130\u00e7inde Hangi \u0130\u015flerin Yok Olaca\u011f\u0131n\u0131 G\u00f6steriyor - GPD","og_description":"D\u00fcnya Ekonomik Forumu (World Economic Forum\/WEF) \u0130\u015flerin Gelece\u011fi Raporu ile i\u015f piyasas\u0131n\u0131n gelece\u011fine \u0131\u015f\u0131k tuttu.","og_url":"https:\/\/www.gidaperakendecileri.org\/?p=6031","og_site_name":"GPD","article_published_time":"2023-05-08T07:43:34+00:00","article_modified_time":"2023-05-08T07:49:49+00:00","og_image":[{"width":2268,"height":1308,"url":"https:\/\/www.gidaperakendecileri.org\/wp-content\/uploads\/2023\/05\/islerin-gelecegi-rapor.jpg","type":"image\/jpeg"}],"author":"H\u00fcnkar G\u00f6rel","twitter_card":"summary_large_image","twitter_misc":{"Written by":"H\u00fcnkar G\u00f6rel","Est. reading time":"2 minutes"},"schema":{"@context":"https:\/\/schema.org","@graph":[{"@type":"Article","@id":"https:\/\/www.gidaperakendecileri.org\/?p=6031#article","isPartOf":{"@id":"https:\/\/www.gidaperakendecileri.org\/?p=6031"},"author":{"name":"H\u00fcnkar G\u00f6rel","@id":"https:\/\/www.gidaperakendecileri.org\/#\/schema\/person\/a509599b6fcfa3d743530309969de5e6"},"headline":"\u0130\u015flerin Gelece\u011fi Raporu, 4 Y\u0131l \u0130\u00e7inde Hangi \u0130\u015flerin Yok Olaca\u011f\u0131n\u0131 G\u00f6steriyor","datePublished":"2023-05-08T07:43:34+00:00","dateModified":"2023-05-08T07:49:49+00:00","mainEntityOfPage":{"@id":"https:\/\/www.gidaperakendecileri.org\/?p=6031"},"wordCount":656,"image":{"@id":"https:\/\/www.gidaperakendecileri.org\/?p=6031#primaryimage"},"thumbnailUrl":"https:\/\/www.gidaperakendecileri.org\/wp-content\/uploads\/2023\/05\/islerin-gelecegi-rapor.jpg","articleSection":["Sekt\u00f6rden Haberler"],"inLanguage":"en-US"},{"@type":"WebPage","@id":"https:\/\/www.gidaperakendecileri.org\/?p=6031","url":"https:\/\/www.gidaperakendecileri.org\/?p=6031","name":"\u0130\u015flerin Gelece\u011fi Raporu, 4 Y\u0131l \u0130\u00e7inde Hangi \u0130\u015flerin Yok Olaca\u011f\u0131n\u0131 G\u00f6steriyor - GPD","isPartOf":{"@id":"https:\/\/www.gidaperakendecileri.org\/#website"},"primaryImageOfPage":{"@id":"https:\/\/www.gidaperakendecileri.org\/?p=6031#primaryimage"},"image":{"@id":"https:\/\/www.gidaperakendecileri.org\/?p=6031#primaryimage"},"thumbnailUrl":"https:\/\/www.gidaperakendecileri.org\/wp-content\/uploads\/2023\/05\/islerin-gelecegi-rapor.jpg","datePublished":"2023-05-08T07:43:34+00:00","dateModified":"2023-05-08T07:49:49+00:00","author":{"@id":"https:\/\/www.gidaperakendecileri.org\/#\/schema\/person\/a509599b6fcfa3d743530309969de5e6"},"description":"D\u00fcnya Ekonomik Forumu (World Economic Forum\/WEF) \u0130\u015flerin Gelece\u011fi Raporu ile i\u015f piyasas\u0131n\u0131n gelece\u011fine \u0131\u015f\u0131k tuttu.","breadcrumb":{"@id":"https:\/\/www.gidaperakendecileri.org\/?p=6031#breadcrumb"},"inLanguage":"en-US","potentialAction":[{"@type":"ReadAction","target":["https:\/\/www.gidaperakendecileri.org\/?p=6031"]}]},{"@type":"ImageObject","inLanguage":"en-US","@id":"https:\/\/www.gidaperakendecileri.org\/?p=6031#primaryimage","url":"https:\/\/www.gidaperakendecileri.org\/wp-content\/uploads\/2023\/05\/islerin-gelecegi-rapor.jpg","contentUrl":"https:\/\/www.gidaperakendecileri.org\/wp-content\/uploads\/2023\/05\/islerin-gelecegi-rapor.jpg","width":2268,"height":1308},{"@type":"BreadcrumbList","@id":"https:\/\/www.gidaperakendecileri.org\/?p=6031#breadcrumb","itemListElement":[{"@type":"ListItem","position":1,"name":"Home","item":"https:\/\/www.gidaperakendecileri.org\/"},{"@type":"ListItem","position":2,"name":"\u0130\u015flerin Gelece\u011fi Raporu, 4 Y\u0131l \u0130\u00e7inde Hangi \u0130\u015flerin Yok Olaca\u011f\u0131n\u0131 G\u00f6steriyor"}]},{"@type":"WebSite","@id":"https:\/\/www.gidaperakendecileri.org\/#website","url":"https:\/\/www.gidaperakendecileri.org\/","name":"GPD","description":"G\u0131da Perakendecileri Derne\u011fi","potentialAction":[{"@type":"SearchAction","target":{"@type":"EntryPoint","urlTemplate":"https:\/\/www.gidaperakendecileri.org\/?s={search_term_string}"},"query-input":{"@type":"PropertyValueSpecification","valueRequired":true,"valueName":"search_term_string"}}],"inLanguage":"en-US"},{"@type":"Person","@id":"https:\/\/www.gidaperakendecileri.org\/#\/schema\/person\/a509599b6fcfa3d743530309969de5e6","name":"H\u00fcnkar G\u00f6rel","image":{"@type":"ImageObject","inLanguage":"en-US","@id":"https:\/\/www.gidaperakendecileri.org\/#\/schema\/person\/image\/","url":"https:\/\/secure.gravatar.com\/avatar\/6833176c6068a3a97919a716cee09184937057818487819b3315830bdfd463a4?s=96&d=mm&r=g","contentUrl":"https:\/\/secure.gravatar.com\/avatar\/6833176c6068a3a97919a716cee09184937057818487819b3315830bdfd463a4?s=96&d=mm&r=g","caption":"H\u00fcnkar G\u00f6rel"},"url":"https:\/\/www.gidaperakendecileri.org\/?author=2"}]}},"amp_enabled":true,"_links":{"self":[{"href":"https:\/\/www.gidaperakendecileri.org\/index.php?rest_route=\/wp\/v2\/posts\/6031","targetHints":{"allow":["GET"]}}],"collection":[{"href":"https:\/\/www.gidaperakendecileri.org\/index.php?rest_route=\/wp\/v2\/posts"}],"about":[{"href":"https:\/\/www.gidaperakendecileri.org\/index.php?rest_route=\/wp\/v2\/types\/post"}],"author":[{"embeddable":true,"href":"https:\/\/www.gidaperakendecileri.org\/index.php?rest_route=\/wp\/v2\/users\/2"}],"replies":[{"embeddable":true,"href":"https:\/\/www.gidaperakendecileri.org\/index.php?rest_route=%2Fwp%2Fv2%2Fcomments&post=6031"}],"version-history":[{"count":4,"href":"https:\/\/www.gidaperakendecileri.org\/index.php?rest_route=\/wp\/v2\/posts\/6031\/revisions"}],"predecessor-version":[{"id":6036,"href":"https:\/\/www.gidaperakendecileri.org\/index.php?rest_route=\/wp\/v2\/posts\/6031\/revisions\/6036"}],"wp:featuredmedia":[{"embeddable":true,"href":"https:\/\/www.gidaperakendecileri.org\/index.php?rest_route=\/wp\/v2\/media\/6032"}],"wp:attachment":[{"href":"https:\/\/www.gidaperakendecileri.org\/index.php?rest_route=%2Fwp%2Fv2%2Fmedia&parent=6031"}],"wp:term":[{"taxonomy":"category","embeddable":true,"href":"https:\/\/www.gidaperakendecileri.org\/index.php?rest_route=%2Fwp%2Fv2%2Fcategories&post=6031"},{"taxonomy":"post_tag","embeddable":true,"href":"https:\/\/www.gidaperakendecileri.org\/index.php?rest_route=%2Fwp%2Fv2%2Ftags&post=6031"}],"curies":[{"name":"wp","href":"https:\/\/api.w.org\/{rel}","templated":true}]}}