{"id":5479,"date":"2022-09-02T08:29:37","date_gmt":"2022-09-02T08:29:37","guid":{"rendered":"https:\/\/www.gidaperakendecileri.org\/?p=5479"},"modified":"2022-09-02T08:33:29","modified_gmt":"2022-09-02T08:33:29","slug":"buyuk-istifadan-sessiz-istifaya-calisan-bagliligi-azaliyor","status":"publish","type":"post","link":"https:\/\/www.gidaperakendecileri.org\/?p=5479","title":{"rendered":"B\u00fcy\u00fck \u0130stifa\u2019dan Sessiz \u0130stifa\u2019ya\u2026 \u00c7al\u0131\u015fan Ba\u011fl\u0131l\u0131\u011f\u0131 Azal\u0131yor"},"content":{"rendered":"\t\t<div data-elementor-type=\"wp-post\" data-elementor-id=\"5479\" class=\"elementor elementor-5479\">\n\t\t\t\t\t\t<section class=\"elementor-section elementor-top-section elementor-element elementor-element-3ef128ae elementor-section-boxed elementor-section-height-default elementor-section-height-default\" data-id=\"3ef128ae\" data-element_type=\"section\">\n\t\t\t\t\t\t<div class=\"elementor-container elementor-column-gap-default\">\n\t\t\t\t\t<div class=\"elementor-column elementor-col-100 elementor-top-column elementor-element elementor-element-6c0ce5df\" data-id=\"6c0ce5df\" data-element_type=\"column\">\n\t\t\t<div class=\"elementor-widget-wrap elementor-element-populated\">\n\t\t\t\t\t\t<div class=\"elementor-element elementor-element-5aacae7a elementor-widget elementor-widget-text-editor\" data-id=\"5aacae7a\" data-element_type=\"widget\" data-widget_type=\"text-editor.default\">\n\t\t\t\t<div class=\"elementor-widget-container\">\n\t\t\t\t\t\t\t\t\t<div class=\"td-paragraph-padding-1\"><h3><span style=\"color: #000000;\"><strong>Ge\u00e7ti\u011fimiz y\u0131l, \u201cB\u00fcy\u00fck \u0130stifa Dalgas\u0131\u201d ile kar\u015f\u0131la\u015fan i\u015f d\u00fcnyas\u0131nda bu y\u0131l\u0131n ilk yar\u0131s\u0131na damgas\u0131n\u0131 Sessiz \u0130stifa vurdu. B\u00fcy\u00fck \u0130stifa Dalgas\u0131\u2019n\u0131 ve \u015firketler i\u00e7in yetenekleri ellerinde tutma \u00f6nerilerini <a href=\"https:\/\/www.gidaperakendecileri.org\/?p=4587\" target=\"_blank\" rel=\"noopener\">bu yaz\u0131m\u0131zda (\u2018B\u00fcy\u00fck \u0130stifa\u2019dan \u2018B\u00fcy\u00fck De\u011fi\u015fim\u2019e Yetenekleri Nas\u0131l Elimizde Tutaca\u011f\u0131z?)<\/a> ele alm\u0131\u015ft\u0131k. \u015eimdi gelelim Sessiz \u0130stifa\u2019ya\u2026<\/strong><\/span><\/h3><p><span style=\"color: #000000;\">Fark etmemi\u015f olabilirsiniz ama Sessiz \u0130stifa d\u00fcnyada \u00f6zellikle sosyal medyada b\u00fcy\u00fck yer buluyor. \u0130sim biraz yanl\u0131\u015f olabilir \u00e7\u00fcnk\u00fc \u00e7al\u0131\u015fanlar asl\u0131nda i\u015flerinden istifa etmiyorlar. Bunun yerine i\u015f i\u00e7in a\u015f\u0131r\u0131 \u00e7abadan vazge\u00e7iyorlar ve i\u015f tan\u0131mlar\u0131n\u0131n d\u0131\u015f\u0131nda en ufak bir i\u015f yapm\u0131yorlar. TikTok kullan\u0131c\u0131s\u0131 zaidleppelin&#8217;in Temmuz ay\u0131nda yapt\u0131\u011f\u0131, 3 milyondan fazla g\u00f6r\u00fcnt\u00fcleme toplayan ve ifadenin pop\u00fclerle\u015fmesine yard\u0131mc\u0131 olan bir g\u00f6nderide s\u00f6yledi\u011fi gibi\u2026 Ak\u0131m, i\u015f yerinin kurallar\u0131n\u0131 yeniden yazmak i\u00e7in m\u00fccadele eden Z Ku\u015fa\u011f\u0131 ve Milenyal \u00e7al\u0131\u015fanlar aras\u0131nda g\u00fc\u00e7l\u00fc bir yank\u0131 uyand\u0131rd\u0131.<\/span><\/p><p><span style=\"color: #000000;\">2021&#8217;de her ay ortalama 4 milyon \u00e7al\u0131\u015fan\u0131n i\u015fini b\u0131rakt\u0131\u011f\u0131 \u201cB\u00fcy\u00fck \u0130stifa\u201d hareketinin ard\u0131ndan \u00e7al\u0131\u015fanlar, esneklik konusunda ya\u015fad\u0131klar\u0131 \u00e7at\u0131\u015fmalar ve i\u015fin ya\u015famlar\u0131na nas\u0131l uyum sa\u011flamas\u0131 gerekti\u011fine dair bir yeniden de\u011ferlendirmenin ortas\u0131nda Sessiz \u0130stifay\u0131 benimsedi. Pandemi sonras\u0131nda bir\u00e7ok \u015firketin, \u00e7al\u0131\u015fanlar\u0131 ofislere geri getirmek i\u00e7in bask\u0131 yapt\u0131\u011f\u0131 bir d\u00f6nemde, y\u00f6neticiler ve \u00e7al\u0131\u015fanlar aras\u0131ndaki gerilim h\u0131z kazand\u0131. Ve Sessiz \u0130stifa hareketi, \u00e7al\u0131\u015fanda azalm\u0131\u015f motivasyon ve d\u00fc\u015f\u00fck kat\u0131l\u0131m olarak i\u015f hayat\u0131nda yerini ald\u0131. \u0130leti\u015fimi ve etkile\u015fimi yaln\u0131zca gerekli olanla s\u0131n\u0131rlamak, ilgisizlik veya bilgiyi payla\u015fmak yerine sessiz kalmak\u2026<\/span><\/p><p><strong><span style=\"color: #000000;\">\u00c7al\u0131\u015fan Ba\u011fl\u0131l\u0131\u011f\u0131 Azal\u0131yor<\/span><\/strong><br \/><span style=\"color: #000000;\">Ara\u015ft\u0131rma \u015firketi Gallup&#8217;tan gelen son veriler de \u00e7al\u0131\u015fan ba\u011fl\u0131l\u0131\u011f\u0131n\u0131n azald\u0131\u011f\u0131n\u0131 g\u00f6steriyor. Gallup&#8217;un <a href=\"https:\/\/www.gallup.com\/workplace\/349484\/state-of-the-global-workplace.aspx\" target=\"_blank\" rel=\"noopener\">\u201cState of the Global Workplace: 2022\u201d Raporu<\/a>, Birle\u015fik Krall\u0131k&#8217;taki \u00e7al\u0131\u015fanlar\u0131n yaln\u0131zca %9&#8217;unun i\u015flerine ba\u011fl\u0131 veya hevesli oldu\u011funu s\u00f6yl\u00fcyor. K\u00fcresel \u00e7apta, i\u015f yerinde kat\u0131l\u0131m ve ho\u015fnutluk, pandemiden \u00f6nceki neredeyse 10 y\u0131lda bir y\u00fckseli\u015fteydi. Ama \u015fimdi pek de \u00f6yle g\u00f6r\u00fcnm\u00fcyor. &#8220;Hafta sonu i\u00e7in ya\u015famak&#8221;, &#8220;saatin tik taklar\u0131n\u0131 izlemek&#8221;, &#8220;i\u015f sadece bir maa\u015f \u00e7eki\u201d gibi tan\u0131mlamalar k\u00fcresel olarak \u00e7al\u0131\u015fanlar\u0131n mottosu haline gelmi\u015f durumda. \u00c7al\u0131\u015fanlar\u0131n yaln\u0131zca %21&#8217;i i\u015flerine ba\u011fl\u0131 ve \u00e7o\u011fu, i\u015flerini anlaml\u0131 bulmad\u0131klar\u0131n\u0131, hayatlar\u0131n\u0131n iyi gitmedi\u011fini d\u00fc\u015f\u00fcnd\u00fcklerini veya gelecekleri hakk\u0131nda umutlu hissetmediklerini s\u00f6yl\u00fcyor.<\/span><\/p><p><strong><span style=\"color: #000000;\">\u0130\u015f Tatmininde D\u00fc\u015f\u00fc\u015f<\/span><\/strong><br \/><span style=\"color: #000000;\">Nottingham \u00dcniversitesi&#8217;nde \u00f6rg\u00fctsel davran\u0131\u015f alan\u0131nda do\u00e7ent ve meslekler aras\u0131 e\u011fitim ve \u00f6\u011frenim merkezinin direkt\u00f6r\u00fc Maria Kordowicz, sessiz istifalardaki art\u0131\u015f\u0131n i\u015f tatmininde g\u00f6zle g\u00f6r\u00fcl\u00fcr bir d\u00fc\u015f\u00fc\u015fle ba\u011flant\u0131l\u0131 oldu\u011funu s\u00f6yl\u00fcyor. Kordowicz, \u201cPandemiden bu yana, insanlar\u0131n i\u015fle ili\u015fkisi bir\u00e7ok y\u00f6nden incelendi ve tipik olarak meslekler aras\u0131ndaki literat\u00fcr insanlar\u0131n i\u015fleriyle ili\u015fki kurma bi\u00e7imlerinin de\u011fi\u015fti\u011fini ortaya koyuyor. Anlam aray\u0131\u015f\u0131 \u00e7ok daha belirgin hale geldi. Pandemi s\u0131ras\u0131nda kendi \u00f6l\u00fcml\u00fcl\u00fc\u011f\u00fcm\u00fcz\u00fc hat\u0131rlad\u0131k. \u0130nsanlar, &#8216;\u00c7al\u0131\u015fmak benim i\u00e7in ne anlama geliyor?, De\u011ferlerime daha uygun bir rol nas\u0131l edinebilirim?\u2019 gibi sorular sormaya ba\u015flad\u0131\u201d diyor.<\/span><\/p><p><span style=\"color: #808080;\"><em>Kaynak: Washington Post, The Guardian<\/em><\/span><\/p><\/div>\t\t\t\t\t\t\t\t<\/div>\n\t\t\t\t<\/div>\n\t\t\t\t\t<\/div>\n\t\t<\/div>\n\t\t\t\t\t<\/div>\n\t\t<\/section>\n\t\t\t\t<\/div>\n\t\t","protected":false},"excerpt":{"rendered":"<p>Ge\u00e7ti\u011fimiz y\u0131l, \u201cB\u00fcy\u00fck \u0130stifa Dalgas\u0131\u201d ile kar\u015f\u0131la\u015fan i\u015f d\u00fcnyas\u0131nda bu y\u0131l\u0131n ilk yar\u0131s\u0131na damgas\u0131n\u0131 Sessiz \u0130stifa vurdu. B\u00fcy\u00fck \u0130stifa Dalgas\u0131\u2019n\u0131 ve \u015firketler i\u00e7in yetenekleri ellerinde tutma \u00f6nerilerini bu yaz\u0131m\u0131zda (\u2018B\u00fcy\u00fck \u0130stifa\u2019dan \u2018B\u00fcy\u00fck De\u011fi\u015fim\u2019e Yetenekleri Nas\u0131l Elimizde Tutaca\u011f\u0131z?) ele alm\u0131\u015ft\u0131k. \u015eimdi gelelim Sessiz \u0130stifa\u2019ya\u2026 Fark etmemi\u015f olabilirsiniz ama Sessiz \u0130stifa d\u00fcnyada \u00f6zellikle sosyal medyada b\u00fcy\u00fck yer [&hellip;]<\/p>\n","protected":false},"author":2,"featured_media":5481,"comment_status":"closed","ping_status":"closed","sticky":false,"template":"","format":"standard","meta":{"_monsterinsights_skip_tracking":false,"_monsterinsights_sitenote_active":false,"_monsterinsights_sitenote_note":"","_monsterinsights_sitenote_category":0,"footnotes":""},"categories":[32],"tags":[],"class_list":{"0":"post-5479","1":"post","2":"type-post","3":"status-publish","4":"format-standard","5":"has-post-thumbnail","7":"category-sektorden-haberler-haberler"},"featured_image_src":"https:\/\/www.gidaperakendecileri.org\/wp-content\/uploads\/2022\/09\/sessiz-istifa-gpd-1.jpg","author_info":{"display_name":"H\u00fcnkar G\u00f6rel","author_link":"https:\/\/www.gidaperakendecileri.org\/?author=2"},"yoast_head":"<!-- This site is optimized with the Yoast SEO plugin v26.7 - https:\/\/yoast.com\/wordpress\/plugins\/seo\/ -->\n<title>B\u00fcy\u00fck \u0130stifa\u2019dan Sessiz \u0130stifa\u2019ya\u2026 \u00c7al\u0131\u015fan Ba\u011fl\u0131l\u0131\u011f\u0131 Azal\u0131yor - GPD<\/title>\n<meta name=\"description\" content=\"Ge\u00e7ti\u011fimiz y\u0131l, \u201cB\u00fcy\u00fck \u0130stifa Dalgas\u0131\u201d ile kar\u015f\u0131la\u015fan i\u015f d\u00fcnyas\u0131nda bu y\u0131l\u0131n ilk yar\u0131s\u0131na damgas\u0131n\u0131 Sessiz \u0130stifa vurdu.\" \/>\n<meta name=\"robots\" content=\"index, follow, max-snippet:-1, max-image-preview:large, max-video-preview:-1\" \/>\n<link rel=\"canonical\" href=\"https:\/\/www.gidaperakendecileri.org\/?p=5479\" \/>\n<meta property=\"og:locale\" content=\"en_US\" \/>\n<meta property=\"og:type\" content=\"article\" \/>\n<meta property=\"og:title\" content=\"B\u00fcy\u00fck \u0130stifa\u2019dan Sessiz \u0130stifa\u2019ya\u2026 \u00c7al\u0131\u015fan Ba\u011fl\u0131l\u0131\u011f\u0131 Azal\u0131yor - GPD\" \/>\n<meta property=\"og:description\" content=\"Ge\u00e7ti\u011fimiz y\u0131l, \u201cB\u00fcy\u00fck \u0130stifa Dalgas\u0131\u201d ile kar\u015f\u0131la\u015fan i\u015f d\u00fcnyas\u0131nda bu y\u0131l\u0131n ilk yar\u0131s\u0131na damgas\u0131n\u0131 Sessiz \u0130stifa vurdu.\" \/>\n<meta property=\"og:url\" content=\"https:\/\/www.gidaperakendecileri.org\/?p=5479\" \/>\n<meta property=\"og:site_name\" content=\"GPD\" \/>\n<meta property=\"article:published_time\" content=\"2022-09-02T08:29:37+00:00\" \/>\n<meta property=\"article:modified_time\" content=\"2022-09-02T08:33:29+00:00\" \/>\n<meta property=\"og:image\" content=\"https:\/\/www.gidaperakendecileri.org\/wp-content\/uploads\/2022\/09\/sessiz-istifa-gpd-1.jpg\" \/>\n\t<meta property=\"og:image:width\" content=\"1969\" \/>\n\t<meta property=\"og:image:height\" content=\"1284\" \/>\n\t<meta property=\"og:image:type\" content=\"image\/jpeg\" \/>\n<meta name=\"author\" content=\"H\u00fcnkar G\u00f6rel\" \/>\n<meta name=\"twitter:card\" content=\"summary_large_image\" \/>\n<meta name=\"twitter:label1\" content=\"Written by\" \/>\n\t<meta name=\"twitter:data1\" content=\"H\u00fcnkar G\u00f6rel\" \/>\n\t<meta name=\"twitter:label2\" content=\"Est. reading time\" \/>\n\t<meta name=\"twitter:data2\" content=\"2 minutes\" \/>\n<script type=\"application\/ld+json\" class=\"yoast-schema-graph\">{\"@context\":\"https:\/\/schema.org\",\"@graph\":[{\"@type\":\"Article\",\"@id\":\"https:\/\/www.gidaperakendecileri.org\/?p=5479#article\",\"isPartOf\":{\"@id\":\"https:\/\/www.gidaperakendecileri.org\/?p=5479\"},\"author\":{\"name\":\"H\u00fcnkar G\u00f6rel\",\"@id\":\"https:\/\/www.gidaperakendecileri.org\/#\/schema\/person\/a509599b6fcfa3d743530309969de5e6\"},\"headline\":\"B\u00fcy\u00fck \u0130stifa\u2019dan Sessiz \u0130stifa\u2019ya\u2026 \u00c7al\u0131\u015fan Ba\u011fl\u0131l\u0131\u011f\u0131 Azal\u0131yor\",\"datePublished\":\"2022-09-02T08:29:37+00:00\",\"dateModified\":\"2022-09-02T08:33:29+00:00\",\"mainEntityOfPage\":{\"@id\":\"https:\/\/www.gidaperakendecileri.org\/?p=5479\"},\"wordCount\":611,\"image\":{\"@id\":\"https:\/\/www.gidaperakendecileri.org\/?p=5479#primaryimage\"},\"thumbnailUrl\":\"https:\/\/www.gidaperakendecileri.org\/wp-content\/uploads\/2022\/09\/sessiz-istifa-gpd-1.jpg\",\"articleSection\":[\"Sekt\u00f6rden Haberler\"],\"inLanguage\":\"en-US\"},{\"@type\":\"WebPage\",\"@id\":\"https:\/\/www.gidaperakendecileri.org\/?p=5479\",\"url\":\"https:\/\/www.gidaperakendecileri.org\/?p=5479\",\"name\":\"B\u00fcy\u00fck \u0130stifa\u2019dan Sessiz \u0130stifa\u2019ya\u2026 \u00c7al\u0131\u015fan Ba\u011fl\u0131l\u0131\u011f\u0131 Azal\u0131yor - GPD\",\"isPartOf\":{\"@id\":\"https:\/\/www.gidaperakendecileri.org\/#website\"},\"primaryImageOfPage\":{\"@id\":\"https:\/\/www.gidaperakendecileri.org\/?p=5479#primaryimage\"},\"image\":{\"@id\":\"https:\/\/www.gidaperakendecileri.org\/?p=5479#primaryimage\"},\"thumbnailUrl\":\"https:\/\/www.gidaperakendecileri.org\/wp-content\/uploads\/2022\/09\/sessiz-istifa-gpd-1.jpg\",\"datePublished\":\"2022-09-02T08:29:37+00:00\",\"dateModified\":\"2022-09-02T08:33:29+00:00\",\"author\":{\"@id\":\"https:\/\/www.gidaperakendecileri.org\/#\/schema\/person\/a509599b6fcfa3d743530309969de5e6\"},\"description\":\"Ge\u00e7ti\u011fimiz y\u0131l, \u201cB\u00fcy\u00fck \u0130stifa Dalgas\u0131\u201d ile kar\u015f\u0131la\u015fan i\u015f d\u00fcnyas\u0131nda bu y\u0131l\u0131n ilk yar\u0131s\u0131na damgas\u0131n\u0131 Sessiz \u0130stifa vurdu.\",\"breadcrumb\":{\"@id\":\"https:\/\/www.gidaperakendecileri.org\/?p=5479#breadcrumb\"},\"inLanguage\":\"en-US\",\"potentialAction\":[{\"@type\":\"ReadAction\",\"target\":[\"https:\/\/www.gidaperakendecileri.org\/?p=5479\"]}]},{\"@type\":\"ImageObject\",\"inLanguage\":\"en-US\",\"@id\":\"https:\/\/www.gidaperakendecileri.org\/?p=5479#primaryimage\",\"url\":\"https:\/\/www.gidaperakendecileri.org\/wp-content\/uploads\/2022\/09\/sessiz-istifa-gpd-1.jpg\",\"contentUrl\":\"https:\/\/www.gidaperakendecileri.org\/wp-content\/uploads\/2022\/09\/sessiz-istifa-gpd-1.jpg\",\"width\":1969,\"height\":1284},{\"@type\":\"BreadcrumbList\",\"@id\":\"https:\/\/www.gidaperakendecileri.org\/?p=5479#breadcrumb\",\"itemListElement\":[{\"@type\":\"ListItem\",\"position\":1,\"name\":\"Home\",\"item\":\"https:\/\/www.gidaperakendecileri.org\/\"},{\"@type\":\"ListItem\",\"position\":2,\"name\":\"B\u00fcy\u00fck \u0130stifa\u2019dan Sessiz \u0130stifa\u2019ya\u2026 \u00c7al\u0131\u015fan Ba\u011fl\u0131l\u0131\u011f\u0131 Azal\u0131yor\"}]},{\"@type\":\"WebSite\",\"@id\":\"https:\/\/www.gidaperakendecileri.org\/#website\",\"url\":\"https:\/\/www.gidaperakendecileri.org\/\",\"name\":\"GPD\",\"description\":\"G\u0131da Perakendecileri Derne\u011fi\",\"potentialAction\":[{\"@type\":\"SearchAction\",\"target\":{\"@type\":\"EntryPoint\",\"urlTemplate\":\"https:\/\/www.gidaperakendecileri.org\/?s={search_term_string}\"},\"query-input\":{\"@type\":\"PropertyValueSpecification\",\"valueRequired\":true,\"valueName\":\"search_term_string\"}}],\"inLanguage\":\"en-US\"},{\"@type\":\"Person\",\"@id\":\"https:\/\/www.gidaperakendecileri.org\/#\/schema\/person\/a509599b6fcfa3d743530309969de5e6\",\"name\":\"H\u00fcnkar G\u00f6rel\",\"image\":{\"@type\":\"ImageObject\",\"inLanguage\":\"en-US\",\"@id\":\"https:\/\/www.gidaperakendecileri.org\/#\/schema\/person\/image\/\",\"url\":\"https:\/\/secure.gravatar.com\/avatar\/6833176c6068a3a97919a716cee09184937057818487819b3315830bdfd463a4?s=96&d=mm&r=g\",\"contentUrl\":\"https:\/\/secure.gravatar.com\/avatar\/6833176c6068a3a97919a716cee09184937057818487819b3315830bdfd463a4?s=96&d=mm&r=g\",\"caption\":\"H\u00fcnkar G\u00f6rel\"},\"url\":\"https:\/\/www.gidaperakendecileri.org\/?author=2\"}]}<\/script>\n<!-- \/ Yoast SEO plugin. -->","yoast_head_json":{"title":"B\u00fcy\u00fck \u0130stifa\u2019dan Sessiz \u0130stifa\u2019ya\u2026 \u00c7al\u0131\u015fan Ba\u011fl\u0131l\u0131\u011f\u0131 Azal\u0131yor - GPD","description":"Ge\u00e7ti\u011fimiz y\u0131l, \u201cB\u00fcy\u00fck \u0130stifa Dalgas\u0131\u201d ile kar\u015f\u0131la\u015fan i\u015f d\u00fcnyas\u0131nda bu y\u0131l\u0131n ilk yar\u0131s\u0131na damgas\u0131n\u0131 Sessiz \u0130stifa vurdu.","robots":{"index":"index","follow":"follow","max-snippet":"max-snippet:-1","max-image-preview":"max-image-preview:large","max-video-preview":"max-video-preview:-1"},"canonical":"https:\/\/www.gidaperakendecileri.org\/?p=5479","og_locale":"en_US","og_type":"article","og_title":"B\u00fcy\u00fck \u0130stifa\u2019dan Sessiz \u0130stifa\u2019ya\u2026 \u00c7al\u0131\u015fan Ba\u011fl\u0131l\u0131\u011f\u0131 Azal\u0131yor - GPD","og_description":"Ge\u00e7ti\u011fimiz y\u0131l, \u201cB\u00fcy\u00fck \u0130stifa Dalgas\u0131\u201d ile kar\u015f\u0131la\u015fan i\u015f d\u00fcnyas\u0131nda bu y\u0131l\u0131n ilk yar\u0131s\u0131na damgas\u0131n\u0131 Sessiz \u0130stifa vurdu.","og_url":"https:\/\/www.gidaperakendecileri.org\/?p=5479","og_site_name":"GPD","article_published_time":"2022-09-02T08:29:37+00:00","article_modified_time":"2022-09-02T08:33:29+00:00","og_image":[{"width":1969,"height":1284,"url":"https:\/\/www.gidaperakendecileri.org\/wp-content\/uploads\/2022\/09\/sessiz-istifa-gpd-1.jpg","type":"image\/jpeg"}],"author":"H\u00fcnkar G\u00f6rel","twitter_card":"summary_large_image","twitter_misc":{"Written by":"H\u00fcnkar G\u00f6rel","Est. reading time":"2 minutes"},"schema":{"@context":"https:\/\/schema.org","@graph":[{"@type":"Article","@id":"https:\/\/www.gidaperakendecileri.org\/?p=5479#article","isPartOf":{"@id":"https:\/\/www.gidaperakendecileri.org\/?p=5479"},"author":{"name":"H\u00fcnkar G\u00f6rel","@id":"https:\/\/www.gidaperakendecileri.org\/#\/schema\/person\/a509599b6fcfa3d743530309969de5e6"},"headline":"B\u00fcy\u00fck \u0130stifa\u2019dan Sessiz \u0130stifa\u2019ya\u2026 \u00c7al\u0131\u015fan Ba\u011fl\u0131l\u0131\u011f\u0131 Azal\u0131yor","datePublished":"2022-09-02T08:29:37+00:00","dateModified":"2022-09-02T08:33:29+00:00","mainEntityOfPage":{"@id":"https:\/\/www.gidaperakendecileri.org\/?p=5479"},"wordCount":611,"image":{"@id":"https:\/\/www.gidaperakendecileri.org\/?p=5479#primaryimage"},"thumbnailUrl":"https:\/\/www.gidaperakendecileri.org\/wp-content\/uploads\/2022\/09\/sessiz-istifa-gpd-1.jpg","articleSection":["Sekt\u00f6rden Haberler"],"inLanguage":"en-US"},{"@type":"WebPage","@id":"https:\/\/www.gidaperakendecileri.org\/?p=5479","url":"https:\/\/www.gidaperakendecileri.org\/?p=5479","name":"B\u00fcy\u00fck \u0130stifa\u2019dan Sessiz \u0130stifa\u2019ya\u2026 \u00c7al\u0131\u015fan Ba\u011fl\u0131l\u0131\u011f\u0131 Azal\u0131yor - GPD","isPartOf":{"@id":"https:\/\/www.gidaperakendecileri.org\/#website"},"primaryImageOfPage":{"@id":"https:\/\/www.gidaperakendecileri.org\/?p=5479#primaryimage"},"image":{"@id":"https:\/\/www.gidaperakendecileri.org\/?p=5479#primaryimage"},"thumbnailUrl":"https:\/\/www.gidaperakendecileri.org\/wp-content\/uploads\/2022\/09\/sessiz-istifa-gpd-1.jpg","datePublished":"2022-09-02T08:29:37+00:00","dateModified":"2022-09-02T08:33:29+00:00","author":{"@id":"https:\/\/www.gidaperakendecileri.org\/#\/schema\/person\/a509599b6fcfa3d743530309969de5e6"},"description":"Ge\u00e7ti\u011fimiz y\u0131l, \u201cB\u00fcy\u00fck \u0130stifa Dalgas\u0131\u201d ile kar\u015f\u0131la\u015fan i\u015f d\u00fcnyas\u0131nda bu y\u0131l\u0131n ilk yar\u0131s\u0131na damgas\u0131n\u0131 Sessiz \u0130stifa vurdu.","breadcrumb":{"@id":"https:\/\/www.gidaperakendecileri.org\/?p=5479#breadcrumb"},"inLanguage":"en-US","potentialAction":[{"@type":"ReadAction","target":["https:\/\/www.gidaperakendecileri.org\/?p=5479"]}]},{"@type":"ImageObject","inLanguage":"en-US","@id":"https:\/\/www.gidaperakendecileri.org\/?p=5479#primaryimage","url":"https:\/\/www.gidaperakendecileri.org\/wp-content\/uploads\/2022\/09\/sessiz-istifa-gpd-1.jpg","contentUrl":"https:\/\/www.gidaperakendecileri.org\/wp-content\/uploads\/2022\/09\/sessiz-istifa-gpd-1.jpg","width":1969,"height":1284},{"@type":"BreadcrumbList","@id":"https:\/\/www.gidaperakendecileri.org\/?p=5479#breadcrumb","itemListElement":[{"@type":"ListItem","position":1,"name":"Home","item":"https:\/\/www.gidaperakendecileri.org\/"},{"@type":"ListItem","position":2,"name":"B\u00fcy\u00fck \u0130stifa\u2019dan Sessiz \u0130stifa\u2019ya\u2026 \u00c7al\u0131\u015fan Ba\u011fl\u0131l\u0131\u011f\u0131 Azal\u0131yor"}]},{"@type":"WebSite","@id":"https:\/\/www.gidaperakendecileri.org\/#website","url":"https:\/\/www.gidaperakendecileri.org\/","name":"GPD","description":"G\u0131da Perakendecileri Derne\u011fi","potentialAction":[{"@type":"SearchAction","target":{"@type":"EntryPoint","urlTemplate":"https:\/\/www.gidaperakendecileri.org\/?s={search_term_string}"},"query-input":{"@type":"PropertyValueSpecification","valueRequired":true,"valueName":"search_term_string"}}],"inLanguage":"en-US"},{"@type":"Person","@id":"https:\/\/www.gidaperakendecileri.org\/#\/schema\/person\/a509599b6fcfa3d743530309969de5e6","name":"H\u00fcnkar G\u00f6rel","image":{"@type":"ImageObject","inLanguage":"en-US","@id":"https:\/\/www.gidaperakendecileri.org\/#\/schema\/person\/image\/","url":"https:\/\/secure.gravatar.com\/avatar\/6833176c6068a3a97919a716cee09184937057818487819b3315830bdfd463a4?s=96&d=mm&r=g","contentUrl":"https:\/\/secure.gravatar.com\/avatar\/6833176c6068a3a97919a716cee09184937057818487819b3315830bdfd463a4?s=96&d=mm&r=g","caption":"H\u00fcnkar G\u00f6rel"},"url":"https:\/\/www.gidaperakendecileri.org\/?author=2"}]}},"amp_enabled":true,"_links":{"self":[{"href":"https:\/\/www.gidaperakendecileri.org\/index.php?rest_route=\/wp\/v2\/posts\/5479","targetHints":{"allow":["GET"]}}],"collection":[{"href":"https:\/\/www.gidaperakendecileri.org\/index.php?rest_route=\/wp\/v2\/posts"}],"about":[{"href":"https:\/\/www.gidaperakendecileri.org\/index.php?rest_route=\/wp\/v2\/types\/post"}],"author":[{"embeddable":true,"href":"https:\/\/www.gidaperakendecileri.org\/index.php?rest_route=\/wp\/v2\/users\/2"}],"replies":[{"embeddable":true,"href":"https:\/\/www.gidaperakendecileri.org\/index.php?rest_route=%2Fwp%2Fv2%2Fcomments&post=5479"}],"version-history":[{"count":4,"href":"https:\/\/www.gidaperakendecileri.org\/index.php?rest_route=\/wp\/v2\/posts\/5479\/revisions"}],"predecessor-version":[{"id":5484,"href":"https:\/\/www.gidaperakendecileri.org\/index.php?rest_route=\/wp\/v2\/posts\/5479\/revisions\/5484"}],"wp:featuredmedia":[{"embeddable":true,"href":"https:\/\/www.gidaperakendecileri.org\/index.php?rest_route=\/wp\/v2\/media\/5481"}],"wp:attachment":[{"href":"https:\/\/www.gidaperakendecileri.org\/index.php?rest_route=%2Fwp%2Fv2%2Fmedia&parent=5479"}],"wp:term":[{"taxonomy":"category","embeddable":true,"href":"https:\/\/www.gidaperakendecileri.org\/index.php?rest_route=%2Fwp%2Fv2%2Fcategories&post=5479"},{"taxonomy":"post_tag","embeddable":true,"href":"https:\/\/www.gidaperakendecileri.org\/index.php?rest_route=%2Fwp%2Fv2%2Ftags&post=5479"}],"curies":[{"name":"wp","href":"https:\/\/api.w.org\/{rel}","templated":true}]}}