{"id":5397,"date":"2022-07-28T06:07:21","date_gmt":"2022-07-28T06:07:21","guid":{"rendered":"https:\/\/www.gidaperakendecileri.org\/?p=5397"},"modified":"2022-07-28T06:09:10","modified_gmt":"2022-07-28T06:09:10","slug":"tuketici-satin-almayi-erteliyor","status":"publish","type":"post","link":"https:\/\/www.gidaperakendecileri.org\/?p=5397","title":{"rendered":"T\u00fcketici Sat\u0131n Almay\u0131 Erteliyor"},"content":{"rendered":"\t\t<div data-elementor-type=\"wp-post\" data-elementor-id=\"5397\" class=\"elementor elementor-5397\">\n\t\t\t\t\t\t<section class=\"elementor-section elementor-top-section elementor-element elementor-element-3ef128ae elementor-section-boxed elementor-section-height-default elementor-section-height-default\" data-id=\"3ef128ae\" data-element_type=\"section\">\n\t\t\t\t\t\t<div class=\"elementor-container elementor-column-gap-default\">\n\t\t\t\t\t<div class=\"elementor-column elementor-col-100 elementor-top-column elementor-element elementor-element-6c0ce5df\" data-id=\"6c0ce5df\" data-element_type=\"column\">\n\t\t\t<div class=\"elementor-widget-wrap elementor-element-populated\">\n\t\t\t\t\t\t<div class=\"elementor-element elementor-element-5aacae7a elementor-widget elementor-widget-text-editor\" data-id=\"5aacae7a\" data-element_type=\"widget\" data-widget_type=\"text-editor.default\">\n\t\t\t\t<div class=\"elementor-widget-container\">\n\t\t\t\t\t\t\t\t\t<div class=\"td-paragraph-padding-1\"><h3><span style=\"color: #000000;\"><strong>Ipsos, toplumun dayan\u0131kl\u0131 t\u00fcketim \u00fcr\u00fcnlerine y\u00f6nelik sat\u0131n alma e\u011filimlerini g\u00f6steren ara\u015ft\u0131rmas\u0131n\u0131 yay\u0131nlad\u0131. Ara\u015ft\u0131rma, t\u00fcketicilerin b\u00fcy\u00fck k\u0131sm\u0131n\u0131n kemer s\u0131kt\u0131\u011f\u0131n\u0131 g\u00f6steriyor.<\/strong><\/span><\/h3><p><span style=\"color: #000000;\">T\u00fcketicilerin dayan\u0131kl\u0131 t\u00fcketim \u00fcr\u00fcnlerine y\u00f6nelik sat\u0131n alma e\u011filimleri ekonomik g\u00fc\u00e7lerini ve ekonomiye g\u00fcvenlerini yans\u0131tmas\u0131 y\u00f6n\u00fcyle anlaml\u0131 g\u00f6stergelerden biri. Ipsos, T\u00fcrkiye genelini \u00f6rneklem ald\u0131\u011f\u0131 son ara\u015ft\u0131rmas\u0131yla t\u00fcketicilerin bu kategorideki sat\u0131n alma e\u011filimlerini irdeliyor. T\u00fcketicilerin y\u00fczde 46\u2019s\u0131n\u0131n son 1 y\u0131lda hi\u00e7bir dayan\u0131kl\u0131 t\u00fcketim \u00fcr\u00fcn\u00fc sat\u0131n almad\u0131\u011f\u0131n\u0131 ortaya koyan ara\u015ft\u0131rma hem ayl\u0131k hem y\u0131ll\u0131k bazda en \u00e7ok sat\u0131n al\u0131nan \u00fcr\u00fcnlerin s\u0131ras\u0131yla ak\u0131ll\u0131 telefon, elektrikli k\u00fc\u00e7\u00fck ev aletleri ve beyaz e\u015fya oldu\u011funu g\u00f6steriyor.<\/span><\/p><p><img fetchpriority=\"high\" decoding=\"async\" class=\"aligncenter wp-image-5400 size-full\" src=\"https:\/\/www.gidaperakendecileri.org\/wp-content\/uploads\/2022\/07\/1-ipsos.jpg\" alt=\"\" width=\"643\" height=\"362\" srcset=\"https:\/\/www.gidaperakendecileri.org\/wp-content\/uploads\/2022\/07\/1-ipsos.jpg 643w, https:\/\/www.gidaperakendecileri.org\/wp-content\/uploads\/2022\/07\/1-ipsos-300x169.jpg 300w\" sizes=\"(max-width: 643px) 100vw, 643px\" \/><\/p><p><span style=\"color: #000000;\">\u00d6zellikle son 1 ay i\u00e7inde sat\u0131n al\u0131nan \u00fcr\u00fcnlerde ikinci el tercihi olduk\u00e7a y\u00fcksek. T\u00fcketicinin ikinci ele en \u00e7ok y\u00f6neldi\u011fi kategori tablet ve bilgisayar (y\u00fczde 35) olurken, onu beyaz e\u015fya (y\u00fczde 29) ve televizyon (y\u00fczde 15) izliyor.<\/span><\/p><p><img decoding=\"async\" class=\"size-full wp-image-5401 aligncenter\" src=\"https:\/\/www.gidaperakendecileri.org\/wp-content\/uploads\/2022\/07\/2-ipsos.jpg\" alt=\"\" width=\"643\" height=\"362\" srcset=\"https:\/\/www.gidaperakendecileri.org\/wp-content\/uploads\/2022\/07\/2-ipsos.jpg 643w, https:\/\/www.gidaperakendecileri.org\/wp-content\/uploads\/2022\/07\/2-ipsos-300x169.jpg 300w\" sizes=\"(max-width: 643px) 100vw, 643px\" \/><\/p><p><span style=\"color: #000000;\">\u00c7o\u011funlu\u011fun ak\u0131ll\u0131 telefonlar\u0131 s\u00f6z konusu oldu\u011funda kulland\u0131\u011f\u0131 mevcut marka ve modelden daha iyisine ge\u00e7i\u015f yapt\u0131\u011f\u0131 g\u00f6r\u00fclse de alt segment marka ve modellere ge\u00e7enlerin oran\u0131 da y\u00fczde 35 ile az\u0131msanamayacak kadar fazla.<\/span><\/p><p><span style=\"color: #000000;\">Ara\u015ft\u0131rman\u0131n bir di\u011fer \u00f6nemli \u00e7\u0131kt\u0131s\u0131 ise t\u00fcm kategorilerde her 10 t\u00fcketiciden 2\u2019sinin son 1 ayda sat\u0131n alma karar\u0131ndan vazge\u00e7mi\u015f olmas\u0131. Sat\u0131n almay\u0131 erteledi\u011fini ifade eden 10 ki\u015fiden 3\u2019\u00fcn\u00fcn gerek\u00e7esi ekonomik. \u00d6n\u00fcm\u00fczdeki 1 aya bak\u0131ld\u0131\u011f\u0131nda da t\u00fcketicilerin sat\u0131n alma niyetinin olduk\u00e7a d\u00fc\u015f\u00fck (t\u00fcm kategorilerde y\u00fczde 10\u2019un alt\u0131nda) oldu\u011fu g\u00f6ze \u00e7arp\u0131yor.<\/span><\/p><p><img decoding=\"async\" class=\"size-full wp-image-5402 aligncenter\" src=\"https:\/\/www.gidaperakendecileri.org\/wp-content\/uploads\/2022\/07\/3-ipsos.jpg\" alt=\"\" width=\"643\" height=\"362\" srcset=\"https:\/\/www.gidaperakendecileri.org\/wp-content\/uploads\/2022\/07\/3-ipsos.jpg 643w, https:\/\/www.gidaperakendecileri.org\/wp-content\/uploads\/2022\/07\/3-ipsos-300x169.jpg 300w\" sizes=\"(max-width: 643px) 100vw, 643px\" \/><\/p><p><span style=\"color: #000000;\">Ipsos T\u00fcrkiye CEO\u2019su Sidar Gedik ara\u015ft\u0131rma \u00e7\u0131kt\u0131lar\u0131n\u0131 \u015fu s\u00f6zlerle de\u011ferlendiriyor: \u201cAz say\u0131da istisna hari\u00e7 pek \u00e7ok \u00fclkenin (elbette herkes i\u00e7in kendi \u00f6l\u00e7\u00fclerinde de\u011fi\u015fen \u015fekilde) y\u00fcksek enflasyon ile m\u00fccadele etti\u011fi bir d\u00f6nemden ge\u00e7iyoruz. Son y\u0131llarda y\u00fcksek enflasyonun ekonomik durgunluk-k\u00fc\u00e7\u00fclme ile birlikte seyretti\u011fi duruma stagflasyon dendi\u011fini de \u00f6\u011frendik. Geli\u015fmi\u015f ekonomilerin de dahil oldu\u011fu bir\u00e7ok \u00fclke stagflasyonun e\u015fi\u011finde. \u00dclkeler i\u00e7in d\u0131\u015f ticaret elbette \u00e7ok \u00f6nemli ancak i\u00e7 t\u00fcketim de ekonominin durgunlu\u011fa girip girmemesi a\u00e7\u0131s\u0131ndan kritik.<\/span><br \/><span style=\"color: #000000;\">\u00d6nemli i\u00e7 t\u00fcketim kategorilerinden biri dayan\u0131kl\u0131 t\u00fcketim \u00fcr\u00fcnleri. Bu kategorideki \u00fcr\u00fcnlerin \u00e7o\u011fu h\u0131zl\u0131 t\u00fcketim \u00fcr\u00fcnleri gibi g\u00fcnl\u00fck ya\u015famsal ihtiya\u00e7lara y\u00f6nelik olmad\u0131\u011f\u0131 i\u00e7in t\u00fcketicilerin ekonomik g\u00fc\u00e7lerine ve ekonomiye g\u00fcvenlerine y\u00f6nelik iyi bir g\u00f6sterge \u00f6zelli\u011fi ta\u015f\u0131yabiliyor. \u00d6zetle, t\u00fcketicinin ekonomik g\u00fcc\u00fc yeterli ise ve harcama yapacak g\u00fcvene de sahipse g\u00f6rece ya\u015famsal olmayan ihtiya\u00e7lara, mesela dayan\u0131kl\u0131 t\u00fcketim mallar\u0131na y\u00f6nelebiliyor. Bu tutumun zay\u0131flamas\u0131 ise ekonomik durgunlu\u011fun ilk i\u015faretlerinden olabilir. Mevcut ko\u015fullarda ikinci el \u00fcr\u00fcn almak bir \u00e7\u00f6z\u00fcm haline gelmi\u015f. \u00c7ama\u015f\u0131r makinesi, buzdolab\u0131, bula\u015f\u0131k makinesi sat\u0131n alan on ki\u015fiden \u00fc\u00e7\u00fc bu \u00fcr\u00fcn\u00fc ikinci el alm\u0131\u015f.<\/span><br \/><span style=\"color: #000000;\">Dayan\u0131kl\u0131 t\u00fcketim \u00fcr\u00fcnlerine y\u00f6nelik ara\u015ft\u0131rmam\u0131zda dikkat \u00e7eken iki bulgu var. \u0130lki, son bir ay i\u00e7inde bu kategoride bir sat\u0131n alma yapmam\u0131\u015f olanlar\u0131n y\u00fczde 30 ile y\u00fczde 45 aras\u0131nda de\u011fi\u015fen bir k\u0131sm\u0131n\u0131n asl\u0131nda sat\u0131n al\u0131m yapmaya niyetli iken ertelemi\u015f veya tamamen vazge\u00e7mi\u015f olmas\u0131. \u0130kincisi ise \u00f6n\u00fcm\u00fczdeki 1 ay i\u00e7inde sat\u0131n alma niyeti olanlar\u0131n oran\u0131n\u0131n \u00fcr\u00fcne g\u00f6re (cep telefonunda) maksimum y\u00fczde 9\u2019a ancak ula\u015fmas\u0131. \u00c7ama\u015f\u0131r makinesi, buzdolab\u0131 gibi daha temel ihtiya\u00e7 diyebilece\u011fimiz \u00fcr\u00fcnlerde bile sat\u0131n alma niyeti olanlar ancak y\u00fczde 5. \u0130htiyac\u0131, niyeti olup da gelecek 1 aydan ileri tarihe ertelemi\u015f olanlar da y\u00fczde 25-30 aras\u0131nda de\u011fi\u015fiyor.<\/span><br \/><span style=\"color: #000000;\">Ara\u015ft\u0131rmam\u0131z\u0131n yap\u0131ld\u0131\u011f\u0131 son 1 ay i\u00e7inde dayan\u0131kl\u0131 t\u00fcketim \u00fcr\u00fcnlerine y\u00f6nelik talep zay\u0131flamas\u0131n\u0131n ba\u015flad\u0131\u011f\u0131n\u0131 s\u00f6ylemek \u00e7ok yanl\u0131\u015f olmaz. Bu da t\u00fcketicinin ekonomik g\u00fcc\u00fcn\u00fcn ve g\u00fcveninin a\u015f\u0131nd\u0131\u011f\u0131n\u0131n bir i\u015fareti. Temmuz ay\u0131ndaki memur, emekli ve asgari \u00fccretli maa\u015f zamlar\u0131n\u0131n bu kategoriye bir canlanma getirip getirmeyece\u011fini ise \u00f6n\u00fcm\u00fczdeki ay ve sonras\u0131nda g\u00f6rece\u011fiz.\u201d<\/span><\/p><\/div>\t\t\t\t\t\t\t\t<\/div>\n\t\t\t\t<\/div>\n\t\t\t\t\t<\/div>\n\t\t<\/div>\n\t\t\t\t\t<\/div>\n\t\t<\/section>\n\t\t\t\t<\/div>\n\t\t","protected":false},"excerpt":{"rendered":"<p>Ipsos, toplumun dayan\u0131kl\u0131 t\u00fcketim \u00fcr\u00fcnlerine y\u00f6nelik sat\u0131n alma e\u011filimlerini g\u00f6steren ara\u015ft\u0131rmas\u0131n\u0131 yay\u0131nlad\u0131. Ara\u015ft\u0131rma, t\u00fcketicilerin b\u00fcy\u00fck k\u0131sm\u0131n\u0131n kemer s\u0131kt\u0131\u011f\u0131n\u0131 g\u00f6steriyor. T\u00fcketicilerin dayan\u0131kl\u0131 t\u00fcketim \u00fcr\u00fcnlerine y\u00f6nelik sat\u0131n alma e\u011filimleri ekonomik g\u00fc\u00e7lerini ve ekonomiye g\u00fcvenlerini yans\u0131tmas\u0131 y\u00f6n\u00fcyle anlaml\u0131 g\u00f6stergelerden biri. Ipsos, T\u00fcrkiye genelini \u00f6rneklem ald\u0131\u011f\u0131 son ara\u015ft\u0131rmas\u0131yla t\u00fcketicilerin bu kategorideki sat\u0131n alma e\u011filimlerini irdeliyor. T\u00fcketicilerin y\u00fczde 46\u2019s\u0131n\u0131n son [&hellip;]<\/p>\n","protected":false},"author":2,"featured_media":5398,"comment_status":"closed","ping_status":"closed","sticky":false,"template":"","format":"standard","meta":{"_monsterinsights_skip_tracking":false,"_monsterinsights_sitenote_active":false,"_monsterinsights_sitenote_note":"","_monsterinsights_sitenote_category":0,"footnotes":""},"categories":[32],"tags":[],"class_list":{"0":"post-5397","1":"post","2":"type-post","3":"status-publish","4":"format-standard","5":"has-post-thumbnail","7":"category-sektorden-haberler-haberler"},"featured_image_src":"https:\/\/www.gidaperakendecileri.org\/wp-content\/uploads\/2022\/07\/dayanikli-tuketim-ipsos-2.jpg","author_info":{"display_name":"H\u00fcnkar G\u00f6rel","author_link":"https:\/\/www.gidaperakendecileri.org\/?author=2"},"yoast_head":"<!-- This site is optimized with the Yoast SEO plugin v26.7 - https:\/\/yoast.com\/wordpress\/plugins\/seo\/ -->\n<title>T\u00fcketici Sat\u0131n Almay\u0131 Erteliyor - GPD<\/title>\n<meta name=\"description\" content=\"Ipsos, toplumun dayan\u0131kl\u0131 t\u00fcketim \u00fcr\u00fcnlerine y\u00f6nelik sat\u0131n alma e\u011filimlerini g\u00f6steren ara\u015ft\u0131rmas\u0131n\u0131 yay\u0131nlad\u0131. Ara\u015ft\u0131rma, t\u00fcketicilerin b\u00fcy\u00fck k\u0131sm\u0131n\u0131n kemer s\u0131kt\u0131\u011f\u0131n\u0131 g\u00f6steriyor.\" \/>\n<meta name=\"robots\" content=\"index, follow, max-snippet:-1, max-image-preview:large, max-video-preview:-1\" \/>\n<link rel=\"canonical\" href=\"https:\/\/www.gidaperakendecileri.org\/?p=5397\" \/>\n<meta property=\"og:locale\" content=\"en_US\" \/>\n<meta property=\"og:type\" content=\"article\" \/>\n<meta property=\"og:title\" content=\"T\u00fcketici Sat\u0131n Almay\u0131 Erteliyor - GPD\" \/>\n<meta property=\"og:description\" content=\"Ipsos, toplumun dayan\u0131kl\u0131 t\u00fcketim \u00fcr\u00fcnlerine y\u00f6nelik sat\u0131n alma e\u011filimlerini g\u00f6steren ara\u015ft\u0131rmas\u0131n\u0131 yay\u0131nlad\u0131. Ara\u015ft\u0131rma, t\u00fcketicilerin b\u00fcy\u00fck k\u0131sm\u0131n\u0131n kemer s\u0131kt\u0131\u011f\u0131n\u0131 g\u00f6steriyor.\" \/>\n<meta property=\"og:url\" content=\"https:\/\/www.gidaperakendecileri.org\/?p=5397\" \/>\n<meta property=\"og:site_name\" content=\"GPD\" \/>\n<meta property=\"article:published_time\" content=\"2022-07-28T06:07:21+00:00\" \/>\n<meta property=\"article:modified_time\" content=\"2022-07-28T06:09:10+00:00\" \/>\n<meta property=\"og:image\" content=\"https:\/\/www.gidaperakendecileri.org\/wp-content\/uploads\/2022\/07\/dayanikli-tuketim-ipsos-2.jpg\" \/>\n\t<meta property=\"og:image:width\" content=\"1417\" \/>\n\t<meta property=\"og:image:height\" content=\"709\" \/>\n\t<meta property=\"og:image:type\" content=\"image\/jpeg\" \/>\n<meta name=\"author\" content=\"H\u00fcnkar G\u00f6rel\" \/>\n<meta name=\"twitter:card\" content=\"summary_large_image\" \/>\n<meta name=\"twitter:label1\" content=\"Written by\" \/>\n\t<meta name=\"twitter:data1\" content=\"H\u00fcnkar G\u00f6rel\" \/>\n\t<meta name=\"twitter:label2\" content=\"Est. reading time\" \/>\n\t<meta name=\"twitter:data2\" content=\"3 minutes\" \/>\n<script type=\"application\/ld+json\" class=\"yoast-schema-graph\">{\"@context\":\"https:\/\/schema.org\",\"@graph\":[{\"@type\":\"Article\",\"@id\":\"https:\/\/www.gidaperakendecileri.org\/?p=5397#article\",\"isPartOf\":{\"@id\":\"https:\/\/www.gidaperakendecileri.org\/?p=5397\"},\"author\":{\"name\":\"H\u00fcnkar G\u00f6rel\",\"@id\":\"https:\/\/www.gidaperakendecileri.org\/#\/schema\/person\/a509599b6fcfa3d743530309969de5e6\"},\"headline\":\"T\u00fcketici Sat\u0131n Almay\u0131 Erteliyor\",\"datePublished\":\"2022-07-28T06:07:21+00:00\",\"dateModified\":\"2022-07-28T06:09:10+00:00\",\"mainEntityOfPage\":{\"@id\":\"https:\/\/www.gidaperakendecileri.org\/?p=5397\"},\"wordCount\":770,\"image\":{\"@id\":\"https:\/\/www.gidaperakendecileri.org\/?p=5397#primaryimage\"},\"thumbnailUrl\":\"https:\/\/www.gidaperakendecileri.org\/wp-content\/uploads\/2022\/07\/dayanikli-tuketim-ipsos-2.jpg\",\"articleSection\":[\"Sekt\u00f6rden Haberler\"],\"inLanguage\":\"en-US\"},{\"@type\":\"WebPage\",\"@id\":\"https:\/\/www.gidaperakendecileri.org\/?p=5397\",\"url\":\"https:\/\/www.gidaperakendecileri.org\/?p=5397\",\"name\":\"T\u00fcketici Sat\u0131n Almay\u0131 Erteliyor - GPD\",\"isPartOf\":{\"@id\":\"https:\/\/www.gidaperakendecileri.org\/#website\"},\"primaryImageOfPage\":{\"@id\":\"https:\/\/www.gidaperakendecileri.org\/?p=5397#primaryimage\"},\"image\":{\"@id\":\"https:\/\/www.gidaperakendecileri.org\/?p=5397#primaryimage\"},\"thumbnailUrl\":\"https:\/\/www.gidaperakendecileri.org\/wp-content\/uploads\/2022\/07\/dayanikli-tuketim-ipsos-2.jpg\",\"datePublished\":\"2022-07-28T06:07:21+00:00\",\"dateModified\":\"2022-07-28T06:09:10+00:00\",\"author\":{\"@id\":\"https:\/\/www.gidaperakendecileri.org\/#\/schema\/person\/a509599b6fcfa3d743530309969de5e6\"},\"description\":\"Ipsos, toplumun dayan\u0131kl\u0131 t\u00fcketim \u00fcr\u00fcnlerine y\u00f6nelik sat\u0131n alma e\u011filimlerini g\u00f6steren ara\u015ft\u0131rmas\u0131n\u0131 yay\u0131nlad\u0131. Ara\u015ft\u0131rma, t\u00fcketicilerin b\u00fcy\u00fck k\u0131sm\u0131n\u0131n kemer s\u0131kt\u0131\u011f\u0131n\u0131 g\u00f6steriyor.\",\"breadcrumb\":{\"@id\":\"https:\/\/www.gidaperakendecileri.org\/?p=5397#breadcrumb\"},\"inLanguage\":\"en-US\",\"potentialAction\":[{\"@type\":\"ReadAction\",\"target\":[\"https:\/\/www.gidaperakendecileri.org\/?p=5397\"]}]},{\"@type\":\"ImageObject\",\"inLanguage\":\"en-US\",\"@id\":\"https:\/\/www.gidaperakendecileri.org\/?p=5397#primaryimage\",\"url\":\"https:\/\/www.gidaperakendecileri.org\/wp-content\/uploads\/2022\/07\/dayanikli-tuketim-ipsos-2.jpg\",\"contentUrl\":\"https:\/\/www.gidaperakendecileri.org\/wp-content\/uploads\/2022\/07\/dayanikli-tuketim-ipsos-2.jpg\",\"width\":1417,\"height\":709,\"caption\":\"Household kitchen appliances and home electronics in boxes isolated on white. E-commerce, internet online shopping and delivery concept. 3d illustration\"},{\"@type\":\"BreadcrumbList\",\"@id\":\"https:\/\/www.gidaperakendecileri.org\/?p=5397#breadcrumb\",\"itemListElement\":[{\"@type\":\"ListItem\",\"position\":1,\"name\":\"Home\",\"item\":\"https:\/\/www.gidaperakendecileri.org\/\"},{\"@type\":\"ListItem\",\"position\":2,\"name\":\"T\u00fcketici Sat\u0131n Almay\u0131 Erteliyor\"}]},{\"@type\":\"WebSite\",\"@id\":\"https:\/\/www.gidaperakendecileri.org\/#website\",\"url\":\"https:\/\/www.gidaperakendecileri.org\/\",\"name\":\"GPD\",\"description\":\"G\u0131da Perakendecileri Derne\u011fi\",\"potentialAction\":[{\"@type\":\"SearchAction\",\"target\":{\"@type\":\"EntryPoint\",\"urlTemplate\":\"https:\/\/www.gidaperakendecileri.org\/?s={search_term_string}\"},\"query-input\":{\"@type\":\"PropertyValueSpecification\",\"valueRequired\":true,\"valueName\":\"search_term_string\"}}],\"inLanguage\":\"en-US\"},{\"@type\":\"Person\",\"@id\":\"https:\/\/www.gidaperakendecileri.org\/#\/schema\/person\/a509599b6fcfa3d743530309969de5e6\",\"name\":\"H\u00fcnkar G\u00f6rel\",\"image\":{\"@type\":\"ImageObject\",\"inLanguage\":\"en-US\",\"@id\":\"https:\/\/www.gidaperakendecileri.org\/#\/schema\/person\/image\/\",\"url\":\"https:\/\/secure.gravatar.com\/avatar\/6833176c6068a3a97919a716cee09184937057818487819b3315830bdfd463a4?s=96&d=mm&r=g\",\"contentUrl\":\"https:\/\/secure.gravatar.com\/avatar\/6833176c6068a3a97919a716cee09184937057818487819b3315830bdfd463a4?s=96&d=mm&r=g\",\"caption\":\"H\u00fcnkar G\u00f6rel\"},\"url\":\"https:\/\/www.gidaperakendecileri.org\/?author=2\"}]}<\/script>\n<!-- \/ Yoast SEO plugin. -->","yoast_head_json":{"title":"T\u00fcketici Sat\u0131n Almay\u0131 Erteliyor - GPD","description":"Ipsos, toplumun dayan\u0131kl\u0131 t\u00fcketim \u00fcr\u00fcnlerine y\u00f6nelik sat\u0131n alma e\u011filimlerini g\u00f6steren ara\u015ft\u0131rmas\u0131n\u0131 yay\u0131nlad\u0131. Ara\u015ft\u0131rma, t\u00fcketicilerin b\u00fcy\u00fck k\u0131sm\u0131n\u0131n kemer s\u0131kt\u0131\u011f\u0131n\u0131 g\u00f6steriyor.","robots":{"index":"index","follow":"follow","max-snippet":"max-snippet:-1","max-image-preview":"max-image-preview:large","max-video-preview":"max-video-preview:-1"},"canonical":"https:\/\/www.gidaperakendecileri.org\/?p=5397","og_locale":"en_US","og_type":"article","og_title":"T\u00fcketici Sat\u0131n Almay\u0131 Erteliyor - GPD","og_description":"Ipsos, toplumun dayan\u0131kl\u0131 t\u00fcketim \u00fcr\u00fcnlerine y\u00f6nelik sat\u0131n alma e\u011filimlerini g\u00f6steren ara\u015ft\u0131rmas\u0131n\u0131 yay\u0131nlad\u0131. Ara\u015ft\u0131rma, t\u00fcketicilerin b\u00fcy\u00fck k\u0131sm\u0131n\u0131n kemer s\u0131kt\u0131\u011f\u0131n\u0131 g\u00f6steriyor.","og_url":"https:\/\/www.gidaperakendecileri.org\/?p=5397","og_site_name":"GPD","article_published_time":"2022-07-28T06:07:21+00:00","article_modified_time":"2022-07-28T06:09:10+00:00","og_image":[{"width":1417,"height":709,"url":"https:\/\/www.gidaperakendecileri.org\/wp-content\/uploads\/2022\/07\/dayanikli-tuketim-ipsos-2.jpg","type":"image\/jpeg"}],"author":"H\u00fcnkar G\u00f6rel","twitter_card":"summary_large_image","twitter_misc":{"Written by":"H\u00fcnkar G\u00f6rel","Est. reading time":"3 minutes"},"schema":{"@context":"https:\/\/schema.org","@graph":[{"@type":"Article","@id":"https:\/\/www.gidaperakendecileri.org\/?p=5397#article","isPartOf":{"@id":"https:\/\/www.gidaperakendecileri.org\/?p=5397"},"author":{"name":"H\u00fcnkar G\u00f6rel","@id":"https:\/\/www.gidaperakendecileri.org\/#\/schema\/person\/a509599b6fcfa3d743530309969de5e6"},"headline":"T\u00fcketici Sat\u0131n Almay\u0131 Erteliyor","datePublished":"2022-07-28T06:07:21+00:00","dateModified":"2022-07-28T06:09:10+00:00","mainEntityOfPage":{"@id":"https:\/\/www.gidaperakendecileri.org\/?p=5397"},"wordCount":770,"image":{"@id":"https:\/\/www.gidaperakendecileri.org\/?p=5397#primaryimage"},"thumbnailUrl":"https:\/\/www.gidaperakendecileri.org\/wp-content\/uploads\/2022\/07\/dayanikli-tuketim-ipsos-2.jpg","articleSection":["Sekt\u00f6rden Haberler"],"inLanguage":"en-US"},{"@type":"WebPage","@id":"https:\/\/www.gidaperakendecileri.org\/?p=5397","url":"https:\/\/www.gidaperakendecileri.org\/?p=5397","name":"T\u00fcketici Sat\u0131n Almay\u0131 Erteliyor - GPD","isPartOf":{"@id":"https:\/\/www.gidaperakendecileri.org\/#website"},"primaryImageOfPage":{"@id":"https:\/\/www.gidaperakendecileri.org\/?p=5397#primaryimage"},"image":{"@id":"https:\/\/www.gidaperakendecileri.org\/?p=5397#primaryimage"},"thumbnailUrl":"https:\/\/www.gidaperakendecileri.org\/wp-content\/uploads\/2022\/07\/dayanikli-tuketim-ipsos-2.jpg","datePublished":"2022-07-28T06:07:21+00:00","dateModified":"2022-07-28T06:09:10+00:00","author":{"@id":"https:\/\/www.gidaperakendecileri.org\/#\/schema\/person\/a509599b6fcfa3d743530309969de5e6"},"description":"Ipsos, toplumun dayan\u0131kl\u0131 t\u00fcketim \u00fcr\u00fcnlerine y\u00f6nelik sat\u0131n alma e\u011filimlerini g\u00f6steren ara\u015ft\u0131rmas\u0131n\u0131 yay\u0131nlad\u0131. Ara\u015ft\u0131rma, t\u00fcketicilerin b\u00fcy\u00fck k\u0131sm\u0131n\u0131n kemer s\u0131kt\u0131\u011f\u0131n\u0131 g\u00f6steriyor.","breadcrumb":{"@id":"https:\/\/www.gidaperakendecileri.org\/?p=5397#breadcrumb"},"inLanguage":"en-US","potentialAction":[{"@type":"ReadAction","target":["https:\/\/www.gidaperakendecileri.org\/?p=5397"]}]},{"@type":"ImageObject","inLanguage":"en-US","@id":"https:\/\/www.gidaperakendecileri.org\/?p=5397#primaryimage","url":"https:\/\/www.gidaperakendecileri.org\/wp-content\/uploads\/2022\/07\/dayanikli-tuketim-ipsos-2.jpg","contentUrl":"https:\/\/www.gidaperakendecileri.org\/wp-content\/uploads\/2022\/07\/dayanikli-tuketim-ipsos-2.jpg","width":1417,"height":709,"caption":"Household kitchen appliances and home electronics in boxes isolated on white. E-commerce, internet online shopping and delivery concept. 3d illustration"},{"@type":"BreadcrumbList","@id":"https:\/\/www.gidaperakendecileri.org\/?p=5397#breadcrumb","itemListElement":[{"@type":"ListItem","position":1,"name":"Home","item":"https:\/\/www.gidaperakendecileri.org\/"},{"@type":"ListItem","position":2,"name":"T\u00fcketici Sat\u0131n Almay\u0131 Erteliyor"}]},{"@type":"WebSite","@id":"https:\/\/www.gidaperakendecileri.org\/#website","url":"https:\/\/www.gidaperakendecileri.org\/","name":"GPD","description":"G\u0131da Perakendecileri Derne\u011fi","potentialAction":[{"@type":"SearchAction","target":{"@type":"EntryPoint","urlTemplate":"https:\/\/www.gidaperakendecileri.org\/?s={search_term_string}"},"query-input":{"@type":"PropertyValueSpecification","valueRequired":true,"valueName":"search_term_string"}}],"inLanguage":"en-US"},{"@type":"Person","@id":"https:\/\/www.gidaperakendecileri.org\/#\/schema\/person\/a509599b6fcfa3d743530309969de5e6","name":"H\u00fcnkar G\u00f6rel","image":{"@type":"ImageObject","inLanguage":"en-US","@id":"https:\/\/www.gidaperakendecileri.org\/#\/schema\/person\/image\/","url":"https:\/\/secure.gravatar.com\/avatar\/6833176c6068a3a97919a716cee09184937057818487819b3315830bdfd463a4?s=96&d=mm&r=g","contentUrl":"https:\/\/secure.gravatar.com\/avatar\/6833176c6068a3a97919a716cee09184937057818487819b3315830bdfd463a4?s=96&d=mm&r=g","caption":"H\u00fcnkar G\u00f6rel"},"url":"https:\/\/www.gidaperakendecileri.org\/?author=2"}]}},"amp_enabled":true,"_links":{"self":[{"href":"https:\/\/www.gidaperakendecileri.org\/index.php?rest_route=\/wp\/v2\/posts\/5397","targetHints":{"allow":["GET"]}}],"collection":[{"href":"https:\/\/www.gidaperakendecileri.org\/index.php?rest_route=\/wp\/v2\/posts"}],"about":[{"href":"https:\/\/www.gidaperakendecileri.org\/index.php?rest_route=\/wp\/v2\/types\/post"}],"author":[{"embeddable":true,"href":"https:\/\/www.gidaperakendecileri.org\/index.php?rest_route=\/wp\/v2\/users\/2"}],"replies":[{"embeddable":true,"href":"https:\/\/www.gidaperakendecileri.org\/index.php?rest_route=%2Fwp%2Fv2%2Fcomments&post=5397"}],"version-history":[{"count":4,"href":"https:\/\/www.gidaperakendecileri.org\/index.php?rest_route=\/wp\/v2\/posts\/5397\/revisions"}],"predecessor-version":[{"id":5405,"href":"https:\/\/www.gidaperakendecileri.org\/index.php?rest_route=\/wp\/v2\/posts\/5397\/revisions\/5405"}],"wp:featuredmedia":[{"embeddable":true,"href":"https:\/\/www.gidaperakendecileri.org\/index.php?rest_route=\/wp\/v2\/media\/5398"}],"wp:attachment":[{"href":"https:\/\/www.gidaperakendecileri.org\/index.php?rest_route=%2Fwp%2Fv2%2Fmedia&parent=5397"}],"wp:term":[{"taxonomy":"category","embeddable":true,"href":"https:\/\/www.gidaperakendecileri.org\/index.php?rest_route=%2Fwp%2Fv2%2Fcategories&post=5397"},{"taxonomy":"post_tag","embeddable":true,"href":"https:\/\/www.gidaperakendecileri.org\/index.php?rest_route=%2Fwp%2Fv2%2Ftags&post=5397"}],"curies":[{"name":"wp","href":"https:\/\/api.w.org\/{rel}","templated":true}]}}