{"id":4906,"date":"2022-02-18T10:02:20","date_gmt":"2022-02-18T10:02:20","guid":{"rendered":"https:\/\/www.gidaperakendecileri.org\/?p=4906"},"modified":"2022-02-18T10:05:34","modified_gmt":"2022-02-18T10:05:34","slug":"tuketici-guven-endeksi-712-oldu","status":"publish","type":"post","link":"https:\/\/www.gidaperakendecileri.org\/?p=4906","title":{"rendered":"T\u00fcketici G\u00fcven Endeksi 71,2 Oldu"},"content":{"rendered":"\t\t<div data-elementor-type=\"wp-post\" data-elementor-id=\"4906\" class=\"elementor elementor-4906\">\n\t\t\t\t\t\t<section class=\"elementor-section elementor-top-section elementor-element elementor-element-3ef128ae elementor-section-boxed elementor-section-height-default elementor-section-height-default\" data-id=\"3ef128ae\" data-element_type=\"section\">\n\t\t\t\t\t\t<div class=\"elementor-container elementor-column-gap-default\">\n\t\t\t\t\t<div class=\"elementor-column elementor-col-100 elementor-top-column elementor-element elementor-element-6c0ce5df\" data-id=\"6c0ce5df\" data-element_type=\"column\">\n\t\t\t<div class=\"elementor-widget-wrap elementor-element-populated\">\n\t\t\t\t\t\t<div class=\"elementor-element elementor-element-5aacae7a elementor-widget elementor-widget-text-editor\" data-id=\"5aacae7a\" data-element_type=\"widget\" data-widget_type=\"text-editor.default\">\n\t\t\t\t<div class=\"elementor-widget-container\">\n\t\t\t\t\t\t\t\t\t<div class=\"td-paragraph-padding-1\"><h3><span style=\"color: #000000;\"><strong>T\u00fcrkiye \u0130statistik Kurumu (T\u00dc\u0130K) \u015eubat ay\u0131na ili\u015fkin t\u00fcketici g\u00fcven endeksini a\u00e7\u0131klad\u0131. Buna g\u00f6re T\u00fcketici G\u00fcven Endeksi, \u015eubat\u2019ta ayl\u0131k bazda y\u00fczde 2,8 azalarak 71,2 oldu.<\/strong><\/span><\/h3><p><span style=\"color: #000000;\">T\u00fcrkiye \u0130statistik Kurumu ve T\u00fcrkiye Cumhuriyet Merkez Bankas\u0131 i\u015f birli\u011fi ile y\u00fcr\u00fct\u00fclen t\u00fcketici e\u011filim anketi sonu\u00e7lar\u0131ndan hesaplanan mevsim etkilerinden ar\u0131nd\u0131r\u0131lm\u0131\u015f t\u00fcketici g\u00fcven endeksi, \u015eubat ay\u0131nda bir \u00f6nceki aya g\u00f6re %2,8 oran\u0131nda azald\u0131; Ocak ay\u0131nda 73,2 olan endeks, \u015eubat ay\u0131nda 71,2 oldu.<\/span><\/p><p><img fetchpriority=\"high\" decoding=\"async\" class=\"alignnone size-full wp-image-4909\" src=\"https:\/\/www.gidaperakendecileri.org\/wp-content\/uploads\/2022\/02\/tuik-guven-subat-2022-1.jpg\" alt=\"\" width=\"703\" height=\"324\" srcset=\"https:\/\/www.gidaperakendecileri.org\/wp-content\/uploads\/2022\/02\/tuik-guven-subat-2022-1.jpg 703w, https:\/\/www.gidaperakendecileri.org\/wp-content\/uploads\/2022\/02\/tuik-guven-subat-2022-1-300x138.jpg 300w, https:\/\/www.gidaperakendecileri.org\/wp-content\/uploads\/2022\/02\/tuik-guven-subat-2022-1-696x321.jpg 696w\" sizes=\"(max-width: 703px) 100vw, 703px\" \/> <img decoding=\"async\" class=\"alignnone size-full wp-image-4910\" src=\"https:\/\/www.gidaperakendecileri.org\/wp-content\/uploads\/2022\/02\/tuik-guven-subat-2022-2.jpg\" alt=\"\" width=\"703\" height=\"228\" srcset=\"https:\/\/www.gidaperakendecileri.org\/wp-content\/uploads\/2022\/02\/tuik-guven-subat-2022-2.jpg 703w, https:\/\/www.gidaperakendecileri.org\/wp-content\/uploads\/2022\/02\/tuik-guven-subat-2022-2-300x97.jpg 300w, https:\/\/www.gidaperakendecileri.org\/wp-content\/uploads\/2022\/02\/tuik-guven-subat-2022-2-696x226.jpg 696w\" sizes=\"(max-width: 703px) 100vw, 703px\" \/><\/p><p><span style=\"color: #000000;\">\u2022 Ocak ay\u0131nda endeks 73,20 de\u011ferini alarak Aral\u0131k ay\u0131nda kaydedilen tarihi dip seviyeden y\u00fckseli\u015f g\u00f6stermi\u015fti.<\/span><br \/><span style=\"color: #000000;\">\u2022 Mevcut d\u00f6nemde hanenin maddi durumunu g\u00f6steren alt endeks Ocak&#8217;taki 56,1 de\u011ferinden 55,2 de\u011ferine geriledi.<\/span><br \/><span style=\"color: #000000;\">\u2022 Gelecek 12 ayl\u0131k d\u00f6nemde hanenin maddi durum beklentisi alt endeksi ise \u015eubat&#8217;ta bir \u00f6nceki aya g\u00f6re y\u00fczde 4,2 gerileme ile 68,3 de\u011ferini ald\u0131.<\/span><br \/><span style=\"color: #000000;\">\u2022 Gelecek 12 ayl\u0131k d\u00f6nemde genel ekonomik durum beklentisi ise 71,7 seviyesine geriledi. Endeks sonu\u00e7lar\u0131 t\u00fcketicinin gelecek 12 ayl\u0131k d\u00f6nemde dayan\u0131kl\u0131 t\u00fcketim mallar\u0131na harcama yapma d\u00fc\u015f\u00fcncesinin d\u00fc\u015f\u00fc\u015f kaydetti\u011fini de g\u00f6sterdi.<\/span><\/p><\/div>\t\t\t\t\t\t\t\t<\/div>\n\t\t\t\t<\/div>\n\t\t\t\t\t<\/div>\n\t\t<\/div>\n\t\t\t\t\t<\/div>\n\t\t<\/section>\n\t\t\t\t<\/div>\n\t\t","protected":false},"excerpt":{"rendered":"<p>T\u00fcrkiye \u0130statistik Kurumu (T\u00dc\u0130K) \u015eubat ay\u0131na ili\u015fkin t\u00fcketici g\u00fcven endeksini a\u00e7\u0131klad\u0131. Buna g\u00f6re T\u00fcketici G\u00fcven Endeksi, \u015eubat\u2019ta ayl\u0131k bazda y\u00fczde 2,8 azalarak 71,2 oldu. T\u00fcrkiye \u0130statistik Kurumu ve T\u00fcrkiye Cumhuriyet Merkez Bankas\u0131 i\u015f birli\u011fi ile y\u00fcr\u00fct\u00fclen t\u00fcketici e\u011filim anketi sonu\u00e7lar\u0131ndan hesaplanan mevsim etkilerinden ar\u0131nd\u0131r\u0131lm\u0131\u015f t\u00fcketici g\u00fcven endeksi, \u015eubat ay\u0131nda bir \u00f6nceki aya g\u00f6re %2,8 oran\u0131nda [&hellip;]<\/p>\n","protected":false},"author":2,"featured_media":4907,"comment_status":"closed","ping_status":"closed","sticky":false,"template":"","format":"standard","meta":{"_monsterinsights_skip_tracking":false,"_monsterinsights_sitenote_active":false,"_monsterinsights_sitenote_note":"","_monsterinsights_sitenote_category":0,"footnotes":""},"categories":[23,32],"tags":[],"class_list":{"0":"post-4906","1":"post","2":"type-post","3":"status-publish","4":"format-standard","5":"has-post-thumbnail","7":"category-haberler","8":"category-sektorden-haberler-haberler"},"featured_image_src":"https:\/\/www.gidaperakendecileri.org\/wp-content\/uploads\/2022\/02\/tuik-guven-subat-2022.jpg","author_info":{"display_name":"H\u00fcnkar G\u00f6rel","author_link":"https:\/\/www.gidaperakendecileri.org\/?author=2"},"yoast_head":"<!-- This site is optimized with the Yoast SEO plugin v26.7 - https:\/\/yoast.com\/wordpress\/plugins\/seo\/ -->\n<title>T\u00fcketici G\u00fcven Endeksi 71,2 Oldu - GPD<\/title>\n<meta name=\"description\" content=\"T\u00dc\u0130K \u015eubat ay\u0131na ili\u015fkin t\u00fcketici g\u00fcven endeksini a\u00e7\u0131klad\u0131. Buna g\u00f6re T\u00fcketici G\u00fcven Endeksi, \u015eubat\u2019ta ayl\u0131k bazda y\u00fczde 2,8 azalarak 71,2 oldu.\" \/>\n<meta name=\"robots\" content=\"index, follow, max-snippet:-1, max-image-preview:large, max-video-preview:-1\" \/>\n<link rel=\"canonical\" href=\"https:\/\/www.gidaperakendecileri.org\/?p=4906\" \/>\n<meta property=\"og:locale\" content=\"en_US\" \/>\n<meta property=\"og:type\" content=\"article\" \/>\n<meta property=\"og:title\" content=\"T\u00fcketici G\u00fcven Endeksi 71,2 Oldu - GPD\" \/>\n<meta property=\"og:description\" content=\"T\u00dc\u0130K \u015eubat ay\u0131na ili\u015fkin t\u00fcketici g\u00fcven endeksini a\u00e7\u0131klad\u0131. Buna g\u00f6re T\u00fcketici G\u00fcven Endeksi, \u015eubat\u2019ta ayl\u0131k bazda y\u00fczde 2,8 azalarak 71,2 oldu.\" \/>\n<meta property=\"og:url\" content=\"https:\/\/www.gidaperakendecileri.org\/?p=4906\" \/>\n<meta property=\"og:site_name\" content=\"GPD\" \/>\n<meta property=\"article:published_time\" content=\"2022-02-18T10:02:20+00:00\" \/>\n<meta property=\"article:modified_time\" content=\"2022-02-18T10:05:34+00:00\" \/>\n<meta property=\"og:image\" content=\"https:\/\/www.gidaperakendecileri.org\/wp-content\/uploads\/2022\/02\/tuik-guven-subat-2022.jpg\" \/>\n\t<meta property=\"og:image:width\" content=\"1389\" \/>\n\t<meta property=\"og:image:height\" content=\"976\" \/>\n\t<meta property=\"og:image:type\" content=\"image\/jpeg\" \/>\n<meta name=\"author\" content=\"H\u00fcnkar G\u00f6rel\" \/>\n<meta name=\"twitter:card\" content=\"summary_large_image\" \/>\n<meta name=\"twitter:label1\" content=\"Written by\" \/>\n\t<meta name=\"twitter:data1\" content=\"H\u00fcnkar G\u00f6rel\" \/>\n\t<meta name=\"twitter:label2\" content=\"Est. reading time\" \/>\n\t<meta name=\"twitter:data2\" content=\"2 minutes\" \/>\n<script type=\"application\/ld+json\" class=\"yoast-schema-graph\">{\"@context\":\"https:\/\/schema.org\",\"@graph\":[{\"@type\":\"Article\",\"@id\":\"https:\/\/www.gidaperakendecileri.org\/?p=4906#article\",\"isPartOf\":{\"@id\":\"https:\/\/www.gidaperakendecileri.org\/?p=4906\"},\"author\":{\"name\":\"H\u00fcnkar G\u00f6rel\",\"@id\":\"https:\/\/www.gidaperakendecileri.org\/#\/schema\/person\/a509599b6fcfa3d743530309969de5e6\"},\"headline\":\"T\u00fcketici G\u00fcven Endeksi 71,2 Oldu\",\"datePublished\":\"2022-02-18T10:02:20+00:00\",\"dateModified\":\"2022-02-18T10:05:34+00:00\",\"mainEntityOfPage\":{\"@id\":\"https:\/\/www.gidaperakendecileri.org\/?p=4906\"},\"wordCount\":200,\"image\":{\"@id\":\"https:\/\/www.gidaperakendecileri.org\/?p=4906#primaryimage\"},\"thumbnailUrl\":\"https:\/\/www.gidaperakendecileri.org\/wp-content\/uploads\/2022\/02\/tuik-guven-subat-2022.jpg\",\"articleSection\":[\"Haberler\",\"Sekt\u00f6rden Haberler\"],\"inLanguage\":\"en-US\"},{\"@type\":\"WebPage\",\"@id\":\"https:\/\/www.gidaperakendecileri.org\/?p=4906\",\"url\":\"https:\/\/www.gidaperakendecileri.org\/?p=4906\",\"name\":\"T\u00fcketici G\u00fcven Endeksi 71,2 Oldu - GPD\",\"isPartOf\":{\"@id\":\"https:\/\/www.gidaperakendecileri.org\/#website\"},\"primaryImageOfPage\":{\"@id\":\"https:\/\/www.gidaperakendecileri.org\/?p=4906#primaryimage\"},\"image\":{\"@id\":\"https:\/\/www.gidaperakendecileri.org\/?p=4906#primaryimage\"},\"thumbnailUrl\":\"https:\/\/www.gidaperakendecileri.org\/wp-content\/uploads\/2022\/02\/tuik-guven-subat-2022.jpg\",\"datePublished\":\"2022-02-18T10:02:20+00:00\",\"dateModified\":\"2022-02-18T10:05:34+00:00\",\"author\":{\"@id\":\"https:\/\/www.gidaperakendecileri.org\/#\/schema\/person\/a509599b6fcfa3d743530309969de5e6\"},\"description\":\"T\u00dc\u0130K \u015eubat ay\u0131na ili\u015fkin t\u00fcketici g\u00fcven endeksini a\u00e7\u0131klad\u0131. Buna g\u00f6re T\u00fcketici G\u00fcven Endeksi, \u015eubat\u2019ta ayl\u0131k bazda y\u00fczde 2,8 azalarak 71,2 oldu.\",\"breadcrumb\":{\"@id\":\"https:\/\/www.gidaperakendecileri.org\/?p=4906#breadcrumb\"},\"inLanguage\":\"en-US\",\"potentialAction\":[{\"@type\":\"ReadAction\",\"target\":[\"https:\/\/www.gidaperakendecileri.org\/?p=4906\"]}]},{\"@type\":\"ImageObject\",\"inLanguage\":\"en-US\",\"@id\":\"https:\/\/www.gidaperakendecileri.org\/?p=4906#primaryimage\",\"url\":\"https:\/\/www.gidaperakendecileri.org\/wp-content\/uploads\/2022\/02\/tuik-guven-subat-2022.jpg\",\"contentUrl\":\"https:\/\/www.gidaperakendecileri.org\/wp-content\/uploads\/2022\/02\/tuik-guven-subat-2022.jpg\",\"width\":1389,\"height\":976},{\"@type\":\"BreadcrumbList\",\"@id\":\"https:\/\/www.gidaperakendecileri.org\/?p=4906#breadcrumb\",\"itemListElement\":[{\"@type\":\"ListItem\",\"position\":1,\"name\":\"Home\",\"item\":\"https:\/\/www.gidaperakendecileri.org\/\"},{\"@type\":\"ListItem\",\"position\":2,\"name\":\"T\u00fcketici G\u00fcven Endeksi 71,2 Oldu\"}]},{\"@type\":\"WebSite\",\"@id\":\"https:\/\/www.gidaperakendecileri.org\/#website\",\"url\":\"https:\/\/www.gidaperakendecileri.org\/\",\"name\":\"GPD\",\"description\":\"G\u0131da Perakendecileri Derne\u011fi\",\"potentialAction\":[{\"@type\":\"SearchAction\",\"target\":{\"@type\":\"EntryPoint\",\"urlTemplate\":\"https:\/\/www.gidaperakendecileri.org\/?s={search_term_string}\"},\"query-input\":{\"@type\":\"PropertyValueSpecification\",\"valueRequired\":true,\"valueName\":\"search_term_string\"}}],\"inLanguage\":\"en-US\"},{\"@type\":\"Person\",\"@id\":\"https:\/\/www.gidaperakendecileri.org\/#\/schema\/person\/a509599b6fcfa3d743530309969de5e6\",\"name\":\"H\u00fcnkar G\u00f6rel\",\"image\":{\"@type\":\"ImageObject\",\"inLanguage\":\"en-US\",\"@id\":\"https:\/\/www.gidaperakendecileri.org\/#\/schema\/person\/image\/\",\"url\":\"https:\/\/secure.gravatar.com\/avatar\/6833176c6068a3a97919a716cee09184937057818487819b3315830bdfd463a4?s=96&d=mm&r=g\",\"contentUrl\":\"https:\/\/secure.gravatar.com\/avatar\/6833176c6068a3a97919a716cee09184937057818487819b3315830bdfd463a4?s=96&d=mm&r=g\",\"caption\":\"H\u00fcnkar G\u00f6rel\"},\"url\":\"https:\/\/www.gidaperakendecileri.org\/?author=2\"}]}<\/script>\n<!-- \/ Yoast SEO plugin. -->","yoast_head_json":{"title":"T\u00fcketici G\u00fcven Endeksi 71,2 Oldu - GPD","description":"T\u00dc\u0130K \u015eubat ay\u0131na ili\u015fkin t\u00fcketici g\u00fcven endeksini a\u00e7\u0131klad\u0131. Buna g\u00f6re T\u00fcketici G\u00fcven Endeksi, \u015eubat\u2019ta ayl\u0131k bazda y\u00fczde 2,8 azalarak 71,2 oldu.","robots":{"index":"index","follow":"follow","max-snippet":"max-snippet:-1","max-image-preview":"max-image-preview:large","max-video-preview":"max-video-preview:-1"},"canonical":"https:\/\/www.gidaperakendecileri.org\/?p=4906","og_locale":"en_US","og_type":"article","og_title":"T\u00fcketici G\u00fcven Endeksi 71,2 Oldu - GPD","og_description":"T\u00dc\u0130K \u015eubat ay\u0131na ili\u015fkin t\u00fcketici g\u00fcven endeksini a\u00e7\u0131klad\u0131. Buna g\u00f6re T\u00fcketici G\u00fcven Endeksi, \u015eubat\u2019ta ayl\u0131k bazda y\u00fczde 2,8 azalarak 71,2 oldu.","og_url":"https:\/\/www.gidaperakendecileri.org\/?p=4906","og_site_name":"GPD","article_published_time":"2022-02-18T10:02:20+00:00","article_modified_time":"2022-02-18T10:05:34+00:00","og_image":[{"width":1389,"height":976,"url":"https:\/\/www.gidaperakendecileri.org\/wp-content\/uploads\/2022\/02\/tuik-guven-subat-2022.jpg","type":"image\/jpeg"}],"author":"H\u00fcnkar G\u00f6rel","twitter_card":"summary_large_image","twitter_misc":{"Written by":"H\u00fcnkar G\u00f6rel","Est. reading time":"2 minutes"},"schema":{"@context":"https:\/\/schema.org","@graph":[{"@type":"Article","@id":"https:\/\/www.gidaperakendecileri.org\/?p=4906#article","isPartOf":{"@id":"https:\/\/www.gidaperakendecileri.org\/?p=4906"},"author":{"name":"H\u00fcnkar G\u00f6rel","@id":"https:\/\/www.gidaperakendecileri.org\/#\/schema\/person\/a509599b6fcfa3d743530309969de5e6"},"headline":"T\u00fcketici G\u00fcven Endeksi 71,2 Oldu","datePublished":"2022-02-18T10:02:20+00:00","dateModified":"2022-02-18T10:05:34+00:00","mainEntityOfPage":{"@id":"https:\/\/www.gidaperakendecileri.org\/?p=4906"},"wordCount":200,"image":{"@id":"https:\/\/www.gidaperakendecileri.org\/?p=4906#primaryimage"},"thumbnailUrl":"https:\/\/www.gidaperakendecileri.org\/wp-content\/uploads\/2022\/02\/tuik-guven-subat-2022.jpg","articleSection":["Haberler","Sekt\u00f6rden Haberler"],"inLanguage":"en-US"},{"@type":"WebPage","@id":"https:\/\/www.gidaperakendecileri.org\/?p=4906","url":"https:\/\/www.gidaperakendecileri.org\/?p=4906","name":"T\u00fcketici G\u00fcven Endeksi 71,2 Oldu - GPD","isPartOf":{"@id":"https:\/\/www.gidaperakendecileri.org\/#website"},"primaryImageOfPage":{"@id":"https:\/\/www.gidaperakendecileri.org\/?p=4906#primaryimage"},"image":{"@id":"https:\/\/www.gidaperakendecileri.org\/?p=4906#primaryimage"},"thumbnailUrl":"https:\/\/www.gidaperakendecileri.org\/wp-content\/uploads\/2022\/02\/tuik-guven-subat-2022.jpg","datePublished":"2022-02-18T10:02:20+00:00","dateModified":"2022-02-18T10:05:34+00:00","author":{"@id":"https:\/\/www.gidaperakendecileri.org\/#\/schema\/person\/a509599b6fcfa3d743530309969de5e6"},"description":"T\u00dc\u0130K \u015eubat ay\u0131na ili\u015fkin t\u00fcketici g\u00fcven endeksini a\u00e7\u0131klad\u0131. Buna g\u00f6re T\u00fcketici G\u00fcven Endeksi, \u015eubat\u2019ta ayl\u0131k bazda y\u00fczde 2,8 azalarak 71,2 oldu.","breadcrumb":{"@id":"https:\/\/www.gidaperakendecileri.org\/?p=4906#breadcrumb"},"inLanguage":"en-US","potentialAction":[{"@type":"ReadAction","target":["https:\/\/www.gidaperakendecileri.org\/?p=4906"]}]},{"@type":"ImageObject","inLanguage":"en-US","@id":"https:\/\/www.gidaperakendecileri.org\/?p=4906#primaryimage","url":"https:\/\/www.gidaperakendecileri.org\/wp-content\/uploads\/2022\/02\/tuik-guven-subat-2022.jpg","contentUrl":"https:\/\/www.gidaperakendecileri.org\/wp-content\/uploads\/2022\/02\/tuik-guven-subat-2022.jpg","width":1389,"height":976},{"@type":"BreadcrumbList","@id":"https:\/\/www.gidaperakendecileri.org\/?p=4906#breadcrumb","itemListElement":[{"@type":"ListItem","position":1,"name":"Home","item":"https:\/\/www.gidaperakendecileri.org\/"},{"@type":"ListItem","position":2,"name":"T\u00fcketici G\u00fcven Endeksi 71,2 Oldu"}]},{"@type":"WebSite","@id":"https:\/\/www.gidaperakendecileri.org\/#website","url":"https:\/\/www.gidaperakendecileri.org\/","name":"GPD","description":"G\u0131da Perakendecileri Derne\u011fi","potentialAction":[{"@type":"SearchAction","target":{"@type":"EntryPoint","urlTemplate":"https:\/\/www.gidaperakendecileri.org\/?s={search_term_string}"},"query-input":{"@type":"PropertyValueSpecification","valueRequired":true,"valueName":"search_term_string"}}],"inLanguage":"en-US"},{"@type":"Person","@id":"https:\/\/www.gidaperakendecileri.org\/#\/schema\/person\/a509599b6fcfa3d743530309969de5e6","name":"H\u00fcnkar G\u00f6rel","image":{"@type":"ImageObject","inLanguage":"en-US","@id":"https:\/\/www.gidaperakendecileri.org\/#\/schema\/person\/image\/","url":"https:\/\/secure.gravatar.com\/avatar\/6833176c6068a3a97919a716cee09184937057818487819b3315830bdfd463a4?s=96&d=mm&r=g","contentUrl":"https:\/\/secure.gravatar.com\/avatar\/6833176c6068a3a97919a716cee09184937057818487819b3315830bdfd463a4?s=96&d=mm&r=g","caption":"H\u00fcnkar G\u00f6rel"},"url":"https:\/\/www.gidaperakendecileri.org\/?author=2"}]}},"amp_enabled":true,"_links":{"self":[{"href":"https:\/\/www.gidaperakendecileri.org\/index.php?rest_route=\/wp\/v2\/posts\/4906","targetHints":{"allow":["GET"]}}],"collection":[{"href":"https:\/\/www.gidaperakendecileri.org\/index.php?rest_route=\/wp\/v2\/posts"}],"about":[{"href":"https:\/\/www.gidaperakendecileri.org\/index.php?rest_route=\/wp\/v2\/types\/post"}],"author":[{"embeddable":true,"href":"https:\/\/www.gidaperakendecileri.org\/index.php?rest_route=\/wp\/v2\/users\/2"}],"replies":[{"embeddable":true,"href":"https:\/\/www.gidaperakendecileri.org\/index.php?rest_route=%2Fwp%2Fv2%2Fcomments&post=4906"}],"version-history":[{"count":4,"href":"https:\/\/www.gidaperakendecileri.org\/index.php?rest_route=\/wp\/v2\/posts\/4906\/revisions"}],"predecessor-version":[{"id":4913,"href":"https:\/\/www.gidaperakendecileri.org\/index.php?rest_route=\/wp\/v2\/posts\/4906\/revisions\/4913"}],"wp:featuredmedia":[{"embeddable":true,"href":"https:\/\/www.gidaperakendecileri.org\/index.php?rest_route=\/wp\/v2\/media\/4907"}],"wp:attachment":[{"href":"https:\/\/www.gidaperakendecileri.org\/index.php?rest_route=%2Fwp%2Fv2%2Fmedia&parent=4906"}],"wp:term":[{"taxonomy":"category","embeddable":true,"href":"https:\/\/www.gidaperakendecileri.org\/index.php?rest_route=%2Fwp%2Fv2%2Fcategories&post=4906"},{"taxonomy":"post_tag","embeddable":true,"href":"https:\/\/www.gidaperakendecileri.org\/index.php?rest_route=%2Fwp%2Fv2%2Ftags&post=4906"}],"curies":[{"name":"wp","href":"https:\/\/api.w.org\/{rel}","templated":true}]}}