{"id":4853,"date":"2022-02-03T08:29:49","date_gmt":"2022-02-03T08:29:49","guid":{"rendered":"https:\/\/www.gidaperakendecileri.org\/?p=4853"},"modified":"2022-02-03T10:38:34","modified_gmt":"2022-02-03T10:38:34","slug":"tuik-ocak-ayi-enflasyon-oranini-acikladi-4869","status":"publish","type":"post","link":"https:\/\/www.gidaperakendecileri.org\/?p=4853","title":{"rendered":"T\u00dc\u0130K Ocak Ay\u0131 Enflasyon Oran\u0131n\u0131 A\u00e7\u0131klad\u0131>> % 48,69"},"content":{"rendered":"\t\t<div data-elementor-type=\"wp-post\" data-elementor-id=\"4853\" class=\"elementor elementor-4853\">\n\t\t\t\t\t\t<section class=\"elementor-section elementor-top-section elementor-element elementor-element-3ef128ae elementor-section-boxed elementor-section-height-default elementor-section-height-default\" data-id=\"3ef128ae\" data-element_type=\"section\">\n\t\t\t\t\t\t<div class=\"elementor-container elementor-column-gap-default\">\n\t\t\t\t\t<div class=\"elementor-column elementor-col-100 elementor-top-column elementor-element elementor-element-6c0ce5df\" data-id=\"6c0ce5df\" data-element_type=\"column\">\n\t\t\t<div class=\"elementor-widget-wrap elementor-element-populated\">\n\t\t\t\t\t\t<div class=\"elementor-element elementor-element-5aacae7a elementor-widget elementor-widget-text-editor\" data-id=\"5aacae7a\" data-element_type=\"widget\" data-widget_type=\"text-editor.default\">\n\t\t\t\t<div class=\"elementor-widget-container\">\n\t\t\t\t\t\t\t\t\t<div class=\"td-paragraph-padding-1\"><h3><span style=\"color: #000000;\"><strong>T\u00fcrkiye \u0130statistik Kurumu (T\u00dc\u0130K) 2022 y\u0131l\u0131 Ocak ay\u0131na ili\u015fkin enflasyon verilerini a\u00e7\u0131klad\u0131. Buna g\u00f6re T\u00fcketici Fiyat Endeksi y\u0131ll\u0131k %48,69, ayl\u0131k %11,10 artt\u0131.<\/strong><\/span><\/h3><p><span style=\"color: #000000;\">T\u00fcrkiye \u0130statistik Kurumu (T\u00dc\u0130K) Ocak ay\u0131na ili\u015fkin enflasyon verilerini a\u00e7\u0131klad\u0131. Buna g\u00f6re T\u00fcrkiye&#8217;de y\u0131ll\u0131k t\u00fcketici enflasyonu %48,69 olarak kaydedildi. B\u00f6ylelikle enflasyon Nisan 2002&#8217;den bu yana en y\u00fcksek seviyeye \u00e7\u0131kt\u0131.<br \/>T\u00dcFE&#8217;de (2003=100) 2022 y\u0131l\u0131 Ocak ay\u0131nda bir \u00f6nceki aya g\u00f6re %11,10, bir \u00f6nceki y\u0131l\u0131n Aral\u0131k ay\u0131na g\u00f6re %11,10, bir \u00f6nceki y\u0131l\u0131n ayn\u0131 ay\u0131na g\u00f6re %48,69 ve on iki ayl\u0131k ortalamalara g\u00f6re %22,58 art\u0131\u015f ger\u00e7ekle\u015fti.<\/span><\/p><p><img fetchpriority=\"high\" decoding=\"async\" class=\"size-full wp-image-4862 aligncenter\" src=\"https:\/\/www.gidaperakendecileri.org\/wp-content\/uploads\/2022\/02\/ocak-enflasyon-2022-1.jpg\" alt=\"\" width=\"726\" height=\"140\" srcset=\"https:\/\/www.gidaperakendecileri.org\/wp-content\/uploads\/2022\/02\/ocak-enflasyon-2022-1.jpg 726w, https:\/\/www.gidaperakendecileri.org\/wp-content\/uploads\/2022\/02\/ocak-enflasyon-2022-1-300x58.jpg 300w, https:\/\/www.gidaperakendecileri.org\/wp-content\/uploads\/2022\/02\/ocak-enflasyon-2022-1-696x134.jpg 696w\" sizes=\"(max-width: 726px) 100vw, 726px\" \/><\/p><p><img decoding=\"async\" class=\"size-full wp-image-4863 aligncenter\" src=\"https:\/\/www.gidaperakendecileri.org\/wp-content\/uploads\/2022\/02\/ocak-enflasyon-2022-2.jpg\" alt=\"\" width=\"718\" height=\"288\" srcset=\"https:\/\/www.gidaperakendecileri.org\/wp-content\/uploads\/2022\/02\/ocak-enflasyon-2022-2.jpg 718w, https:\/\/www.gidaperakendecileri.org\/wp-content\/uploads\/2022\/02\/ocak-enflasyon-2022-2-300x120.jpg 300w, https:\/\/www.gidaperakendecileri.org\/wp-content\/uploads\/2022\/02\/ocak-enflasyon-2022-2-696x279.jpg 696w\" sizes=\"(max-width: 718px) 100vw, 718px\" \/><\/p><p><strong><span style=\"color: #000000;\">Y\u0131ll\u0131k En Y\u00fcksek Art\u0131\u015f Ula\u015ft\u0131rmada<\/span><\/strong><br \/><span style=\"color: #000000;\">Y\u0131ll\u0131k en d\u00fc\u015f\u00fck art\u0131\u015f %10,76 ile haberle\u015fme ana grubunda ger\u00e7ekle\u015fti. Bir \u00f6nceki y\u0131l\u0131n ayn\u0131 ay\u0131na g\u00f6re art\u0131\u015f\u0131n d\u00fc\u015f\u00fck oldu\u011fu di\u011fer ana gruplar s\u0131ras\u0131yla %18,67 ile e\u011fitim, %25,32 ile giyim ve ayakkab\u0131 ve %28,63 ile sa\u011fl\u0131k oldu. Buna kar\u015f\u0131l\u0131k, bir \u00f6nceki y\u0131l\u0131n ayn\u0131 ay\u0131na g\u00f6re art\u0131\u015f\u0131n y\u00fcksek oldu\u011fu ana gruplar ise s\u0131ras\u0131yla, %68,89 ile ula\u015ft\u0131rma, %55,61 ile g\u0131da ve alkols\u00fcz i\u00e7ecekler, %54,53 ile ev e\u015fyas\u0131 oldu.<\/span><\/p><p><img decoding=\"async\" class=\"size-full wp-image-4864 aligncenter\" src=\"https:\/\/www.gidaperakendecileri.org\/wp-content\/uploads\/2022\/02\/ocak-enflasyon-2022-3.jpg\" alt=\"\" width=\"718\" height=\"302\" srcset=\"https:\/\/www.gidaperakendecileri.org\/wp-content\/uploads\/2022\/02\/ocak-enflasyon-2022-3.jpg 718w, https:\/\/www.gidaperakendecileri.org\/wp-content\/uploads\/2022\/02\/ocak-enflasyon-2022-3-300x126.jpg 300w, https:\/\/www.gidaperakendecileri.org\/wp-content\/uploads\/2022\/02\/ocak-enflasyon-2022-3-696x293.jpg 696w\" sizes=\"(max-width: 718px) 100vw, 718px\" \/><\/p><p><strong><span style=\"color: #000000;\">Ayl\u0131k En Y\u00fcksek Art\u0131\u015f Alkoll\u00fc \u0130\u00e7ecekler ve T\u00fct\u00fcnde<\/span><\/strong><br \/><span style=\"color: #000000;\">Ana harcama gruplar\u0131 itibar\u0131yla 2022 y\u0131l\u0131 Ocak ay\u0131nda ayl\u0131k d\u00fc\u015f\u00fc\u015f g\u00f6steren ana grup %0,24 ile giyim ve ayakkab\u0131 oldu. En az art\u0131\u015f g\u00f6steren ana gruplar ise %1,19 ile e\u011fitim, %2,16 ile haberle\u015fme ve %8,09 ile \u00e7e\u015fitli mal ve hizmetler oldu. Buna kar\u015f\u0131l\u0131k, 2022 y\u0131l\u0131 Ocak ay\u0131nda art\u0131\u015f\u0131n y\u00fcksek oldu\u011fu ana gruplar ise s\u0131ras\u0131yla, %21,90 ile alkoll\u00fc i\u00e7ecekler ve t\u00fct\u00fcn, %18,91 ile konut, %12,82 ile ev e\u015fyas\u0131 oldu.<\/span><\/p><p><img loading=\"lazy\" decoding=\"async\" class=\"size-full wp-image-4865 aligncenter\" src=\"https:\/\/www.gidaperakendecileri.org\/wp-content\/uploads\/2022\/02\/ocak-enflasyon-2022-4.jpg\" alt=\"\" width=\"718\" height=\"302\" srcset=\"https:\/\/www.gidaperakendecileri.org\/wp-content\/uploads\/2022\/02\/ocak-enflasyon-2022-4.jpg 718w, https:\/\/www.gidaperakendecileri.org\/wp-content\/uploads\/2022\/02\/ocak-enflasyon-2022-4-300x126.jpg 300w, https:\/\/www.gidaperakendecileri.org\/wp-content\/uploads\/2022\/02\/ocak-enflasyon-2022-4-696x293.jpg 696w\" sizes=\"(max-width: 718px) 100vw, 718px\" \/><\/p><p><strong><span style=\"color: #000000;\">409 Maddenin 354&#8217;\u00fcnde Art\u0131\u015f Oldu<\/span><\/strong><br \/><span style=\"color: #000000;\">Ocak 2022&#8217;de, endekste kapsanan 409 maddeden, 38 maddenin ortalama fiyat\u0131nda d\u00fc\u015f\u00fc\u015f ger\u00e7ekle\u015firken, 17 maddenin ortalama fiyat\u0131nda de\u011fi\u015fim olmad\u0131. 354 maddenin ortalama fiyat\u0131nda ise art\u0131\u015f ger\u00e7ekle\u015fti.<\/span><\/p><p><img loading=\"lazy\" decoding=\"async\" class=\"size-full wp-image-4866 aligncenter\" src=\"https:\/\/www.gidaperakendecileri.org\/wp-content\/uploads\/2022\/02\/ocak-enflasyon-2022-5.jpg\" alt=\"\" width=\"726\" height=\"453\" srcset=\"https:\/\/www.gidaperakendecileri.org\/wp-content\/uploads\/2022\/02\/ocak-enflasyon-2022-5.jpg 726w, https:\/\/www.gidaperakendecileri.org\/wp-content\/uploads\/2022\/02\/ocak-enflasyon-2022-5-300x187.jpg 300w, https:\/\/www.gidaperakendecileri.org\/wp-content\/uploads\/2022\/02\/ocak-enflasyon-2022-5-696x434.jpg 696w, https:\/\/www.gidaperakendecileri.org\/wp-content\/uploads\/2022\/02\/ocak-enflasyon-2022-5-673x420.jpg 673w\" sizes=\"(max-width: 726px) 100vw, 726px\" \/><\/p><p><strong><span style=\"color: #000000;\">\u00d6zel Kapsaml\u0131 T\u00dcFE G\u00f6stergesi (B) Y\u0131ll\u0131k %42,66, Ayl\u0131k %7,49 Artt\u0131<\/span><\/strong><br \/><span style=\"color: #000000;\">\u0130\u015flenmemi\u015f g\u0131da \u00fcr\u00fcnleri, enerji, alkoll\u00fc i\u00e7kiler ve t\u00fct\u00fcn ile alt\u0131n hari\u00e7 T\u00dcFE&#8217;de 2022 y\u0131l\u0131 Ocak ay\u0131nda bir \u00f6nceki aya g\u00f6re %7,49, bir \u00f6nceki y\u0131l\u0131n Aral\u0131k ay\u0131na g\u00f6re %7,49, bir \u00f6nceki y\u0131l\u0131n ayn\u0131 ay\u0131na g\u00f6re %42,66 ve on iki ayl\u0131k ortalamalara g\u00f6re %21,91 art\u0131\u015f ger\u00e7ekle\u015fti.<\/span><\/p><\/div>\t\t\t\t\t\t\t\t<\/div>\n\t\t\t\t<\/div>\n\t\t\t\t\t<\/div>\n\t\t<\/div>\n\t\t\t\t\t<\/div>\n\t\t<\/section>\n\t\t\t\t<\/div>\n\t\t","protected":false},"excerpt":{"rendered":"<p>T\u00fcrkiye \u0130statistik Kurumu (T\u00dc\u0130K) 2022 y\u0131l\u0131 Ocak ay\u0131na ili\u015fkin enflasyon verilerini a\u00e7\u0131klad\u0131. Buna g\u00f6re T\u00fcketici Fiyat Endeksi y\u0131ll\u0131k %48,69, ayl\u0131k %11,10 artt\u0131. T\u00fcrkiye \u0130statistik Kurumu (T\u00dc\u0130K) Ocak ay\u0131na ili\u015fkin enflasyon verilerini a\u00e7\u0131klad\u0131. Buna g\u00f6re T\u00fcrkiye&#8217;de y\u0131ll\u0131k t\u00fcketici enflasyonu %48,69 olarak kaydedildi. B\u00f6ylelikle enflasyon Nisan 2002&#8217;den bu yana en y\u00fcksek seviyeye \u00e7\u0131kt\u0131.T\u00dcFE&#8217;de (2003=100) 2022 y\u0131l\u0131 Ocak [&hellip;]<\/p>\n","protected":false},"author":2,"featured_media":4854,"comment_status":"closed","ping_status":"closed","sticky":false,"template":"","format":"standard","meta":{"_monsterinsights_skip_tracking":false,"_monsterinsights_sitenote_active":false,"_monsterinsights_sitenote_note":"","_monsterinsights_sitenote_category":0,"footnotes":""},"categories":[23,32],"tags":[],"class_list":{"0":"post-4853","1":"post","2":"type-post","3":"status-publish","4":"format-standard","5":"has-post-thumbnail","7":"category-haberler","8":"category-sektorden-haberler-haberler"},"featured_image_src":"https:\/\/www.gidaperakendecileri.org\/wp-content\/uploads\/2022\/02\/ocak-enflasyon-2022.jpg","author_info":{"display_name":"H\u00fcnkar G\u00f6rel","author_link":"https:\/\/www.gidaperakendecileri.org\/?author=2"},"yoast_head":"<!-- This site is optimized with the Yoast SEO plugin v26.7 - https:\/\/yoast.com\/wordpress\/plugins\/seo\/ -->\n<title>T\u00dc\u0130K Ocak Ay\u0131 Enflasyon Oran\u0131n\u0131 A\u00e7\u0131klad\u0131&gt;&gt; % 48,69 - GPD<\/title>\n<meta name=\"description\" content=\"T\u00dc\u0130K, 2022 y\u0131l\u0131 Ocak ay\u0131na ili\u015fkin enflasyon verilerini a\u00e7\u0131klad\u0131. Buna g\u00f6re T\u00fcketici Fiyat Endeksi y\u0131ll\u0131k ,69, ayl\u0131k ,10 artt\u0131.\" \/>\n<meta name=\"robots\" content=\"index, follow, max-snippet:-1, max-image-preview:large, max-video-preview:-1\" \/>\n<link rel=\"canonical\" href=\"https:\/\/www.gidaperakendecileri.org\/?p=4853\" \/>\n<meta property=\"og:locale\" content=\"en_US\" \/>\n<meta property=\"og:type\" content=\"article\" \/>\n<meta property=\"og:title\" content=\"T\u00dc\u0130K Ocak Ay\u0131 Enflasyon Oran\u0131n\u0131 A\u00e7\u0131klad\u0131&gt;&gt; % 48,69 - GPD\" \/>\n<meta property=\"og:description\" content=\"T\u00dc\u0130K, 2022 y\u0131l\u0131 Ocak ay\u0131na ili\u015fkin enflasyon verilerini a\u00e7\u0131klad\u0131. Buna g\u00f6re T\u00fcketici Fiyat Endeksi y\u0131ll\u0131k ,69, ayl\u0131k ,10 artt\u0131.\" \/>\n<meta property=\"og:url\" content=\"https:\/\/www.gidaperakendecileri.org\/?p=4853\" \/>\n<meta property=\"og:site_name\" content=\"GPD\" \/>\n<meta property=\"article:published_time\" content=\"2022-02-03T08:29:49+00:00\" \/>\n<meta property=\"article:modified_time\" content=\"2022-02-03T10:38:34+00:00\" \/>\n<meta property=\"og:image\" content=\"https:\/\/www.gidaperakendecileri.org\/wp-content\/uploads\/2022\/02\/ocak-enflasyon-2022.jpg\" \/>\n\t<meta property=\"og:image:width\" content=\"1575\" \/>\n\t<meta property=\"og:image:height\" content=\"1051\" \/>\n\t<meta property=\"og:image:type\" content=\"image\/jpeg\" \/>\n<meta name=\"author\" content=\"H\u00fcnkar G\u00f6rel\" \/>\n<meta name=\"twitter:card\" content=\"summary_large_image\" \/>\n<meta name=\"twitter:label1\" content=\"Written by\" \/>\n\t<meta name=\"twitter:data1\" content=\"H\u00fcnkar G\u00f6rel\" \/>\n\t<meta name=\"twitter:label2\" content=\"Est. reading time\" \/>\n\t<meta name=\"twitter:data2\" content=\"3 minutes\" \/>\n<script type=\"application\/ld+json\" class=\"yoast-schema-graph\">{\"@context\":\"https:\/\/schema.org\",\"@graph\":[{\"@type\":\"Article\",\"@id\":\"https:\/\/www.gidaperakendecileri.org\/?p=4853#article\",\"isPartOf\":{\"@id\":\"https:\/\/www.gidaperakendecileri.org\/?p=4853\"},\"author\":{\"name\":\"H\u00fcnkar G\u00f6rel\",\"@id\":\"https:\/\/www.gidaperakendecileri.org\/#\/schema\/person\/a509599b6fcfa3d743530309969de5e6\"},\"headline\":\"T\u00dc\u0130K Ocak Ay\u0131 Enflasyon Oran\u0131n\u0131 A\u00e7\u0131klad\u0131>> % 48,69\",\"datePublished\":\"2022-02-03T08:29:49+00:00\",\"dateModified\":\"2022-02-03T10:38:34+00:00\",\"mainEntityOfPage\":{\"@id\":\"https:\/\/www.gidaperakendecileri.org\/?p=4853\"},\"wordCount\":432,\"image\":{\"@id\":\"https:\/\/www.gidaperakendecileri.org\/?p=4853#primaryimage\"},\"thumbnailUrl\":\"https:\/\/www.gidaperakendecileri.org\/wp-content\/uploads\/2022\/02\/ocak-enflasyon-2022.jpg\",\"articleSection\":[\"Haberler\",\"Sekt\u00f6rden Haberler\"],\"inLanguage\":\"en-US\"},{\"@type\":\"WebPage\",\"@id\":\"https:\/\/www.gidaperakendecileri.org\/?p=4853\",\"url\":\"https:\/\/www.gidaperakendecileri.org\/?p=4853\",\"name\":\"T\u00dc\u0130K Ocak Ay\u0131 Enflasyon Oran\u0131n\u0131 A\u00e7\u0131klad\u0131>> % 48,69 - GPD\",\"isPartOf\":{\"@id\":\"https:\/\/www.gidaperakendecileri.org\/#website\"},\"primaryImageOfPage\":{\"@id\":\"https:\/\/www.gidaperakendecileri.org\/?p=4853#primaryimage\"},\"image\":{\"@id\":\"https:\/\/www.gidaperakendecileri.org\/?p=4853#primaryimage\"},\"thumbnailUrl\":\"https:\/\/www.gidaperakendecileri.org\/wp-content\/uploads\/2022\/02\/ocak-enflasyon-2022.jpg\",\"datePublished\":\"2022-02-03T08:29:49+00:00\",\"dateModified\":\"2022-02-03T10:38:34+00:00\",\"author\":{\"@id\":\"https:\/\/www.gidaperakendecileri.org\/#\/schema\/person\/a509599b6fcfa3d743530309969de5e6\"},\"description\":\"T\u00dc\u0130K, 2022 y\u0131l\u0131 Ocak ay\u0131na ili\u015fkin enflasyon verilerini a\u00e7\u0131klad\u0131. Buna g\u00f6re T\u00fcketici Fiyat Endeksi y\u0131ll\u0131k ,69, ayl\u0131k ,10 artt\u0131.\",\"breadcrumb\":{\"@id\":\"https:\/\/www.gidaperakendecileri.org\/?p=4853#breadcrumb\"},\"inLanguage\":\"en-US\",\"potentialAction\":[{\"@type\":\"ReadAction\",\"target\":[\"https:\/\/www.gidaperakendecileri.org\/?p=4853\"]}]},{\"@type\":\"ImageObject\",\"inLanguage\":\"en-US\",\"@id\":\"https:\/\/www.gidaperakendecileri.org\/?p=4853#primaryimage\",\"url\":\"https:\/\/www.gidaperakendecileri.org\/wp-content\/uploads\/2022\/02\/ocak-enflasyon-2022.jpg\",\"contentUrl\":\"https:\/\/www.gidaperakendecileri.org\/wp-content\/uploads\/2022\/02\/ocak-enflasyon-2022.jpg\",\"width\":1575,\"height\":1051},{\"@type\":\"BreadcrumbList\",\"@id\":\"https:\/\/www.gidaperakendecileri.org\/?p=4853#breadcrumb\",\"itemListElement\":[{\"@type\":\"ListItem\",\"position\":1,\"name\":\"Home\",\"item\":\"https:\/\/www.gidaperakendecileri.org\/\"},{\"@type\":\"ListItem\",\"position\":2,\"name\":\"T\u00dc\u0130K Ocak Ay\u0131 Enflasyon Oran\u0131n\u0131 A\u00e7\u0131klad\u0131>> % 48,69\"}]},{\"@type\":\"WebSite\",\"@id\":\"https:\/\/www.gidaperakendecileri.org\/#website\",\"url\":\"https:\/\/www.gidaperakendecileri.org\/\",\"name\":\"GPD\",\"description\":\"G\u0131da Perakendecileri Derne\u011fi\",\"potentialAction\":[{\"@type\":\"SearchAction\",\"target\":{\"@type\":\"EntryPoint\",\"urlTemplate\":\"https:\/\/www.gidaperakendecileri.org\/?s={search_term_string}\"},\"query-input\":{\"@type\":\"PropertyValueSpecification\",\"valueRequired\":true,\"valueName\":\"search_term_string\"}}],\"inLanguage\":\"en-US\"},{\"@type\":\"Person\",\"@id\":\"https:\/\/www.gidaperakendecileri.org\/#\/schema\/person\/a509599b6fcfa3d743530309969de5e6\",\"name\":\"H\u00fcnkar G\u00f6rel\",\"image\":{\"@type\":\"ImageObject\",\"inLanguage\":\"en-US\",\"@id\":\"https:\/\/www.gidaperakendecileri.org\/#\/schema\/person\/image\/\",\"url\":\"https:\/\/secure.gravatar.com\/avatar\/6833176c6068a3a97919a716cee09184937057818487819b3315830bdfd463a4?s=96&d=mm&r=g\",\"contentUrl\":\"https:\/\/secure.gravatar.com\/avatar\/6833176c6068a3a97919a716cee09184937057818487819b3315830bdfd463a4?s=96&d=mm&r=g\",\"caption\":\"H\u00fcnkar G\u00f6rel\"},\"url\":\"https:\/\/www.gidaperakendecileri.org\/?author=2\"}]}<\/script>\n<!-- \/ Yoast SEO plugin. -->","yoast_head_json":{"title":"T\u00dc\u0130K Ocak Ay\u0131 Enflasyon Oran\u0131n\u0131 A\u00e7\u0131klad\u0131>> % 48,69 - GPD","description":"T\u00dc\u0130K, 2022 y\u0131l\u0131 Ocak ay\u0131na ili\u015fkin enflasyon verilerini a\u00e7\u0131klad\u0131. Buna g\u00f6re T\u00fcketici Fiyat Endeksi y\u0131ll\u0131k ,69, ayl\u0131k ,10 artt\u0131.","robots":{"index":"index","follow":"follow","max-snippet":"max-snippet:-1","max-image-preview":"max-image-preview:large","max-video-preview":"max-video-preview:-1"},"canonical":"https:\/\/www.gidaperakendecileri.org\/?p=4853","og_locale":"en_US","og_type":"article","og_title":"T\u00dc\u0130K Ocak Ay\u0131 Enflasyon Oran\u0131n\u0131 A\u00e7\u0131klad\u0131>> % 48,69 - GPD","og_description":"T\u00dc\u0130K, 2022 y\u0131l\u0131 Ocak ay\u0131na ili\u015fkin enflasyon verilerini a\u00e7\u0131klad\u0131. Buna g\u00f6re T\u00fcketici Fiyat Endeksi y\u0131ll\u0131k ,69, ayl\u0131k ,10 artt\u0131.","og_url":"https:\/\/www.gidaperakendecileri.org\/?p=4853","og_site_name":"GPD","article_published_time":"2022-02-03T08:29:49+00:00","article_modified_time":"2022-02-03T10:38:34+00:00","og_image":[{"width":1575,"height":1051,"url":"https:\/\/www.gidaperakendecileri.org\/wp-content\/uploads\/2022\/02\/ocak-enflasyon-2022.jpg","type":"image\/jpeg"}],"author":"H\u00fcnkar G\u00f6rel","twitter_card":"summary_large_image","twitter_misc":{"Written by":"H\u00fcnkar G\u00f6rel","Est. reading time":"3 minutes"},"schema":{"@context":"https:\/\/schema.org","@graph":[{"@type":"Article","@id":"https:\/\/www.gidaperakendecileri.org\/?p=4853#article","isPartOf":{"@id":"https:\/\/www.gidaperakendecileri.org\/?p=4853"},"author":{"name":"H\u00fcnkar G\u00f6rel","@id":"https:\/\/www.gidaperakendecileri.org\/#\/schema\/person\/a509599b6fcfa3d743530309969de5e6"},"headline":"T\u00dc\u0130K Ocak Ay\u0131 Enflasyon Oran\u0131n\u0131 A\u00e7\u0131klad\u0131>> % 48,69","datePublished":"2022-02-03T08:29:49+00:00","dateModified":"2022-02-03T10:38:34+00:00","mainEntityOfPage":{"@id":"https:\/\/www.gidaperakendecileri.org\/?p=4853"},"wordCount":432,"image":{"@id":"https:\/\/www.gidaperakendecileri.org\/?p=4853#primaryimage"},"thumbnailUrl":"https:\/\/www.gidaperakendecileri.org\/wp-content\/uploads\/2022\/02\/ocak-enflasyon-2022.jpg","articleSection":["Haberler","Sekt\u00f6rden Haberler"],"inLanguage":"en-US"},{"@type":"WebPage","@id":"https:\/\/www.gidaperakendecileri.org\/?p=4853","url":"https:\/\/www.gidaperakendecileri.org\/?p=4853","name":"T\u00dc\u0130K Ocak Ay\u0131 Enflasyon Oran\u0131n\u0131 A\u00e7\u0131klad\u0131>> % 48,69 - GPD","isPartOf":{"@id":"https:\/\/www.gidaperakendecileri.org\/#website"},"primaryImageOfPage":{"@id":"https:\/\/www.gidaperakendecileri.org\/?p=4853#primaryimage"},"image":{"@id":"https:\/\/www.gidaperakendecileri.org\/?p=4853#primaryimage"},"thumbnailUrl":"https:\/\/www.gidaperakendecileri.org\/wp-content\/uploads\/2022\/02\/ocak-enflasyon-2022.jpg","datePublished":"2022-02-03T08:29:49+00:00","dateModified":"2022-02-03T10:38:34+00:00","author":{"@id":"https:\/\/www.gidaperakendecileri.org\/#\/schema\/person\/a509599b6fcfa3d743530309969de5e6"},"description":"T\u00dc\u0130K, 2022 y\u0131l\u0131 Ocak ay\u0131na ili\u015fkin enflasyon verilerini a\u00e7\u0131klad\u0131. Buna g\u00f6re T\u00fcketici Fiyat Endeksi y\u0131ll\u0131k ,69, ayl\u0131k ,10 artt\u0131.","breadcrumb":{"@id":"https:\/\/www.gidaperakendecileri.org\/?p=4853#breadcrumb"},"inLanguage":"en-US","potentialAction":[{"@type":"ReadAction","target":["https:\/\/www.gidaperakendecileri.org\/?p=4853"]}]},{"@type":"ImageObject","inLanguage":"en-US","@id":"https:\/\/www.gidaperakendecileri.org\/?p=4853#primaryimage","url":"https:\/\/www.gidaperakendecileri.org\/wp-content\/uploads\/2022\/02\/ocak-enflasyon-2022.jpg","contentUrl":"https:\/\/www.gidaperakendecileri.org\/wp-content\/uploads\/2022\/02\/ocak-enflasyon-2022.jpg","width":1575,"height":1051},{"@type":"BreadcrumbList","@id":"https:\/\/www.gidaperakendecileri.org\/?p=4853#breadcrumb","itemListElement":[{"@type":"ListItem","position":1,"name":"Home","item":"https:\/\/www.gidaperakendecileri.org\/"},{"@type":"ListItem","position":2,"name":"T\u00dc\u0130K Ocak Ay\u0131 Enflasyon Oran\u0131n\u0131 A\u00e7\u0131klad\u0131>> % 48,69"}]},{"@type":"WebSite","@id":"https:\/\/www.gidaperakendecileri.org\/#website","url":"https:\/\/www.gidaperakendecileri.org\/","name":"GPD","description":"G\u0131da Perakendecileri Derne\u011fi","potentialAction":[{"@type":"SearchAction","target":{"@type":"EntryPoint","urlTemplate":"https:\/\/www.gidaperakendecileri.org\/?s={search_term_string}"},"query-input":{"@type":"PropertyValueSpecification","valueRequired":true,"valueName":"search_term_string"}}],"inLanguage":"en-US"},{"@type":"Person","@id":"https:\/\/www.gidaperakendecileri.org\/#\/schema\/person\/a509599b6fcfa3d743530309969de5e6","name":"H\u00fcnkar G\u00f6rel","image":{"@type":"ImageObject","inLanguage":"en-US","@id":"https:\/\/www.gidaperakendecileri.org\/#\/schema\/person\/image\/","url":"https:\/\/secure.gravatar.com\/avatar\/6833176c6068a3a97919a716cee09184937057818487819b3315830bdfd463a4?s=96&d=mm&r=g","contentUrl":"https:\/\/secure.gravatar.com\/avatar\/6833176c6068a3a97919a716cee09184937057818487819b3315830bdfd463a4?s=96&d=mm&r=g","caption":"H\u00fcnkar G\u00f6rel"},"url":"https:\/\/www.gidaperakendecileri.org\/?author=2"}]}},"amp_enabled":true,"_links":{"self":[{"href":"https:\/\/www.gidaperakendecileri.org\/index.php?rest_route=\/wp\/v2\/posts\/4853","targetHints":{"allow":["GET"]}}],"collection":[{"href":"https:\/\/www.gidaperakendecileri.org\/index.php?rest_route=\/wp\/v2\/posts"}],"about":[{"href":"https:\/\/www.gidaperakendecileri.org\/index.php?rest_route=\/wp\/v2\/types\/post"}],"author":[{"embeddable":true,"href":"https:\/\/www.gidaperakendecileri.org\/index.php?rest_route=\/wp\/v2\/users\/2"}],"replies":[{"embeddable":true,"href":"https:\/\/www.gidaperakendecileri.org\/index.php?rest_route=%2Fwp%2Fv2%2Fcomments&post=4853"}],"version-history":[{"count":10,"href":"https:\/\/www.gidaperakendecileri.org\/index.php?rest_route=\/wp\/v2\/posts\/4853\/revisions"}],"predecessor-version":[{"id":4869,"href":"https:\/\/www.gidaperakendecileri.org\/index.php?rest_route=\/wp\/v2\/posts\/4853\/revisions\/4869"}],"wp:featuredmedia":[{"embeddable":true,"href":"https:\/\/www.gidaperakendecileri.org\/index.php?rest_route=\/wp\/v2\/media\/4854"}],"wp:attachment":[{"href":"https:\/\/www.gidaperakendecileri.org\/index.php?rest_route=%2Fwp%2Fv2%2Fmedia&parent=4853"}],"wp:term":[{"taxonomy":"category","embeddable":true,"href":"https:\/\/www.gidaperakendecileri.org\/index.php?rest_route=%2Fwp%2Fv2%2Fcategories&post=4853"},{"taxonomy":"post_tag","embeddable":true,"href":"https:\/\/www.gidaperakendecileri.org\/index.php?rest_route=%2Fwp%2Fv2%2Ftags&post=4853"}],"curies":[{"name":"wp","href":"https:\/\/api.w.org\/{rel}","templated":true}]}}