{"id":4519,"date":"2022-01-11T14:02:47","date_gmt":"2022-01-11T14:02:47","guid":{"rendered":"https:\/\/www.gidaperakendecileri.org\/?p=4519"},"modified":"2022-01-11T14:06:04","modified_gmt":"2022-01-11T14:06:04","slug":"tuik-kasim-ayina-iliskin-isgucu-istatistiklerini-acikladi","status":"publish","type":"post","link":"https:\/\/www.gidaperakendecileri.org\/?p=4519","title":{"rendered":"T\u00dc\u0130K Kas\u0131m Ay\u0131na \u0130li\u015fkin \u0130\u015fg\u00fcc\u00fc \u0130statistiklerini A\u00e7\u0131klad\u0131"},"content":{"rendered":"\t\t<div data-elementor-type=\"wp-post\" data-elementor-id=\"4519\" class=\"elementor elementor-4519\">\n\t\t\t\t\t\t<section class=\"elementor-section elementor-top-section elementor-element elementor-element-3ef128ae elementor-section-boxed elementor-section-height-default elementor-section-height-default\" data-id=\"3ef128ae\" data-element_type=\"section\">\n\t\t\t\t\t\t<div class=\"elementor-container elementor-column-gap-default\">\n\t\t\t\t\t<div class=\"elementor-column elementor-col-100 elementor-top-column elementor-element elementor-element-6c0ce5df\" data-id=\"6c0ce5df\" data-element_type=\"column\">\n\t\t\t<div class=\"elementor-widget-wrap elementor-element-populated\">\n\t\t\t\t\t\t<div class=\"elementor-element elementor-element-5aacae7a elementor-widget elementor-widget-text-editor\" data-id=\"5aacae7a\" data-element_type=\"widget\" data-widget_type=\"text-editor.default\">\n\t\t\t\t<div class=\"elementor-widget-container\">\n\t\t\t\t\t\t\t\t\t<div class=\"td-paragraph-padding-1\"><h3><span style=\"color: #000000;\"><strong>T\u00fcrkiye istatistik Kurumu (T\u00dc\u0130K), Kas\u0131m ay\u0131na ili\u015fkin i\u015fg\u00fcc\u00fc istatistiklerini a\u00e7\u0131klad\u0131. T\u00fcrkiye genelinde 15 ve daha yukar\u0131 ya\u015ftaki ki\u015filerde i\u015fsiz say\u0131s\u0131 2021 y\u0131l\u0131 Kas\u0131m ay\u0131nda bir \u00f6nceki aya g\u00f6re 39 bin ki\u015fi artarak 3 milyon 777 bin ki\u015fi oldu. \u0130\u015fsizlik oran\u0131 ise de\u011fi\u015fim g\u00f6stermeyerek y\u00fczde 11,2 seviyesinde ger\u00e7ekle\u015fti. Gen\u00e7 n\u00fcfusta i\u015fsizlik oran\u0131 bir \u00f6nceki aya g\u00f6re 1,7 puan artarak y\u00fczde 22,3 oldu<\/strong><\/span><\/h3><p><span style=\"color: #000000;\">T\u00dc\u0130K verilerine g\u00f6re, T\u00fcrkiye genelinde 15 ve daha yukar\u0131 ya\u015ftaki ki\u015filerde i\u015fsiz say\u0131s\u0131 2021 y\u0131l\u0131 Kas\u0131m ay\u0131nda bir \u00f6nceki aya g\u00f6re 39 bin ki\u015fi artarak 3 milyon 777 bin ki\u015fi oldu. \u0130\u015fsizlik oran\u0131 ise de\u011fi\u015fim g\u00f6stermeyerek %11,2 seviyesinde ger\u00e7ekle\u015fti.<\/span><\/p><p><strong><span style=\"color: #000000;\">Mevsim Etkisinden Ar\u0131nd\u0131r\u0131lm\u0131\u015f \u0130stihdam Oran\u0131 Y\u00fczde 46.6 Oldu<\/span><\/strong><br \/><span style=\"color: #000000;\">\u0130stihdam edilenlerin say\u0131s\u0131 2021 y\u0131l\u0131 Kas\u0131m ay\u0131nda bir \u00f6nceki aya g\u00f6re 228 bin ki\u015fi artarak 29 milyon 855 bin ki\u015fi, istihdam oran\u0131 ise 0,3 puanl\u0131k art\u0131\u015f ile %46,6 oldu.<\/span><\/p><p><img fetchpriority=\"high\" decoding=\"async\" class=\"aligncenter wp-image-4525 size-full\" src=\"https:\/\/www.gidaperakendecileri.org\/wp-content\/uploads\/2022\/01\/tuik-isgucu-1.jpg\" alt=\"\" width=\"1328\" height=\"421\" srcset=\"https:\/\/www.gidaperakendecileri.org\/wp-content\/uploads\/2022\/01\/tuik-isgucu-1.jpg 1328w, https:\/\/www.gidaperakendecileri.org\/wp-content\/uploads\/2022\/01\/tuik-isgucu-1-300x95.jpg 300w, https:\/\/www.gidaperakendecileri.org\/wp-content\/uploads\/2022\/01\/tuik-isgucu-1-1024x325.jpg 1024w, https:\/\/www.gidaperakendecileri.org\/wp-content\/uploads\/2022\/01\/tuik-isgucu-1-768x243.jpg 768w, https:\/\/www.gidaperakendecileri.org\/wp-content\/uploads\/2022\/01\/tuik-isgucu-1-696x221.jpg 696w, https:\/\/www.gidaperakendecileri.org\/wp-content\/uploads\/2022\/01\/tuik-isgucu-1-1068x339.jpg 1068w, https:\/\/www.gidaperakendecileri.org\/wp-content\/uploads\/2022\/01\/tuik-isgucu-1-1325x420.jpg 1325w\" sizes=\"(max-width: 1328px) 100vw, 1328px\" \/><\/p><p><strong><span style=\"color: #000000;\">Mevsim Etkisinden Ar\u0131nd\u0131r\u0131lm\u0131\u015f \u0130\u015fg\u00fcc\u00fcne Kat\u0131lma Oran\u0131 Y\u00fczde 52.5 Olarak Ger\u00e7ekle\u015fti<\/span><\/strong><br \/><span style=\"color: #000000;\">\u0130\u015fg\u00fcc\u00fc 2021 y\u0131l\u0131 Kas\u0131m ay\u0131nda bir \u00f6nceki aya g\u00f6re 267 bin ki\u015fi artarak 33 milyon 632 bin ki\u015fi, i\u015fg\u00fcc\u00fcne kat\u0131lma oran\u0131 ise 0,4 puanl\u0131k art\u0131\u015f ile %52,5 olarak ger\u00e7ekle\u015fti.<\/span><\/p><p><strong><span style=\"color: #000000;\">Gen\u00e7 N\u00fcfusta Mevsim Etkisinden Ar\u0131nd\u0131r\u0131lm\u0131\u015f \u0130\u015fsizlik Oran\u0131 Y\u00fczde 22.3, \u0130stihdam Oran\u0131 Y\u00fczde 33.2 Oldu<\/span><\/strong><br \/><span style=\"color: #000000;\">15-24 ya\u015f grubunu kapsayan gen\u00e7 n\u00fcfusta i\u015fsizlik oran\u0131 bir \u00f6nceki aya g\u00f6re 1,7 puan artarak %22,3, istihdam oran\u0131 0,1 puanl\u0131k art\u0131\u015fla %33,2 oldu. Bu ya\u015f grubunda i\u015fg\u00fcc\u00fcne kat\u0131lma oran\u0131 ise bir \u00f6nceki aya g\u00f6re 1,2 puan artarak %42,8 seviyesinde ger\u00e7ekle\u015fti.<\/span><\/p><p><strong><span style=\"color: #000000;\">Mevsim Etkisinden Ar\u0131nd\u0131r\u0131lm\u0131\u015f \u0130stihdam\u0131n Y\u00fczde 55.2&#8217;si Hizmet Sekt\u00f6r\u00fcnde Yer Ald\u0131<\/span><\/strong><br \/><span style=\"color: #000000;\">Kas\u0131m ay\u0131nda istihdam edilenlerin say\u0131s\u0131 bir \u00f6nceki aya g\u00f6re tar\u0131m sekt\u00f6r\u00fcnde 49 bin ki\u015fi, sanayi sekt\u00f6r\u00fcnde 73 bin ki\u015fi, in\u015faat sekt\u00f6r\u00fcnde 10 bin ki\u015fi, hizmet sekt\u00f6r\u00fcnde 96 bin ki\u015fi artt\u0131. \u0130stihdam edilenlerin %17,1&#8217;i tar\u0131m, %21,6&#8217;s\u0131 sanayi, %6,1&#8217;i in\u015faat, %55,2&#8217;si ise hizmet sekt\u00f6r\u00fcnde yer ald\u0131.<\/span><\/p><p><img decoding=\"async\" class=\"aligncenter wp-image-4526 size-full\" src=\"https:\/\/www.gidaperakendecileri.org\/wp-content\/uploads\/2022\/01\/tuik-isgucu-2.jpg\" alt=\"\" width=\"986\" height=\"265\" srcset=\"https:\/\/www.gidaperakendecileri.org\/wp-content\/uploads\/2022\/01\/tuik-isgucu-2.jpg 986w, https:\/\/www.gidaperakendecileri.org\/wp-content\/uploads\/2022\/01\/tuik-isgucu-2-300x81.jpg 300w, https:\/\/www.gidaperakendecileri.org\/wp-content\/uploads\/2022\/01\/tuik-isgucu-2-768x206.jpg 768w, https:\/\/www.gidaperakendecileri.org\/wp-content\/uploads\/2022\/01\/tuik-isgucu-2-696x187.jpg 696w\" sizes=\"(max-width: 986px) 100vw, 986px\" \/><\/p><p><strong><span style=\"color: #000000;\">Mevsim Etkisinden Ar\u0131nd\u0131r\u0131lm\u0131\u015f At\u0131l \u0130\u015fg\u00fcc\u00fc Oran\u0131 Y\u00fczde 22.1 Oldu<\/span><\/strong><br \/><span style=\"color: #000000;\">Zamana ba\u011fl\u0131 eksik istihdam, potansiyel i\u015fg\u00fcc\u00fc ve i\u015fsizlerden olu\u015fan at\u0131l i\u015fg\u00fcc\u00fc oran\u0131 2021 y\u0131l\u0131 Kas\u0131m ay\u0131nda bir \u00f6nceki aya g\u00f6re 0,7 puan azalarak %22,1 oldu. Zamana ba\u011fl\u0131 eksik istihdam ve i\u015fsizlerin b\u00fct\u00fcnle\u015fik oran\u0131 %15,4 iken, potansiyel i\u015fg\u00fcc\u00fc ve i\u015fsizlerin b\u00fct\u00fcnle\u015fik oran\u0131 %18,2 olarak ger\u00e7ekle\u015fti.<\/span><\/p><p><img decoding=\"async\" class=\"aligncenter wp-image-4527 size-full\" src=\"https:\/\/www.gidaperakendecileri.org\/wp-content\/uploads\/2022\/01\/tuik-isgucu-3.jpg\" alt=\"\" width=\"850\" height=\"401\" srcset=\"https:\/\/www.gidaperakendecileri.org\/wp-content\/uploads\/2022\/01\/tuik-isgucu-3.jpg 850w, https:\/\/www.gidaperakendecileri.org\/wp-content\/uploads\/2022\/01\/tuik-isgucu-3-300x142.jpg 300w, https:\/\/www.gidaperakendecileri.org\/wp-content\/uploads\/2022\/01\/tuik-isgucu-3-768x362.jpg 768w, https:\/\/www.gidaperakendecileri.org\/wp-content\/uploads\/2022\/01\/tuik-isgucu-3-696x328.jpg 696w\" sizes=\"(max-width: 850px) 100vw, 850px\" \/><\/p><p><strong><span style=\"color: #000000;\">\u0130\u015fsizlik Oran\u0131 Y\u00fczde 10.9, \u0130stihdam Oran\u0131 Y\u00fczde 46.4 Oldu<\/span><\/strong><br \/><span style=\"color: #000000;\">\u0130\u015fsizlik oran\u0131 bir \u00f6nceki y\u0131l\u0131n ayn\u0131 ay\u0131na g\u00f6re 2,0 puan azalarak %10,9 oldu. \u0130\u015fsiz say\u0131s\u0131 bir \u00f6nceki y\u0131l\u0131n ayn\u0131 ay\u0131na g\u00f6re 309 bin ki\u015fi azalarak 3 milyon 651 bin ki\u015fi olarak ger\u00e7ekle\u015fti.<\/span><br \/><span style=\"color: #000000;\">\u0130stihdam oran\u0131 bir \u00f6nceki y\u0131l\u0131n ayn\u0131 ay\u0131na g\u00f6re 4,0 puan artarak %46,4 oldu. \u0130stihdam edilenlerin say\u0131s\u0131 3 milyon 18 bin ki\u015fi artarak 29 milyon 746 bin ki\u015fi oldu.<\/span><\/p><p><span style=\"color: #000000;\">\u0130\u015fg\u00fcc\u00fcne kat\u0131lma oran\u0131 bir \u00f6nceki y\u0131l\u0131n ayn\u0131 ay\u0131na g\u00f6re 3,4 puan artarak %52,1 oldu. \u0130\u015fg\u00fcc\u00fcne kat\u0131lan say\u0131s\u0131 2 milyon 710 bin ki\u015fi artarak 33 milyon 398 bin ki\u015fi olarak ger\u00e7ekle\u015fti.<\/span><\/p><p><strong><span style=\"color: #000000;\">Tar\u0131m D\u0131\u015f\u0131 Sekt\u00f6rde Kay\u0131t D\u0131\u015f\u0131 \u00c7al\u0131\u015fanlar\u0131n Oran\u0131 Y\u00fczde 17.9 Oldu<\/span><\/strong><br \/><span style=\"color: #000000;\">Kas\u0131m ay\u0131nda sosyal g\u00fcvenlik kurulu\u015funa ba\u011fl\u0131 olmadan \u00e7al\u0131\u015fanlar\u0131n toplam \u00e7al\u0131\u015fanlar i\u00e7indeki pay\u0131n\u0131 g\u00f6steren kay\u0131t d\u0131\u015f\u0131 \u00e7al\u0131\u015fanlar\u0131n oran\u0131, bir \u00f6nceki y\u0131l\u0131n ayn\u0131 ay\u0131na g\u00f6re 0,7 puan azalarak %29,0 olarak ger\u00e7ekle\u015fti. Tar\u0131m d\u0131\u015f\u0131 sekt\u00f6rde kay\u0131t d\u0131\u015f\u0131 \u00e7al\u0131\u015fanlar\u0131n oran\u0131 bir \u00f6nceki y\u0131l\u0131n ayn\u0131 ay\u0131na g\u00f6re 1,2 puan azalarak %17,9 oldu.<\/span><\/p><\/div>\t\t\t\t\t\t\t\t<\/div>\n\t\t\t\t<\/div>\n\t\t\t\t\t<\/div>\n\t\t<\/div>\n\t\t\t\t\t<\/div>\n\t\t<\/section>\n\t\t\t\t<\/div>\n\t\t","protected":false},"excerpt":{"rendered":"<p>T\u00fcrkiye istatistik Kurumu (T\u00dc\u0130K), Kas\u0131m ay\u0131na ili\u015fkin i\u015fg\u00fcc\u00fc istatistiklerini a\u00e7\u0131klad\u0131. T\u00fcrkiye genelinde 15 ve daha yukar\u0131 ya\u015ftaki ki\u015filerde i\u015fsiz say\u0131s\u0131 2021 y\u0131l\u0131 Kas\u0131m ay\u0131nda bir \u00f6nceki aya g\u00f6re 39 bin ki\u015fi artarak 3 milyon 777 bin ki\u015fi oldu. \u0130\u015fsizlik oran\u0131 ise de\u011fi\u015fim g\u00f6stermeyerek y\u00fczde 11,2 seviyesinde ger\u00e7ekle\u015fti. Gen\u00e7 n\u00fcfusta i\u015fsizlik oran\u0131 bir \u00f6nceki aya g\u00f6re [&hellip;]<\/p>\n","protected":false},"author":2,"featured_media":4520,"comment_status":"closed","ping_status":"closed","sticky":false,"template":"","format":"standard","meta":{"_monsterinsights_skip_tracking":false,"_monsterinsights_sitenote_active":false,"_monsterinsights_sitenote_note":"","_monsterinsights_sitenote_category":0,"footnotes":""},"categories":[23,32],"tags":[],"class_list":{"0":"post-4519","1":"post","2":"type-post","3":"status-publish","4":"format-standard","5":"has-post-thumbnail","7":"category-haberler","8":"category-sektorden-haberler-haberler"},"featured_image_src":"https:\/\/www.gidaperakendecileri.org\/wp-content\/uploads\/2022\/01\/tuik-isgucu-gpd.jpg","author_info":{"display_name":"H\u00fcnkar G\u00f6rel","author_link":"https:\/\/www.gidaperakendecileri.org\/?author=2"},"yoast_head":"<!-- This site is optimized with the Yoast SEO plugin v26.7 - https:\/\/yoast.com\/wordpress\/plugins\/seo\/ -->\n<title>T\u00dc\u0130K Kas\u0131m Ay\u0131na \u0130li\u015fkin \u0130\u015fg\u00fcc\u00fc \u0130statistiklerini A\u00e7\u0131klad\u0131 - GPD<\/title>\n<meta name=\"description\" content=\"T\u00fcrkiye genelinde 15 ve daha yukar\u0131 ya\u015ftaki ki\u015filerde i\u015fsiz say\u0131s\u0131 2021 y\u0131l\u0131 Kas\u0131m ay\u0131nda bir \u00f6nceki aya g\u00f6re 39 bin ki\u015fi artarak 3 milyon 777 bin ki\u015fi oldu.\" \/>\n<meta name=\"robots\" content=\"index, follow, max-snippet:-1, max-image-preview:large, max-video-preview:-1\" \/>\n<link rel=\"canonical\" href=\"https:\/\/www.gidaperakendecileri.org\/?p=4519\" \/>\n<meta property=\"og:locale\" content=\"en_US\" \/>\n<meta property=\"og:type\" content=\"article\" \/>\n<meta property=\"og:title\" content=\"T\u00dc\u0130K Kas\u0131m Ay\u0131na \u0130li\u015fkin \u0130\u015fg\u00fcc\u00fc \u0130statistiklerini A\u00e7\u0131klad\u0131 - GPD\" \/>\n<meta property=\"og:description\" content=\"T\u00fcrkiye genelinde 15 ve daha yukar\u0131 ya\u015ftaki ki\u015filerde i\u015fsiz say\u0131s\u0131 2021 y\u0131l\u0131 Kas\u0131m ay\u0131nda bir \u00f6nceki aya g\u00f6re 39 bin ki\u015fi artarak 3 milyon 777 bin ki\u015fi oldu.\" \/>\n<meta property=\"og:url\" content=\"https:\/\/www.gidaperakendecileri.org\/?p=4519\" \/>\n<meta property=\"og:site_name\" content=\"GPD\" \/>\n<meta property=\"article:published_time\" content=\"2022-01-11T14:02:47+00:00\" \/>\n<meta property=\"article:modified_time\" content=\"2022-01-11T14:06:04+00:00\" \/>\n<meta property=\"og:image\" content=\"https:\/\/www.gidaperakendecileri.org\/wp-content\/uploads\/2022\/01\/tuik-isgucu-gpd.jpg\" \/>\n\t<meta property=\"og:image:width\" content=\"1181\" \/>\n\t<meta property=\"og:image:height\" content=\"642\" \/>\n\t<meta property=\"og:image:type\" content=\"image\/jpeg\" \/>\n<meta name=\"author\" content=\"H\u00fcnkar G\u00f6rel\" \/>\n<meta name=\"twitter:card\" content=\"summary_large_image\" \/>\n<meta name=\"twitter:label1\" content=\"Written by\" \/>\n\t<meta name=\"twitter:data1\" content=\"H\u00fcnkar G\u00f6rel\" \/>\n\t<meta name=\"twitter:label2\" content=\"Est. reading time\" \/>\n\t<meta name=\"twitter:data2\" content=\"3 minutes\" \/>\n<script type=\"application\/ld+json\" class=\"yoast-schema-graph\">{\"@context\":\"https:\/\/schema.org\",\"@graph\":[{\"@type\":\"Article\",\"@id\":\"https:\/\/www.gidaperakendecileri.org\/?p=4519#article\",\"isPartOf\":{\"@id\":\"https:\/\/www.gidaperakendecileri.org\/?p=4519\"},\"author\":{\"name\":\"H\u00fcnkar G\u00f6rel\",\"@id\":\"https:\/\/www.gidaperakendecileri.org\/#\/schema\/person\/a509599b6fcfa3d743530309969de5e6\"},\"headline\":\"T\u00dc\u0130K Kas\u0131m Ay\u0131na \u0130li\u015fkin \u0130\u015fg\u00fcc\u00fc \u0130statistiklerini A\u00e7\u0131klad\u0131\",\"datePublished\":\"2022-01-11T14:02:47+00:00\",\"dateModified\":\"2022-01-11T14:06:04+00:00\",\"mainEntityOfPage\":{\"@id\":\"https:\/\/www.gidaperakendecileri.org\/?p=4519\"},\"wordCount\":668,\"image\":{\"@id\":\"https:\/\/www.gidaperakendecileri.org\/?p=4519#primaryimage\"},\"thumbnailUrl\":\"https:\/\/www.gidaperakendecileri.org\/wp-content\/uploads\/2022\/01\/tuik-isgucu-gpd.jpg\",\"articleSection\":[\"Haberler\",\"Sekt\u00f6rden Haberler\"],\"inLanguage\":\"en-US\"},{\"@type\":\"WebPage\",\"@id\":\"https:\/\/www.gidaperakendecileri.org\/?p=4519\",\"url\":\"https:\/\/www.gidaperakendecileri.org\/?p=4519\",\"name\":\"T\u00dc\u0130K Kas\u0131m Ay\u0131na \u0130li\u015fkin \u0130\u015fg\u00fcc\u00fc \u0130statistiklerini A\u00e7\u0131klad\u0131 - GPD\",\"isPartOf\":{\"@id\":\"https:\/\/www.gidaperakendecileri.org\/#website\"},\"primaryImageOfPage\":{\"@id\":\"https:\/\/www.gidaperakendecileri.org\/?p=4519#primaryimage\"},\"image\":{\"@id\":\"https:\/\/www.gidaperakendecileri.org\/?p=4519#primaryimage\"},\"thumbnailUrl\":\"https:\/\/www.gidaperakendecileri.org\/wp-content\/uploads\/2022\/01\/tuik-isgucu-gpd.jpg\",\"datePublished\":\"2022-01-11T14:02:47+00:00\",\"dateModified\":\"2022-01-11T14:06:04+00:00\",\"author\":{\"@id\":\"https:\/\/www.gidaperakendecileri.org\/#\/schema\/person\/a509599b6fcfa3d743530309969de5e6\"},\"description\":\"T\u00fcrkiye genelinde 15 ve daha yukar\u0131 ya\u015ftaki ki\u015filerde i\u015fsiz say\u0131s\u0131 2021 y\u0131l\u0131 Kas\u0131m ay\u0131nda bir \u00f6nceki aya g\u00f6re 39 bin ki\u015fi artarak 3 milyon 777 bin ki\u015fi oldu.\",\"breadcrumb\":{\"@id\":\"https:\/\/www.gidaperakendecileri.org\/?p=4519#breadcrumb\"},\"inLanguage\":\"en-US\",\"potentialAction\":[{\"@type\":\"ReadAction\",\"target\":[\"https:\/\/www.gidaperakendecileri.org\/?p=4519\"]}]},{\"@type\":\"ImageObject\",\"inLanguage\":\"en-US\",\"@id\":\"https:\/\/www.gidaperakendecileri.org\/?p=4519#primaryimage\",\"url\":\"https:\/\/www.gidaperakendecileri.org\/wp-content\/uploads\/2022\/01\/tuik-isgucu-gpd.jpg\",\"contentUrl\":\"https:\/\/www.gidaperakendecileri.org\/wp-content\/uploads\/2022\/01\/tuik-isgucu-gpd.jpg\",\"width\":1181,\"height\":642},{\"@type\":\"BreadcrumbList\",\"@id\":\"https:\/\/www.gidaperakendecileri.org\/?p=4519#breadcrumb\",\"itemListElement\":[{\"@type\":\"ListItem\",\"position\":1,\"name\":\"Home\",\"item\":\"https:\/\/www.gidaperakendecileri.org\/\"},{\"@type\":\"ListItem\",\"position\":2,\"name\":\"T\u00dc\u0130K Kas\u0131m Ay\u0131na \u0130li\u015fkin \u0130\u015fg\u00fcc\u00fc \u0130statistiklerini A\u00e7\u0131klad\u0131\"}]},{\"@type\":\"WebSite\",\"@id\":\"https:\/\/www.gidaperakendecileri.org\/#website\",\"url\":\"https:\/\/www.gidaperakendecileri.org\/\",\"name\":\"GPD\",\"description\":\"G\u0131da Perakendecileri Derne\u011fi\",\"potentialAction\":[{\"@type\":\"SearchAction\",\"target\":{\"@type\":\"EntryPoint\",\"urlTemplate\":\"https:\/\/www.gidaperakendecileri.org\/?s={search_term_string}\"},\"query-input\":{\"@type\":\"PropertyValueSpecification\",\"valueRequired\":true,\"valueName\":\"search_term_string\"}}],\"inLanguage\":\"en-US\"},{\"@type\":\"Person\",\"@id\":\"https:\/\/www.gidaperakendecileri.org\/#\/schema\/person\/a509599b6fcfa3d743530309969de5e6\",\"name\":\"H\u00fcnkar G\u00f6rel\",\"image\":{\"@type\":\"ImageObject\",\"inLanguage\":\"en-US\",\"@id\":\"https:\/\/www.gidaperakendecileri.org\/#\/schema\/person\/image\/\",\"url\":\"https:\/\/secure.gravatar.com\/avatar\/6833176c6068a3a97919a716cee09184937057818487819b3315830bdfd463a4?s=96&d=mm&r=g\",\"contentUrl\":\"https:\/\/secure.gravatar.com\/avatar\/6833176c6068a3a97919a716cee09184937057818487819b3315830bdfd463a4?s=96&d=mm&r=g\",\"caption\":\"H\u00fcnkar G\u00f6rel\"},\"url\":\"https:\/\/www.gidaperakendecileri.org\/?author=2\"}]}<\/script>\n<!-- \/ Yoast SEO plugin. -->","yoast_head_json":{"title":"T\u00dc\u0130K Kas\u0131m Ay\u0131na \u0130li\u015fkin \u0130\u015fg\u00fcc\u00fc \u0130statistiklerini A\u00e7\u0131klad\u0131 - GPD","description":"T\u00fcrkiye genelinde 15 ve daha yukar\u0131 ya\u015ftaki ki\u015filerde i\u015fsiz say\u0131s\u0131 2021 y\u0131l\u0131 Kas\u0131m ay\u0131nda bir \u00f6nceki aya g\u00f6re 39 bin ki\u015fi artarak 3 milyon 777 bin ki\u015fi oldu.","robots":{"index":"index","follow":"follow","max-snippet":"max-snippet:-1","max-image-preview":"max-image-preview:large","max-video-preview":"max-video-preview:-1"},"canonical":"https:\/\/www.gidaperakendecileri.org\/?p=4519","og_locale":"en_US","og_type":"article","og_title":"T\u00dc\u0130K Kas\u0131m Ay\u0131na \u0130li\u015fkin \u0130\u015fg\u00fcc\u00fc \u0130statistiklerini A\u00e7\u0131klad\u0131 - GPD","og_description":"T\u00fcrkiye genelinde 15 ve daha yukar\u0131 ya\u015ftaki ki\u015filerde i\u015fsiz say\u0131s\u0131 2021 y\u0131l\u0131 Kas\u0131m ay\u0131nda bir \u00f6nceki aya g\u00f6re 39 bin ki\u015fi artarak 3 milyon 777 bin ki\u015fi oldu.","og_url":"https:\/\/www.gidaperakendecileri.org\/?p=4519","og_site_name":"GPD","article_published_time":"2022-01-11T14:02:47+00:00","article_modified_time":"2022-01-11T14:06:04+00:00","og_image":[{"width":1181,"height":642,"url":"https:\/\/www.gidaperakendecileri.org\/wp-content\/uploads\/2022\/01\/tuik-isgucu-gpd.jpg","type":"image\/jpeg"}],"author":"H\u00fcnkar G\u00f6rel","twitter_card":"summary_large_image","twitter_misc":{"Written by":"H\u00fcnkar G\u00f6rel","Est. reading time":"3 minutes"},"schema":{"@context":"https:\/\/schema.org","@graph":[{"@type":"Article","@id":"https:\/\/www.gidaperakendecileri.org\/?p=4519#article","isPartOf":{"@id":"https:\/\/www.gidaperakendecileri.org\/?p=4519"},"author":{"name":"H\u00fcnkar G\u00f6rel","@id":"https:\/\/www.gidaperakendecileri.org\/#\/schema\/person\/a509599b6fcfa3d743530309969de5e6"},"headline":"T\u00dc\u0130K Kas\u0131m Ay\u0131na \u0130li\u015fkin \u0130\u015fg\u00fcc\u00fc \u0130statistiklerini A\u00e7\u0131klad\u0131","datePublished":"2022-01-11T14:02:47+00:00","dateModified":"2022-01-11T14:06:04+00:00","mainEntityOfPage":{"@id":"https:\/\/www.gidaperakendecileri.org\/?p=4519"},"wordCount":668,"image":{"@id":"https:\/\/www.gidaperakendecileri.org\/?p=4519#primaryimage"},"thumbnailUrl":"https:\/\/www.gidaperakendecileri.org\/wp-content\/uploads\/2022\/01\/tuik-isgucu-gpd.jpg","articleSection":["Haberler","Sekt\u00f6rden Haberler"],"inLanguage":"en-US"},{"@type":"WebPage","@id":"https:\/\/www.gidaperakendecileri.org\/?p=4519","url":"https:\/\/www.gidaperakendecileri.org\/?p=4519","name":"T\u00dc\u0130K Kas\u0131m Ay\u0131na \u0130li\u015fkin \u0130\u015fg\u00fcc\u00fc \u0130statistiklerini A\u00e7\u0131klad\u0131 - GPD","isPartOf":{"@id":"https:\/\/www.gidaperakendecileri.org\/#website"},"primaryImageOfPage":{"@id":"https:\/\/www.gidaperakendecileri.org\/?p=4519#primaryimage"},"image":{"@id":"https:\/\/www.gidaperakendecileri.org\/?p=4519#primaryimage"},"thumbnailUrl":"https:\/\/www.gidaperakendecileri.org\/wp-content\/uploads\/2022\/01\/tuik-isgucu-gpd.jpg","datePublished":"2022-01-11T14:02:47+00:00","dateModified":"2022-01-11T14:06:04+00:00","author":{"@id":"https:\/\/www.gidaperakendecileri.org\/#\/schema\/person\/a509599b6fcfa3d743530309969de5e6"},"description":"T\u00fcrkiye genelinde 15 ve daha yukar\u0131 ya\u015ftaki ki\u015filerde i\u015fsiz say\u0131s\u0131 2021 y\u0131l\u0131 Kas\u0131m ay\u0131nda bir \u00f6nceki aya g\u00f6re 39 bin ki\u015fi artarak 3 milyon 777 bin ki\u015fi oldu.","breadcrumb":{"@id":"https:\/\/www.gidaperakendecileri.org\/?p=4519#breadcrumb"},"inLanguage":"en-US","potentialAction":[{"@type":"ReadAction","target":["https:\/\/www.gidaperakendecileri.org\/?p=4519"]}]},{"@type":"ImageObject","inLanguage":"en-US","@id":"https:\/\/www.gidaperakendecileri.org\/?p=4519#primaryimage","url":"https:\/\/www.gidaperakendecileri.org\/wp-content\/uploads\/2022\/01\/tuik-isgucu-gpd.jpg","contentUrl":"https:\/\/www.gidaperakendecileri.org\/wp-content\/uploads\/2022\/01\/tuik-isgucu-gpd.jpg","width":1181,"height":642},{"@type":"BreadcrumbList","@id":"https:\/\/www.gidaperakendecileri.org\/?p=4519#breadcrumb","itemListElement":[{"@type":"ListItem","position":1,"name":"Home","item":"https:\/\/www.gidaperakendecileri.org\/"},{"@type":"ListItem","position":2,"name":"T\u00dc\u0130K Kas\u0131m Ay\u0131na \u0130li\u015fkin \u0130\u015fg\u00fcc\u00fc \u0130statistiklerini A\u00e7\u0131klad\u0131"}]},{"@type":"WebSite","@id":"https:\/\/www.gidaperakendecileri.org\/#website","url":"https:\/\/www.gidaperakendecileri.org\/","name":"GPD","description":"G\u0131da Perakendecileri Derne\u011fi","potentialAction":[{"@type":"SearchAction","target":{"@type":"EntryPoint","urlTemplate":"https:\/\/www.gidaperakendecileri.org\/?s={search_term_string}"},"query-input":{"@type":"PropertyValueSpecification","valueRequired":true,"valueName":"search_term_string"}}],"inLanguage":"en-US"},{"@type":"Person","@id":"https:\/\/www.gidaperakendecileri.org\/#\/schema\/person\/a509599b6fcfa3d743530309969de5e6","name":"H\u00fcnkar G\u00f6rel","image":{"@type":"ImageObject","inLanguage":"en-US","@id":"https:\/\/www.gidaperakendecileri.org\/#\/schema\/person\/image\/","url":"https:\/\/secure.gravatar.com\/avatar\/6833176c6068a3a97919a716cee09184937057818487819b3315830bdfd463a4?s=96&d=mm&r=g","contentUrl":"https:\/\/secure.gravatar.com\/avatar\/6833176c6068a3a97919a716cee09184937057818487819b3315830bdfd463a4?s=96&d=mm&r=g","caption":"H\u00fcnkar G\u00f6rel"},"url":"https:\/\/www.gidaperakendecileri.org\/?author=2"}]}},"amp_enabled":true,"_links":{"self":[{"href":"https:\/\/www.gidaperakendecileri.org\/index.php?rest_route=\/wp\/v2\/posts\/4519","targetHints":{"allow":["GET"]}}],"collection":[{"href":"https:\/\/www.gidaperakendecileri.org\/index.php?rest_route=\/wp\/v2\/posts"}],"about":[{"href":"https:\/\/www.gidaperakendecileri.org\/index.php?rest_route=\/wp\/v2\/types\/post"}],"author":[{"embeddable":true,"href":"https:\/\/www.gidaperakendecileri.org\/index.php?rest_route=\/wp\/v2\/users\/2"}],"replies":[{"embeddable":true,"href":"https:\/\/www.gidaperakendecileri.org\/index.php?rest_route=%2Fwp%2Fv2%2Fcomments&post=4519"}],"version-history":[{"count":7,"href":"https:\/\/www.gidaperakendecileri.org\/index.php?rest_route=\/wp\/v2\/posts\/4519\/revisions"}],"predecessor-version":[{"id":4530,"href":"https:\/\/www.gidaperakendecileri.org\/index.php?rest_route=\/wp\/v2\/posts\/4519\/revisions\/4530"}],"wp:featuredmedia":[{"embeddable":true,"href":"https:\/\/www.gidaperakendecileri.org\/index.php?rest_route=\/wp\/v2\/media\/4520"}],"wp:attachment":[{"href":"https:\/\/www.gidaperakendecileri.org\/index.php?rest_route=%2Fwp%2Fv2%2Fmedia&parent=4519"}],"wp:term":[{"taxonomy":"category","embeddable":true,"href":"https:\/\/www.gidaperakendecileri.org\/index.php?rest_route=%2Fwp%2Fv2%2Fcategories&post=4519"},{"taxonomy":"post_tag","embeddable":true,"href":"https:\/\/www.gidaperakendecileri.org\/index.php?rest_route=%2Fwp%2Fv2%2Ftags&post=4519"}],"curies":[{"name":"wp","href":"https:\/\/api.w.org\/{rel}","templated":true}]}}