{"id":4489,"date":"2022-01-03T14:05:22","date_gmt":"2022-01-03T14:05:22","guid":{"rendered":"https:\/\/www.gidaperakendecileri.org\/?p=4489"},"modified":"2022-01-03T14:07:16","modified_gmt":"2022-01-03T14:07:16","slug":"aralik-ayi-enflasyon-rakamlari-aciklandi","status":"publish","type":"post","link":"https:\/\/www.gidaperakendecileri.org\/?p=4489","title":{"rendered":"Aral\u0131k Ay\u0131 Enflasyon Rakamlar\u0131 A\u00e7\u0131kland\u0131"},"content":{"rendered":"\t\t<div data-elementor-type=\"wp-post\" data-elementor-id=\"4489\" class=\"elementor elementor-4489\">\n\t\t\t\t\t\t<section class=\"elementor-section elementor-top-section elementor-element elementor-element-3ef128ae elementor-section-boxed elementor-section-height-default elementor-section-height-default\" data-id=\"3ef128ae\" data-element_type=\"section\">\n\t\t\t\t\t\t<div class=\"elementor-container elementor-column-gap-default\">\n\t\t\t\t\t<div class=\"elementor-column elementor-col-100 elementor-top-column elementor-element elementor-element-6c0ce5df\" data-id=\"6c0ce5df\" data-element_type=\"column\">\n\t\t\t<div class=\"elementor-widget-wrap elementor-element-populated\">\n\t\t\t\t\t\t<div class=\"elementor-element elementor-element-5aacae7a elementor-widget elementor-widget-text-editor\" data-id=\"5aacae7a\" data-element_type=\"widget\" data-widget_type=\"text-editor.default\">\n\t\t\t\t<div class=\"elementor-widget-container\">\n\t\t\t\t\t\t\t\t\t<div class=\"td-paragraph-padding-1\"><h3><span style=\"color: #000000;\"><strong>T\u00fcrkiye \u0130statistik Kurumu (T\u00dc\u0130K) 2021 y\u0131l\u0131 Aral\u0131k ay\u0131na ili\u015fkin enflasyon verilerini a\u00e7\u0131klad\u0131. Buna g\u00f6re y\u0131ll\u0131k t\u00fcketici enflasyonu y\u00fczde 36,08 ile Eyl\u00fcl 2002&#8217;den bu yana en y\u00fcksek seviyeye \u00e7\u0131kt\u0131. <\/strong><\/span><\/h3><p><span style=\"color: #000000;\">T\u00fcrkiye \u0130statistik Kurumu (T\u00dc\u0130K), Aral\u0131k ay\u0131 enflasyon rakamlar\u0131n\u0131 a\u00e7\u0131klad\u0131. Buna g\u00f6re, T\u00fcketici Fiyat Endeksi (T\u00dcFE) (2003=100) 2021 y\u0131l\u0131 Aral\u0131k ay\u0131nda bir \u00f6nceki aya g\u00f6re %13,58, bir \u00f6nceki y\u0131l\u0131n Aral\u0131k ay\u0131na g\u00f6re %36,08, bir \u00f6nceki y\u0131l\u0131n ayn\u0131 ay\u0131na g\u00f6re %36,08 ve on iki ayl\u0131k ortalamalara g\u00f6re %19,60 art\u0131\u015f ger\u00e7ekle\u015fti.<\/span><\/p><p><img fetchpriority=\"high\" decoding=\"async\" class=\"aligncenter wp-image-4491 size-full\" src=\"https:\/\/www.gidaperakendecileri.org\/wp-content\/uploads\/2022\/01\/enflasyon-aralik-1.jpg\" alt=\"\" width=\"726\" height=\"140\" srcset=\"https:\/\/www.gidaperakendecileri.org\/wp-content\/uploads\/2022\/01\/enflasyon-aralik-1.jpg 726w, https:\/\/www.gidaperakendecileri.org\/wp-content\/uploads\/2022\/01\/enflasyon-aralik-1-300x58.jpg 300w, https:\/\/www.gidaperakendecileri.org\/wp-content\/uploads\/2022\/01\/enflasyon-aralik-1-696x134.jpg 696w\" sizes=\"(max-width: 726px) 100vw, 726px\" \/><\/p><p><img decoding=\"async\" class=\"size-full wp-image-4492 aligncenter\" src=\"https:\/\/www.gidaperakendecileri.org\/wp-content\/uploads\/2022\/01\/enflasyon-aralik-2.jpg\" alt=\"\" width=\"718\" height=\"288\" srcset=\"https:\/\/www.gidaperakendecileri.org\/wp-content\/uploads\/2022\/01\/enflasyon-aralik-2.jpg 718w, https:\/\/www.gidaperakendecileri.org\/wp-content\/uploads\/2022\/01\/enflasyon-aralik-2-300x120.jpg 300w, https:\/\/www.gidaperakendecileri.org\/wp-content\/uploads\/2022\/01\/enflasyon-aralik-2-696x279.jpg 696w\" sizes=\"(max-width: 718px) 100vw, 718px\" \/><\/p><p><strong><span style=\"color: #000000;\">Y\u0131ll\u0131k En Y\u00fcksek Art\u0131\u015f Ula\u015ft\u0131rmada<\/span><\/strong><br \/><span style=\"color: #000000;\">Y\u0131ll\u0131k en d\u00fc\u015f\u00fck art\u0131\u015f %8,76 ile haberle\u015fme ana grubunda ger\u00e7ekle\u015fti. Bir \u00f6nceki y\u0131l\u0131n ayn\u0131 ay\u0131na g\u00f6re art\u0131\u015f\u0131n d\u00fc\u015f\u00fck oldu\u011fu di\u011fer ana gruplar s\u0131ras\u0131yla %17,23 ile e\u011fitim, %20,02 ile alkoll\u00fc i\u00e7ecekler ve t\u00fct\u00fcn ve %20,13 ile giyim ve ayakkab\u0131 oldu. Buna kar\u015f\u0131l\u0131k, bir \u00f6nceki y\u0131l\u0131n ayn\u0131 ay\u0131na g\u00f6re art\u0131\u015f\u0131n y\u00fcksek oldu\u011fu ana gruplar ise s\u0131ras\u0131yla, %53,66 ile ula\u015ft\u0131rma, %43,80 ile g\u0131da ve alkols\u00fcz i\u00e7ecekler, %40,95 ile ev e\u015fyas\u0131 oldu.<\/span><\/p><p><img decoding=\"async\" class=\"size-full wp-image-4493 alignright\" src=\"https:\/\/www.gidaperakendecileri.org\/wp-content\/uploads\/2022\/01\/enflasyon-aralik-3.jpg\" alt=\"\" width=\"718\" height=\"302\" srcset=\"https:\/\/www.gidaperakendecileri.org\/wp-content\/uploads\/2022\/01\/enflasyon-aralik-3.jpg 718w, https:\/\/www.gidaperakendecileri.org\/wp-content\/uploads\/2022\/01\/enflasyon-aralik-3-300x126.jpg 300w, https:\/\/www.gidaperakendecileri.org\/wp-content\/uploads\/2022\/01\/enflasyon-aralik-3-696x293.jpg 696w\" sizes=\"(max-width: 718px) 100vw, 718px\" \/><\/p><p><strong><span style=\"color: #000000;\">Aral\u0131kta En D\u00fc\u015f\u00fck Art\u0131\u015f E\u011fitimde<\/span><\/strong><br \/><span style=\"color: #000000;\">Ana harcama gruplar\u0131 itibar\u0131yla 2021 y\u0131l\u0131 Aral\u0131k ay\u0131nda en az art\u0131\u015f g\u00f6steren ana gruplar %0,13 ile e\u011fitim, %3,55 ile sa\u011fl\u0131k ve %3,65 ile haberle\u015fme oldu. Buna kar\u015f\u0131l\u0131k, 2021 y\u0131l\u0131 Aral\u0131k ay\u0131nda art\u0131\u015f\u0131n y\u00fcksek oldu\u011fu ana gruplar ise s\u0131ras\u0131yla, %28,49 ile ula\u015ft\u0131rma, %16,54 ile ev e\u015fyas\u0131, %15,99 ile g\u0131da ve alkols\u00fcz i\u00e7ecekler oldu.<\/span><br \/><span style=\"color: #000000;\">Aral\u0131k 2021&#8217;de, endekste kapsanan 415 maddeden, 18 maddenin ortalama fiyat\u0131nda d\u00fc\u015f\u00fc\u015f ger\u00e7ekle\u015firken, 33 maddenin ortalama fiyat\u0131nda de\u011fi\u015fim olmad\u0131. 364 maddenin ortalama fiyat\u0131nda ise art\u0131\u015f ger\u00e7ekle\u015fti.<\/span><\/p><p><img loading=\"lazy\" decoding=\"async\" class=\"size-full wp-image-4494 aligncenter\" src=\"https:\/\/www.gidaperakendecileri.org\/wp-content\/uploads\/2022\/01\/enflasyon-aralik-4.jpg\" alt=\"\" width=\"718\" height=\"302\" srcset=\"https:\/\/www.gidaperakendecileri.org\/wp-content\/uploads\/2022\/01\/enflasyon-aralik-4.jpg 718w, https:\/\/www.gidaperakendecileri.org\/wp-content\/uploads\/2022\/01\/enflasyon-aralik-4-300x126.jpg 300w, https:\/\/www.gidaperakendecileri.org\/wp-content\/uploads\/2022\/01\/enflasyon-aralik-4-696x293.jpg 696w\" sizes=\"(max-width: 718px) 100vw, 718px\" \/><\/p><p><strong><span style=\"color: #000000;\">\u00d6zel Kapsaml\u0131 T\u00dcFE G\u00f6stergesi (B) Y\u0131ll\u0131k %34,89, Ayl\u0131k %13,90 Artt\u0131<\/span><\/strong><br \/><span style=\"color: #000000;\">\u0130\u015flenmemi\u015f g\u0131da \u00fcr\u00fcnleri, enerji, alkoll\u00fc i\u00e7kiler ve t\u00fct\u00fcn ile alt\u0131n hari\u00e7 T\u00dcFE&#8217;de 2021 y\u0131l\u0131 Aral\u0131k ay\u0131nda bir \u00f6nceki aya g\u00f6re %13,90, bir \u00f6nceki y\u0131l\u0131n Aral\u0131k ay\u0131na g\u00f6re %34,89, bir \u00f6nceki y\u0131l\u0131n ayn\u0131 ay\u0131na g\u00f6re %34,89 ve on iki ayl\u0131k ortalamalara g\u00f6re %19,55 art\u0131\u015f ger\u00e7ekle\u015fti.<\/span><\/p><\/div>\t\t\t\t\t\t\t\t<\/div>\n\t\t\t\t<\/div>\n\t\t\t\t\t<\/div>\n\t\t<\/div>\n\t\t\t\t\t<\/div>\n\t\t<\/section>\n\t\t\t\t<\/div>\n\t\t","protected":false},"excerpt":{"rendered":"<p>T\u00fcrkiye \u0130statistik Kurumu (T\u00dc\u0130K) 2021 y\u0131l\u0131 Aral\u0131k ay\u0131na ili\u015fkin enflasyon verilerini a\u00e7\u0131klad\u0131. Buna g\u00f6re y\u0131ll\u0131k t\u00fcketici enflasyonu y\u00fczde 36,08 ile Eyl\u00fcl 2002&#8217;den bu yana en y\u00fcksek seviyeye \u00e7\u0131kt\u0131. T\u00fcrkiye \u0130statistik Kurumu (T\u00dc\u0130K), Aral\u0131k ay\u0131 enflasyon rakamlar\u0131n\u0131 a\u00e7\u0131klad\u0131. Buna g\u00f6re, T\u00fcketici Fiyat Endeksi (T\u00dcFE) (2003=100) 2021 y\u0131l\u0131 Aral\u0131k ay\u0131nda bir \u00f6nceki aya g\u00f6re %13,58, bir \u00f6nceki [&hellip;]<\/p>\n","protected":false},"author":2,"featured_media":3222,"comment_status":"closed","ping_status":"closed","sticky":false,"template":"","format":"standard","meta":{"_monsterinsights_skip_tracking":false,"_monsterinsights_sitenote_active":false,"_monsterinsights_sitenote_note":"","_monsterinsights_sitenote_category":0,"footnotes":""},"categories":[23,32],"tags":[],"class_list":{"0":"post-4489","1":"post","2":"type-post","3":"status-publish","4":"format-standard","5":"has-post-thumbnail","7":"category-haberler","8":"category-sektorden-haberler-haberler"},"featured_image_src":"https:\/\/www.gidaperakendecileri.org\/wp-content\/uploads\/2021\/06\/tufe-mayis-2021.jpg","author_info":{"display_name":"H\u00fcnkar G\u00f6rel","author_link":"https:\/\/www.gidaperakendecileri.org\/?author=2"},"yoast_head":"<!-- This site is optimized with the Yoast SEO plugin v26.7 - https:\/\/yoast.com\/wordpress\/plugins\/seo\/ -->\n<title>Aral\u0131k Ay\u0131 Enflasyon Rakamlar\u0131 A\u00e7\u0131kland\u0131 - GPD<\/title>\n<meta name=\"description\" content=\"T\u00fcrkiye \u0130statistik Kurumu (T\u00dc\u0130K) 2021 y\u0131l\u0131 Aral\u0131k ay\u0131na ili\u015fkin enflasyon verilerini a\u00e7\u0131klad\u0131. Buna g\u00f6re y\u0131ll\u0131k t\u00fcketici enflasyonu y\u00fczde 36,08 ile Eyl\u00fcl 2002&#039;den bu yana en y\u00fcksek seviyeye \u00e7\u0131kt\u0131.\" \/>\n<meta name=\"robots\" content=\"index, follow, max-snippet:-1, max-image-preview:large, max-video-preview:-1\" \/>\n<link rel=\"canonical\" href=\"https:\/\/www.gidaperakendecileri.org\/?p=4489\" \/>\n<meta property=\"og:locale\" content=\"en_US\" \/>\n<meta property=\"og:type\" content=\"article\" \/>\n<meta property=\"og:title\" content=\"Aral\u0131k Ay\u0131 Enflasyon Rakamlar\u0131 A\u00e7\u0131kland\u0131 - GPD\" \/>\n<meta property=\"og:description\" content=\"T\u00fcrkiye \u0130statistik Kurumu (T\u00dc\u0130K) 2021 y\u0131l\u0131 Aral\u0131k ay\u0131na ili\u015fkin enflasyon verilerini a\u00e7\u0131klad\u0131. Buna g\u00f6re y\u0131ll\u0131k t\u00fcketici enflasyonu y\u00fczde 36,08 ile Eyl\u00fcl 2002&#039;den bu yana en y\u00fcksek seviyeye \u00e7\u0131kt\u0131.\" \/>\n<meta property=\"og:url\" content=\"https:\/\/www.gidaperakendecileri.org\/?p=4489\" \/>\n<meta property=\"og:site_name\" content=\"GPD\" \/>\n<meta property=\"article:published_time\" content=\"2022-01-03T14:05:22+00:00\" \/>\n<meta property=\"article:modified_time\" content=\"2022-01-03T14:07:16+00:00\" \/>\n<meta property=\"og:image\" content=\"https:\/\/www.gidaperakendecileri.org\/wp-content\/uploads\/2021\/06\/tufe-mayis-2021.jpg\" \/>\n\t<meta property=\"og:image:width\" content=\"1008\" \/>\n\t<meta property=\"og:image:height\" content=\"670\" \/>\n\t<meta property=\"og:image:type\" content=\"image\/jpeg\" \/>\n<meta name=\"author\" content=\"H\u00fcnkar G\u00f6rel\" \/>\n<meta name=\"twitter:card\" content=\"summary_large_image\" \/>\n<meta name=\"twitter:label1\" content=\"Written by\" \/>\n\t<meta name=\"twitter:data1\" content=\"H\u00fcnkar G\u00f6rel\" \/>\n\t<meta name=\"twitter:label2\" content=\"Est. reading time\" \/>\n\t<meta name=\"twitter:data2\" content=\"3 minutes\" \/>\n<script type=\"application\/ld+json\" class=\"yoast-schema-graph\">{\"@context\":\"https:\/\/schema.org\",\"@graph\":[{\"@type\":\"Article\",\"@id\":\"https:\/\/www.gidaperakendecileri.org\/?p=4489#article\",\"isPartOf\":{\"@id\":\"https:\/\/www.gidaperakendecileri.org\/?p=4489\"},\"author\":{\"name\":\"H\u00fcnkar G\u00f6rel\",\"@id\":\"https:\/\/www.gidaperakendecileri.org\/#\/schema\/person\/a509599b6fcfa3d743530309969de5e6\"},\"headline\":\"Aral\u0131k Ay\u0131 Enflasyon Rakamlar\u0131 A\u00e7\u0131kland\u0131\",\"datePublished\":\"2022-01-03T14:05:22+00:00\",\"dateModified\":\"2022-01-03T14:07:16+00:00\",\"mainEntityOfPage\":{\"@id\":\"https:\/\/www.gidaperakendecileri.org\/?p=4489\"},\"wordCount\":407,\"image\":{\"@id\":\"https:\/\/www.gidaperakendecileri.org\/?p=4489#primaryimage\"},\"thumbnailUrl\":\"https:\/\/www.gidaperakendecileri.org\/wp-content\/uploads\/2021\/06\/tufe-mayis-2021.jpg\",\"articleSection\":[\"Haberler\",\"Sekt\u00f6rden Haberler\"],\"inLanguage\":\"en-US\"},{\"@type\":\"WebPage\",\"@id\":\"https:\/\/www.gidaperakendecileri.org\/?p=4489\",\"url\":\"https:\/\/www.gidaperakendecileri.org\/?p=4489\",\"name\":\"Aral\u0131k Ay\u0131 Enflasyon Rakamlar\u0131 A\u00e7\u0131kland\u0131 - GPD\",\"isPartOf\":{\"@id\":\"https:\/\/www.gidaperakendecileri.org\/#website\"},\"primaryImageOfPage\":{\"@id\":\"https:\/\/www.gidaperakendecileri.org\/?p=4489#primaryimage\"},\"image\":{\"@id\":\"https:\/\/www.gidaperakendecileri.org\/?p=4489#primaryimage\"},\"thumbnailUrl\":\"https:\/\/www.gidaperakendecileri.org\/wp-content\/uploads\/2021\/06\/tufe-mayis-2021.jpg\",\"datePublished\":\"2022-01-03T14:05:22+00:00\",\"dateModified\":\"2022-01-03T14:07:16+00:00\",\"author\":{\"@id\":\"https:\/\/www.gidaperakendecileri.org\/#\/schema\/person\/a509599b6fcfa3d743530309969de5e6\"},\"description\":\"T\u00fcrkiye \u0130statistik Kurumu (T\u00dc\u0130K) 2021 y\u0131l\u0131 Aral\u0131k ay\u0131na ili\u015fkin enflasyon verilerini a\u00e7\u0131klad\u0131. Buna g\u00f6re y\u0131ll\u0131k t\u00fcketici enflasyonu y\u00fczde 36,08 ile Eyl\u00fcl 2002'den bu yana en y\u00fcksek seviyeye \u00e7\u0131kt\u0131.\",\"breadcrumb\":{\"@id\":\"https:\/\/www.gidaperakendecileri.org\/?p=4489#breadcrumb\"},\"inLanguage\":\"en-US\",\"potentialAction\":[{\"@type\":\"ReadAction\",\"target\":[\"https:\/\/www.gidaperakendecileri.org\/?p=4489\"]}]},{\"@type\":\"ImageObject\",\"inLanguage\":\"en-US\",\"@id\":\"https:\/\/www.gidaperakendecileri.org\/?p=4489#primaryimage\",\"url\":\"https:\/\/www.gidaperakendecileri.org\/wp-content\/uploads\/2021\/06\/tufe-mayis-2021.jpg\",\"contentUrl\":\"https:\/\/www.gidaperakendecileri.org\/wp-content\/uploads\/2021\/06\/tufe-mayis-2021.jpg\",\"width\":1008,\"height\":670},{\"@type\":\"BreadcrumbList\",\"@id\":\"https:\/\/www.gidaperakendecileri.org\/?p=4489#breadcrumb\",\"itemListElement\":[{\"@type\":\"ListItem\",\"position\":1,\"name\":\"Home\",\"item\":\"https:\/\/www.gidaperakendecileri.org\/\"},{\"@type\":\"ListItem\",\"position\":2,\"name\":\"Aral\u0131k Ay\u0131 Enflasyon Rakamlar\u0131 A\u00e7\u0131kland\u0131\"}]},{\"@type\":\"WebSite\",\"@id\":\"https:\/\/www.gidaperakendecileri.org\/#website\",\"url\":\"https:\/\/www.gidaperakendecileri.org\/\",\"name\":\"GPD\",\"description\":\"G\u0131da Perakendecileri Derne\u011fi\",\"potentialAction\":[{\"@type\":\"SearchAction\",\"target\":{\"@type\":\"EntryPoint\",\"urlTemplate\":\"https:\/\/www.gidaperakendecileri.org\/?s={search_term_string}\"},\"query-input\":{\"@type\":\"PropertyValueSpecification\",\"valueRequired\":true,\"valueName\":\"search_term_string\"}}],\"inLanguage\":\"en-US\"},{\"@type\":\"Person\",\"@id\":\"https:\/\/www.gidaperakendecileri.org\/#\/schema\/person\/a509599b6fcfa3d743530309969de5e6\",\"name\":\"H\u00fcnkar G\u00f6rel\",\"image\":{\"@type\":\"ImageObject\",\"inLanguage\":\"en-US\",\"@id\":\"https:\/\/www.gidaperakendecileri.org\/#\/schema\/person\/image\/\",\"url\":\"https:\/\/secure.gravatar.com\/avatar\/6833176c6068a3a97919a716cee09184937057818487819b3315830bdfd463a4?s=96&d=mm&r=g\",\"contentUrl\":\"https:\/\/secure.gravatar.com\/avatar\/6833176c6068a3a97919a716cee09184937057818487819b3315830bdfd463a4?s=96&d=mm&r=g\",\"caption\":\"H\u00fcnkar G\u00f6rel\"},\"url\":\"https:\/\/www.gidaperakendecileri.org\/?author=2\"}]}<\/script>\n<!-- \/ Yoast SEO plugin. -->","yoast_head_json":{"title":"Aral\u0131k Ay\u0131 Enflasyon Rakamlar\u0131 A\u00e7\u0131kland\u0131 - GPD","description":"T\u00fcrkiye \u0130statistik Kurumu (T\u00dc\u0130K) 2021 y\u0131l\u0131 Aral\u0131k ay\u0131na ili\u015fkin enflasyon verilerini a\u00e7\u0131klad\u0131. Buna g\u00f6re y\u0131ll\u0131k t\u00fcketici enflasyonu y\u00fczde 36,08 ile Eyl\u00fcl 2002'den bu yana en y\u00fcksek seviyeye \u00e7\u0131kt\u0131.","robots":{"index":"index","follow":"follow","max-snippet":"max-snippet:-1","max-image-preview":"max-image-preview:large","max-video-preview":"max-video-preview:-1"},"canonical":"https:\/\/www.gidaperakendecileri.org\/?p=4489","og_locale":"en_US","og_type":"article","og_title":"Aral\u0131k Ay\u0131 Enflasyon Rakamlar\u0131 A\u00e7\u0131kland\u0131 - GPD","og_description":"T\u00fcrkiye \u0130statistik Kurumu (T\u00dc\u0130K) 2021 y\u0131l\u0131 Aral\u0131k ay\u0131na ili\u015fkin enflasyon verilerini a\u00e7\u0131klad\u0131. Buna g\u00f6re y\u0131ll\u0131k t\u00fcketici enflasyonu y\u00fczde 36,08 ile Eyl\u00fcl 2002'den bu yana en y\u00fcksek seviyeye \u00e7\u0131kt\u0131.","og_url":"https:\/\/www.gidaperakendecileri.org\/?p=4489","og_site_name":"GPD","article_published_time":"2022-01-03T14:05:22+00:00","article_modified_time":"2022-01-03T14:07:16+00:00","og_image":[{"width":1008,"height":670,"url":"https:\/\/www.gidaperakendecileri.org\/wp-content\/uploads\/2021\/06\/tufe-mayis-2021.jpg","type":"image\/jpeg"}],"author":"H\u00fcnkar G\u00f6rel","twitter_card":"summary_large_image","twitter_misc":{"Written by":"H\u00fcnkar G\u00f6rel","Est. reading time":"3 minutes"},"schema":{"@context":"https:\/\/schema.org","@graph":[{"@type":"Article","@id":"https:\/\/www.gidaperakendecileri.org\/?p=4489#article","isPartOf":{"@id":"https:\/\/www.gidaperakendecileri.org\/?p=4489"},"author":{"name":"H\u00fcnkar G\u00f6rel","@id":"https:\/\/www.gidaperakendecileri.org\/#\/schema\/person\/a509599b6fcfa3d743530309969de5e6"},"headline":"Aral\u0131k Ay\u0131 Enflasyon Rakamlar\u0131 A\u00e7\u0131kland\u0131","datePublished":"2022-01-03T14:05:22+00:00","dateModified":"2022-01-03T14:07:16+00:00","mainEntityOfPage":{"@id":"https:\/\/www.gidaperakendecileri.org\/?p=4489"},"wordCount":407,"image":{"@id":"https:\/\/www.gidaperakendecileri.org\/?p=4489#primaryimage"},"thumbnailUrl":"https:\/\/www.gidaperakendecileri.org\/wp-content\/uploads\/2021\/06\/tufe-mayis-2021.jpg","articleSection":["Haberler","Sekt\u00f6rden Haberler"],"inLanguage":"en-US"},{"@type":"WebPage","@id":"https:\/\/www.gidaperakendecileri.org\/?p=4489","url":"https:\/\/www.gidaperakendecileri.org\/?p=4489","name":"Aral\u0131k Ay\u0131 Enflasyon Rakamlar\u0131 A\u00e7\u0131kland\u0131 - GPD","isPartOf":{"@id":"https:\/\/www.gidaperakendecileri.org\/#website"},"primaryImageOfPage":{"@id":"https:\/\/www.gidaperakendecileri.org\/?p=4489#primaryimage"},"image":{"@id":"https:\/\/www.gidaperakendecileri.org\/?p=4489#primaryimage"},"thumbnailUrl":"https:\/\/www.gidaperakendecileri.org\/wp-content\/uploads\/2021\/06\/tufe-mayis-2021.jpg","datePublished":"2022-01-03T14:05:22+00:00","dateModified":"2022-01-03T14:07:16+00:00","author":{"@id":"https:\/\/www.gidaperakendecileri.org\/#\/schema\/person\/a509599b6fcfa3d743530309969de5e6"},"description":"T\u00fcrkiye \u0130statistik Kurumu (T\u00dc\u0130K) 2021 y\u0131l\u0131 Aral\u0131k ay\u0131na ili\u015fkin enflasyon verilerini a\u00e7\u0131klad\u0131. Buna g\u00f6re y\u0131ll\u0131k t\u00fcketici enflasyonu y\u00fczde 36,08 ile Eyl\u00fcl 2002'den bu yana en y\u00fcksek seviyeye \u00e7\u0131kt\u0131.","breadcrumb":{"@id":"https:\/\/www.gidaperakendecileri.org\/?p=4489#breadcrumb"},"inLanguage":"en-US","potentialAction":[{"@type":"ReadAction","target":["https:\/\/www.gidaperakendecileri.org\/?p=4489"]}]},{"@type":"ImageObject","inLanguage":"en-US","@id":"https:\/\/www.gidaperakendecileri.org\/?p=4489#primaryimage","url":"https:\/\/www.gidaperakendecileri.org\/wp-content\/uploads\/2021\/06\/tufe-mayis-2021.jpg","contentUrl":"https:\/\/www.gidaperakendecileri.org\/wp-content\/uploads\/2021\/06\/tufe-mayis-2021.jpg","width":1008,"height":670},{"@type":"BreadcrumbList","@id":"https:\/\/www.gidaperakendecileri.org\/?p=4489#breadcrumb","itemListElement":[{"@type":"ListItem","position":1,"name":"Home","item":"https:\/\/www.gidaperakendecileri.org\/"},{"@type":"ListItem","position":2,"name":"Aral\u0131k Ay\u0131 Enflasyon Rakamlar\u0131 A\u00e7\u0131kland\u0131"}]},{"@type":"WebSite","@id":"https:\/\/www.gidaperakendecileri.org\/#website","url":"https:\/\/www.gidaperakendecileri.org\/","name":"GPD","description":"G\u0131da Perakendecileri Derne\u011fi","potentialAction":[{"@type":"SearchAction","target":{"@type":"EntryPoint","urlTemplate":"https:\/\/www.gidaperakendecileri.org\/?s={search_term_string}"},"query-input":{"@type":"PropertyValueSpecification","valueRequired":true,"valueName":"search_term_string"}}],"inLanguage":"en-US"},{"@type":"Person","@id":"https:\/\/www.gidaperakendecileri.org\/#\/schema\/person\/a509599b6fcfa3d743530309969de5e6","name":"H\u00fcnkar G\u00f6rel","image":{"@type":"ImageObject","inLanguage":"en-US","@id":"https:\/\/www.gidaperakendecileri.org\/#\/schema\/person\/image\/","url":"https:\/\/secure.gravatar.com\/avatar\/6833176c6068a3a97919a716cee09184937057818487819b3315830bdfd463a4?s=96&d=mm&r=g","contentUrl":"https:\/\/secure.gravatar.com\/avatar\/6833176c6068a3a97919a716cee09184937057818487819b3315830bdfd463a4?s=96&d=mm&r=g","caption":"H\u00fcnkar G\u00f6rel"},"url":"https:\/\/www.gidaperakendecileri.org\/?author=2"}]}},"amp_enabled":true,"_links":{"self":[{"href":"https:\/\/www.gidaperakendecileri.org\/index.php?rest_route=\/wp\/v2\/posts\/4489","targetHints":{"allow":["GET"]}}],"collection":[{"href":"https:\/\/www.gidaperakendecileri.org\/index.php?rest_route=\/wp\/v2\/posts"}],"about":[{"href":"https:\/\/www.gidaperakendecileri.org\/index.php?rest_route=\/wp\/v2\/types\/post"}],"author":[{"embeddable":true,"href":"https:\/\/www.gidaperakendecileri.org\/index.php?rest_route=\/wp\/v2\/users\/2"}],"replies":[{"embeddable":true,"href":"https:\/\/www.gidaperakendecileri.org\/index.php?rest_route=%2Fwp%2Fv2%2Fcomments&post=4489"}],"version-history":[{"count":4,"href":"https:\/\/www.gidaperakendecileri.org\/index.php?rest_route=\/wp\/v2\/posts\/4489\/revisions"}],"predecessor-version":[{"id":4497,"href":"https:\/\/www.gidaperakendecileri.org\/index.php?rest_route=\/wp\/v2\/posts\/4489\/revisions\/4497"}],"wp:featuredmedia":[{"embeddable":true,"href":"https:\/\/www.gidaperakendecileri.org\/index.php?rest_route=\/wp\/v2\/media\/3222"}],"wp:attachment":[{"href":"https:\/\/www.gidaperakendecileri.org\/index.php?rest_route=%2Fwp%2Fv2%2Fmedia&parent=4489"}],"wp:term":[{"taxonomy":"category","embeddable":true,"href":"https:\/\/www.gidaperakendecileri.org\/index.php?rest_route=%2Fwp%2Fv2%2Fcategories&post=4489"},{"taxonomy":"post_tag","embeddable":true,"href":"https:\/\/www.gidaperakendecileri.org\/index.php?rest_route=%2Fwp%2Fv2%2Ftags&post=4489"}],"curies":[{"name":"wp","href":"https:\/\/api.w.org\/{rel}","templated":true}]}}