{"id":4465,"date":"2021-12-26T17:57:27","date_gmt":"2021-12-26T17:57:27","guid":{"rendered":"https:\/\/www.gidaperakendecileri.org\/?p=4465"},"modified":"2022-01-25T08:50:48","modified_gmt":"2022-01-25T08:50:48","slug":"tarim-ve-orman-bakanligi-ve-migrostan-perakendecilere-yonelik-gida-israfi-ile-mucadele-kilavuzu","status":"publish","type":"post","link":"https:\/\/www.gidaperakendecileri.org\/?p=4465","title":{"rendered":"Tar\u0131m ve Orman Bakanl\u0131\u011f\u0131 ve Migros\u2019tan Perakendecilere Y\u00f6nelik G\u0131da \u0130sraf\u0131 ile M\u00fccadele K\u0131lavuzu"},"content":{"rendered":"\t\t<div data-elementor-type=\"wp-post\" data-elementor-id=\"4465\" class=\"elementor elementor-4465\">\n\t\t\t\t\t\t<section class=\"elementor-section elementor-top-section elementor-element elementor-element-3ef128ae elementor-section-boxed elementor-section-height-default elementor-section-height-default\" data-id=\"3ef128ae\" data-element_type=\"section\">\n\t\t\t\t\t\t<div class=\"elementor-container elementor-column-gap-default\">\n\t\t\t\t\t<div class=\"elementor-column elementor-col-100 elementor-top-column elementor-element elementor-element-6c0ce5df\" data-id=\"6c0ce5df\" data-element_type=\"column\">\n\t\t\t<div class=\"elementor-widget-wrap elementor-element-populated\">\n\t\t\t\t\t\t<div class=\"elementor-element elementor-element-5aacae7a elementor-widget elementor-widget-text-editor\" data-id=\"5aacae7a\" data-element_type=\"widget\" data-widget_type=\"text-editor.default\">\n\t\t\t\t<div class=\"elementor-widget-container\">\n\t\t\t\t\t\t\t\t\t<div class=\"td-paragraph-padding-1\"><h3><span style=\"color: #000000;\"><strong>Migros, Tar\u0131m ve Orman Bakanl\u0131\u011f\u0131 \u00f6nc\u00fcl\u00fc\u011f\u00fcnde Birle\u015fmi\u015f Milletler G\u0131da ve Tar\u0131m \u00d6rg\u00fct\u00fc\u2019n\u00fcn (FAO) deste\u011fiyle, perakendecilerin g\u0131da israf\u0131 ile m\u00fccadelesine destek olacak \u00f6nemli bir k\u0131lavuz haz\u0131rlad\u0131. Migros\u2019un g\u0131da israf\u0131yla m\u00fccadele konusunda sahip oldu\u011fu bilgi birikimi ve uluslararas\u0131 y\u00f6ntemlerin referans al\u0131nd\u0131\u011f\u0131 \u201cG\u0131da Sat\u0131\u015f Noktalar\u0131nda G\u0131da \u0130sraf\u0131 ile M\u00fccadele K\u0131lavuzu\u201d, g\u0131da israf\u0131n\u0131 \u00f6nleme ve azaltma konusunda fark\u0131ndal\u0131k yaratman\u0131n yan\u0131 s\u0131ra perakende sekt\u00f6r\u00fcne y\u00f6nelik rehber niteli\u011fi ta\u015f\u0131yor. <\/strong><\/span><\/h3><p><span style=\"color: #000000;\">Tar\u0131m ve Orman Bakanl\u0131\u011f\u0131 ve Migros, g\u0131da israf\u0131yla m\u00fccadelede perakende sekt\u00f6r\u00fcne yol g\u00f6stermek amac\u0131yla \u201cG\u0131da Sat\u0131\u015f Noktalar\u0131nda G\u0131da \u0130sraf\u0131 ile M\u00fccadele K\u0131lavuzu\u201dnu haz\u0131rlad\u0131. K\u0131lavuz, g\u0131da perakendecilerinin operasyonlar\u0131 s\u0131ras\u0131nda ortaya \u00e7\u0131kabilecek g\u0131da kayb\u0131 ve israf\u0131n\u0131n azalt\u0131lmas\u0131na y\u00f6nelik \u00f6nerilerin yan\u0131 s\u0131ra sat\u0131\u015fa d\u00f6n\u00fc\u015fmeyen g\u0131dalar\u0131n kurtar\u0131lmas\u0131 ve organik at\u0131klar\u0131n enerji ve komposta d\u00f6n\u00fc\u015f\u00fcm\u00fc i\u00e7in yap\u0131labilecek \u00f6rnek uygulamalar\u0131 i\u00e7eriyor.<\/span><\/p><p><span style=\"color: #000000;\">K\u0131lavuzun haz\u0131rlanma s\u00fcrecinde Birle\u015fmi\u015f Milletler G\u0131da ve Tar\u0131m \u00d6rg\u00fct\u00fc (FAO) destek verirken, Birle\u015fmi\u015f Milletler G\u0131da At\u0131k Verileri, FLW (G\u0131da Kay\u0131p ve At\u0131k) Standard\u0131 ve Consumer Goods Forum taraf\u0131ndan yay\u0131nlanan \u00e7al\u0131\u015fmalar ve farkl\u0131 g\u0131da perakende kurulu\u015flar\u0131n\u0131n g\u0131da israf\u0131n\u0131n azalt\u0131lmas\u0131na y\u00f6nelik \u00e7al\u0131\u015fmalar\u0131 incelendi. K\u0131lavuz sekt\u00f6r i\u00e7in \u00f6nemli bir rehber niteli\u011fi ta\u015f\u0131rken, i\u015fletmelerin ba\u015far\u0131l\u0131 bir g\u0131da y\u00f6netim stratejisi olu\u015fturmas\u0131na yard\u0131m olacak.<\/span><\/p><p><span style=\"color: #000000;\">G\u0131da Sat\u0131\u015f Noktalar\u0131nda G\u0131da \u0130sraf\u0131 ile M\u00fccadele K\u0131lavuzu\u2019nun lansman\u0131, T.C. Tar\u0131m ve Orman Bakanl\u0131\u011f\u0131 Bakan Yard\u0131mc\u0131s\u0131 Ay\u015fe Ay\u015fin I\u015f\u0131kgece, FAO Orta Asya Alt B\u00f6lge Ofisi Koordinat\u00f6r\u00fc ve T\u00fcrkiye Temsilcisi Dr. Viorel Gutu ile Migros Ticaret A.\u015e. \u0130cra Kurulu \u00dcyesi Ekmel Nuri Baydur\u2019un kat\u0131l\u0131m\u0131yla ger\u00e7ekle\u015fti. K\u0131lavuz, i\u00e7eri\u011findeki \u00f6nemli kaynaklar ve uygulama \u00f6nerileriyle \u00fclke genelindeki g\u0131da sat\u0131\u015f noktalar\u0131n\u0131n g\u0131da israf\u0131yla m\u00fccadelesine katk\u0131 sa\u011flayacak.<\/span><\/p><p><span style=\"color: #000000;\">G\u0131da sat\u0131\u015f noktalar\u0131nda g\u0131da israf\u0131 ile m\u00fccadele k\u0131lavuzu lansman\u0131na kat\u0131lan T.C. Tar\u0131m ve Orman Bakanl\u0131\u011f\u0131 Bakan Yard\u0131mc\u0131s\u0131 Ay\u015fe Ay\u015fin I\u015f\u0131kgece, \u201cG\u0131dan\u0131 Koru Sofrana Sahip \u00c7\u0131k Kampanyam\u0131z\u0131, 1,5 y\u0131l\u0131 a\u015fk\u0131n bir s\u00fcredir FAO ile kol kola y\u00fcr\u00fct\u00fcyoruz. Bu yolda pek \u00e7ok payda\u015f\u0131m\u0131z\u0131n da deste\u011fini ald\u0131k ve almaya da devam ediyoruz. Bug\u00fcn ise perakende sekt\u00f6r\u00fcndeki \u00f6nemli payda\u015flar\u0131m\u0131zla bir araday\u0131z. Bug\u00fcn, sat\u0131\u015f noktalar\u0131ndaki g\u0131da israf\u0131n\u0131 nas\u0131l azaltaca\u011f\u0131m\u0131z\u0131 konu\u015fuyoruz. 12 Mart\u2019ta Cumhurba\u015fkan\u0131m\u0131z Say\u0131n Recep Tayyip Erdo\u011fan, <\/span><span style=\"color: #000000;\">taraf\u0131ndan a\u00e7\u0131klanan Ekonomi Reform Program\u0131 Eylem plan\u0131nda g\u0131da kayb\u0131 ve israf\u0131n\u0131n \u00f6nlenmesi konusu da yer al\u0131yor. Bu kapsamda belirlenen eylemlerden bir tanesi, g\u0131da kayb\u0131 ve israf\u0131n\u0131 azaltmak i\u00e7in k\u0131lavuzlar haz\u0131rlanmas\u0131d\u0131r. Biz de bu kapsamda, \u00e7e\u015fitli payda\u015flar\u0131m\u0131zla toplam 5 adet k\u0131lavuz haz\u0131rlad\u0131k. Bug\u00fcn, gene bu k\u0131lavuzlardan bir tanesi olan G\u0131da Sat\u0131\u015f Noktalar\u0131nda G\u0131da \u0130sraf\u0131 ile M\u00fccadele K\u0131lavuzu\u2019nun tan\u0131t\u0131m\u0131 i\u00e7in bir araday\u0131z. Bu k\u0131lavuzun i\u00e7eri\u011finde, g\u0131da sat\u0131\u015f noktalar\u0131nda, k\u0131saca perakendede g\u0131da israf\u0131n\u0131 azaltacak pek \u00e7ok bilgi mevcut. Herkesin dikkatle istifade etmesini temenni ediyorum\u201d dedi.<\/span><\/p><p><span style=\"color: #000000;\">Lansmanda konu\u015fan Migros Ticaret A.\u015e. \u0130cra Kurulu \u00dcyesi Ekmel Nuri Baydur, \u201cBirle\u015fmi\u015f Milletler 2021 G\u0131da Endeksi verilerine g\u00f6re her y\u0131l d\u00fcnyada 931 ton g\u0131da israf ediliyor. Bu israf\u0131n y\u00fczde 61\u2019i evlerde, y\u00fczde 26\u2019s\u0131 g\u0131da hizmet sekt\u00f6r\u00fcnde, y\u00fczde 13\u2019\u00fc ise perakende sekt\u00f6r\u00fcnde ya\u015fan\u0131yor. Migros olarak t\u00fcm d\u00fcnyan\u0131n sorunu olan g\u0131da israf\u0131yla m\u00fccadeleyi odak konular\u0131m\u0131z aras\u0131na al\u0131yor, referans niteli\u011finde \u00e7al\u0131\u015fmalar hayata ge\u00e7iriyoruz. T\u00fcm sekt\u00f6r\u00fcm\u00fcz\u00fcn bu bilin\u00e7le el ele vererek g\u0131da israf\u0131yla m\u00fccadele etmesiyle ancak ger\u00e7ek etkiyi yarataca\u011f\u0131m\u0131z\u0131n fark\u0131nday\u0131z. Tar\u0131m ve Orman Bakanl\u0131\u011f\u0131m\u0131z\u0131n \u00f6nc\u00fcl\u00fc\u011f\u00fcnde, G\u0131da Sat\u0131\u015f Noktalar\u0131nda G\u0131da \u0130sraf\u0131yla M\u00fccadele k\u0131lavuzunun haz\u0131rlanmas\u0131 i\u00e7in kollar\u0131 s\u0131vad\u0131k. Kendi operasyonlar\u0131m\u0131zda da aktif olarak kulland\u0131\u011f\u0131m\u0131z uluslararas\u0131 bir\u00e7ok \u00e7al\u0131\u015fmadan faydalanarak k\u0131lavuzu haz\u0131rlad\u0131k. T\u00fcm g\u0131da perakendecilerinin kolayl\u0131kla takip edece\u011fi bu ad\u0131m ve y\u00f6ntemlerle S\u00fcrd\u00fcr\u00fclebilir Kalk\u0131nma Ama\u00e7lar\u0131 kapsam\u0131ndaki 2030 y\u0131l\u0131na kadar g\u0131da israf oranlar\u0131n\u0131n y\u00fczde 50 azalt\u0131m\u0131 hedefine hep birlikte katk\u0131 sa\u011flayaca\u011f\u0131m\u0131za inan\u0131yorum. Tar\u0131m ve Orman Bakanl\u0131\u011f\u0131 ve FAO \u00f6nc\u00fcl\u00fc\u011f\u00fcnde, t\u00fcketicilerin bilin\u00e7lendirilmesine y\u00f6nelik kurulan G\u0131dan\u0131 Koru giri\u015fiminin ilk g\u00fcnden bu yana destek\u00e7ileri aras\u0131nda yer al\u0131yoruz. Hayata ge\u00e7irdi\u011fimiz G\u0131da Sat\u0131\u015f Noktalar\u0131nda G\u0131da \u0130sraf\u0131yla M\u00fccadele k\u0131lavuzu ile de hem gelece\u011fe hem de ekonomiye katk\u0131 sa\u011flayaca\u011f\u0131z\u201d dedi.<\/span><\/p><p><span style=\"color: #000000;\">Toplant\u0131da konu\u015fan FAO Orta Asya Alt B\u00f6lge Ofisi Koordinat\u00f6r\u00fc ve T\u00fcrkiye Temsilcisi Dr. Viorel Gutu ise \u201cBu rehber, perakendecilerin g\u0131da kayb\u0131 ve israf\u0131 sorununu ele almadaki rol\u00fcn\u00fc vurguluyor. Bu konuda kilit rol oynayabilecek olan perakendeciler, g\u0131da zincirinin di\u011fer a\u015famalar\u0131ndaki g\u0131da i\u015fletmecileriyle i\u015f birli\u011fi yaparak g\u0131dan\u0131n de\u011fer zincirinde i\u015flenme \u015feklini etkileyebilirler ve b\u00f6ylece tedarik zincirleri boyunca g\u0131da israf\u0131n\u0131n azalt\u0131lmas\u0131na katk\u0131da bulunabilirler. Bu \u00e7al\u0131\u015fma, sekt\u00f6r oyuncular\u0131n\u0131n, \u00f6ncelikli alanlar\u0131n\u0131 belirlemelerini ve iyi uygulama ve \u00e7\u00f6z\u00fcmleri hayata ge\u00e7irmelerini destekleyecek \u00f6nemli bir ara\u00e7t\u0131r\u201d dedi.<\/span><\/p><\/div>\t\t\t\t\t\t\t\t<\/div>\n\t\t\t\t<\/div>\n\t\t\t\t\t<\/div>\n\t\t<\/div>\n\t\t\t\t\t<\/div>\n\t\t<\/section>\n\t\t\t\t<\/div>\n\t\t","protected":false},"excerpt":{"rendered":"<p>Migros, Tar\u0131m ve Orman Bakanl\u0131\u011f\u0131 \u00f6nc\u00fcl\u00fc\u011f\u00fcnde Birle\u015fmi\u015f Milletler G\u0131da ve Tar\u0131m \u00d6rg\u00fct\u00fc\u2019n\u00fcn (FAO) deste\u011fiyle, perakendecilerin g\u0131da israf\u0131 ile m\u00fccadelesine destek olacak \u00f6nemli bir k\u0131lavuz haz\u0131rlad\u0131. Migros\u2019un g\u0131da israf\u0131yla m\u00fccadele konusunda sahip oldu\u011fu bilgi birikimi ve uluslararas\u0131 y\u00f6ntemlerin referans al\u0131nd\u0131\u011f\u0131 \u201cG\u0131da Sat\u0131\u015f Noktalar\u0131nda G\u0131da \u0130sraf\u0131 ile M\u00fccadele K\u0131lavuzu\u201d, g\u0131da israf\u0131n\u0131 \u00f6nleme ve azaltma konusunda fark\u0131ndal\u0131k yaratman\u0131n [&hellip;]<\/p>\n","protected":false},"author":2,"featured_media":4466,"comment_status":"closed","ping_status":"closed","sticky":false,"template":"","format":"standard","meta":{"_monsterinsights_skip_tracking":false,"_monsterinsights_sitenote_active":false,"_monsterinsights_sitenote_note":"","_monsterinsights_sitenote_category":0,"footnotes":""},"categories":[23,33],"tags":[],"class_list":{"0":"post-4465","1":"post","2":"type-post","3":"status-publish","4":"format-standard","5":"has-post-thumbnail","7":"category-haberler","8":"category-uyelerimizden-haberler-haberler"},"featured_image_src":"https:\/\/www.gidaperakendecileri.org\/wp-content\/uploads\/2021\/12\/migros-gida-israfi.jpg","author_info":{"display_name":"H\u00fcnkar G\u00f6rel","author_link":"https:\/\/www.gidaperakendecileri.org\/?author=2"},"yoast_head":"<!-- This site is optimized with the Yoast SEO plugin v26.7 - https:\/\/yoast.com\/wordpress\/plugins\/seo\/ -->\n<title>Tar\u0131m ve Orman Bakanl\u0131\u011f\u0131 ve Migros\u2019tan Perakendecilere Y\u00f6nelik G\u0131da \u0130sraf\u0131 ile M\u00fccadele K\u0131lavuzu - GPD<\/title>\n<meta name=\"description\" content=\"Migros, Tar\u0131m ve Orman Bakanl\u0131\u011f\u0131 \u00f6nc\u00fcl\u00fc\u011f\u00fcnde Birle\u015fmi\u015f Milletler G\u0131da ve Tar\u0131m \u00d6rg\u00fct\u00fc\u2019n\u00fcn (FAO) deste\u011fiyle, perakendecilerin g\u0131da israf\u0131 ile m\u00fccadelesine destek olacak \u00f6nemli bir k\u0131lavuz haz\u0131rlad\u0131.\" \/>\n<meta name=\"robots\" content=\"index, follow, max-snippet:-1, max-image-preview:large, max-video-preview:-1\" \/>\n<link rel=\"canonical\" href=\"https:\/\/www.gidaperakendecileri.org\/?p=4465\" \/>\n<meta property=\"og:locale\" content=\"en_US\" \/>\n<meta property=\"og:type\" content=\"article\" \/>\n<meta property=\"og:title\" content=\"Tar\u0131m ve Orman Bakanl\u0131\u011f\u0131 ve Migros\u2019tan Perakendecilere Y\u00f6nelik G\u0131da \u0130sraf\u0131 ile M\u00fccadele K\u0131lavuzu - GPD\" \/>\n<meta property=\"og:description\" content=\"Migros, Tar\u0131m ve Orman Bakanl\u0131\u011f\u0131 \u00f6nc\u00fcl\u00fc\u011f\u00fcnde Birle\u015fmi\u015f Milletler G\u0131da ve Tar\u0131m \u00d6rg\u00fct\u00fc\u2019n\u00fcn (FAO) deste\u011fiyle, perakendecilerin g\u0131da israf\u0131 ile m\u00fccadelesine destek olacak \u00f6nemli bir k\u0131lavuz haz\u0131rlad\u0131.\" \/>\n<meta property=\"og:url\" content=\"https:\/\/www.gidaperakendecileri.org\/?p=4465\" \/>\n<meta property=\"og:site_name\" content=\"GPD\" \/>\n<meta property=\"article:published_time\" content=\"2021-12-26T17:57:27+00:00\" \/>\n<meta property=\"article:modified_time\" content=\"2022-01-25T08:50:48+00:00\" \/>\n<meta property=\"og:image\" content=\"https:\/\/www.gidaperakendecileri.org\/wp-content\/uploads\/2021\/12\/migros-gida-israfi.jpg\" \/>\n\t<meta property=\"og:image:width\" content=\"1772\" \/>\n\t<meta property=\"og:image:height\" content=\"1300\" \/>\n\t<meta property=\"og:image:type\" content=\"image\/jpeg\" \/>\n<meta name=\"author\" content=\"H\u00fcnkar G\u00f6rel\" \/>\n<meta name=\"twitter:card\" content=\"summary_large_image\" \/>\n<meta name=\"twitter:label1\" content=\"Written by\" \/>\n\t<meta name=\"twitter:data1\" content=\"H\u00fcnkar G\u00f6rel\" \/>\n\t<meta name=\"twitter:label2\" content=\"Est. reading time\" \/>\n\t<meta name=\"twitter:data2\" content=\"3 minutes\" \/>\n<script type=\"application\/ld+json\" class=\"yoast-schema-graph\">{\"@context\":\"https:\/\/schema.org\",\"@graph\":[{\"@type\":\"Article\",\"@id\":\"https:\/\/www.gidaperakendecileri.org\/?p=4465#article\",\"isPartOf\":{\"@id\":\"https:\/\/www.gidaperakendecileri.org\/?p=4465\"},\"author\":{\"name\":\"H\u00fcnkar G\u00f6rel\",\"@id\":\"https:\/\/www.gidaperakendecileri.org\/#\/schema\/person\/a509599b6fcfa3d743530309969de5e6\"},\"headline\":\"Tar\u0131m ve Orman Bakanl\u0131\u011f\u0131 ve Migros\u2019tan Perakendecilere Y\u00f6nelik G\u0131da \u0130sraf\u0131 ile M\u00fccadele K\u0131lavuzu\",\"datePublished\":\"2021-12-26T17:57:27+00:00\",\"dateModified\":\"2022-01-25T08:50:48+00:00\",\"mainEntityOfPage\":{\"@id\":\"https:\/\/www.gidaperakendecileri.org\/?p=4465\"},\"wordCount\":1044,\"image\":{\"@id\":\"https:\/\/www.gidaperakendecileri.org\/?p=4465#primaryimage\"},\"thumbnailUrl\":\"https:\/\/www.gidaperakendecileri.org\/wp-content\/uploads\/2021\/12\/migros-gida-israfi.jpg\",\"articleSection\":[\"Haberler\",\"\u00dcyelerimizden Haberler\"],\"inLanguage\":\"en-US\"},{\"@type\":\"WebPage\",\"@id\":\"https:\/\/www.gidaperakendecileri.org\/?p=4465\",\"url\":\"https:\/\/www.gidaperakendecileri.org\/?p=4465\",\"name\":\"Tar\u0131m ve Orman Bakanl\u0131\u011f\u0131 ve Migros\u2019tan Perakendecilere Y\u00f6nelik G\u0131da \u0130sraf\u0131 ile M\u00fccadele K\u0131lavuzu - GPD\",\"isPartOf\":{\"@id\":\"https:\/\/www.gidaperakendecileri.org\/#website\"},\"primaryImageOfPage\":{\"@id\":\"https:\/\/www.gidaperakendecileri.org\/?p=4465#primaryimage\"},\"image\":{\"@id\":\"https:\/\/www.gidaperakendecileri.org\/?p=4465#primaryimage\"},\"thumbnailUrl\":\"https:\/\/www.gidaperakendecileri.org\/wp-content\/uploads\/2021\/12\/migros-gida-israfi.jpg\",\"datePublished\":\"2021-12-26T17:57:27+00:00\",\"dateModified\":\"2022-01-25T08:50:48+00:00\",\"author\":{\"@id\":\"https:\/\/www.gidaperakendecileri.org\/#\/schema\/person\/a509599b6fcfa3d743530309969de5e6\"},\"description\":\"Migros, Tar\u0131m ve Orman Bakanl\u0131\u011f\u0131 \u00f6nc\u00fcl\u00fc\u011f\u00fcnde Birle\u015fmi\u015f Milletler G\u0131da ve Tar\u0131m \u00d6rg\u00fct\u00fc\u2019n\u00fcn (FAO) deste\u011fiyle, perakendecilerin g\u0131da israf\u0131 ile m\u00fccadelesine destek olacak \u00f6nemli bir k\u0131lavuz haz\u0131rlad\u0131.\",\"breadcrumb\":{\"@id\":\"https:\/\/www.gidaperakendecileri.org\/?p=4465#breadcrumb\"},\"inLanguage\":\"en-US\",\"potentialAction\":[{\"@type\":\"ReadAction\",\"target\":[\"https:\/\/www.gidaperakendecileri.org\/?p=4465\"]}]},{\"@type\":\"ImageObject\",\"inLanguage\":\"en-US\",\"@id\":\"https:\/\/www.gidaperakendecileri.org\/?p=4465#primaryimage\",\"url\":\"https:\/\/www.gidaperakendecileri.org\/wp-content\/uploads\/2021\/12\/migros-gida-israfi.jpg\",\"contentUrl\":\"https:\/\/www.gidaperakendecileri.org\/wp-content\/uploads\/2021\/12\/migros-gida-israfi.jpg\",\"width\":1772,\"height\":1300},{\"@type\":\"BreadcrumbList\",\"@id\":\"https:\/\/www.gidaperakendecileri.org\/?p=4465#breadcrumb\",\"itemListElement\":[{\"@type\":\"ListItem\",\"position\":1,\"name\":\"Home\",\"item\":\"https:\/\/www.gidaperakendecileri.org\/\"},{\"@type\":\"ListItem\",\"position\":2,\"name\":\"Tar\u0131m ve Orman Bakanl\u0131\u011f\u0131 ve Migros\u2019tan Perakendecilere Y\u00f6nelik G\u0131da \u0130sraf\u0131 ile M\u00fccadele K\u0131lavuzu\"}]},{\"@type\":\"WebSite\",\"@id\":\"https:\/\/www.gidaperakendecileri.org\/#website\",\"url\":\"https:\/\/www.gidaperakendecileri.org\/\",\"name\":\"GPD\",\"description\":\"G\u0131da Perakendecileri Derne\u011fi\",\"potentialAction\":[{\"@type\":\"SearchAction\",\"target\":{\"@type\":\"EntryPoint\",\"urlTemplate\":\"https:\/\/www.gidaperakendecileri.org\/?s={search_term_string}\"},\"query-input\":{\"@type\":\"PropertyValueSpecification\",\"valueRequired\":true,\"valueName\":\"search_term_string\"}}],\"inLanguage\":\"en-US\"},{\"@type\":\"Person\",\"@id\":\"https:\/\/www.gidaperakendecileri.org\/#\/schema\/person\/a509599b6fcfa3d743530309969de5e6\",\"name\":\"H\u00fcnkar G\u00f6rel\",\"image\":{\"@type\":\"ImageObject\",\"inLanguage\":\"en-US\",\"@id\":\"https:\/\/www.gidaperakendecileri.org\/#\/schema\/person\/image\/\",\"url\":\"https:\/\/secure.gravatar.com\/avatar\/6833176c6068a3a97919a716cee09184937057818487819b3315830bdfd463a4?s=96&d=mm&r=g\",\"contentUrl\":\"https:\/\/secure.gravatar.com\/avatar\/6833176c6068a3a97919a716cee09184937057818487819b3315830bdfd463a4?s=96&d=mm&r=g\",\"caption\":\"H\u00fcnkar G\u00f6rel\"},\"url\":\"https:\/\/www.gidaperakendecileri.org\/?author=2\"}]}<\/script>\n<!-- \/ Yoast SEO plugin. -->","yoast_head_json":{"title":"Tar\u0131m ve Orman Bakanl\u0131\u011f\u0131 ve Migros\u2019tan Perakendecilere Y\u00f6nelik G\u0131da \u0130sraf\u0131 ile M\u00fccadele K\u0131lavuzu - GPD","description":"Migros, Tar\u0131m ve Orman Bakanl\u0131\u011f\u0131 \u00f6nc\u00fcl\u00fc\u011f\u00fcnde Birle\u015fmi\u015f Milletler G\u0131da ve Tar\u0131m \u00d6rg\u00fct\u00fc\u2019n\u00fcn (FAO) deste\u011fiyle, perakendecilerin g\u0131da israf\u0131 ile m\u00fccadelesine destek olacak \u00f6nemli bir k\u0131lavuz haz\u0131rlad\u0131.","robots":{"index":"index","follow":"follow","max-snippet":"max-snippet:-1","max-image-preview":"max-image-preview:large","max-video-preview":"max-video-preview:-1"},"canonical":"https:\/\/www.gidaperakendecileri.org\/?p=4465","og_locale":"en_US","og_type":"article","og_title":"Tar\u0131m ve Orman Bakanl\u0131\u011f\u0131 ve Migros\u2019tan Perakendecilere Y\u00f6nelik G\u0131da \u0130sraf\u0131 ile M\u00fccadele K\u0131lavuzu - GPD","og_description":"Migros, Tar\u0131m ve Orman Bakanl\u0131\u011f\u0131 \u00f6nc\u00fcl\u00fc\u011f\u00fcnde Birle\u015fmi\u015f Milletler G\u0131da ve Tar\u0131m \u00d6rg\u00fct\u00fc\u2019n\u00fcn (FAO) deste\u011fiyle, perakendecilerin g\u0131da israf\u0131 ile m\u00fccadelesine destek olacak \u00f6nemli bir k\u0131lavuz haz\u0131rlad\u0131.","og_url":"https:\/\/www.gidaperakendecileri.org\/?p=4465","og_site_name":"GPD","article_published_time":"2021-12-26T17:57:27+00:00","article_modified_time":"2022-01-25T08:50:48+00:00","og_image":[{"width":1772,"height":1300,"url":"https:\/\/www.gidaperakendecileri.org\/wp-content\/uploads\/2021\/12\/migros-gida-israfi.jpg","type":"image\/jpeg"}],"author":"H\u00fcnkar G\u00f6rel","twitter_card":"summary_large_image","twitter_misc":{"Written by":"H\u00fcnkar G\u00f6rel","Est. reading time":"3 minutes"},"schema":{"@context":"https:\/\/schema.org","@graph":[{"@type":"Article","@id":"https:\/\/www.gidaperakendecileri.org\/?p=4465#article","isPartOf":{"@id":"https:\/\/www.gidaperakendecileri.org\/?p=4465"},"author":{"name":"H\u00fcnkar G\u00f6rel","@id":"https:\/\/www.gidaperakendecileri.org\/#\/schema\/person\/a509599b6fcfa3d743530309969de5e6"},"headline":"Tar\u0131m ve Orman Bakanl\u0131\u011f\u0131 ve Migros\u2019tan Perakendecilere Y\u00f6nelik G\u0131da \u0130sraf\u0131 ile M\u00fccadele K\u0131lavuzu","datePublished":"2021-12-26T17:57:27+00:00","dateModified":"2022-01-25T08:50:48+00:00","mainEntityOfPage":{"@id":"https:\/\/www.gidaperakendecileri.org\/?p=4465"},"wordCount":1044,"image":{"@id":"https:\/\/www.gidaperakendecileri.org\/?p=4465#primaryimage"},"thumbnailUrl":"https:\/\/www.gidaperakendecileri.org\/wp-content\/uploads\/2021\/12\/migros-gida-israfi.jpg","articleSection":["Haberler","\u00dcyelerimizden Haberler"],"inLanguage":"en-US"},{"@type":"WebPage","@id":"https:\/\/www.gidaperakendecileri.org\/?p=4465","url":"https:\/\/www.gidaperakendecileri.org\/?p=4465","name":"Tar\u0131m ve Orman Bakanl\u0131\u011f\u0131 ve Migros\u2019tan Perakendecilere Y\u00f6nelik G\u0131da \u0130sraf\u0131 ile M\u00fccadele K\u0131lavuzu - GPD","isPartOf":{"@id":"https:\/\/www.gidaperakendecileri.org\/#website"},"primaryImageOfPage":{"@id":"https:\/\/www.gidaperakendecileri.org\/?p=4465#primaryimage"},"image":{"@id":"https:\/\/www.gidaperakendecileri.org\/?p=4465#primaryimage"},"thumbnailUrl":"https:\/\/www.gidaperakendecileri.org\/wp-content\/uploads\/2021\/12\/migros-gida-israfi.jpg","datePublished":"2021-12-26T17:57:27+00:00","dateModified":"2022-01-25T08:50:48+00:00","author":{"@id":"https:\/\/www.gidaperakendecileri.org\/#\/schema\/person\/a509599b6fcfa3d743530309969de5e6"},"description":"Migros, Tar\u0131m ve Orman Bakanl\u0131\u011f\u0131 \u00f6nc\u00fcl\u00fc\u011f\u00fcnde Birle\u015fmi\u015f Milletler G\u0131da ve Tar\u0131m \u00d6rg\u00fct\u00fc\u2019n\u00fcn (FAO) deste\u011fiyle, perakendecilerin g\u0131da israf\u0131 ile m\u00fccadelesine destek olacak \u00f6nemli bir k\u0131lavuz haz\u0131rlad\u0131.","breadcrumb":{"@id":"https:\/\/www.gidaperakendecileri.org\/?p=4465#breadcrumb"},"inLanguage":"en-US","potentialAction":[{"@type":"ReadAction","target":["https:\/\/www.gidaperakendecileri.org\/?p=4465"]}]},{"@type":"ImageObject","inLanguage":"en-US","@id":"https:\/\/www.gidaperakendecileri.org\/?p=4465#primaryimage","url":"https:\/\/www.gidaperakendecileri.org\/wp-content\/uploads\/2021\/12\/migros-gida-israfi.jpg","contentUrl":"https:\/\/www.gidaperakendecileri.org\/wp-content\/uploads\/2021\/12\/migros-gida-israfi.jpg","width":1772,"height":1300},{"@type":"BreadcrumbList","@id":"https:\/\/www.gidaperakendecileri.org\/?p=4465#breadcrumb","itemListElement":[{"@type":"ListItem","position":1,"name":"Home","item":"https:\/\/www.gidaperakendecileri.org\/"},{"@type":"ListItem","position":2,"name":"Tar\u0131m ve Orman Bakanl\u0131\u011f\u0131 ve Migros\u2019tan Perakendecilere Y\u00f6nelik G\u0131da \u0130sraf\u0131 ile M\u00fccadele K\u0131lavuzu"}]},{"@type":"WebSite","@id":"https:\/\/www.gidaperakendecileri.org\/#website","url":"https:\/\/www.gidaperakendecileri.org\/","name":"GPD","description":"G\u0131da Perakendecileri Derne\u011fi","potentialAction":[{"@type":"SearchAction","target":{"@type":"EntryPoint","urlTemplate":"https:\/\/www.gidaperakendecileri.org\/?s={search_term_string}"},"query-input":{"@type":"PropertyValueSpecification","valueRequired":true,"valueName":"search_term_string"}}],"inLanguage":"en-US"},{"@type":"Person","@id":"https:\/\/www.gidaperakendecileri.org\/#\/schema\/person\/a509599b6fcfa3d743530309969de5e6","name":"H\u00fcnkar G\u00f6rel","image":{"@type":"ImageObject","inLanguage":"en-US","@id":"https:\/\/www.gidaperakendecileri.org\/#\/schema\/person\/image\/","url":"https:\/\/secure.gravatar.com\/avatar\/6833176c6068a3a97919a716cee09184937057818487819b3315830bdfd463a4?s=96&d=mm&r=g","contentUrl":"https:\/\/secure.gravatar.com\/avatar\/6833176c6068a3a97919a716cee09184937057818487819b3315830bdfd463a4?s=96&d=mm&r=g","caption":"H\u00fcnkar G\u00f6rel"},"url":"https:\/\/www.gidaperakendecileri.org\/?author=2"}]}},"amp_enabled":true,"_links":{"self":[{"href":"https:\/\/www.gidaperakendecileri.org\/index.php?rest_route=\/wp\/v2\/posts\/4465","targetHints":{"allow":["GET"]}}],"collection":[{"href":"https:\/\/www.gidaperakendecileri.org\/index.php?rest_route=\/wp\/v2\/posts"}],"about":[{"href":"https:\/\/www.gidaperakendecileri.org\/index.php?rest_route=\/wp\/v2\/types\/post"}],"author":[{"embeddable":true,"href":"https:\/\/www.gidaperakendecileri.org\/index.php?rest_route=\/wp\/v2\/users\/2"}],"replies":[{"embeddable":true,"href":"https:\/\/www.gidaperakendecileri.org\/index.php?rest_route=%2Fwp%2Fv2%2Fcomments&post=4465"}],"version-history":[{"count":7,"href":"https:\/\/www.gidaperakendecileri.org\/index.php?rest_route=\/wp\/v2\/posts\/4465\/revisions"}],"predecessor-version":[{"id":4473,"href":"https:\/\/www.gidaperakendecileri.org\/index.php?rest_route=\/wp\/v2\/posts\/4465\/revisions\/4473"}],"wp:featuredmedia":[{"embeddable":true,"href":"https:\/\/www.gidaperakendecileri.org\/index.php?rest_route=\/wp\/v2\/media\/4466"}],"wp:attachment":[{"href":"https:\/\/www.gidaperakendecileri.org\/index.php?rest_route=%2Fwp%2Fv2%2Fmedia&parent=4465"}],"wp:term":[{"taxonomy":"category","embeddable":true,"href":"https:\/\/www.gidaperakendecileri.org\/index.php?rest_route=%2Fwp%2Fv2%2Fcategories&post=4465"},{"taxonomy":"post_tag","embeddable":true,"href":"https:\/\/www.gidaperakendecileri.org\/index.php?rest_route=%2Fwp%2Fv2%2Ftags&post=4465"}],"curies":[{"name":"wp","href":"https:\/\/api.w.org\/{rel}","templated":true}]}}