{"id":4431,"date":"2021-12-03T07:03:04","date_gmt":"2021-12-03T07:03:04","guid":{"rendered":"https:\/\/www.gidaperakendecileri.org\/?p=4431"},"modified":"2021-12-09T07:07:58","modified_gmt":"2021-12-09T07:07:58","slug":"kasim-ayinda-perakende-guvenindeki-dusus-devam-etti","status":"publish","type":"post","link":"https:\/\/www.gidaperakendecileri.org\/?p=4431","title":{"rendered":"Kas\u0131m Ay\u0131nda Perakende G\u00fcvenindeki D\u00fc\u015f\u00fc\u015f Devam Etti"},"content":{"rendered":"\t\t<div data-elementor-type=\"wp-post\" data-elementor-id=\"4431\" class=\"elementor elementor-4431\">\n\t\t\t\t\t\t<section class=\"elementor-section elementor-top-section elementor-element elementor-element-3ef128ae elementor-section-boxed elementor-section-height-default elementor-section-height-default\" data-id=\"3ef128ae\" data-element_type=\"section\">\n\t\t\t\t\t\t<div class=\"elementor-container elementor-column-gap-default\">\n\t\t\t\t\t<div class=\"elementor-column elementor-col-100 elementor-top-column elementor-element elementor-element-6c0ce5df\" data-id=\"6c0ce5df\" data-element_type=\"column\">\n\t\t\t<div class=\"elementor-widget-wrap elementor-element-populated\">\n\t\t\t\t\t\t<div class=\"elementor-element elementor-element-5aacae7a elementor-widget elementor-widget-text-editor\" data-id=\"5aacae7a\" data-element_type=\"widget\" data-widget_type=\"text-editor.default\">\n\t\t\t\t<div class=\"elementor-widget-container\">\n\t\t\t\t\t\t\t\t\t<div class=\"td-paragraph-padding-1\"><h3><span style=\"color: #000000;\"><strong>TEPAV Perakende G\u00fcven Endeksi, Kas\u0131m ay\u0131nda bir \u00f6nceki aya g\u00f6re 2,6 puanl\u0131k azal\u0131\u015f, bir \u00f6nceki y\u0131l\u0131n ayn\u0131 d\u00f6nemine g\u00f6re ise 1,7 puanl\u0131k art\u0131\u015fla -10,3 puan de\u011ferini ald\u0131. <\/strong><\/span><\/h3><p><span style=\"color: #000000;\">T\u00fcrkiye Ekonomi Politikalar\u0131 Ara\u015ft\u0131rma Vakf\u0131 (TEPAV) Perakende G\u00fcven Endeksi (TEPE), Kas\u0131m 2021\u2019de bir \u00f6nceki aya g\u00f6re 2,6 puanl\u0131k azal\u0131\u015f, bir \u00f6nceki y\u0131l\u0131n ayn\u0131 d\u00f6nemine g\u00f6re ise 1,7 puanl\u0131k art\u0131\u015fla -10,3 puan de\u011ferini ald\u0131.<br \/>TEPE\u2019nin ge\u00e7en aya k\u0131yasla azal\u0131\u015f\u0131nda ge\u00e7ti\u011fimiz 3 ayda i\u015flerin durumu ve \u00f6n\u00fcm\u00fczdeki 3 ayda sat\u0131\u015f beklentisi g\u00f6stergelerindeki k\u00f6t\u00fcle\u015fme etkili oldu. TEPE anketi kapsam\u0131nda ge\u00e7ti\u011fimiz 3 ayda i\u015flerinin azald\u0131\u011f\u0131n\u0131 belirten perakendecilerin oran\u0131 Ekim ay\u0131nda %45 iken Kas\u0131m ay\u0131nda %54, \u00f6n\u00fcm\u00fczdeki 3 ayda i\u015flerinde k\u00f6t\u00fcle\u015fme bekledi\u011fini belirten perakendecilerin oran\u0131 ise Ekim ay\u0131nda %42 iken Kas\u0131m ay\u0131nda %49 oldu.<\/span><\/p><p><strong><span style=\"color: #000000;\">Perakende G\u00fcveni Ge\u00e7en Y\u0131la G\u00f6re Art\u0131\u015f, Ge\u00e7en Aya G\u00f6re Azal\u0131\u015f G\u00f6sterdi<\/span><\/strong><br \/><span style=\"color: #000000;\">TEPE de\u011feri, Kas\u0131m 2021\u2019de -10,3 puan de\u011ferini alarak ge\u00e7en y\u0131l\u0131n ayn\u0131 d\u00f6nemine g\u00f6re 1,7 puan artarken, ge\u00e7en aya g\u00f6re 2,6 puan azald\u0131. TEPE de\u011ferinin y\u0131ll\u0131k de\u011fi\u015fiminde ge\u00e7ti\u011fimiz 3 ayda i\u015flerin durumu g\u00f6stergesindeki 13,6 puanl\u0131k iyile\u015fme etkili oldu. Di\u011fer taraftan, mevcut stok d\u00fczeyinin normalin alt\u0131nda oldu\u011fu y\u00f6n\u00fcndeki 16,3 puanl\u0131k de\u011fi\u015fim endekse olumlu yans\u0131d\u0131.<\/span><br \/><span style=\"color: #000000;\">Ancak, perakendecilerin gelece\u011fe y\u00f6nelik sat\u0131\u015f beklentisi bir \u00f6nceki aya ve y\u0131la k\u0131yasla geriledi<\/span><br \/><span style=\"color: #000000;\">\u00d6n\u00fcm\u00fczdeki 3 aya ili\u015fkin sat\u0131\u015f beklentilerinin denge de\u011feri Kas\u0131m 2021\u2019de -22,9 puan oldu. Buna g\u00f6re \u00f6n\u00fcm\u00fczdeki 3 aya ili\u015fkin sat\u0131\u015f beklentileri, bir \u00f6nceki aya g\u00f6re 5,8 puan, bir \u00f6nceki y\u0131l\u0131n ayn\u0131 ay\u0131na g\u00f6re 25,0 puan azald\u0131.<\/span><\/p><p><strong><span style=\"color: #000000;\">Perakende G\u00fcveni En Fazla \u201cTekstil, Haz\u0131r Giyim ve Ayakkab\u0131\u201d Sekt\u00f6r\u00fcnde Artt\u0131<\/span><\/strong><br \/><span style=\"color: #000000;\">Perakende g\u00fcvenine alt sekt\u00f6rler itibar\u0131yla bak\u0131ld\u0131\u011f\u0131nda, Kas\u0131m 2021\u2019de, ge\u00e7en y\u0131l\u0131n ayn\u0131 d\u00f6nemine g\u00f6re \u201ctekstil, haz\u0131r giyim ve ayakkab\u0131\u201d, \u201celektrikli ev aletleri, radyo ve televizyonlar\u201d ve \u201cdi\u011fer (akaryak\u0131t istasyonu, eczane, parf\u00fcmeri, nalbur, z\u00fcccaciye, k\u0131rtasiye, vb.)\u201d sekt\u00f6rlerindeki de\u011fi\u015fim ortalaman\u0131n \u00fczerinde ger\u00e7ekle\u015firken, \u201cmotorlu ta\u015f\u0131tlar\u201d, \u201cyiyecek, i\u00e7ecek ve t\u00fct\u00fcn \u00fcr\u00fcnleri\u201d, \u201cmobilya, ayd\u0131nlatma ekipman\u0131 ve ev i\u00e7i kullan\u0131m \u00fcr\u00fcnleri\u201d ve \u201cbirden fazla t\u00fcrde \u00fcr\u00fcn satan bakkal, market ve b\u00fcy\u00fck ma\u011fazalar\u201d sekt\u00f6rleri ortalaman\u0131n alt\u0131nda de\u011fer ald\u0131.<\/span><\/p><p><strong><span style=\"color: #000000;\">Perakende G\u00fcveni En \u00c7ok Kuzeydo\u011fu Anadolu B\u00f6lgesi\u2019nde Artt\u0131<\/span><\/strong><br \/><span style=\"color: #000000;\">Perakende g\u00fcvenine b\u00f6lgeler itibar\u0131yla bak\u0131ld\u0131\u011f\u0131nda, Kas\u0131m 2021\u2019de, ge\u00e7en y\u0131l\u0131n ayn\u0131 d\u00f6nemine g\u00f6re Kuzeydo\u011fu Anadolu, Ege, Do\u011fu Karadeniz ve Marmara b\u00f6lgelerinde art\u0131\u015f ger\u00e7ekle\u015firken, Bat\u0131 Karadeniz, G\u00fcneydo\u011fu Anadolu, Akdeniz, Bat\u0131 Anadolu, Ortado\u011fu Anadolu ve Orta Anadolu b\u00f6lgelerinde ise azald\u0131. En fazla azal\u0131\u015f -19,8 puan ile Orta Anadolu B\u00f6lgesi\u2019nde ya\u015fand\u0131.<\/span><\/p><\/div><p><img fetchpriority=\"high\" decoding=\"async\" class=\"size-full wp-image-4433 aligncenter\" src=\"https:\/\/www.gidaperakendecileri.org\/wp-content\/uploads\/2021\/12\/tepe-143.jpg\" alt=\"\" width=\"432\" height=\"1080\" srcset=\"https:\/\/www.gidaperakendecileri.org\/wp-content\/uploads\/2021\/12\/tepe-143.jpg 432w, https:\/\/www.gidaperakendecileri.org\/wp-content\/uploads\/2021\/12\/tepe-143-120x300.jpg 120w, https:\/\/www.gidaperakendecileri.org\/wp-content\/uploads\/2021\/12\/tepe-143-410x1024.jpg 410w, https:\/\/www.gidaperakendecileri.org\/wp-content\/uploads\/2021\/12\/tepe-143-168x420.jpg 168w\" sizes=\"(max-width: 432px) 100vw, 432px\" \/><\/p>\t\t\t\t\t\t\t\t<\/div>\n\t\t\t\t<\/div>\n\t\t\t\t\t<\/div>\n\t\t<\/div>\n\t\t\t\t\t<\/div>\n\t\t<\/section>\n\t\t\t\t<\/div>\n\t\t","protected":false},"excerpt":{"rendered":"<p>TEPAV Perakende G\u00fcven Endeksi, Kas\u0131m ay\u0131nda bir \u00f6nceki aya g\u00f6re 2,6 puanl\u0131k azal\u0131\u015f, bir \u00f6nceki y\u0131l\u0131n ayn\u0131 d\u00f6nemine g\u00f6re ise 1,7 puanl\u0131k art\u0131\u015fla -10,3 puan de\u011ferini ald\u0131. T\u00fcrkiye Ekonomi Politikalar\u0131 Ara\u015ft\u0131rma Vakf\u0131 (TEPAV) Perakende G\u00fcven Endeksi (TEPE), Kas\u0131m 2021\u2019de bir \u00f6nceki aya g\u00f6re 2,6 puanl\u0131k azal\u0131\u015f, bir \u00f6nceki y\u0131l\u0131n ayn\u0131 d\u00f6nemine g\u00f6re ise 1,7 puanl\u0131k [&hellip;]<\/p>\n","protected":false},"author":2,"featured_media":2668,"comment_status":"closed","ping_status":"closed","sticky":false,"template":"","format":"standard","meta":{"_monsterinsights_skip_tracking":false,"_monsterinsights_sitenote_active":false,"_monsterinsights_sitenote_note":"","_monsterinsights_sitenote_category":0,"footnotes":""},"categories":[23,32],"tags":[],"class_list":{"0":"post-4431","1":"post","2":"type-post","3":"status-publish","4":"format-standard","5":"has-post-thumbnail","7":"category-haberler","8":"category-sektorden-haberler-haberler"},"featured_image_src":"https:\/\/www.gidaperakendecileri.org\/wp-content\/uploads\/2021\/01\/perakende-guven-endeksi-132.jpg","author_info":{"display_name":"H\u00fcnkar G\u00f6rel","author_link":"https:\/\/www.gidaperakendecileri.org\/?author=2"},"yoast_head":"<!-- This site is optimized with the Yoast SEO plugin v26.7 - https:\/\/yoast.com\/wordpress\/plugins\/seo\/ -->\n<title>Kas\u0131m Ay\u0131nda Perakende G\u00fcvenindeki D\u00fc\u015f\u00fc\u015f Devam Etti - GPD<\/title>\n<meta name=\"description\" content=\"TEPAV Perakende G\u00fcven Endeksi, Kas\u0131m ay\u0131nda bir \u00f6nceki aya g\u00f6re 2,6 puanl\u0131k azal\u0131\u015f, bir \u00f6nceki y\u0131l\u0131n ayn\u0131 d\u00f6nemine g\u00f6re ise 1,7 puanl\u0131k art\u0131\u015fla -10,3 puan de\u011ferini ald\u0131.\" \/>\n<meta name=\"robots\" content=\"index, follow, max-snippet:-1, max-image-preview:large, max-video-preview:-1\" \/>\n<link rel=\"canonical\" href=\"https:\/\/www.gidaperakendecileri.org\/?p=4431\" \/>\n<meta property=\"og:locale\" content=\"en_US\" \/>\n<meta property=\"og:type\" content=\"article\" \/>\n<meta property=\"og:title\" content=\"Kas\u0131m Ay\u0131nda Perakende G\u00fcvenindeki D\u00fc\u015f\u00fc\u015f Devam Etti - GPD\" \/>\n<meta property=\"og:description\" content=\"TEPAV Perakende G\u00fcven Endeksi, Kas\u0131m ay\u0131nda bir \u00f6nceki aya g\u00f6re 2,6 puanl\u0131k azal\u0131\u015f, bir \u00f6nceki y\u0131l\u0131n ayn\u0131 d\u00f6nemine g\u00f6re ise 1,7 puanl\u0131k art\u0131\u015fla -10,3 puan de\u011ferini ald\u0131.\" \/>\n<meta property=\"og:url\" content=\"https:\/\/www.gidaperakendecileri.org\/?p=4431\" \/>\n<meta property=\"og:site_name\" content=\"GPD\" \/>\n<meta property=\"article:published_time\" content=\"2021-12-03T07:03:04+00:00\" \/>\n<meta property=\"article:modified_time\" content=\"2021-12-09T07:07:58+00:00\" \/>\n<meta property=\"og:image\" content=\"https:\/\/www.gidaperakendecileri.org\/wp-content\/uploads\/2021\/01\/perakende-guven-endeksi-132.jpg\" \/>\n\t<meta property=\"og:image:width\" content=\"1382\" \/>\n\t<meta property=\"og:image:height\" content=\"922\" \/>\n\t<meta property=\"og:image:type\" content=\"image\/jpeg\" \/>\n<meta name=\"author\" content=\"H\u00fcnkar G\u00f6rel\" \/>\n<meta name=\"twitter:card\" content=\"summary_large_image\" \/>\n<meta name=\"twitter:label1\" content=\"Written by\" \/>\n\t<meta name=\"twitter:data1\" content=\"H\u00fcnkar G\u00f6rel\" \/>\n\t<meta name=\"twitter:label2\" content=\"Est. reading time\" \/>\n\t<meta name=\"twitter:data2\" content=\"2 minutes\" \/>\n<script type=\"application\/ld+json\" class=\"yoast-schema-graph\">{\"@context\":\"https:\/\/schema.org\",\"@graph\":[{\"@type\":\"Article\",\"@id\":\"https:\/\/www.gidaperakendecileri.org\/?p=4431#article\",\"isPartOf\":{\"@id\":\"https:\/\/www.gidaperakendecileri.org\/?p=4431\"},\"author\":{\"name\":\"H\u00fcnkar G\u00f6rel\",\"@id\":\"https:\/\/www.gidaperakendecileri.org\/#\/schema\/person\/a509599b6fcfa3d743530309969de5e6\"},\"headline\":\"Kas\u0131m Ay\u0131nda Perakende G\u00fcvenindeki D\u00fc\u015f\u00fc\u015f Devam Etti\",\"datePublished\":\"2021-12-03T07:03:04+00:00\",\"dateModified\":\"2021-12-09T07:07:58+00:00\",\"mainEntityOfPage\":{\"@id\":\"https:\/\/www.gidaperakendecileri.org\/?p=4431\"},\"wordCount\":538,\"image\":{\"@id\":\"https:\/\/www.gidaperakendecileri.org\/?p=4431#primaryimage\"},\"thumbnailUrl\":\"https:\/\/www.gidaperakendecileri.org\/wp-content\/uploads\/2021\/01\/perakende-guven-endeksi-132.jpg\",\"articleSection\":[\"Haberler\",\"Sekt\u00f6rden Haberler\"],\"inLanguage\":\"en-US\"},{\"@type\":\"WebPage\",\"@id\":\"https:\/\/www.gidaperakendecileri.org\/?p=4431\",\"url\":\"https:\/\/www.gidaperakendecileri.org\/?p=4431\",\"name\":\"Kas\u0131m Ay\u0131nda Perakende G\u00fcvenindeki D\u00fc\u015f\u00fc\u015f Devam Etti - GPD\",\"isPartOf\":{\"@id\":\"https:\/\/www.gidaperakendecileri.org\/#website\"},\"primaryImageOfPage\":{\"@id\":\"https:\/\/www.gidaperakendecileri.org\/?p=4431#primaryimage\"},\"image\":{\"@id\":\"https:\/\/www.gidaperakendecileri.org\/?p=4431#primaryimage\"},\"thumbnailUrl\":\"https:\/\/www.gidaperakendecileri.org\/wp-content\/uploads\/2021\/01\/perakende-guven-endeksi-132.jpg\",\"datePublished\":\"2021-12-03T07:03:04+00:00\",\"dateModified\":\"2021-12-09T07:07:58+00:00\",\"author\":{\"@id\":\"https:\/\/www.gidaperakendecileri.org\/#\/schema\/person\/a509599b6fcfa3d743530309969de5e6\"},\"description\":\"TEPAV Perakende G\u00fcven Endeksi, Kas\u0131m ay\u0131nda bir \u00f6nceki aya g\u00f6re 2,6 puanl\u0131k azal\u0131\u015f, bir \u00f6nceki y\u0131l\u0131n ayn\u0131 d\u00f6nemine g\u00f6re ise 1,7 puanl\u0131k art\u0131\u015fla -10,3 puan de\u011ferini ald\u0131.\",\"breadcrumb\":{\"@id\":\"https:\/\/www.gidaperakendecileri.org\/?p=4431#breadcrumb\"},\"inLanguage\":\"en-US\",\"potentialAction\":[{\"@type\":\"ReadAction\",\"target\":[\"https:\/\/www.gidaperakendecileri.org\/?p=4431\"]}]},{\"@type\":\"ImageObject\",\"inLanguage\":\"en-US\",\"@id\":\"https:\/\/www.gidaperakendecileri.org\/?p=4431#primaryimage\",\"url\":\"https:\/\/www.gidaperakendecileri.org\/wp-content\/uploads\/2021\/01\/perakende-guven-endeksi-132.jpg\",\"contentUrl\":\"https:\/\/www.gidaperakendecileri.org\/wp-content\/uploads\/2021\/01\/perakende-guven-endeksi-132.jpg\",\"width\":1382,\"height\":922},{\"@type\":\"BreadcrumbList\",\"@id\":\"https:\/\/www.gidaperakendecileri.org\/?p=4431#breadcrumb\",\"itemListElement\":[{\"@type\":\"ListItem\",\"position\":1,\"name\":\"Home\",\"item\":\"https:\/\/www.gidaperakendecileri.org\/\"},{\"@type\":\"ListItem\",\"position\":2,\"name\":\"Kas\u0131m Ay\u0131nda Perakende G\u00fcvenindeki D\u00fc\u015f\u00fc\u015f Devam Etti\"}]},{\"@type\":\"WebSite\",\"@id\":\"https:\/\/www.gidaperakendecileri.org\/#website\",\"url\":\"https:\/\/www.gidaperakendecileri.org\/\",\"name\":\"GPD\",\"description\":\"G\u0131da Perakendecileri Derne\u011fi\",\"potentialAction\":[{\"@type\":\"SearchAction\",\"target\":{\"@type\":\"EntryPoint\",\"urlTemplate\":\"https:\/\/www.gidaperakendecileri.org\/?s={search_term_string}\"},\"query-input\":{\"@type\":\"PropertyValueSpecification\",\"valueRequired\":true,\"valueName\":\"search_term_string\"}}],\"inLanguage\":\"en-US\"},{\"@type\":\"Person\",\"@id\":\"https:\/\/www.gidaperakendecileri.org\/#\/schema\/person\/a509599b6fcfa3d743530309969de5e6\",\"name\":\"H\u00fcnkar G\u00f6rel\",\"image\":{\"@type\":\"ImageObject\",\"inLanguage\":\"en-US\",\"@id\":\"https:\/\/www.gidaperakendecileri.org\/#\/schema\/person\/image\/\",\"url\":\"https:\/\/secure.gravatar.com\/avatar\/6833176c6068a3a97919a716cee09184937057818487819b3315830bdfd463a4?s=96&d=mm&r=g\",\"contentUrl\":\"https:\/\/secure.gravatar.com\/avatar\/6833176c6068a3a97919a716cee09184937057818487819b3315830bdfd463a4?s=96&d=mm&r=g\",\"caption\":\"H\u00fcnkar G\u00f6rel\"},\"url\":\"https:\/\/www.gidaperakendecileri.org\/?author=2\"}]}<\/script>\n<!-- \/ Yoast SEO plugin. -->","yoast_head_json":{"title":"Kas\u0131m Ay\u0131nda Perakende G\u00fcvenindeki D\u00fc\u015f\u00fc\u015f Devam Etti - GPD","description":"TEPAV Perakende G\u00fcven Endeksi, Kas\u0131m ay\u0131nda bir \u00f6nceki aya g\u00f6re 2,6 puanl\u0131k azal\u0131\u015f, bir \u00f6nceki y\u0131l\u0131n ayn\u0131 d\u00f6nemine g\u00f6re ise 1,7 puanl\u0131k art\u0131\u015fla -10,3 puan de\u011ferini ald\u0131.","robots":{"index":"index","follow":"follow","max-snippet":"max-snippet:-1","max-image-preview":"max-image-preview:large","max-video-preview":"max-video-preview:-1"},"canonical":"https:\/\/www.gidaperakendecileri.org\/?p=4431","og_locale":"en_US","og_type":"article","og_title":"Kas\u0131m Ay\u0131nda Perakende G\u00fcvenindeki D\u00fc\u015f\u00fc\u015f Devam Etti - GPD","og_description":"TEPAV Perakende G\u00fcven Endeksi, Kas\u0131m ay\u0131nda bir \u00f6nceki aya g\u00f6re 2,6 puanl\u0131k azal\u0131\u015f, bir \u00f6nceki y\u0131l\u0131n ayn\u0131 d\u00f6nemine g\u00f6re ise 1,7 puanl\u0131k art\u0131\u015fla -10,3 puan de\u011ferini ald\u0131.","og_url":"https:\/\/www.gidaperakendecileri.org\/?p=4431","og_site_name":"GPD","article_published_time":"2021-12-03T07:03:04+00:00","article_modified_time":"2021-12-09T07:07:58+00:00","og_image":[{"width":1382,"height":922,"url":"https:\/\/www.gidaperakendecileri.org\/wp-content\/uploads\/2021\/01\/perakende-guven-endeksi-132.jpg","type":"image\/jpeg"}],"author":"H\u00fcnkar G\u00f6rel","twitter_card":"summary_large_image","twitter_misc":{"Written by":"H\u00fcnkar G\u00f6rel","Est. reading time":"2 minutes"},"schema":{"@context":"https:\/\/schema.org","@graph":[{"@type":"Article","@id":"https:\/\/www.gidaperakendecileri.org\/?p=4431#article","isPartOf":{"@id":"https:\/\/www.gidaperakendecileri.org\/?p=4431"},"author":{"name":"H\u00fcnkar G\u00f6rel","@id":"https:\/\/www.gidaperakendecileri.org\/#\/schema\/person\/a509599b6fcfa3d743530309969de5e6"},"headline":"Kas\u0131m Ay\u0131nda Perakende G\u00fcvenindeki D\u00fc\u015f\u00fc\u015f Devam Etti","datePublished":"2021-12-03T07:03:04+00:00","dateModified":"2021-12-09T07:07:58+00:00","mainEntityOfPage":{"@id":"https:\/\/www.gidaperakendecileri.org\/?p=4431"},"wordCount":538,"image":{"@id":"https:\/\/www.gidaperakendecileri.org\/?p=4431#primaryimage"},"thumbnailUrl":"https:\/\/www.gidaperakendecileri.org\/wp-content\/uploads\/2021\/01\/perakende-guven-endeksi-132.jpg","articleSection":["Haberler","Sekt\u00f6rden Haberler"],"inLanguage":"en-US"},{"@type":"WebPage","@id":"https:\/\/www.gidaperakendecileri.org\/?p=4431","url":"https:\/\/www.gidaperakendecileri.org\/?p=4431","name":"Kas\u0131m Ay\u0131nda Perakende G\u00fcvenindeki D\u00fc\u015f\u00fc\u015f Devam Etti - GPD","isPartOf":{"@id":"https:\/\/www.gidaperakendecileri.org\/#website"},"primaryImageOfPage":{"@id":"https:\/\/www.gidaperakendecileri.org\/?p=4431#primaryimage"},"image":{"@id":"https:\/\/www.gidaperakendecileri.org\/?p=4431#primaryimage"},"thumbnailUrl":"https:\/\/www.gidaperakendecileri.org\/wp-content\/uploads\/2021\/01\/perakende-guven-endeksi-132.jpg","datePublished":"2021-12-03T07:03:04+00:00","dateModified":"2021-12-09T07:07:58+00:00","author":{"@id":"https:\/\/www.gidaperakendecileri.org\/#\/schema\/person\/a509599b6fcfa3d743530309969de5e6"},"description":"TEPAV Perakende G\u00fcven Endeksi, Kas\u0131m ay\u0131nda bir \u00f6nceki aya g\u00f6re 2,6 puanl\u0131k azal\u0131\u015f, bir \u00f6nceki y\u0131l\u0131n ayn\u0131 d\u00f6nemine g\u00f6re ise 1,7 puanl\u0131k art\u0131\u015fla -10,3 puan de\u011ferini ald\u0131.","breadcrumb":{"@id":"https:\/\/www.gidaperakendecileri.org\/?p=4431#breadcrumb"},"inLanguage":"en-US","potentialAction":[{"@type":"ReadAction","target":["https:\/\/www.gidaperakendecileri.org\/?p=4431"]}]},{"@type":"ImageObject","inLanguage":"en-US","@id":"https:\/\/www.gidaperakendecileri.org\/?p=4431#primaryimage","url":"https:\/\/www.gidaperakendecileri.org\/wp-content\/uploads\/2021\/01\/perakende-guven-endeksi-132.jpg","contentUrl":"https:\/\/www.gidaperakendecileri.org\/wp-content\/uploads\/2021\/01\/perakende-guven-endeksi-132.jpg","width":1382,"height":922},{"@type":"BreadcrumbList","@id":"https:\/\/www.gidaperakendecileri.org\/?p=4431#breadcrumb","itemListElement":[{"@type":"ListItem","position":1,"name":"Home","item":"https:\/\/www.gidaperakendecileri.org\/"},{"@type":"ListItem","position":2,"name":"Kas\u0131m Ay\u0131nda Perakende G\u00fcvenindeki D\u00fc\u015f\u00fc\u015f Devam Etti"}]},{"@type":"WebSite","@id":"https:\/\/www.gidaperakendecileri.org\/#website","url":"https:\/\/www.gidaperakendecileri.org\/","name":"GPD","description":"G\u0131da Perakendecileri Derne\u011fi","potentialAction":[{"@type":"SearchAction","target":{"@type":"EntryPoint","urlTemplate":"https:\/\/www.gidaperakendecileri.org\/?s={search_term_string}"},"query-input":{"@type":"PropertyValueSpecification","valueRequired":true,"valueName":"search_term_string"}}],"inLanguage":"en-US"},{"@type":"Person","@id":"https:\/\/www.gidaperakendecileri.org\/#\/schema\/person\/a509599b6fcfa3d743530309969de5e6","name":"H\u00fcnkar G\u00f6rel","image":{"@type":"ImageObject","inLanguage":"en-US","@id":"https:\/\/www.gidaperakendecileri.org\/#\/schema\/person\/image\/","url":"https:\/\/secure.gravatar.com\/avatar\/6833176c6068a3a97919a716cee09184937057818487819b3315830bdfd463a4?s=96&d=mm&r=g","contentUrl":"https:\/\/secure.gravatar.com\/avatar\/6833176c6068a3a97919a716cee09184937057818487819b3315830bdfd463a4?s=96&d=mm&r=g","caption":"H\u00fcnkar G\u00f6rel"},"url":"https:\/\/www.gidaperakendecileri.org\/?author=2"}]}},"amp_enabled":true,"_links":{"self":[{"href":"https:\/\/www.gidaperakendecileri.org\/index.php?rest_route=\/wp\/v2\/posts\/4431","targetHints":{"allow":["GET"]}}],"collection":[{"href":"https:\/\/www.gidaperakendecileri.org\/index.php?rest_route=\/wp\/v2\/posts"}],"about":[{"href":"https:\/\/www.gidaperakendecileri.org\/index.php?rest_route=\/wp\/v2\/types\/post"}],"author":[{"embeddable":true,"href":"https:\/\/www.gidaperakendecileri.org\/index.php?rest_route=\/wp\/v2\/users\/2"}],"replies":[{"embeddable":true,"href":"https:\/\/www.gidaperakendecileri.org\/index.php?rest_route=%2Fwp%2Fv2%2Fcomments&post=4431"}],"version-history":[{"count":4,"href":"https:\/\/www.gidaperakendecileri.org\/index.php?rest_route=\/wp\/v2\/posts\/4431\/revisions"}],"predecessor-version":[{"id":4436,"href":"https:\/\/www.gidaperakendecileri.org\/index.php?rest_route=\/wp\/v2\/posts\/4431\/revisions\/4436"}],"wp:featuredmedia":[{"embeddable":true,"href":"https:\/\/www.gidaperakendecileri.org\/index.php?rest_route=\/wp\/v2\/media\/2668"}],"wp:attachment":[{"href":"https:\/\/www.gidaperakendecileri.org\/index.php?rest_route=%2Fwp%2Fv2%2Fmedia&parent=4431"}],"wp:term":[{"taxonomy":"category","embeddable":true,"href":"https:\/\/www.gidaperakendecileri.org\/index.php?rest_route=%2Fwp%2Fv2%2Fcategories&post=4431"},{"taxonomy":"post_tag","embeddable":true,"href":"https:\/\/www.gidaperakendecileri.org\/index.php?rest_route=%2Fwp%2Fv2%2Ftags&post=4431"}],"curies":[{"name":"wp","href":"https:\/\/api.w.org\/{rel}","templated":true}]}}