{"id":4391,"date":"2021-11-20T17:20:50","date_gmt":"2021-11-20T17:20:50","guid":{"rendered":"https:\/\/www.gidaperakendecileri.org\/?p=4391"},"modified":"2021-11-23T17:23:20","modified_gmt":"2021-11-23T17:23:20","slug":"eylul-ayinda-perakende-satis-hacmi-yillik-9-artti","status":"publish","type":"post","link":"https:\/\/www.gidaperakendecileri.org\/?p=4391","title":{"rendered":"Eyl\u00fcl Ay\u0131nda Perakende Sat\u0131\u015f Hacmi Y\u0131ll\u0131k %15,9 Artt\u0131"},"content":{"rendered":"\t\t<div data-elementor-type=\"wp-post\" data-elementor-id=\"4391\" class=\"elementor elementor-4391\">\n\t\t\t\t\t\t<section class=\"elementor-section elementor-top-section elementor-element elementor-element-3ef128ae elementor-section-boxed elementor-section-height-default elementor-section-height-default\" data-id=\"3ef128ae\" data-element_type=\"section\">\n\t\t\t\t\t\t<div class=\"elementor-container elementor-column-gap-default\">\n\t\t\t\t\t<div class=\"elementor-column elementor-col-100 elementor-top-column elementor-element elementor-element-6c0ce5df\" data-id=\"6c0ce5df\" data-element_type=\"column\">\n\t\t\t<div class=\"elementor-widget-wrap elementor-element-populated\">\n\t\t\t\t\t\t<div class=\"elementor-element elementor-element-5aacae7a elementor-widget elementor-widget-text-editor\" data-id=\"5aacae7a\" data-element_type=\"widget\" data-widget_type=\"text-editor.default\">\n\t\t\t\t<div class=\"elementor-widget-container\">\n\t\t\t\t\t\t\t\t\t<div class=\"td-paragraph-padding-1\"><h3><span style=\"color: #000000;\"><strong>T\u00fcrkiye \u0130statistik Kurumu (T\u00dc\u0130K), 2021 Eyl\u00fcl ay\u0131na ili\u015fkin perakende sat\u0131\u015f endekslerini a\u00e7\u0131klad\u0131. Buna g\u00f6re, sabit fiyatlarla perakende sat\u0131\u015f hacmi, Eyl\u00fcl\u2019de y\u0131ll\u0131k bazda y\u00fczde 15,9 y\u00fckseldi.<\/strong><\/span><\/h3><p><span style=\"color: #000000;\">T\u00dc\u0130K verilerine g\u00f6re sabit fiyatlarla perakende sat\u0131\u015f hacmi (2015=100) 2021 y\u0131l\u0131 Eyl\u00fcl ay\u0131nda bir \u00f6nceki y\u0131l\u0131n ayn\u0131 ay\u0131na g\u00f6re %15,9 artt\u0131. Ayn\u0131 ayda g\u0131da, i\u00e7ecek ve t\u00fct\u00fcn sat\u0131\u015flar\u0131 %6,7, g\u0131da d\u0131\u015f\u0131 sat\u0131\u015flar (otomotiv yak\u0131t\u0131 hari\u00e7) %24,2, otomotiv yak\u0131t\u0131 sat\u0131\u015flar\u0131 %7,4 artt\u0131.<\/span><\/p><p><strong><span style=\"color: #000000;\">Perakende Sat\u0131\u015f Hacmi Ayl\u0131k %1,2 Artt\u0131<\/span><\/strong><br \/><span style=\"color: #000000;\">Sabit fiyatlarla perakende sat\u0131\u015f hacmi 2021 y\u0131l\u0131 Eyl\u00fcl ay\u0131nda bir \u00f6nceki aya g\u00f6re %1,2 artt\u0131. Ayn\u0131 ayda g\u0131da, i\u00e7ecek ve t\u00fct\u00fcn sat\u0131\u015flar\u0131 %1,7, g\u0131da d\u0131\u015f\u0131 sat\u0131\u015flar (otomotiv yak\u0131t\u0131 hari\u00e7) %1,0, otomotiv yak\u0131t\u0131 sat\u0131\u015flar\u0131 %0,9 artt\u0131.<\/span><\/p><p><img fetchpriority=\"high\" decoding=\"async\" class=\"alignleft wp-image-4393 size-full\" src=\"https:\/\/www.gidaperakendecileri.org\/wp-content\/uploads\/2021\/11\/perakende-satis-hacmi-eylul2021.jpg\" alt=\"\" width=\"602\" height=\"353\" srcset=\"https:\/\/www.gidaperakendecileri.org\/wp-content\/uploads\/2021\/11\/perakende-satis-hacmi-eylul2021.jpg 602w, https:\/\/www.gidaperakendecileri.org\/wp-content\/uploads\/2021\/11\/perakende-satis-hacmi-eylul2021-300x176.jpg 300w\" sizes=\"(max-width: 602px) 100vw, 602px\" \/><\/p><p><strong><span style=\"color: #000000;\">Perakende Ciro Y\u0131ll\u0131k %37,3 Artt\u0131<\/span><\/strong><br \/><span style=\"color: #000000;\">Cari fiyatlarla perakende ciro 2021 y\u0131l\u0131 Eyl\u00fcl ay\u0131nda bir \u00f6nceki y\u0131l\u0131n ayn\u0131 ay\u0131na g\u00f6re %37,3 artt\u0131. Ayn\u0131 ayda g\u0131da, i\u00e7ecek ve t\u00fct\u00fcn sat\u0131\u015flar\u0131 %32,3, g\u0131da d\u0131\u015f\u0131 sat\u0131\u015flar (otomotiv yak\u0131t\u0131 hari\u00e7) %42,4, otomotiv yak\u0131t\u0131 sat\u0131\u015flar\u0131 %30,4 artt\u0131.<\/span><\/p><p><img decoding=\"async\" class=\"size-full wp-image-4394 alignleft\" src=\"https:\/\/www.gidaperakendecileri.org\/wp-content\/uploads\/2021\/11\/perakende-satis-hacmi-eylul2021-2.jpg\" alt=\"\" width=\"636\" height=\"387\" srcset=\"https:\/\/www.gidaperakendecileri.org\/wp-content\/uploads\/2021\/11\/perakende-satis-hacmi-eylul2021-2.jpg 636w, https:\/\/www.gidaperakendecileri.org\/wp-content\/uploads\/2021\/11\/perakende-satis-hacmi-eylul2021-2-300x183.jpg 300w\" sizes=\"(max-width: 636px) 100vw, 636px\" \/><\/p><p><strong><span style=\"color: #000000;\">Perakende Ciro Ayl\u0131k %2,2 Artt\u0131<\/span><\/strong><br \/><span style=\"color: #000000;\">Cari fiyatlarla perakende ciro 2021 y\u0131l\u0131 Eyl\u00fcl ay\u0131nda bir \u00f6nceki aya g\u00f6re %2,2 artt\u0131. Ayn\u0131 ayda g\u0131da, i\u00e7ecek ve t\u00fct\u00fcn sat\u0131\u015flar\u0131 %1,8, g\u0131da d\u0131\u015f\u0131 sat\u0131\u015flar (otomotiv yak\u0131t\u0131 hari\u00e7) %2,5, otomotiv yak\u0131t\u0131 sat\u0131\u015flar\u0131 %2,0 artt\u0131.<\/span><\/p><\/div>\t\t\t\t\t\t\t\t<\/div>\n\t\t\t\t<\/div>\n\t\t\t\t\t<\/div>\n\t\t<\/div>\n\t\t\t\t\t<\/div>\n\t\t<\/section>\n\t\t\t\t<\/div>\n\t\t","protected":false},"excerpt":{"rendered":"<p>T\u00fcrkiye \u0130statistik Kurumu (T\u00dc\u0130K), 2021 Eyl\u00fcl ay\u0131na ili\u015fkin perakende sat\u0131\u015f endekslerini a\u00e7\u0131klad\u0131. Buna g\u00f6re, sabit fiyatlarla perakende sat\u0131\u015f hacmi, Eyl\u00fcl\u2019de y\u0131ll\u0131k bazda y\u00fczde 15,9 y\u00fckseldi. T\u00dc\u0130K verilerine g\u00f6re sabit fiyatlarla perakende sat\u0131\u015f hacmi (2015=100) 2021 y\u0131l\u0131 Eyl\u00fcl ay\u0131nda bir \u00f6nceki y\u0131l\u0131n ayn\u0131 ay\u0131na g\u00f6re %15,9 artt\u0131. Ayn\u0131 ayda g\u0131da, i\u00e7ecek ve t\u00fct\u00fcn sat\u0131\u015flar\u0131 %6,7, g\u0131da [&hellip;]<\/p>\n","protected":false},"author":2,"featured_media":2719,"comment_status":"closed","ping_status":"closed","sticky":false,"template":"","format":"standard","meta":{"_monsterinsights_skip_tracking":false,"_monsterinsights_sitenote_active":false,"_monsterinsights_sitenote_note":"","_monsterinsights_sitenote_category":0,"footnotes":""},"categories":[23,32],"tags":[],"class_list":{"0":"post-4391","1":"post","2":"type-post","3":"status-publish","4":"format-standard","5":"has-post-thumbnail","7":"category-haberler","8":"category-sektorden-haberler-haberler"},"featured_image_src":"https:\/\/www.gidaperakendecileri.org\/wp-content\/uploads\/2021\/01\/perakende-satis-hacmi-kasim20.jpg","author_info":{"display_name":"H\u00fcnkar G\u00f6rel","author_link":"https:\/\/www.gidaperakendecileri.org\/?author=2"},"yoast_head":"<!-- This site is optimized with the Yoast SEO plugin v26.7 - https:\/\/yoast.com\/wordpress\/plugins\/seo\/ -->\n<title>Eyl\u00fcl Ay\u0131nda Perakende Sat\u0131\u015f Hacmi Y\u0131ll\u0131k %15,9 Artt\u0131 - GPD<\/title>\n<meta name=\"description\" content=\"T\u00dc\u0130K, 2021 Eyl\u00fcl ay\u0131na ili\u015fkin perakende sat\u0131\u015f endekslerini a\u00e7\u0131klad\u0131. Buna g\u00f6re, sabit fiyatlarla perakende sat\u0131\u015f hacmi, Eyl\u00fcl\u2019de y\u0131ll\u0131k bazda y\u00fczde 15,9 y\u00fckseldi.\" \/>\n<meta name=\"robots\" content=\"index, follow, max-snippet:-1, max-image-preview:large, max-video-preview:-1\" \/>\n<link rel=\"canonical\" href=\"https:\/\/www.gidaperakendecileri.org\/?p=4391\" \/>\n<meta property=\"og:locale\" content=\"en_US\" \/>\n<meta property=\"og:type\" content=\"article\" \/>\n<meta property=\"og:title\" content=\"Eyl\u00fcl Ay\u0131nda Perakende Sat\u0131\u015f Hacmi Y\u0131ll\u0131k %15,9 Artt\u0131 - GPD\" \/>\n<meta property=\"og:description\" content=\"T\u00dc\u0130K, 2021 Eyl\u00fcl ay\u0131na ili\u015fkin perakende sat\u0131\u015f endekslerini a\u00e7\u0131klad\u0131. Buna g\u00f6re, sabit fiyatlarla perakende sat\u0131\u015f hacmi, Eyl\u00fcl\u2019de y\u0131ll\u0131k bazda y\u00fczde 15,9 y\u00fckseldi.\" \/>\n<meta property=\"og:url\" content=\"https:\/\/www.gidaperakendecileri.org\/?p=4391\" \/>\n<meta property=\"og:site_name\" content=\"GPD\" \/>\n<meta property=\"article:published_time\" content=\"2021-11-20T17:20:50+00:00\" \/>\n<meta property=\"article:modified_time\" content=\"2021-11-23T17:23:20+00:00\" \/>\n<meta property=\"og:image\" content=\"https:\/\/www.gidaperakendecileri.org\/wp-content\/uploads\/2021\/01\/perakende-satis-hacmi-kasim20.jpg\" \/>\n\t<meta property=\"og:image:width\" content=\"850\" \/>\n\t<meta property=\"og:image:height\" content=\"567\" \/>\n\t<meta property=\"og:image:type\" content=\"image\/jpeg\" \/>\n<meta name=\"author\" content=\"H\u00fcnkar G\u00f6rel\" \/>\n<meta name=\"twitter:card\" content=\"summary_large_image\" \/>\n<meta name=\"twitter:label1\" content=\"Written by\" \/>\n\t<meta name=\"twitter:data1\" content=\"H\u00fcnkar G\u00f6rel\" \/>\n\t<meta name=\"twitter:label2\" content=\"Est. reading time\" \/>\n\t<meta name=\"twitter:data2\" content=\"2 minutes\" \/>\n<script type=\"application\/ld+json\" class=\"yoast-schema-graph\">{\"@context\":\"https:\/\/schema.org\",\"@graph\":[{\"@type\":\"Article\",\"@id\":\"https:\/\/www.gidaperakendecileri.org\/?p=4391#article\",\"isPartOf\":{\"@id\":\"https:\/\/www.gidaperakendecileri.org\/?p=4391\"},\"author\":{\"name\":\"H\u00fcnkar G\u00f6rel\",\"@id\":\"https:\/\/www.gidaperakendecileri.org\/#\/schema\/person\/a509599b6fcfa3d743530309969de5e6\"},\"headline\":\"Eyl\u00fcl Ay\u0131nda Perakende Sat\u0131\u015f Hacmi Y\u0131ll\u0131k %15,9 Artt\u0131\",\"datePublished\":\"2021-11-20T17:20:50+00:00\",\"dateModified\":\"2021-11-23T17:23:20+00:00\",\"mainEntityOfPage\":{\"@id\":\"https:\/\/www.gidaperakendecileri.org\/?p=4391\"},\"wordCount\":253,\"image\":{\"@id\":\"https:\/\/www.gidaperakendecileri.org\/?p=4391#primaryimage\"},\"thumbnailUrl\":\"https:\/\/www.gidaperakendecileri.org\/wp-content\/uploads\/2021\/01\/perakende-satis-hacmi-kasim20.jpg\",\"articleSection\":[\"Haberler\",\"Sekt\u00f6rden Haberler\"],\"inLanguage\":\"en-US\"},{\"@type\":\"WebPage\",\"@id\":\"https:\/\/www.gidaperakendecileri.org\/?p=4391\",\"url\":\"https:\/\/www.gidaperakendecileri.org\/?p=4391\",\"name\":\"Eyl\u00fcl Ay\u0131nda Perakende Sat\u0131\u015f Hacmi Y\u0131ll\u0131k %15,9 Artt\u0131 - GPD\",\"isPartOf\":{\"@id\":\"https:\/\/www.gidaperakendecileri.org\/#website\"},\"primaryImageOfPage\":{\"@id\":\"https:\/\/www.gidaperakendecileri.org\/?p=4391#primaryimage\"},\"image\":{\"@id\":\"https:\/\/www.gidaperakendecileri.org\/?p=4391#primaryimage\"},\"thumbnailUrl\":\"https:\/\/www.gidaperakendecileri.org\/wp-content\/uploads\/2021\/01\/perakende-satis-hacmi-kasim20.jpg\",\"datePublished\":\"2021-11-20T17:20:50+00:00\",\"dateModified\":\"2021-11-23T17:23:20+00:00\",\"author\":{\"@id\":\"https:\/\/www.gidaperakendecileri.org\/#\/schema\/person\/a509599b6fcfa3d743530309969de5e6\"},\"description\":\"T\u00dc\u0130K, 2021 Eyl\u00fcl ay\u0131na ili\u015fkin perakende sat\u0131\u015f endekslerini a\u00e7\u0131klad\u0131. Buna g\u00f6re, sabit fiyatlarla perakende sat\u0131\u015f hacmi, Eyl\u00fcl\u2019de y\u0131ll\u0131k bazda y\u00fczde 15,9 y\u00fckseldi.\",\"breadcrumb\":{\"@id\":\"https:\/\/www.gidaperakendecileri.org\/?p=4391#breadcrumb\"},\"inLanguage\":\"en-US\",\"potentialAction\":[{\"@type\":\"ReadAction\",\"target\":[\"https:\/\/www.gidaperakendecileri.org\/?p=4391\"]}]},{\"@type\":\"ImageObject\",\"inLanguage\":\"en-US\",\"@id\":\"https:\/\/www.gidaperakendecileri.org\/?p=4391#primaryimage\",\"url\":\"https:\/\/www.gidaperakendecileri.org\/wp-content\/uploads\/2021\/01\/perakende-satis-hacmi-kasim20.jpg\",\"contentUrl\":\"https:\/\/www.gidaperakendecileri.org\/wp-content\/uploads\/2021\/01\/perakende-satis-hacmi-kasim20.jpg\",\"width\":850,\"height\":567},{\"@type\":\"BreadcrumbList\",\"@id\":\"https:\/\/www.gidaperakendecileri.org\/?p=4391#breadcrumb\",\"itemListElement\":[{\"@type\":\"ListItem\",\"position\":1,\"name\":\"Home\",\"item\":\"https:\/\/www.gidaperakendecileri.org\/\"},{\"@type\":\"ListItem\",\"position\":2,\"name\":\"Eyl\u00fcl Ay\u0131nda Perakende Sat\u0131\u015f Hacmi Y\u0131ll\u0131k %15,9 Artt\u0131\"}]},{\"@type\":\"WebSite\",\"@id\":\"https:\/\/www.gidaperakendecileri.org\/#website\",\"url\":\"https:\/\/www.gidaperakendecileri.org\/\",\"name\":\"GPD\",\"description\":\"G\u0131da Perakendecileri Derne\u011fi\",\"potentialAction\":[{\"@type\":\"SearchAction\",\"target\":{\"@type\":\"EntryPoint\",\"urlTemplate\":\"https:\/\/www.gidaperakendecileri.org\/?s={search_term_string}\"},\"query-input\":{\"@type\":\"PropertyValueSpecification\",\"valueRequired\":true,\"valueName\":\"search_term_string\"}}],\"inLanguage\":\"en-US\"},{\"@type\":\"Person\",\"@id\":\"https:\/\/www.gidaperakendecileri.org\/#\/schema\/person\/a509599b6fcfa3d743530309969de5e6\",\"name\":\"H\u00fcnkar G\u00f6rel\",\"image\":{\"@type\":\"ImageObject\",\"inLanguage\":\"en-US\",\"@id\":\"https:\/\/www.gidaperakendecileri.org\/#\/schema\/person\/image\/\",\"url\":\"https:\/\/secure.gravatar.com\/avatar\/6833176c6068a3a97919a716cee09184937057818487819b3315830bdfd463a4?s=96&d=mm&r=g\",\"contentUrl\":\"https:\/\/secure.gravatar.com\/avatar\/6833176c6068a3a97919a716cee09184937057818487819b3315830bdfd463a4?s=96&d=mm&r=g\",\"caption\":\"H\u00fcnkar G\u00f6rel\"},\"url\":\"https:\/\/www.gidaperakendecileri.org\/?author=2\"}]}<\/script>\n<!-- \/ Yoast SEO plugin. -->","yoast_head_json":{"title":"Eyl\u00fcl Ay\u0131nda Perakende Sat\u0131\u015f Hacmi Y\u0131ll\u0131k %15,9 Artt\u0131 - GPD","description":"T\u00dc\u0130K, 2021 Eyl\u00fcl ay\u0131na ili\u015fkin perakende sat\u0131\u015f endekslerini a\u00e7\u0131klad\u0131. Buna g\u00f6re, sabit fiyatlarla perakende sat\u0131\u015f hacmi, Eyl\u00fcl\u2019de y\u0131ll\u0131k bazda y\u00fczde 15,9 y\u00fckseldi.","robots":{"index":"index","follow":"follow","max-snippet":"max-snippet:-1","max-image-preview":"max-image-preview:large","max-video-preview":"max-video-preview:-1"},"canonical":"https:\/\/www.gidaperakendecileri.org\/?p=4391","og_locale":"en_US","og_type":"article","og_title":"Eyl\u00fcl Ay\u0131nda Perakende Sat\u0131\u015f Hacmi Y\u0131ll\u0131k %15,9 Artt\u0131 - GPD","og_description":"T\u00dc\u0130K, 2021 Eyl\u00fcl ay\u0131na ili\u015fkin perakende sat\u0131\u015f endekslerini a\u00e7\u0131klad\u0131. Buna g\u00f6re, sabit fiyatlarla perakende sat\u0131\u015f hacmi, Eyl\u00fcl\u2019de y\u0131ll\u0131k bazda y\u00fczde 15,9 y\u00fckseldi.","og_url":"https:\/\/www.gidaperakendecileri.org\/?p=4391","og_site_name":"GPD","article_published_time":"2021-11-20T17:20:50+00:00","article_modified_time":"2021-11-23T17:23:20+00:00","og_image":[{"width":850,"height":567,"url":"https:\/\/www.gidaperakendecileri.org\/wp-content\/uploads\/2021\/01\/perakende-satis-hacmi-kasim20.jpg","type":"image\/jpeg"}],"author":"H\u00fcnkar G\u00f6rel","twitter_card":"summary_large_image","twitter_misc":{"Written by":"H\u00fcnkar G\u00f6rel","Est. reading time":"2 minutes"},"schema":{"@context":"https:\/\/schema.org","@graph":[{"@type":"Article","@id":"https:\/\/www.gidaperakendecileri.org\/?p=4391#article","isPartOf":{"@id":"https:\/\/www.gidaperakendecileri.org\/?p=4391"},"author":{"name":"H\u00fcnkar G\u00f6rel","@id":"https:\/\/www.gidaperakendecileri.org\/#\/schema\/person\/a509599b6fcfa3d743530309969de5e6"},"headline":"Eyl\u00fcl Ay\u0131nda Perakende Sat\u0131\u015f Hacmi Y\u0131ll\u0131k %15,9 Artt\u0131","datePublished":"2021-11-20T17:20:50+00:00","dateModified":"2021-11-23T17:23:20+00:00","mainEntityOfPage":{"@id":"https:\/\/www.gidaperakendecileri.org\/?p=4391"},"wordCount":253,"image":{"@id":"https:\/\/www.gidaperakendecileri.org\/?p=4391#primaryimage"},"thumbnailUrl":"https:\/\/www.gidaperakendecileri.org\/wp-content\/uploads\/2021\/01\/perakende-satis-hacmi-kasim20.jpg","articleSection":["Haberler","Sekt\u00f6rden Haberler"],"inLanguage":"en-US"},{"@type":"WebPage","@id":"https:\/\/www.gidaperakendecileri.org\/?p=4391","url":"https:\/\/www.gidaperakendecileri.org\/?p=4391","name":"Eyl\u00fcl Ay\u0131nda Perakende Sat\u0131\u015f Hacmi Y\u0131ll\u0131k %15,9 Artt\u0131 - GPD","isPartOf":{"@id":"https:\/\/www.gidaperakendecileri.org\/#website"},"primaryImageOfPage":{"@id":"https:\/\/www.gidaperakendecileri.org\/?p=4391#primaryimage"},"image":{"@id":"https:\/\/www.gidaperakendecileri.org\/?p=4391#primaryimage"},"thumbnailUrl":"https:\/\/www.gidaperakendecileri.org\/wp-content\/uploads\/2021\/01\/perakende-satis-hacmi-kasim20.jpg","datePublished":"2021-11-20T17:20:50+00:00","dateModified":"2021-11-23T17:23:20+00:00","author":{"@id":"https:\/\/www.gidaperakendecileri.org\/#\/schema\/person\/a509599b6fcfa3d743530309969de5e6"},"description":"T\u00dc\u0130K, 2021 Eyl\u00fcl ay\u0131na ili\u015fkin perakende sat\u0131\u015f endekslerini a\u00e7\u0131klad\u0131. Buna g\u00f6re, sabit fiyatlarla perakende sat\u0131\u015f hacmi, Eyl\u00fcl\u2019de y\u0131ll\u0131k bazda y\u00fczde 15,9 y\u00fckseldi.","breadcrumb":{"@id":"https:\/\/www.gidaperakendecileri.org\/?p=4391#breadcrumb"},"inLanguage":"en-US","potentialAction":[{"@type":"ReadAction","target":["https:\/\/www.gidaperakendecileri.org\/?p=4391"]}]},{"@type":"ImageObject","inLanguage":"en-US","@id":"https:\/\/www.gidaperakendecileri.org\/?p=4391#primaryimage","url":"https:\/\/www.gidaperakendecileri.org\/wp-content\/uploads\/2021\/01\/perakende-satis-hacmi-kasim20.jpg","contentUrl":"https:\/\/www.gidaperakendecileri.org\/wp-content\/uploads\/2021\/01\/perakende-satis-hacmi-kasim20.jpg","width":850,"height":567},{"@type":"BreadcrumbList","@id":"https:\/\/www.gidaperakendecileri.org\/?p=4391#breadcrumb","itemListElement":[{"@type":"ListItem","position":1,"name":"Home","item":"https:\/\/www.gidaperakendecileri.org\/"},{"@type":"ListItem","position":2,"name":"Eyl\u00fcl Ay\u0131nda Perakende Sat\u0131\u015f Hacmi Y\u0131ll\u0131k %15,9 Artt\u0131"}]},{"@type":"WebSite","@id":"https:\/\/www.gidaperakendecileri.org\/#website","url":"https:\/\/www.gidaperakendecileri.org\/","name":"GPD","description":"G\u0131da Perakendecileri Derne\u011fi","potentialAction":[{"@type":"SearchAction","target":{"@type":"EntryPoint","urlTemplate":"https:\/\/www.gidaperakendecileri.org\/?s={search_term_string}"},"query-input":{"@type":"PropertyValueSpecification","valueRequired":true,"valueName":"search_term_string"}}],"inLanguage":"en-US"},{"@type":"Person","@id":"https:\/\/www.gidaperakendecileri.org\/#\/schema\/person\/a509599b6fcfa3d743530309969de5e6","name":"H\u00fcnkar G\u00f6rel","image":{"@type":"ImageObject","inLanguage":"en-US","@id":"https:\/\/www.gidaperakendecileri.org\/#\/schema\/person\/image\/","url":"https:\/\/secure.gravatar.com\/avatar\/6833176c6068a3a97919a716cee09184937057818487819b3315830bdfd463a4?s=96&d=mm&r=g","contentUrl":"https:\/\/secure.gravatar.com\/avatar\/6833176c6068a3a97919a716cee09184937057818487819b3315830bdfd463a4?s=96&d=mm&r=g","caption":"H\u00fcnkar G\u00f6rel"},"url":"https:\/\/www.gidaperakendecileri.org\/?author=2"}]}},"amp_enabled":true,"_links":{"self":[{"href":"https:\/\/www.gidaperakendecileri.org\/index.php?rest_route=\/wp\/v2\/posts\/4391","targetHints":{"allow":["GET"]}}],"collection":[{"href":"https:\/\/www.gidaperakendecileri.org\/index.php?rest_route=\/wp\/v2\/posts"}],"about":[{"href":"https:\/\/www.gidaperakendecileri.org\/index.php?rest_route=\/wp\/v2\/types\/post"}],"author":[{"embeddable":true,"href":"https:\/\/www.gidaperakendecileri.org\/index.php?rest_route=\/wp\/v2\/users\/2"}],"replies":[{"embeddable":true,"href":"https:\/\/www.gidaperakendecileri.org\/index.php?rest_route=%2Fwp%2Fv2%2Fcomments&post=4391"}],"version-history":[{"count":4,"href":"https:\/\/www.gidaperakendecileri.org\/index.php?rest_route=\/wp\/v2\/posts\/4391\/revisions"}],"predecessor-version":[{"id":4397,"href":"https:\/\/www.gidaperakendecileri.org\/index.php?rest_route=\/wp\/v2\/posts\/4391\/revisions\/4397"}],"wp:featuredmedia":[{"embeddable":true,"href":"https:\/\/www.gidaperakendecileri.org\/index.php?rest_route=\/wp\/v2\/media\/2719"}],"wp:attachment":[{"href":"https:\/\/www.gidaperakendecileri.org\/index.php?rest_route=%2Fwp%2Fv2%2Fmedia&parent=4391"}],"wp:term":[{"taxonomy":"category","embeddable":true,"href":"https:\/\/www.gidaperakendecileri.org\/index.php?rest_route=%2Fwp%2Fv2%2Fcategories&post=4391"},{"taxonomy":"post_tag","embeddable":true,"href":"https:\/\/www.gidaperakendecileri.org\/index.php?rest_route=%2Fwp%2Fv2%2Ftags&post=4391"}],"curies":[{"name":"wp","href":"https:\/\/api.w.org\/{rel}","templated":true}]}}