{"id":4095,"date":"2021-10-20T14:06:57","date_gmt":"2021-10-20T14:06:57","guid":{"rendered":"https:\/\/www.gidaperakendecileri.org\/?p=4095"},"modified":"2021-10-20T14:10:33","modified_gmt":"2021-10-20T14:10:33","slug":"yuksek-gida-fiyatlarinin-cozumu-topyekun-mucadeleden-geciyor","status":"publish","type":"post","link":"https:\/\/www.gidaperakendecileri.org\/?p=4095","title":{"rendered":"Y\u00fcksek G\u0131da Fiyatlar\u0131n\u0131n \u00c7\u00f6z\u00fcm\u00fc Topyek\u00fcn M\u00fccadeleden Ge\u00e7iyor"},"content":{"rendered":"\t\t<div data-elementor-type=\"wp-post\" data-elementor-id=\"4095\" class=\"elementor elementor-4095\">\n\t\t\t\t\t\t<section class=\"elementor-section elementor-top-section elementor-element elementor-element-3ef128ae elementor-section-boxed elementor-section-height-default elementor-section-height-default\" data-id=\"3ef128ae\" data-element_type=\"section\">\n\t\t\t\t\t\t<div class=\"elementor-container elementor-column-gap-default\">\n\t\t\t\t\t<div class=\"elementor-column elementor-col-100 elementor-top-column elementor-element elementor-element-6c0ce5df\" data-id=\"6c0ce5df\" data-element_type=\"column\">\n\t\t\t<div class=\"elementor-widget-wrap elementor-element-populated\">\n\t\t\t\t\t\t<div class=\"elementor-element elementor-element-5aacae7a elementor-widget elementor-widget-text-editor\" data-id=\"5aacae7a\" data-element_type=\"widget\" data-widget_type=\"text-editor.default\">\n\t\t\t\t<div class=\"elementor-widget-container\">\n\t\t\t\t\t\t\t\t\t<div class=\"td-paragraph-padding-1\"><h3><span style=\"color: #000000;\"><strong>Vatanda\u015f\u0131n en b\u00fcy\u00fck \u015fikayet konusu olan y\u00fcksek g\u0131da fiyatlar\u0131, GPD Ortak Geli\u015fim Kongresi kapsam\u0131nda d\u00fczenlenen panelde masaya yat\u0131r\u0131ld\u0131. Konunun uzmanlar\u0131 y\u00fcksek g\u0131da fiyatlar\u0131na kar\u015f\u0131 kamu, \u00f6zel sekt\u00f6r ve \u00fcreticilerin de aralar\u0131nda bulundu\u011fu sekt\u00f6r\u00fcn t\u00fcm akt\u00f6rlerinin kat\u0131l\u0131m\u0131yla ortak m\u00fccadele \u00e7a\u011fr\u0131s\u0131nda bulundu.<\/strong><\/span><\/h3><p><span style=\"color: #000000;\">T\u00fcrkiye ve d\u00fcnyada g\u00fcndemden d\u00fc\u015fmeyen y\u00fcksek g\u0131da fiyatlar\u0131 \u0130stanbul\u2019da d\u00fczenlenen \u201cG\u0131da, Fiyatlar, Marketler\u2026 Do\u011frusu Ne?\u201d ba\u015fl\u0131kl\u0131 panelimizde masaya yat\u0131r\u0131ld\u0131. 7. Ortak Geli\u015fim Kongresi kapsam\u0131nda ger\u00e7ekle\u015fen panel, Bloomberg HT Sunucusu G\u00fczem Y\u0131lmaz Ertem\u2019in moderat\u00f6rl\u00fc\u011f\u00fcnde Konda Ara\u015ft\u0131rma Genel M\u00fcd\u00fcr\u00fc Bekir A\u011f\u0131rd\u0131r, Gazeteci Yazar Ali Ekber Y\u0131ld\u0131r\u0131m, Ekonomist Prof. Dr. Emre Alkin ve \u0130stanbul Ticaret \u00dcniversitesi \u00d6\u011fretim \u00dcyesi Prof. Dr. \u00d6mer Torlak\u2019\u0131n kat\u0131l\u0131m\u0131yla ger\u00e7ekle\u015ftirildi. Panelde y\u00fcksek g\u0131da fiyatlar\u0131yla m\u00fccadelenin pop\u00fclist s\u00f6ylemlerle de\u011fil, kamu, \u00f6zel sekt\u00f6r ve \u00fcreticilerin de aralar\u0131nda bulundu\u011fu sekt\u00f6r\u00fcn t\u00fcm akt\u00f6rlerinin kat\u0131l\u0131m\u0131yla al\u0131nacak ortak kararlarla m\u00fcmk\u00fcn olabilece\u011fi vurguland\u0131. Konunun uzmanlar\u0131, tar\u0131mda ithalata dayal\u0131 politikalar\u0131n yerini \u00fcretime dayal\u0131 politikalar\u0131n almas\u0131 gerekti\u011fine dikkat \u00e7ekti.<\/span><\/p><p><strong><span style=\"color: #000000;\">Ortak Bir Hayal \u0130n\u015fa Edilmeli<\/span><\/strong><br \/><span style=\"color: #000000;\">Konda Ara\u015ft\u0131rma \u015eirketi\u2019nin yapt\u0131\u011f\u0131 \u2018T\u00fcketici G\u00f6z\u00fcyle Perakende\u2019 ara\u015ft\u0131rmas\u0131n\u0131n sonu\u00e7lar\u0131na de\u011finen Konda Ara\u015ft\u0131rma Genel M\u00fcd\u00fcr\u00fc Bekir A\u011f\u0131rd\u0131r, ankete kat\u0131lanlar\u0131n y\u00fczde 79\u2019unun zincir marketlerin bakkala g\u00f6re daha ucuz oldu\u011funu d\u00fc\u015f\u00fcnd\u00fc\u011f\u00fcn\u00fc ifade etti. A\u011f\u0131rd\u0131r, \u201cToplumun b\u00fcy\u00fck \u00e7o\u011funlu\u011fu bakkallar\u0131n mahallenin k\u00fclt\u00fcrel dokusunun bir par\u00e7as\u0131 oldu\u011funu d\u00fc\u015f\u00fcnmekle beraber, T\u00fcrkiye genelinde her 4 ki\u015fiden 3\u2019\u00fc bakkallar\u0131n modern y\u00f6ntemler kullanarak kendilerine olan talebi artt\u0131rabilece\u011fini d\u00fc\u015f\u00fcn\u00fcyor\u201d dedi.<\/span><\/p><p><span style=\"color: #000000;\">\u2018Ya\u015fad\u0131\u011f\u0131n\u0131z yerde bir zincir marketin yeni bir \u015fube a\u00e7mas\u0131n\u0131n yasal d\u00fczenlemeyle durdurulmas\u0131n\u0131 nas\u0131l kar\u015f\u0131lars\u0131n\u0131z?\u2019 sorusuna ara\u015ft\u0131rmaya kat\u0131lanlar\u0131n y\u00fczde 64\u2019\u00fcn\u00fcn \u2018olumsuz\u2019 yan\u0131t\u0131n\u0131 verdi\u011fini ifade eden A\u011f\u0131rd\u0131r, \u201cAra\u015ft\u0131rmaya kat\u0131lan her 4 ki\u015fiden 3\u2019\u00fc (y\u00fczde 79) zincir marketlerin istihdamda \u00f6nemli oldu\u011funu d\u00fc\u015f\u00fcn\u00fcyor. Toplumun 10\u2019da 8\u2019i zincir marketlerin \u00fclke ekonomisine daha \u00e7ok katk\u0131 sa\u011flad\u0131\u011f\u0131n\u0131 dile getiriyor\u201d dedi.<\/span><\/p><p><span style=\"color: #000000;\">T\u00fcrkiye\u2019de esas meselenin zincir marketler sorunu olmad\u0131\u011f\u0131n\u0131 belirten A\u011f\u0131rd\u0131r \u015funlar\u0131 s\u00f6yledi: \u201c\u015eehirle\u015fme b\u00fcy\u00fcrken yeni bir d\u00fcnyadan bahsediyoruz, ancak gelir da\u011f\u0131l\u0131m\u0131 maalesef dengesizle\u015fiyor. Gelir da\u011f\u0131l\u0131m\u0131 ve adaletsizlik kal\u0131c\u0131la\u015f\u0131yor. Karar vericilerin yeni ba\u015ftan bu meseleleri d\u00fc\u015f\u00fcnmesi laz\u0131m. Bunun i\u00e7in memleketin yarar\u0131na topyek\u00fcn kararlar al\u0131nmas\u0131 gerekiyor. \u00c7\u00f6z\u00fcm i\u00e7in hepimizin ta\u015f\u0131n alt\u0131na elimizi koymam\u0131z, memleketin gelece\u011fi i\u00e7in yeni bir hayali in\u015fa etmemiz gerekiyor.\u201d<\/span><\/p><p><strong><span style=\"color: #000000;\">Tar\u0131m Politikas\u0131 Kurulu \u015eart<\/span><\/strong><br \/><span style=\"color: #000000;\">\u0130spanya ve Yunanistan gibi bir tar\u0131m \u00fclkesi olan T\u00fcrkiye\u2019de son y\u0131llarda ya\u015fanan y\u00fcksek fiyat sorununun tek bir nedene dayand\u0131r\u0131lamayaca\u011f\u0131n\u0131 kaydeden Gazeteci Yazar Ali Ekber Y\u0131ld\u0131r\u0131m, \u201cGirdi maliyetlerindeki art\u0131\u015f, tar\u0131msal politikalar, ithalat ve ihracatta uygulanan politikalar, iklim de\u011fi\u015fiklikleri, \u00e7ift\u00e7inin tercihi, t\u00fcketicinin tercihi, d\u00f6viz kurundaki t\u0131rman\u0131\u015f, lojistik maliyetlerinin y\u00fckselmesi, finansmana eri\u015fimin g\u00fc\u00e7le\u015fmesi dahil T\u00fcrkiye g\u0131da ve tar\u0131m sekt\u00f6r\u00fcn\u00fcn bir\u00e7ok sorunu var. Bu s\u00fcre\u00e7te \u2018marketler tek ba\u015f\u0131na fiyat\u0131 artt\u0131r\u0131yor\u2019 demek b\u00fcy\u00fck haks\u0131zl\u0131k olur. Yap\u0131lmas\u0131 gereken \u015fey ithalata dayal\u0131 bir tar\u0131m politikas\u0131 yerine \u00fcretim odakl\u0131 bir tar\u0131m politikas\u0131 benimsemektir. Ayr\u0131ca sekt\u00f6r\u00fc d\u00fczenleyen yasalar\u0131 \u00e7\u0131karmakla kalmay\u0131p bunlar\u0131n uygulanmas\u0131n\u0131 da sa\u011flamak \u00f6nemli. T\u00fcm bunlar\u0131n yan\u0131 s\u0131ra bir Tar\u0131m Politikas\u0131 Kurulu olu\u015fturmak \u015fart\u201d dedi.<\/span><\/p><p><strong><span style=\"color: #000000;\">\u00c7ekirdek Enflasyona Tabi \u00dcr\u00fcnlerdeki Mallar\u0131n Vergilerini \u0130ndirmek Gerekiyor<\/span><\/strong><br \/><span style=\"color: #000000;\">T\u00fcrkiye g\u0131da endeksinin d\u00fcnya g\u0131da endeksinden \u00e7ok daha h\u0131zl\u0131 y\u00fckseldi\u011fini anlatan Ekonomist Prof. Dr. Emre Alkin: \u201cTar\u0131m emtias\u0131nda durum vahim. Bizim kulland\u0131\u011f\u0131m\u0131z mal ve hizmetlerde \u00e7ok ciddi bir y\u00fckseli\u015f var. Bunlar\u0131 koydu\u011fumuz ambalaj ve hammaddelerde de ciddi bir y\u00fckseli\u015f var. Navlun \u00fccretleri deseniz alm\u0131\u015f ba\u015f\u0131n\u0131 gidiyor. Art\u0131k 500 dolarlara \u00fcr\u00fcn ta\u015f\u0131tmak hayal. Yani g\u0131dadaki fiyat art\u0131\u015flar\u0131n\u0131n bir\u00e7ok nedeni var. Ama biz sebeplerden \u00e7ok sonu\u00e7lara bakt\u0131\u011f\u0131m\u0131z i\u00e7in sorunun \u00e7\u00f6z\u00fcm\u00fcn\u00fc bulam\u0131yoruz\u201d dedi. Fiyat art\u0131\u015flar\u0131na y\u00f6nelik \u00e7\u00f6z\u00fcm \u00f6nerilerini de s\u0131ralayan Alkin, \u015funlar\u0131 kaydetti: \u201c\u00c7ekirdek enflasyona tabi \u00fcr\u00fcnlerdeki mallar\u0131n vergilerini indirmek gerekiyor. G\u0131dayla ilgili meseleyi \u00e7ok iyi analiz etmeliyiz. \u00d6ncelikle meseleyi \u00e7\u00f6zmekle ilgili iradeyi ortaya koymam\u0131z gerekiyor. Bu irade ortaya konulur ve her kesimin kat\u0131l\u0131m\u0131yla ortak bir yol haritas\u0131 olu\u015fturulursa ufak aksilikler olsa da o mesele \u00e7\u00f6z\u00fcl\u00fcr.\u201d<\/span><\/p><p><strong><span style=\"color: #000000;\">Sadece Y\u00fczde 15 ile Sekt\u00f6r Fiyatlar\u0131na Y\u00f6n Verilemez<\/span><\/strong><br \/><span style=\"color: #000000;\">G\u0131da perakende sekt\u00f6r\u00fcne y\u00f6nelik Rekabet Hukukuna ili\u015fkin de\u011ferlendirmelerde bulunan \u0130stanbul Ticaret \u00dcniversitesi \u00d6\u011fretim \u00dcyesi Prof. Dr. \u00d6mer Torlak, zincir marketlerin mevcut pazar paylar\u0131 ve pandemi ortam\u0131nda girdi maliyetleri kaynakl\u0131 fiyat art\u0131\u015flar\u0131n\u0131n oldu\u011fu bu durumda, uyumlu bir eylemin s\u00f6z konusu olamayaca\u011f\u0131n\u0131 d\u00fc\u015f\u00fcnd\u00fc\u011f\u00fcn\u00fc ifade etti. T\u00fcrkiye\u2019de ya\u015f meyve-sebze fiyatlar\u0131ndaki art\u0131\u015ftan sorumlu tutulan zincir marketlerin toplam sebze-meyve sat\u0131\u015f\u0131n\u0131n sadece y\u00fczde 15\u2019ini yapt\u0131\u011f\u0131na dikkat \u00e7eken Torlak, paneldeki konu\u015fmas\u0131nda \u015fu konulara de\u011findi: \u201cG\u0131da enflasyonunun \u00f6ne \u00e7\u0131kar\u0131lan \u00f6\u011fesi ya\u015f meyve-sebzenin y\u00fczde 85\u2019i bu zincir marketlerin d\u0131\u015f\u0131nda sat\u0131l\u0131yor. Dolay\u0131s\u0131yla sebze-meyvedeki fiyat art\u0131\u015f\u0131n\u0131 organize perakendecilerin yapt\u0131\u011f\u0131n\u0131 s\u00f6ylemek haks\u0131zl\u0131k olur. Biz pek \u00e7ok \u00fcr\u00fcn\u00fcn ambalaj\u0131n\u0131 ve hammaddesini ithal ediyoruz. Bu nedenle kurdaki art\u0131\u015f ve girdi maliyetlerindeki art\u0131\u015f \u00fcr\u00fcnlere zam olarak yans\u0131yor. \u00dcFE-T\u00dcFE aras\u0131nda 2 kat fark var. Bu fark bir yerlerde absorbe ediliyor, demektir. Tar\u0131m Kredi Kooperatifleri 1000 civar\u0131nda market a\u00e7aca\u011f\u0131n\u0131 a\u00e7\u0131klad\u0131. Ben bu karar\u0131n ard\u0131ndan k\u00fc\u00e7\u00fck esnaf\u0131n ve temsilcilerinin \u2018Biz zaten rekabeti bozan \u015feylerle u\u011fra\u015f\u0131yoruz. Siz kamu olarak bu ma\u011fazalar\u0131 a\u00e7arak haks\u0131z rekabet yaratm\u0131yor musunuz?\u2019 diye bir \u00e7\u0131k\u0131\u015f yapmas\u0131n\u0131 beklerdim. Ama kimseden b\u00f6yle bir tepki gelmedi.\u201d<\/span><\/p><\/div>\t\t\t\t\t\t\t\t<\/div>\n\t\t\t\t<\/div>\n\t\t\t\t\t<\/div>\n\t\t<\/div>\n\t\t\t\t\t<\/div>\n\t\t<\/section>\n\t\t\t\t<section class=\"elementor-section elementor-top-section elementor-element elementor-element-a14e344 elementor-section-boxed elementor-section-height-default elementor-section-height-default\" data-id=\"a14e344\" data-element_type=\"section\">\n\t\t\t\t\t\t<div class=\"elementor-container elementor-column-gap-default\">\n\t\t\t\t\t<div class=\"elementor-column elementor-col-100 elementor-top-column elementor-element elementor-element-ed7ad57\" data-id=\"ed7ad57\" data-element_type=\"column\">\n\t\t\t<div class=\"elementor-widget-wrap elementor-element-populated\">\n\t\t\t\t\t\t<div class=\"elementor-element elementor-element-ecb9fac elementor-widget-divider--view-line elementor-widget elementor-widget-divider\" data-id=\"ecb9fac\" data-element_type=\"widget\" data-widget_type=\"divider.default\">\n\t\t\t\t<div class=\"elementor-widget-container\">\n\t\t\t\t\t\t\t<div class=\"elementor-divider\">\n\t\t\t<span class=\"elementor-divider-separator\">\n\t\t\t\t\t\t<\/span>\n\t\t<\/div>\n\t\t\t\t\t\t<\/div>\n\t\t\t\t<\/div>\n\t\t\t\t<div class=\"elementor-element elementor-element-b8628fe elementor-widget elementor-widget-text-editor\" data-id=\"b8628fe\" data-element_type=\"widget\" data-widget_type=\"text-editor.default\">\n\t\t\t\t<div class=\"elementor-widget-container\">\n\t\t\t\t\t\t\t\t\t<p><strong>T\u00fcketici, Zincir Marketlerin Ekonomiye Katk\u0131s\u0131n\u0131 Teyit Etti<br \/><\/strong>Ortak Geli\u015fim Kongresi\u2019nde, Konda Ara\u015ft\u0131rma \u015eirketi\u2019nin yapt\u0131\u011f\u0131 \u2018T\u00fcketici G\u00f6z\u00fcyle Perakende\u2019 ara\u015ft\u0131rmas\u0131n\u0131n sonu\u00e7lar\u0131 da a\u00e7\u0131kland\u0131. 11-14 Mart 2021 tarihleri aras\u0131nda 3 bin 22 ki\u015finin kat\u0131l\u0131m\u0131yla ger\u00e7ekle\u015ftirilen ankete g\u00f6re T\u00fcrk insan\u0131n\u0131n y\u00fczde 94\u2019\u00fc al\u0131\u015fveri\u015f yapaca\u011f\u0131 yerdeki \u00fcr\u00fcn \u00e7e\u015fitlili\u011finin fazla olmas\u0131n\u0131 \u00f6nemsiyor. T\u00fcketicilerin y\u00fczde 87\u2019si promosyon \u00fcr\u00fcnlerin b\u00fct\u00e7eleri i\u00e7in \u00f6nemli oldu\u011funu s\u00f6yl\u00fcyor. Ankete kat\u0131lanlar\u0131n y\u00fczde 37\u2019si ulusal zincir marketler d\u0131\u015f\u0131nda yerel zincir marketlerden de al\u0131\u015fveri\u015f yapt\u0131\u011f\u0131n\u0131 ifade ediyor.<\/p><p><strong>Daha Hijyenik Buluyoruz<br \/><\/strong>Ara\u015ft\u0131rmaya kat\u0131lan her 4 ki\u015fiden 3\u2019\u00fc (y\u00fczde 79) zincir marketlerin istihdamda \u00f6nemli oldu\u011funu d\u00fc\u015f\u00fcn\u00fcyor. Her 10 ki\u015fiden 8\u2019i bir yak\u0131n\u0131n\u0131n bir zincir markette \u00e7al\u0131\u015fabilece\u011fini ifade ediyor. Toplumun 10\u2019da 8\u2019i zincir marketlerin \u00fclke ekonomisine daha \u00e7ok katk\u0131 sa\u011flad\u0131\u011f\u0131n\u0131 dile getiriyor. T\u00fcketicilerin y\u00fczde 80\u2019i zincir marketlerin di\u011fer sat\u0131\u015f noktalar\u0131na g\u00f6re daha hijyenik oldu\u011funu d\u00fc\u015f\u00fcn\u00fcyor. \u2018Bir \u00fcr\u00fcn\u00fc iade etmek zincir marketlerde daha kolay\u2019 diyenlerin oran\u0131 ise y\u00fczde 78.8. Zincir marketlerin bakkala g\u00f6re daha ucuz oldu\u011funu d\u00fc\u015f\u00fcnenlerin oran\u0131 y\u00fczde 79. \u2018Ya\u015fad\u0131\u011f\u0131n\u0131z yerde bir zincir marketin yeni bir \u015fube a\u00e7mas\u0131n\u0131 yasal d\u00fczenlemeyle durdurulmas\u0131n\u0131 nas\u0131l kar\u015f\u0131lars\u0131n\u0131z?\u2019 sorusuna ara\u015ft\u0131rmaya kat\u0131lanlar\u0131n y\u00fczde 64\u2019\u00fc \u2018olumsuz\u2019 yan\u0131t\u0131n\u0131 veriyor.<\/p><p>Zincir marketlere dair olas\u0131 k\u0131s\u0131tlama konular\u0131na da de\u011finildi\u011finde, T\u00fcrkiye genelinde neredeyse her 10 ki\u015fiden 7\u2019si yak\u0131n\u0131nda yeni bir zincir market a\u00e7\u0131lmas\u0131 k\u0131s\u0131tlan\u0131r veya yasaklan\u0131rsa rekabet olmayaca\u011f\u0131ndan fiyatlar\u0131n y\u00fckselece\u011fini d\u00fc\u015f\u00fcn\u00fcyor.<\/p>\t\t\t\t\t\t\t\t<\/div>\n\t\t\t\t<\/div>\n\t\t\t\t\t<\/div>\n\t\t<\/div>\n\t\t\t\t\t<\/div>\n\t\t<\/section>\n\t\t\t\t<\/div>\n\t\t","protected":false},"excerpt":{"rendered":"<p>Vatanda\u015f\u0131n en b\u00fcy\u00fck \u015fikayet konusu olan y\u00fcksek g\u0131da fiyatlar\u0131, GPD Ortak Geli\u015fim Kongresi kapsam\u0131nda d\u00fczenlenen panelde masaya yat\u0131r\u0131ld\u0131. Konunun uzmanlar\u0131 y\u00fcksek g\u0131da fiyatlar\u0131na kar\u015f\u0131 kamu, \u00f6zel sekt\u00f6r ve \u00fcreticilerin de aralar\u0131nda bulundu\u011fu sekt\u00f6r\u00fcn t\u00fcm akt\u00f6rlerinin kat\u0131l\u0131m\u0131yla ortak m\u00fccadele \u00e7a\u011fr\u0131s\u0131nda bulundu. T\u00fcrkiye ve d\u00fcnyada g\u00fcndemden d\u00fc\u015fmeyen y\u00fcksek g\u0131da fiyatlar\u0131 \u0130stanbul\u2019da d\u00fczenlenen \u201cG\u0131da, Fiyatlar, Marketler\u2026 Do\u011frusu Ne?\u201d [&hellip;]<\/p>\n","protected":false},"author":2,"featured_media":4096,"comment_status":"closed","ping_status":"closed","sticky":false,"template":"","format":"standard","meta":{"_monsterinsights_skip_tracking":false,"_monsterinsights_sitenote_active":false,"_monsterinsights_sitenote_note":"","_monsterinsights_sitenote_category":0,"footnotes":""},"categories":[23,32],"tags":[],"class_list":{"0":"post-4095","1":"post","2":"type-post","3":"status-publish","4":"format-standard","5":"has-post-thumbnail","7":"category-haberler","8":"category-sektorden-haberler-haberler"},"featured_image_src":"https:\/\/www.gidaperakendecileri.org\/wp-content\/uploads\/2021\/10\/gida-fiyatlar-marketler-panel.jpg","author_info":{"display_name":"H\u00fcnkar G\u00f6rel","author_link":"https:\/\/www.gidaperakendecileri.org\/?author=2"},"yoast_head":"<!-- This site is optimized with the Yoast SEO plugin v26.7 - https:\/\/yoast.com\/wordpress\/plugins\/seo\/ -->\n<title>Y\u00fcksek G\u0131da Fiyatlar\u0131n\u0131n \u00c7\u00f6z\u00fcm\u00fc Topyek\u00fcn M\u00fccadeleden Ge\u00e7iyor - GPD<\/title>\n<meta name=\"description\" content=\"Vatanda\u015f\u0131n en b\u00fcy\u00fck \u015fikayet konusu olan y\u00fcksek g\u0131da fiyatlar\u0131, GPD Ortak Geli\u015fim Kongresi kapsam\u0131nda d\u00fczenlenen panelde masaya yat\u0131r\u0131ld\u0131.\" \/>\n<meta name=\"robots\" content=\"index, follow, max-snippet:-1, max-image-preview:large, max-video-preview:-1\" \/>\n<link rel=\"canonical\" href=\"https:\/\/www.gidaperakendecileri.org\/?p=4095\" \/>\n<meta property=\"og:locale\" content=\"en_US\" \/>\n<meta property=\"og:type\" content=\"article\" \/>\n<meta property=\"og:title\" content=\"Y\u00fcksek G\u0131da Fiyatlar\u0131n\u0131n \u00c7\u00f6z\u00fcm\u00fc Topyek\u00fcn M\u00fccadeleden Ge\u00e7iyor - GPD\" \/>\n<meta property=\"og:description\" content=\"Vatanda\u015f\u0131n en b\u00fcy\u00fck \u015fikayet konusu olan y\u00fcksek g\u0131da fiyatlar\u0131, GPD Ortak Geli\u015fim Kongresi kapsam\u0131nda d\u00fczenlenen panelde masaya yat\u0131r\u0131ld\u0131.\" \/>\n<meta property=\"og:url\" content=\"https:\/\/www.gidaperakendecileri.org\/?p=4095\" \/>\n<meta property=\"og:site_name\" content=\"GPD\" \/>\n<meta property=\"article:published_time\" content=\"2021-10-20T14:06:57+00:00\" \/>\n<meta property=\"article:modified_time\" content=\"2021-10-20T14:10:33+00:00\" \/>\n<meta property=\"og:image\" content=\"https:\/\/www.gidaperakendecileri.org\/wp-content\/uploads\/2021\/10\/gida-fiyatlar-marketler-panel.jpg\" \/>\n\t<meta property=\"og:image:width\" content=\"1286\" \/>\n\t<meta property=\"og:image:height\" content=\"857\" \/>\n\t<meta property=\"og:image:type\" content=\"image\/jpeg\" \/>\n<meta name=\"author\" content=\"H\u00fcnkar G\u00f6rel\" \/>\n<meta name=\"twitter:card\" content=\"summary_large_image\" \/>\n<meta name=\"twitter:label1\" content=\"Written by\" \/>\n\t<meta name=\"twitter:data1\" content=\"H\u00fcnkar G\u00f6rel\" \/>\n\t<meta name=\"twitter:label2\" content=\"Est. reading time\" \/>\n\t<meta name=\"twitter:data2\" content=\"5 minutes\" \/>\n<script type=\"application\/ld+json\" class=\"yoast-schema-graph\">{\"@context\":\"https:\/\/schema.org\",\"@graph\":[{\"@type\":\"Article\",\"@id\":\"https:\/\/www.gidaperakendecileri.org\/?p=4095#article\",\"isPartOf\":{\"@id\":\"https:\/\/www.gidaperakendecileri.org\/?p=4095\"},\"author\":{\"name\":\"H\u00fcnkar G\u00f6rel\",\"@id\":\"https:\/\/www.gidaperakendecileri.org\/#\/schema\/person\/a509599b6fcfa3d743530309969de5e6\"},\"headline\":\"Y\u00fcksek G\u0131da Fiyatlar\u0131n\u0131n \u00c7\u00f6z\u00fcm\u00fc Topyek\u00fcn M\u00fccadeleden Ge\u00e7iyor\",\"datePublished\":\"2021-10-20T14:06:57+00:00\",\"dateModified\":\"2021-10-20T14:10:33+00:00\",\"mainEntityOfPage\":{\"@id\":\"https:\/\/www.gidaperakendecileri.org\/?p=4095\"},\"wordCount\":1419,\"image\":{\"@id\":\"https:\/\/www.gidaperakendecileri.org\/?p=4095#primaryimage\"},\"thumbnailUrl\":\"https:\/\/www.gidaperakendecileri.org\/wp-content\/uploads\/2021\/10\/gida-fiyatlar-marketler-panel.jpg\",\"articleSection\":[\"Haberler\",\"Sekt\u00f6rden Haberler\"],\"inLanguage\":\"en-US\"},{\"@type\":\"WebPage\",\"@id\":\"https:\/\/www.gidaperakendecileri.org\/?p=4095\",\"url\":\"https:\/\/www.gidaperakendecileri.org\/?p=4095\",\"name\":\"Y\u00fcksek G\u0131da Fiyatlar\u0131n\u0131n \u00c7\u00f6z\u00fcm\u00fc Topyek\u00fcn M\u00fccadeleden Ge\u00e7iyor - GPD\",\"isPartOf\":{\"@id\":\"https:\/\/www.gidaperakendecileri.org\/#website\"},\"primaryImageOfPage\":{\"@id\":\"https:\/\/www.gidaperakendecileri.org\/?p=4095#primaryimage\"},\"image\":{\"@id\":\"https:\/\/www.gidaperakendecileri.org\/?p=4095#primaryimage\"},\"thumbnailUrl\":\"https:\/\/www.gidaperakendecileri.org\/wp-content\/uploads\/2021\/10\/gida-fiyatlar-marketler-panel.jpg\",\"datePublished\":\"2021-10-20T14:06:57+00:00\",\"dateModified\":\"2021-10-20T14:10:33+00:00\",\"author\":{\"@id\":\"https:\/\/www.gidaperakendecileri.org\/#\/schema\/person\/a509599b6fcfa3d743530309969de5e6\"},\"description\":\"Vatanda\u015f\u0131n en b\u00fcy\u00fck \u015fikayet konusu olan y\u00fcksek g\u0131da fiyatlar\u0131, GPD Ortak Geli\u015fim Kongresi kapsam\u0131nda d\u00fczenlenen panelde masaya yat\u0131r\u0131ld\u0131.\",\"breadcrumb\":{\"@id\":\"https:\/\/www.gidaperakendecileri.org\/?p=4095#breadcrumb\"},\"inLanguage\":\"en-US\",\"potentialAction\":[{\"@type\":\"ReadAction\",\"target\":[\"https:\/\/www.gidaperakendecileri.org\/?p=4095\"]}]},{\"@type\":\"ImageObject\",\"inLanguage\":\"en-US\",\"@id\":\"https:\/\/www.gidaperakendecileri.org\/?p=4095#primaryimage\",\"url\":\"https:\/\/www.gidaperakendecileri.org\/wp-content\/uploads\/2021\/10\/gida-fiyatlar-marketler-panel.jpg\",\"contentUrl\":\"https:\/\/www.gidaperakendecileri.org\/wp-content\/uploads\/2021\/10\/gida-fiyatlar-marketler-panel.jpg\",\"width\":1286,\"height\":857},{\"@type\":\"BreadcrumbList\",\"@id\":\"https:\/\/www.gidaperakendecileri.org\/?p=4095#breadcrumb\",\"itemListElement\":[{\"@type\":\"ListItem\",\"position\":1,\"name\":\"Home\",\"item\":\"https:\/\/www.gidaperakendecileri.org\/\"},{\"@type\":\"ListItem\",\"position\":2,\"name\":\"Y\u00fcksek G\u0131da Fiyatlar\u0131n\u0131n \u00c7\u00f6z\u00fcm\u00fc Topyek\u00fcn M\u00fccadeleden Ge\u00e7iyor\"}]},{\"@type\":\"WebSite\",\"@id\":\"https:\/\/www.gidaperakendecileri.org\/#website\",\"url\":\"https:\/\/www.gidaperakendecileri.org\/\",\"name\":\"GPD\",\"description\":\"G\u0131da Perakendecileri Derne\u011fi\",\"potentialAction\":[{\"@type\":\"SearchAction\",\"target\":{\"@type\":\"EntryPoint\",\"urlTemplate\":\"https:\/\/www.gidaperakendecileri.org\/?s={search_term_string}\"},\"query-input\":{\"@type\":\"PropertyValueSpecification\",\"valueRequired\":true,\"valueName\":\"search_term_string\"}}],\"inLanguage\":\"en-US\"},{\"@type\":\"Person\",\"@id\":\"https:\/\/www.gidaperakendecileri.org\/#\/schema\/person\/a509599b6fcfa3d743530309969de5e6\",\"name\":\"H\u00fcnkar G\u00f6rel\",\"image\":{\"@type\":\"ImageObject\",\"inLanguage\":\"en-US\",\"@id\":\"https:\/\/www.gidaperakendecileri.org\/#\/schema\/person\/image\/\",\"url\":\"https:\/\/secure.gravatar.com\/avatar\/6833176c6068a3a97919a716cee09184937057818487819b3315830bdfd463a4?s=96&d=mm&r=g\",\"contentUrl\":\"https:\/\/secure.gravatar.com\/avatar\/6833176c6068a3a97919a716cee09184937057818487819b3315830bdfd463a4?s=96&d=mm&r=g\",\"caption\":\"H\u00fcnkar G\u00f6rel\"},\"url\":\"https:\/\/www.gidaperakendecileri.org\/?author=2\"}]}<\/script>\n<!-- \/ Yoast SEO plugin. -->","yoast_head_json":{"title":"Y\u00fcksek G\u0131da Fiyatlar\u0131n\u0131n \u00c7\u00f6z\u00fcm\u00fc Topyek\u00fcn M\u00fccadeleden Ge\u00e7iyor - GPD","description":"Vatanda\u015f\u0131n en b\u00fcy\u00fck \u015fikayet konusu olan y\u00fcksek g\u0131da fiyatlar\u0131, GPD Ortak Geli\u015fim Kongresi kapsam\u0131nda d\u00fczenlenen panelde masaya yat\u0131r\u0131ld\u0131.","robots":{"index":"index","follow":"follow","max-snippet":"max-snippet:-1","max-image-preview":"max-image-preview:large","max-video-preview":"max-video-preview:-1"},"canonical":"https:\/\/www.gidaperakendecileri.org\/?p=4095","og_locale":"en_US","og_type":"article","og_title":"Y\u00fcksek G\u0131da Fiyatlar\u0131n\u0131n \u00c7\u00f6z\u00fcm\u00fc Topyek\u00fcn M\u00fccadeleden Ge\u00e7iyor - GPD","og_description":"Vatanda\u015f\u0131n en b\u00fcy\u00fck \u015fikayet konusu olan y\u00fcksek g\u0131da fiyatlar\u0131, GPD Ortak Geli\u015fim Kongresi kapsam\u0131nda d\u00fczenlenen panelde masaya yat\u0131r\u0131ld\u0131.","og_url":"https:\/\/www.gidaperakendecileri.org\/?p=4095","og_site_name":"GPD","article_published_time":"2021-10-20T14:06:57+00:00","article_modified_time":"2021-10-20T14:10:33+00:00","og_image":[{"width":1286,"height":857,"url":"https:\/\/www.gidaperakendecileri.org\/wp-content\/uploads\/2021\/10\/gida-fiyatlar-marketler-panel.jpg","type":"image\/jpeg"}],"author":"H\u00fcnkar G\u00f6rel","twitter_card":"summary_large_image","twitter_misc":{"Written by":"H\u00fcnkar G\u00f6rel","Est. reading time":"5 minutes"},"schema":{"@context":"https:\/\/schema.org","@graph":[{"@type":"Article","@id":"https:\/\/www.gidaperakendecileri.org\/?p=4095#article","isPartOf":{"@id":"https:\/\/www.gidaperakendecileri.org\/?p=4095"},"author":{"name":"H\u00fcnkar G\u00f6rel","@id":"https:\/\/www.gidaperakendecileri.org\/#\/schema\/person\/a509599b6fcfa3d743530309969de5e6"},"headline":"Y\u00fcksek G\u0131da Fiyatlar\u0131n\u0131n \u00c7\u00f6z\u00fcm\u00fc Topyek\u00fcn M\u00fccadeleden Ge\u00e7iyor","datePublished":"2021-10-20T14:06:57+00:00","dateModified":"2021-10-20T14:10:33+00:00","mainEntityOfPage":{"@id":"https:\/\/www.gidaperakendecileri.org\/?p=4095"},"wordCount":1419,"image":{"@id":"https:\/\/www.gidaperakendecileri.org\/?p=4095#primaryimage"},"thumbnailUrl":"https:\/\/www.gidaperakendecileri.org\/wp-content\/uploads\/2021\/10\/gida-fiyatlar-marketler-panel.jpg","articleSection":["Haberler","Sekt\u00f6rden Haberler"],"inLanguage":"en-US"},{"@type":"WebPage","@id":"https:\/\/www.gidaperakendecileri.org\/?p=4095","url":"https:\/\/www.gidaperakendecileri.org\/?p=4095","name":"Y\u00fcksek G\u0131da Fiyatlar\u0131n\u0131n \u00c7\u00f6z\u00fcm\u00fc Topyek\u00fcn M\u00fccadeleden Ge\u00e7iyor - GPD","isPartOf":{"@id":"https:\/\/www.gidaperakendecileri.org\/#website"},"primaryImageOfPage":{"@id":"https:\/\/www.gidaperakendecileri.org\/?p=4095#primaryimage"},"image":{"@id":"https:\/\/www.gidaperakendecileri.org\/?p=4095#primaryimage"},"thumbnailUrl":"https:\/\/www.gidaperakendecileri.org\/wp-content\/uploads\/2021\/10\/gida-fiyatlar-marketler-panel.jpg","datePublished":"2021-10-20T14:06:57+00:00","dateModified":"2021-10-20T14:10:33+00:00","author":{"@id":"https:\/\/www.gidaperakendecileri.org\/#\/schema\/person\/a509599b6fcfa3d743530309969de5e6"},"description":"Vatanda\u015f\u0131n en b\u00fcy\u00fck \u015fikayet konusu olan y\u00fcksek g\u0131da fiyatlar\u0131, GPD Ortak Geli\u015fim Kongresi kapsam\u0131nda d\u00fczenlenen panelde masaya yat\u0131r\u0131ld\u0131.","breadcrumb":{"@id":"https:\/\/www.gidaperakendecileri.org\/?p=4095#breadcrumb"},"inLanguage":"en-US","potentialAction":[{"@type":"ReadAction","target":["https:\/\/www.gidaperakendecileri.org\/?p=4095"]}]},{"@type":"ImageObject","inLanguage":"en-US","@id":"https:\/\/www.gidaperakendecileri.org\/?p=4095#primaryimage","url":"https:\/\/www.gidaperakendecileri.org\/wp-content\/uploads\/2021\/10\/gida-fiyatlar-marketler-panel.jpg","contentUrl":"https:\/\/www.gidaperakendecileri.org\/wp-content\/uploads\/2021\/10\/gida-fiyatlar-marketler-panel.jpg","width":1286,"height":857},{"@type":"BreadcrumbList","@id":"https:\/\/www.gidaperakendecileri.org\/?p=4095#breadcrumb","itemListElement":[{"@type":"ListItem","position":1,"name":"Home","item":"https:\/\/www.gidaperakendecileri.org\/"},{"@type":"ListItem","position":2,"name":"Y\u00fcksek G\u0131da Fiyatlar\u0131n\u0131n \u00c7\u00f6z\u00fcm\u00fc Topyek\u00fcn M\u00fccadeleden Ge\u00e7iyor"}]},{"@type":"WebSite","@id":"https:\/\/www.gidaperakendecileri.org\/#website","url":"https:\/\/www.gidaperakendecileri.org\/","name":"GPD","description":"G\u0131da Perakendecileri Derne\u011fi","potentialAction":[{"@type":"SearchAction","target":{"@type":"EntryPoint","urlTemplate":"https:\/\/www.gidaperakendecileri.org\/?s={search_term_string}"},"query-input":{"@type":"PropertyValueSpecification","valueRequired":true,"valueName":"search_term_string"}}],"inLanguage":"en-US"},{"@type":"Person","@id":"https:\/\/www.gidaperakendecileri.org\/#\/schema\/person\/a509599b6fcfa3d743530309969de5e6","name":"H\u00fcnkar G\u00f6rel","image":{"@type":"ImageObject","inLanguage":"en-US","@id":"https:\/\/www.gidaperakendecileri.org\/#\/schema\/person\/image\/","url":"https:\/\/secure.gravatar.com\/avatar\/6833176c6068a3a97919a716cee09184937057818487819b3315830bdfd463a4?s=96&d=mm&r=g","contentUrl":"https:\/\/secure.gravatar.com\/avatar\/6833176c6068a3a97919a716cee09184937057818487819b3315830bdfd463a4?s=96&d=mm&r=g","caption":"H\u00fcnkar G\u00f6rel"},"url":"https:\/\/www.gidaperakendecileri.org\/?author=2"}]}},"amp_enabled":true,"_links":{"self":[{"href":"https:\/\/www.gidaperakendecileri.org\/index.php?rest_route=\/wp\/v2\/posts\/4095","targetHints":{"allow":["GET"]}}],"collection":[{"href":"https:\/\/www.gidaperakendecileri.org\/index.php?rest_route=\/wp\/v2\/posts"}],"about":[{"href":"https:\/\/www.gidaperakendecileri.org\/index.php?rest_route=\/wp\/v2\/types\/post"}],"author":[{"embeddable":true,"href":"https:\/\/www.gidaperakendecileri.org\/index.php?rest_route=\/wp\/v2\/users\/2"}],"replies":[{"embeddable":true,"href":"https:\/\/www.gidaperakendecileri.org\/index.php?rest_route=%2Fwp%2Fv2%2Fcomments&post=4095"}],"version-history":[{"count":10,"href":"https:\/\/www.gidaperakendecileri.org\/index.php?rest_route=\/wp\/v2\/posts\/4095\/revisions"}],"predecessor-version":[{"id":4106,"href":"https:\/\/www.gidaperakendecileri.org\/index.php?rest_route=\/wp\/v2\/posts\/4095\/revisions\/4106"}],"wp:featuredmedia":[{"embeddable":true,"href":"https:\/\/www.gidaperakendecileri.org\/index.php?rest_route=\/wp\/v2\/media\/4096"}],"wp:attachment":[{"href":"https:\/\/www.gidaperakendecileri.org\/index.php?rest_route=%2Fwp%2Fv2%2Fmedia&parent=4095"}],"wp:term":[{"taxonomy":"category","embeddable":true,"href":"https:\/\/www.gidaperakendecileri.org\/index.php?rest_route=%2Fwp%2Fv2%2Fcategories&post=4095"},{"taxonomy":"post_tag","embeddable":true,"href":"https:\/\/www.gidaperakendecileri.org\/index.php?rest_route=%2Fwp%2Fv2%2Ftags&post=4095"}],"curies":[{"name":"wp","href":"https:\/\/api.w.org\/{rel}","templated":true}]}}