{"id":3540,"date":"2021-07-09T10:09:11","date_gmt":"2021-07-09T10:09:11","guid":{"rendered":"https:\/\/www.gidaperakendecileri.org\/?p=3540"},"modified":"2021-07-09T14:06:12","modified_gmt":"2021-07-09T14:06:12","slug":"yeni-normalde-esneklik-bas-rolde","status":"publish","type":"post","link":"https:\/\/www.gidaperakendecileri.org\/?p=3540","title":{"rendered":"Yeni Normalde Esneklik Ba\u015f Rolde"},"content":{"rendered":"\t\t<div data-elementor-type=\"wp-post\" data-elementor-id=\"3540\" class=\"elementor elementor-3540\">\n\t\t\t\t\t\t<section class=\"elementor-section elementor-top-section elementor-element elementor-element-3ef128ae elementor-section-boxed elementor-section-height-default elementor-section-height-default\" data-id=\"3ef128ae\" data-element_type=\"section\">\n\t\t\t\t\t\t<div class=\"elementor-container elementor-column-gap-default\">\n\t\t\t\t\t<div class=\"elementor-column elementor-col-100 elementor-top-column elementor-element elementor-element-6c0ce5df\" data-id=\"6c0ce5df\" data-element_type=\"column\">\n\t\t\t<div class=\"elementor-widget-wrap elementor-element-populated\">\n\t\t\t\t\t\t<div class=\"elementor-element elementor-element-5aacae7a elementor-widget elementor-widget-text-editor\" data-id=\"5aacae7a\" data-element_type=\"widget\" data-widget_type=\"text-editor.default\">\n\t\t\t\t<div class=\"elementor-widget-container\">\n\t\t\t\t\t\t\t\t\t<div class=\"td-paragraph-padding-1\"><h3><span style=\"color: #000000;\"><strong>Ernst &amp; Young\u2019\u0131n (EY) 16 \u00fclkeden 16 binden fazla \u00e7al\u0131\u015fan\u0131n g\u00f6r\u00fc\u015f\u00fcn\u00fc alarak haz\u0131rlad\u0131\u011f\u0131 ara\u015ft\u0131rmaya g\u00f6re; \u00e7al\u0131\u015fanlar\u0131n %54\u2019\u00fc pandemi sonras\u0131 \u00e7al\u0131\u015fma d\u00fczeninde esneklik sa\u011flanmamas\u0131n\u0131 i\u015ften ayr\u0131lma nedeni olarak g\u00f6r\u00fcyor. EY T\u00fcrkiye Dan\u0131\u015fmanl\u0131k Hizmetleri B\u00f6l\u00fcm Ba\u015fkan\u0131 G\u00f6khan G\u00fcm\u00fc\u015fl\u00fc, \u201cYetene\u011fi \u015fu an ve yeni normalde muhafaza etmek isteyen i\u015fverenlerin esnek \u00e7al\u0131\u015fma d\u00fczenini yetenek stratejilerinin merkezine yerle\u015ftirmeleri gerekiyor\u201d dedi <\/strong><\/span><\/h3><p><span style=\"color: #000000;\">Uluslararas\u0131 dan\u0131\u015fmanl\u0131k ve denetim \u015firketi EY, 16 \u00fclkede 23 farkl\u0131 sekt\u00f6rde g\u00f6revler \u00fcstlenen 16 binden fazla \u00e7al\u0131\u015fan\u0131n anket yoluyla g\u00f6r\u00fc\u015f\u00fcn\u00fc alarak haz\u0131rlad\u0131\u011f\u0131 2021 Global \u00c7al\u0131\u015fan Ara\u015ft\u0131rmas\u0131\u2019n\u0131n sonu\u00e7lar\u0131n\u0131 a\u00e7\u0131klad\u0131. \u00c7al\u0131\u015fanlar\u0131n pandemi d\u00f6nemindeki deneyimleri ve pandemi sonras\u0131 yeni normalde \u00e7al\u0131\u015fma d\u00fczenine ili\u015fkin beklentilerini yans\u0131tan ara\u015ft\u0131rma, \u00e7al\u0131\u015fanlar i\u00e7in esnek \u00e7al\u0131\u015fma modellerinin \u00f6nem kazand\u0131\u011f\u0131na i\u015faret ediyor. Farkl\u0131 seviyelerde g\u00f6rev alan 21-65 ya\u015f grubu ile 65 ya\u015f \u00fcst\u00fc \u00e7al\u0131\u015fanlar\u0131 kapsayan ara\u015ft\u0131rma, bu alanda d\u00fcnya genelinde yap\u0131lan en geni\u015f kapsaml\u0131 \u00e7al\u0131\u015fmalardan biri olma \u00f6zelli\u011fi ta\u015f\u0131yor. Anket kat\u0131l\u0131mc\u0131lar\u0131n\u0131n yar\u0131s\u0131ndan fazlas\u0131n\u0131 Y ku\u015fa\u011f\u0131 olu\u015fturuyor. <\/span><\/p><p><span style=\"color: #000000;\">Ankete kat\u0131lan \u00e7al\u0131\u015fanlar\u0131n yar\u0131s\u0131ndan fazlas\u0131 (%54) pandemi sonras\u0131 \u00e7al\u0131\u015fma modelinde nerede ve ne zaman \u00e7al\u0131\u015facaklar\u0131na ili\u015fkin baz\u0131 esneklikler sa\u011flanmamas\u0131 halinde i\u015ften ayr\u0131lmay\u0131 de\u011ferlendireceklerini belirtiyor.<\/span><\/p><p><strong><span style=\"color: #000000;\">\u00c7al\u0131\u015fan Haftada 2-3 G\u00fcn Uzaktan \u00c7al\u0131\u015fmak \u0130stiyor<\/span><\/strong><br \/><span style=\"color: #000000;\">Ara\u015ft\u0131rma sonu\u00e7lar\u0131na g\u00f6re, her 10 \u00e7al\u0131\u015fandan 9\u2019u nerede ve ne zaman \u00e7al\u0131\u015facaklar\u0131nda ili\u015fkin esneklik sa\u011flanmas\u0131n\u0131 istiyor. Se\u00e7me hakk\u0131 sunulmas\u0131 halinde \u00e7al\u0131\u015fanlar\u0131n %54\u2019\u00fc ne zaman \u00e7al\u0131\u015facaklar\u0131na ili\u015fkin esnekli\u011fi tercih edece\u011fini ifade ediyor. %40\u2019\u0131 ise nerede \u00e7al\u0131\u015faca\u011f\u0131na dair esneklik sa\u011flanmas\u0131n\u0131 istiyor. Ara\u015ft\u0131rma, \u00e7al\u0131\u015fanlar\u0131n pandemi sonras\u0131nda ortalama olarak 2-3 g\u00fcn uzaktan \u00e7al\u0131\u015fmak istediklerine i\u015faret ediyor. \u00c7al\u0131\u015fanlar\u0131n %22\u2019si \u00fclkelerinde pandemi k\u0131s\u0131tlamalar\u0131 kald\u0131r\u0131ld\u0131\u011f\u0131nda tam zamanl\u0131 olarak ofisten \u00e7al\u0131\u015fmak istedi\u011fini ifade ederken, %33\u2019\u00fc haftal\u0131k \u00e7al\u0131\u015fma saatlerinin k\u0131salt\u0131lmas\u0131n\u0131 istiyor. \u00c7al\u0131\u015fanlar\u0131n %67\u2019si \u00fcretkenli\u011fin lokasyondan ba\u011f\u0131ms\u0131z olarak do\u011fru \u015fekilde \u00f6l\u00e7\u00fclebilece\u011fini d\u00fc\u015f\u00fcn\u00fcyor.<\/span><\/p><p><strong><span style=\"color: #000000;\">Y Ku\u015fa\u011f\u0131n\u0131n \u0130\u015f De\u011fi\u015ftirme E\u011filimi Y\u00fcksek<\/span><\/strong><br \/><span style=\"color: #000000;\">Ara\u015ft\u0131rmaya g\u00f6re, i\u015f de\u011fi\u015ftirmelerin g\u00f6r\u00fclme ihtimali en y\u00fcksek olan meslekler teknoloji ve finans alanlar\u0131ndaki y\u00f6netim ve liderlik rolleri ile hasta bak\u0131c\u0131l\u0131k. Mevcut i\u015flerinde kalma ihtimalleri en y\u00fcksek olanlar ise 1946-1964 aras\u0131nda do\u011fan \u2018Baby Boomers\u2019 ku\u015fa\u011f\u0131, ayn\u0131 i\u015fte 10 y\u0131ldan fazla s\u00fcredir \u00e7al\u0131\u015fanlar ile kamu ve e\u011fitim sekt\u00f6r\u00fc \u00e7al\u0131\u015fanlar\u0131ndan olu\u015fuyor. Bununla birlikte ara\u015ft\u0131rma i\u015ften ayr\u0131lmaya y\u00f6nelik tercihlerin ya\u015f gruplar\u0131na g\u00f6re de\u011fi\u015fiklik g\u00f6sterdi\u011fini ortaya koyuyor. Y ku\u015fa\u011f\u0131n\u0131n i\u015ften ayr\u0131lma ihtimalinin Baby Boomers ku\u015fa\u011f\u0131na g\u00f6re iki kat fazla oldu\u011fu belirtiliyor. \u00d6te yandan daha esnek \u00e7al\u0131\u015fma modellerine ge\u00e7mek \u00fczere i\u015f de\u011fi\u015ftirmeye y\u00f6nelik e\u011filimdeki art\u0131\u015fa ra\u011fmen, ara\u015ft\u0131rma kat\u0131l\u0131mc\u0131lar\u0131n\u0131n %76\u2019s\u0131 mevcut i\u015finden memnun oldu\u011funu belirtiyor. %96\u2019s\u0131 da gelecek 12 ayl\u0131k d\u00f6nemde mevcut i\u015finde devam etmeyi planlad\u0131\u011f\u0131n\u0131 s\u00f6yl\u00fcyor.<\/span><\/p><p><strong><span style=\"color: #000000;\">Esnek \u00c7al\u0131\u015fma D\u00fczeni, \u0130\u015fg\u00fcc\u00fc Stratejisinin Merkezinde<\/span><\/strong><br \/><span style=\"color: #000000;\">EY T\u00fcrkiye Dan\u0131\u015fmanl\u0131k Hizmetleri B\u00f6l\u00fcm Ba\u015fkan\u0131 G\u00f6khan G\u00fcm\u00fc\u015fl\u00fc, ara\u015ft\u0131rma sonu\u00e7lar\u0131 ile ilgili \u015fu de\u011ferlendirmede bulundu: \u201c\u00c7al\u0131\u015fanlar\u0131n mevcut ekonomik ortamda i\u015f de\u011fi\u015ftirmeye y\u00f6nelik istekli olmalar\u0131 ezber bozan bir trend olarak kar\u015f\u0131m\u0131za \u00e7\u0131k\u0131yor. Covid-19 pandemisi, esnekli\u011fin hem \u00e7al\u0131\u015fanlar hem de i\u015fverenler i\u00e7in faydal\u0131 olabilece\u011fini g\u00f6sterdi. Esnek \u00e7al\u0131\u015fman\u0131n yeni yetenek kazan\u0131m\u0131 ve mevcut yeteneklerin muhafaza edilmesinde en \u00f6nemli fakt\u00f6r haline geldi\u011fini g\u00f6zlemliyoruz. Yetene\u011fi \u015fu an ve yeni normalde muhafaza etmek isteyen i\u015fverenlerin esnek \u00e7al\u0131\u015fma d\u00fczenini yetenek stratejilerinin merkezine yerle\u015ftirmeleri gerekiyor.\u201d<\/span><\/p><p><span style=\"color: #000000;\">Ara\u015ft\u0131rma ayn\u0131 zamanda \u00e7al\u0131\u015fanlar\u0131n pandemi d\u00f6nemindeki uzaktan \u00e7al\u0131\u015fma deneyimleri ile ilgili bulgular da i\u00e7eriyor. \u00c7al\u0131\u015fanlar\u0131n yakla\u015f\u0131k yar\u0131s\u0131 (%48) kurum k\u00fclt\u00fcr\u00fcn\u00fcn pandemi d\u00f6neminde geli\u015fme kaydetti\u011fini ifade ediyor. Bununla birlikte \u00e7al\u0131\u015fanlar\u0131n %61\u2019i \u015firketlerinin ofisten \u00e7al\u0131\u015fma i\u00e7in a\u015f\u0131y\u0131 \u00f6n ko\u015ful haline getirmesini istiyor.<\/span><\/p><p><span style=\"color: #000000;\">Ara\u015ft\u0131rmada, esnek \u00e7al\u0131\u015fman\u0131n yayg\u0131nla\u015fmas\u0131 ile hem ev hem de ofiste teknolojiye olan talepte art\u0131\u015f g\u00f6r\u00fcld\u00fc\u011f\u00fc vurgulan\u0131yor. \u00c7al\u0131\u015fanlar\u0131n %64\u2019\u00fc ofiste kullan\u0131lan teknolojinin iyile\u015ftirilmesini, %48\u2019i evde kullan\u0131lan ekipmanlar\u0131n yenilenmesini ve %47\u2019si de evde kullan\u0131lan internet ve telefon i\u00e7in fatura giderlerine destek talep ediyor.<\/span><\/p><\/div>\t\t\t\t\t\t\t\t<\/div>\n\t\t\t\t<\/div>\n\t\t\t\t\t<\/div>\n\t\t<\/div>\n\t\t\t\t\t<\/div>\n\t\t<\/section>\n\t\t\t\t<\/div>\n\t\t","protected":false},"excerpt":{"rendered":"<p>Ernst &amp; Young\u2019\u0131n (EY) 16 \u00fclkeden 16 binden fazla \u00e7al\u0131\u015fan\u0131n g\u00f6r\u00fc\u015f\u00fcn\u00fc alarak haz\u0131rlad\u0131\u011f\u0131 ara\u015ft\u0131rmaya g\u00f6re; \u00e7al\u0131\u015fanlar\u0131n %54\u2019\u00fc pandemi sonras\u0131 \u00e7al\u0131\u015fma d\u00fczeninde esneklik sa\u011flanmamas\u0131n\u0131 i\u015ften ayr\u0131lma nedeni olarak g\u00f6r\u00fcyor. EY T\u00fcrkiye Dan\u0131\u015fmanl\u0131k Hizmetleri B\u00f6l\u00fcm Ba\u015fkan\u0131 G\u00f6khan G\u00fcm\u00fc\u015fl\u00fc, \u201cYetene\u011fi \u015fu an ve yeni normalde muhafaza etmek isteyen i\u015fverenlerin esnek \u00e7al\u0131\u015fma d\u00fczenini yetenek stratejilerinin merkezine yerle\u015ftirmeleri gerekiyor\u201d dedi [&hellip;]<\/p>\n","protected":false},"author":2,"featured_media":3541,"comment_status":"closed","ping_status":"closed","sticky":false,"template":"","format":"standard","meta":{"_monsterinsights_skip_tracking":false,"_monsterinsights_sitenote_active":false,"_monsterinsights_sitenote_note":"","_monsterinsights_sitenote_category":0,"footnotes":""},"categories":[23,32],"tags":[],"class_list":{"0":"post-3540","1":"post","2":"type-post","3":"status-publish","4":"format-standard","5":"has-post-thumbnail","7":"category-haberler","8":"category-sektorden-haberler-haberler"},"featured_image_src":"https:\/\/www.gidaperakendecileri.org\/wp-content\/uploads\/2021\/07\/ey-esnek-calisma.jpg","author_info":{"display_name":"H\u00fcnkar G\u00f6rel","author_link":"https:\/\/www.gidaperakendecileri.org\/?author=2"},"yoast_head":"<!-- This site is optimized with the Yoast SEO plugin v26.7 - https:\/\/yoast.com\/wordpress\/plugins\/seo\/ -->\n<title>Yeni Normalde Esneklik Ba\u015f Rolde - GPD<\/title>\n<meta name=\"description\" content=\"EY, 16 \u00fclkede 23 farkl\u0131 sekt\u00f6rde g\u00f6revler \u00fcstlenen 16 binden fazla \u00e7al\u0131\u015fan\u0131n anket yoluyla g\u00f6r\u00fc\u015f\u00fcn\u00fc alarak haz\u0131rlad\u0131\u011f\u0131 2021 Global \u00c7al\u0131\u015fan Ara\u015ft\u0131rmas\u0131\u2019n\u0131n sonu\u00e7lar\u0131n\u0131 a\u00e7\u0131klad\u0131.\" \/>\n<meta name=\"robots\" content=\"index, follow, max-snippet:-1, max-image-preview:large, max-video-preview:-1\" \/>\n<link rel=\"canonical\" href=\"https:\/\/www.gidaperakendecileri.org\/?p=3540\" \/>\n<meta property=\"og:locale\" content=\"en_US\" \/>\n<meta property=\"og:type\" content=\"article\" \/>\n<meta property=\"og:title\" content=\"Yeni Normalde Esneklik Ba\u015f Rolde - GPD\" \/>\n<meta property=\"og:description\" content=\"EY, 16 \u00fclkede 23 farkl\u0131 sekt\u00f6rde g\u00f6revler \u00fcstlenen 16 binden fazla \u00e7al\u0131\u015fan\u0131n anket yoluyla g\u00f6r\u00fc\u015f\u00fcn\u00fc alarak haz\u0131rlad\u0131\u011f\u0131 2021 Global \u00c7al\u0131\u015fan Ara\u015ft\u0131rmas\u0131\u2019n\u0131n sonu\u00e7lar\u0131n\u0131 a\u00e7\u0131klad\u0131.\" \/>\n<meta property=\"og:url\" content=\"https:\/\/www.gidaperakendecileri.org\/?p=3540\" \/>\n<meta property=\"og:site_name\" content=\"GPD\" \/>\n<meta property=\"article:published_time\" content=\"2021-07-09T10:09:11+00:00\" \/>\n<meta property=\"article:modified_time\" content=\"2021-07-09T14:06:12+00:00\" \/>\n<meta property=\"og:image\" content=\"https:\/\/www.gidaperakendecileri.org\/wp-content\/uploads\/2021\/07\/ey-esnek-calisma.jpg\" \/>\n\t<meta property=\"og:image:width\" content=\"1378\" \/>\n\t<meta property=\"og:image:height\" content=\"919\" \/>\n\t<meta property=\"og:image:type\" content=\"image\/jpeg\" \/>\n<meta name=\"author\" content=\"H\u00fcnkar G\u00f6rel\" \/>\n<meta name=\"twitter:card\" content=\"summary_large_image\" \/>\n<meta name=\"twitter:label1\" content=\"Written by\" \/>\n\t<meta name=\"twitter:data1\" content=\"H\u00fcnkar G\u00f6rel\" \/>\n\t<meta name=\"twitter:label2\" content=\"Est. reading time\" \/>\n\t<meta name=\"twitter:data2\" content=\"3 minutes\" \/>\n<script type=\"application\/ld+json\" class=\"yoast-schema-graph\">{\"@context\":\"https:\/\/schema.org\",\"@graph\":[{\"@type\":\"Article\",\"@id\":\"https:\/\/www.gidaperakendecileri.org\/?p=3540#article\",\"isPartOf\":{\"@id\":\"https:\/\/www.gidaperakendecileri.org\/?p=3540\"},\"author\":{\"name\":\"H\u00fcnkar G\u00f6rel\",\"@id\":\"https:\/\/www.gidaperakendecileri.org\/#\/schema\/person\/a509599b6fcfa3d743530309969de5e6\"},\"headline\":\"Yeni Normalde Esneklik Ba\u015f Rolde\",\"datePublished\":\"2021-07-09T10:09:11+00:00\",\"dateModified\":\"2021-07-09T14:06:12+00:00\",\"mainEntityOfPage\":{\"@id\":\"https:\/\/www.gidaperakendecileri.org\/?p=3540\"},\"wordCount\":835,\"image\":{\"@id\":\"https:\/\/www.gidaperakendecileri.org\/?p=3540#primaryimage\"},\"thumbnailUrl\":\"https:\/\/www.gidaperakendecileri.org\/wp-content\/uploads\/2021\/07\/ey-esnek-calisma.jpg\",\"articleSection\":[\"Haberler\",\"Sekt\u00f6rden Haberler\"],\"inLanguage\":\"en-US\"},{\"@type\":\"WebPage\",\"@id\":\"https:\/\/www.gidaperakendecileri.org\/?p=3540\",\"url\":\"https:\/\/www.gidaperakendecileri.org\/?p=3540\",\"name\":\"Yeni Normalde Esneklik Ba\u015f Rolde - GPD\",\"isPartOf\":{\"@id\":\"https:\/\/www.gidaperakendecileri.org\/#website\"},\"primaryImageOfPage\":{\"@id\":\"https:\/\/www.gidaperakendecileri.org\/?p=3540#primaryimage\"},\"image\":{\"@id\":\"https:\/\/www.gidaperakendecileri.org\/?p=3540#primaryimage\"},\"thumbnailUrl\":\"https:\/\/www.gidaperakendecileri.org\/wp-content\/uploads\/2021\/07\/ey-esnek-calisma.jpg\",\"datePublished\":\"2021-07-09T10:09:11+00:00\",\"dateModified\":\"2021-07-09T14:06:12+00:00\",\"author\":{\"@id\":\"https:\/\/www.gidaperakendecileri.org\/#\/schema\/person\/a509599b6fcfa3d743530309969de5e6\"},\"description\":\"EY, 16 \u00fclkede 23 farkl\u0131 sekt\u00f6rde g\u00f6revler \u00fcstlenen 16 binden fazla \u00e7al\u0131\u015fan\u0131n anket yoluyla g\u00f6r\u00fc\u015f\u00fcn\u00fc alarak haz\u0131rlad\u0131\u011f\u0131 2021 Global \u00c7al\u0131\u015fan Ara\u015ft\u0131rmas\u0131\u2019n\u0131n sonu\u00e7lar\u0131n\u0131 a\u00e7\u0131klad\u0131.\",\"breadcrumb\":{\"@id\":\"https:\/\/www.gidaperakendecileri.org\/?p=3540#breadcrumb\"},\"inLanguage\":\"en-US\",\"potentialAction\":[{\"@type\":\"ReadAction\",\"target\":[\"https:\/\/www.gidaperakendecileri.org\/?p=3540\"]}]},{\"@type\":\"ImageObject\",\"inLanguage\":\"en-US\",\"@id\":\"https:\/\/www.gidaperakendecileri.org\/?p=3540#primaryimage\",\"url\":\"https:\/\/www.gidaperakendecileri.org\/wp-content\/uploads\/2021\/07\/ey-esnek-calisma.jpg\",\"contentUrl\":\"https:\/\/www.gidaperakendecileri.org\/wp-content\/uploads\/2021\/07\/ey-esnek-calisma.jpg\",\"width\":1378,\"height\":919,\"caption\":\"Back view of businesswoman speak using Webcam conference on laptop with diverse colleagues, female employee talk on video call with multiracial coworkers engaged in online briefing from home\"},{\"@type\":\"BreadcrumbList\",\"@id\":\"https:\/\/www.gidaperakendecileri.org\/?p=3540#breadcrumb\",\"itemListElement\":[{\"@type\":\"ListItem\",\"position\":1,\"name\":\"Home\",\"item\":\"https:\/\/www.gidaperakendecileri.org\/\"},{\"@type\":\"ListItem\",\"position\":2,\"name\":\"Yeni Normalde Esneklik Ba\u015f Rolde\"}]},{\"@type\":\"WebSite\",\"@id\":\"https:\/\/www.gidaperakendecileri.org\/#website\",\"url\":\"https:\/\/www.gidaperakendecileri.org\/\",\"name\":\"GPD\",\"description\":\"G\u0131da Perakendecileri Derne\u011fi\",\"potentialAction\":[{\"@type\":\"SearchAction\",\"target\":{\"@type\":\"EntryPoint\",\"urlTemplate\":\"https:\/\/www.gidaperakendecileri.org\/?s={search_term_string}\"},\"query-input\":{\"@type\":\"PropertyValueSpecification\",\"valueRequired\":true,\"valueName\":\"search_term_string\"}}],\"inLanguage\":\"en-US\"},{\"@type\":\"Person\",\"@id\":\"https:\/\/www.gidaperakendecileri.org\/#\/schema\/person\/a509599b6fcfa3d743530309969de5e6\",\"name\":\"H\u00fcnkar G\u00f6rel\",\"image\":{\"@type\":\"ImageObject\",\"inLanguage\":\"en-US\",\"@id\":\"https:\/\/www.gidaperakendecileri.org\/#\/schema\/person\/image\/\",\"url\":\"https:\/\/secure.gravatar.com\/avatar\/6833176c6068a3a97919a716cee09184937057818487819b3315830bdfd463a4?s=96&d=mm&r=g\",\"contentUrl\":\"https:\/\/secure.gravatar.com\/avatar\/6833176c6068a3a97919a716cee09184937057818487819b3315830bdfd463a4?s=96&d=mm&r=g\",\"caption\":\"H\u00fcnkar G\u00f6rel\"},\"url\":\"https:\/\/www.gidaperakendecileri.org\/?author=2\"}]}<\/script>\n<!-- \/ Yoast SEO plugin. -->","yoast_head_json":{"title":"Yeni Normalde Esneklik Ba\u015f Rolde - GPD","description":"EY, 16 \u00fclkede 23 farkl\u0131 sekt\u00f6rde g\u00f6revler \u00fcstlenen 16 binden fazla \u00e7al\u0131\u015fan\u0131n anket yoluyla g\u00f6r\u00fc\u015f\u00fcn\u00fc alarak haz\u0131rlad\u0131\u011f\u0131 2021 Global \u00c7al\u0131\u015fan Ara\u015ft\u0131rmas\u0131\u2019n\u0131n sonu\u00e7lar\u0131n\u0131 a\u00e7\u0131klad\u0131.","robots":{"index":"index","follow":"follow","max-snippet":"max-snippet:-1","max-image-preview":"max-image-preview:large","max-video-preview":"max-video-preview:-1"},"canonical":"https:\/\/www.gidaperakendecileri.org\/?p=3540","og_locale":"en_US","og_type":"article","og_title":"Yeni Normalde Esneklik Ba\u015f Rolde - GPD","og_description":"EY, 16 \u00fclkede 23 farkl\u0131 sekt\u00f6rde g\u00f6revler \u00fcstlenen 16 binden fazla \u00e7al\u0131\u015fan\u0131n anket yoluyla g\u00f6r\u00fc\u015f\u00fcn\u00fc alarak haz\u0131rlad\u0131\u011f\u0131 2021 Global \u00c7al\u0131\u015fan Ara\u015ft\u0131rmas\u0131\u2019n\u0131n sonu\u00e7lar\u0131n\u0131 a\u00e7\u0131klad\u0131.","og_url":"https:\/\/www.gidaperakendecileri.org\/?p=3540","og_site_name":"GPD","article_published_time":"2021-07-09T10:09:11+00:00","article_modified_time":"2021-07-09T14:06:12+00:00","og_image":[{"width":1378,"height":919,"url":"https:\/\/www.gidaperakendecileri.org\/wp-content\/uploads\/2021\/07\/ey-esnek-calisma.jpg","type":"image\/jpeg"}],"author":"H\u00fcnkar G\u00f6rel","twitter_card":"summary_large_image","twitter_misc":{"Written by":"H\u00fcnkar G\u00f6rel","Est. reading time":"3 minutes"},"schema":{"@context":"https:\/\/schema.org","@graph":[{"@type":"Article","@id":"https:\/\/www.gidaperakendecileri.org\/?p=3540#article","isPartOf":{"@id":"https:\/\/www.gidaperakendecileri.org\/?p=3540"},"author":{"name":"H\u00fcnkar G\u00f6rel","@id":"https:\/\/www.gidaperakendecileri.org\/#\/schema\/person\/a509599b6fcfa3d743530309969de5e6"},"headline":"Yeni Normalde Esneklik Ba\u015f Rolde","datePublished":"2021-07-09T10:09:11+00:00","dateModified":"2021-07-09T14:06:12+00:00","mainEntityOfPage":{"@id":"https:\/\/www.gidaperakendecileri.org\/?p=3540"},"wordCount":835,"image":{"@id":"https:\/\/www.gidaperakendecileri.org\/?p=3540#primaryimage"},"thumbnailUrl":"https:\/\/www.gidaperakendecileri.org\/wp-content\/uploads\/2021\/07\/ey-esnek-calisma.jpg","articleSection":["Haberler","Sekt\u00f6rden Haberler"],"inLanguage":"en-US"},{"@type":"WebPage","@id":"https:\/\/www.gidaperakendecileri.org\/?p=3540","url":"https:\/\/www.gidaperakendecileri.org\/?p=3540","name":"Yeni Normalde Esneklik Ba\u015f Rolde - GPD","isPartOf":{"@id":"https:\/\/www.gidaperakendecileri.org\/#website"},"primaryImageOfPage":{"@id":"https:\/\/www.gidaperakendecileri.org\/?p=3540#primaryimage"},"image":{"@id":"https:\/\/www.gidaperakendecileri.org\/?p=3540#primaryimage"},"thumbnailUrl":"https:\/\/www.gidaperakendecileri.org\/wp-content\/uploads\/2021\/07\/ey-esnek-calisma.jpg","datePublished":"2021-07-09T10:09:11+00:00","dateModified":"2021-07-09T14:06:12+00:00","author":{"@id":"https:\/\/www.gidaperakendecileri.org\/#\/schema\/person\/a509599b6fcfa3d743530309969de5e6"},"description":"EY, 16 \u00fclkede 23 farkl\u0131 sekt\u00f6rde g\u00f6revler \u00fcstlenen 16 binden fazla \u00e7al\u0131\u015fan\u0131n anket yoluyla g\u00f6r\u00fc\u015f\u00fcn\u00fc alarak haz\u0131rlad\u0131\u011f\u0131 2021 Global \u00c7al\u0131\u015fan Ara\u015ft\u0131rmas\u0131\u2019n\u0131n sonu\u00e7lar\u0131n\u0131 a\u00e7\u0131klad\u0131.","breadcrumb":{"@id":"https:\/\/www.gidaperakendecileri.org\/?p=3540#breadcrumb"},"inLanguage":"en-US","potentialAction":[{"@type":"ReadAction","target":["https:\/\/www.gidaperakendecileri.org\/?p=3540"]}]},{"@type":"ImageObject","inLanguage":"en-US","@id":"https:\/\/www.gidaperakendecileri.org\/?p=3540#primaryimage","url":"https:\/\/www.gidaperakendecileri.org\/wp-content\/uploads\/2021\/07\/ey-esnek-calisma.jpg","contentUrl":"https:\/\/www.gidaperakendecileri.org\/wp-content\/uploads\/2021\/07\/ey-esnek-calisma.jpg","width":1378,"height":919,"caption":"Back view of businesswoman speak using Webcam conference on laptop with diverse colleagues, female employee talk on video call with multiracial coworkers engaged in online briefing from home"},{"@type":"BreadcrumbList","@id":"https:\/\/www.gidaperakendecileri.org\/?p=3540#breadcrumb","itemListElement":[{"@type":"ListItem","position":1,"name":"Home","item":"https:\/\/www.gidaperakendecileri.org\/"},{"@type":"ListItem","position":2,"name":"Yeni Normalde Esneklik Ba\u015f Rolde"}]},{"@type":"WebSite","@id":"https:\/\/www.gidaperakendecileri.org\/#website","url":"https:\/\/www.gidaperakendecileri.org\/","name":"GPD","description":"G\u0131da Perakendecileri Derne\u011fi","potentialAction":[{"@type":"SearchAction","target":{"@type":"EntryPoint","urlTemplate":"https:\/\/www.gidaperakendecileri.org\/?s={search_term_string}"},"query-input":{"@type":"PropertyValueSpecification","valueRequired":true,"valueName":"search_term_string"}}],"inLanguage":"en-US"},{"@type":"Person","@id":"https:\/\/www.gidaperakendecileri.org\/#\/schema\/person\/a509599b6fcfa3d743530309969de5e6","name":"H\u00fcnkar G\u00f6rel","image":{"@type":"ImageObject","inLanguage":"en-US","@id":"https:\/\/www.gidaperakendecileri.org\/#\/schema\/person\/image\/","url":"https:\/\/secure.gravatar.com\/avatar\/6833176c6068a3a97919a716cee09184937057818487819b3315830bdfd463a4?s=96&d=mm&r=g","contentUrl":"https:\/\/secure.gravatar.com\/avatar\/6833176c6068a3a97919a716cee09184937057818487819b3315830bdfd463a4?s=96&d=mm&r=g","caption":"H\u00fcnkar G\u00f6rel"},"url":"https:\/\/www.gidaperakendecileri.org\/?author=2"}]}},"amp_enabled":true,"_links":{"self":[{"href":"https:\/\/www.gidaperakendecileri.org\/index.php?rest_route=\/wp\/v2\/posts\/3540","targetHints":{"allow":["GET"]}}],"collection":[{"href":"https:\/\/www.gidaperakendecileri.org\/index.php?rest_route=\/wp\/v2\/posts"}],"about":[{"href":"https:\/\/www.gidaperakendecileri.org\/index.php?rest_route=\/wp\/v2\/types\/post"}],"author":[{"embeddable":true,"href":"https:\/\/www.gidaperakendecileri.org\/index.php?rest_route=\/wp\/v2\/users\/2"}],"replies":[{"embeddable":true,"href":"https:\/\/www.gidaperakendecileri.org\/index.php?rest_route=%2Fwp%2Fv2%2Fcomments&post=3540"}],"version-history":[{"count":7,"href":"https:\/\/www.gidaperakendecileri.org\/index.php?rest_route=\/wp\/v2\/posts\/3540\/revisions"}],"predecessor-version":[{"id":3548,"href":"https:\/\/www.gidaperakendecileri.org\/index.php?rest_route=\/wp\/v2\/posts\/3540\/revisions\/3548"}],"wp:featuredmedia":[{"embeddable":true,"href":"https:\/\/www.gidaperakendecileri.org\/index.php?rest_route=\/wp\/v2\/media\/3541"}],"wp:attachment":[{"href":"https:\/\/www.gidaperakendecileri.org\/index.php?rest_route=%2Fwp%2Fv2%2Fmedia&parent=3540"}],"wp:term":[{"taxonomy":"category","embeddable":true,"href":"https:\/\/www.gidaperakendecileri.org\/index.php?rest_route=%2Fwp%2Fv2%2Fcategories&post=3540"},{"taxonomy":"post_tag","embeddable":true,"href":"https:\/\/www.gidaperakendecileri.org\/index.php?rest_route=%2Fwp%2Fv2%2Ftags&post=3540"}],"curies":[{"name":"wp","href":"https:\/\/api.w.org\/{rel}","templated":true}]}}