{"id":3182,"date":"2021-06-01T10:26:10","date_gmt":"2021-06-01T10:26:10","guid":{"rendered":"https:\/\/www.gidaperakendecileri.org\/?p=3182"},"modified":"2021-06-01T10:27:10","modified_gmt":"2021-06-01T10:27:10","slug":"mayis-ayinda-tuketici-guven-endeksi-773-oldu","status":"publish","type":"post","link":"https:\/\/www.gidaperakendecileri.org\/?p=3182","title":{"rendered":"May\u0131s Ay\u0131nda T\u00fcketici G\u00fcven Endeksi, 77,3 Oldu"},"content":{"rendered":"\t\t<div data-elementor-type=\"wp-post\" data-elementor-id=\"3182\" class=\"elementor elementor-3182\">\n\t\t\t\t\t\t<section class=\"elementor-section elementor-top-section elementor-element elementor-element-3ef128ae elementor-section-boxed elementor-section-height-default elementor-section-height-default\" data-id=\"3ef128ae\" data-element_type=\"section\">\n\t\t\t\t\t\t<div class=\"elementor-container elementor-column-gap-default\">\n\t\t\t\t\t<div class=\"elementor-column elementor-col-100 elementor-top-column elementor-element elementor-element-6c0ce5df\" data-id=\"6c0ce5df\" data-element_type=\"column\">\n\t\t\t<div class=\"elementor-widget-wrap elementor-element-populated\">\n\t\t\t\t\t\t<div class=\"elementor-element elementor-element-5aacae7a elementor-widget elementor-widget-text-editor\" data-id=\"5aacae7a\" data-element_type=\"widget\" data-widget_type=\"text-editor.default\">\n\t\t\t\t<div class=\"elementor-widget-container\">\n\t\t\t\t\t\t\t\t\t<div class=\"td-paragraph-padding-1\"><h3><span style=\"color: #000000;\"><strong>T\u00fcrkiye \u0130statistik Kurumu ve T\u00fcrkiye Cumhuriyet Merkez Bankas\u0131 i\u015f birli\u011fiyle y\u00fcr\u00fct\u00fclen t\u00fcketici e\u011filim anketi sonu\u00e7lar\u0131ndan hesaplanan, mevsim etkilerinden ar\u0131nd\u0131r\u0131lm\u0131\u015f T\u00fcketici G\u00fcven Endeksi, May\u0131s ay\u0131nda bir \u00f6nceki aya g\u00f6re %3,6 oran\u0131nda azald\u0131. Nisan ay\u0131nda 80,2 olan endeks, May\u0131s ay\u0131nda 77,3 olarak ger\u00e7ekle\u015fti.<\/strong><\/span><\/h3><p><span style=\"color: #000000;\"><strong>Hanenin Maddi Durumu Endeksi, 61,5<\/strong><br \/>Ge\u00e7en 12 ayl\u0131k d\u00f6neme g\u00f6re mevcut d\u00f6nemde hanenin maddi durumu endeksi Nisan ay\u0131nda 64,0 iken, May\u0131s ay\u0131nda %3,8 oran\u0131nda azalarak 61,5 oldu.<\/span><\/p><p><strong><span style=\"color: #000000;\">Hanenin Maddi Durum Beklentisi Endeksi, 76,6<\/span><\/strong><br \/><span style=\"color: #000000;\">Gelecek 12 ayl\u0131k d\u00f6neme ili\u015fkin hanenin maddi durum beklentisi endeksi Nisan ay\u0131nda 81,0 iken, May\u0131s ay\u0131nda %5,5 oran\u0131nda azalarak 76,6 oldu.<\/span><\/p><p><strong><span style=\"color: #000000;\">Genel Ekonomik Durum Beklentisi Endeksi, 78,8<\/span><\/strong><br \/><span style=\"color: #000000;\">Gelecek 12 ayl\u0131k d\u00f6neme ili\u015fkin genel ekonomik durum beklentisi endeksi Nisan ay\u0131nda 82,9 iken, May\u0131s ay\u0131nda %4,9 oran\u0131nda azalarak 78,8 oldu.<\/span><\/p><p><strong><span style=\"color: #000000;\">Dayan\u0131kl\u0131 T\u00fcketim Mallar\u0131na Harcama Yapma D\u00fc\u015f\u00fcncesi Endeksi, 92,2<\/span><\/strong><br \/><span style=\"color: #000000;\">Ge\u00e7en 12 ayl\u0131k d\u00f6neme g\u00f6re gelecek 12 ayl\u0131k d\u00f6nemde dayan\u0131kl\u0131 t\u00fcketim mallar\u0131na harcama yapma d\u00fc\u015f\u00fcncesi endeksi Nisan ay\u0131nda 92,8 iken, May\u0131s ay\u0131nda %0,7 oran\u0131nda azalarak 92,2 oldu.<\/span><\/p><\/div>\t\t\t\t\t\t\t\t<\/div>\n\t\t\t\t<\/div>\n\t\t\t\t\t<\/div>\n\t\t<\/div>\n\t\t\t\t\t<\/div>\n\t\t<\/section>\n\t\t\t\t<\/div>\n\t\t","protected":false},"excerpt":{"rendered":"<p>T\u00fcrkiye \u0130statistik Kurumu ve T\u00fcrkiye Cumhuriyet Merkez Bankas\u0131 i\u015f birli\u011fiyle y\u00fcr\u00fct\u00fclen t\u00fcketici e\u011filim anketi sonu\u00e7lar\u0131ndan hesaplanan, mevsim etkilerinden ar\u0131nd\u0131r\u0131lm\u0131\u015f T\u00fcketici G\u00fcven Endeksi, May\u0131s ay\u0131nda bir \u00f6nceki aya g\u00f6re %3,6 oran\u0131nda azald\u0131. Nisan ay\u0131nda 80,2 olan endeks, May\u0131s ay\u0131nda 77,3 olarak ger\u00e7ekle\u015fti. Hanenin Maddi Durumu Endeksi, 61,5Ge\u00e7en 12 ayl\u0131k d\u00f6neme g\u00f6re mevcut d\u00f6nemde hanenin maddi durumu [&hellip;]<\/p>\n","protected":false},"author":2,"featured_media":3183,"comment_status":"closed","ping_status":"closed","sticky":false,"template":"","format":"standard","meta":{"_monsterinsights_skip_tracking":false,"_monsterinsights_sitenote_active":false,"_monsterinsights_sitenote_note":"","_monsterinsights_sitenote_category":0,"footnotes":""},"categories":[23,32],"tags":[],"class_list":{"0":"post-3182","1":"post","2":"type-post","3":"status-publish","4":"format-standard","5":"has-post-thumbnail","7":"category-haberler","8":"category-sektorden-haberler-haberler"},"featured_image_src":"https:\/\/www.gidaperakendecileri.org\/wp-content\/uploads\/2021\/06\/tuik-tuketici-guven-2021_C\u0327alis\u0327ma-Yu\u0308zeyi-1-kopya-5.jpg","author_info":{"display_name":"H\u00fcnkar G\u00f6rel","author_link":"https:\/\/www.gidaperakendecileri.org\/?author=2"},"yoast_head":"<!-- This site is optimized with the Yoast SEO plugin v26.7 - https:\/\/yoast.com\/wordpress\/plugins\/seo\/ -->\n<title>May\u0131s Ay\u0131nda T\u00fcketici G\u00fcven Endeksi, 77,3 Oldu - GPD<\/title>\n<meta name=\"description\" content=\"T\u00fcketici G\u00fcven Endeksi, May\u0131s ay\u0131nda bir \u00f6nceki aya g\u00f6re %3,6 oran\u0131nda azald\u0131. Nisan ay\u0131nda 80,2 olan endeks, May\u0131s ay\u0131nda 77,3 olarak ger\u00e7ekle\u015fti.\" \/>\n<meta name=\"robots\" content=\"index, follow, max-snippet:-1, max-image-preview:large, max-video-preview:-1\" \/>\n<link rel=\"canonical\" href=\"https:\/\/www.gidaperakendecileri.org\/?p=3182\" \/>\n<meta property=\"og:locale\" content=\"en_US\" \/>\n<meta property=\"og:type\" content=\"article\" \/>\n<meta property=\"og:title\" content=\"May\u0131s Ay\u0131nda T\u00fcketici G\u00fcven Endeksi, 77,3 Oldu - GPD\" \/>\n<meta property=\"og:description\" content=\"T\u00fcketici G\u00fcven Endeksi, May\u0131s ay\u0131nda bir \u00f6nceki aya g\u00f6re %3,6 oran\u0131nda azald\u0131. Nisan ay\u0131nda 80,2 olan endeks, May\u0131s ay\u0131nda 77,3 olarak ger\u00e7ekle\u015fti.\" \/>\n<meta property=\"og:url\" content=\"https:\/\/www.gidaperakendecileri.org\/?p=3182\" \/>\n<meta property=\"og:site_name\" content=\"GPD\" \/>\n<meta property=\"article:published_time\" content=\"2021-06-01T10:26:10+00:00\" \/>\n<meta property=\"article:modified_time\" content=\"2021-06-01T10:27:10+00:00\" \/>\n<meta property=\"og:image\" content=\"https:\/\/www.gidaperakendecileri.org\/wp-content\/uploads\/2021\/06\/tuik-tuketici-guven-2021_C\u0327alis\u0327ma-Yu\u0308zeyi-1-kopya-5.jpg\" \/>\n\t<meta property=\"og:image:width\" content=\"1386\" \/>\n\t<meta property=\"og:image:height\" content=\"973\" \/>\n\t<meta property=\"og:image:type\" content=\"image\/jpeg\" \/>\n<meta name=\"author\" content=\"H\u00fcnkar G\u00f6rel\" \/>\n<meta name=\"twitter:card\" content=\"summary_large_image\" \/>\n<meta name=\"twitter:title\" content=\"May\u0131s Ay\u0131nda T\u00fcketici G\u00fcven Endeksi, 77,3 Oldu\" \/>\n<meta name=\"twitter:image\" content=\"https:\/\/www.gidaperakendecileri.org\/wp-content\/uploads\/2021\/05\/z-y-kusagi-karlilik.jpg\" \/>\n<meta name=\"twitter:label1\" content=\"Written by\" \/>\n\t<meta name=\"twitter:data1\" content=\"H\u00fcnkar G\u00f6rel\" \/>\n\t<meta name=\"twitter:label2\" content=\"Est. reading time\" \/>\n\t<meta name=\"twitter:data2\" content=\"1 minute\" \/>\n<script type=\"application\/ld+json\" class=\"yoast-schema-graph\">{\"@context\":\"https:\/\/schema.org\",\"@graph\":[{\"@type\":\"Article\",\"@id\":\"https:\/\/www.gidaperakendecileri.org\/?p=3182#article\",\"isPartOf\":{\"@id\":\"https:\/\/www.gidaperakendecileri.org\/?p=3182\"},\"author\":{\"name\":\"H\u00fcnkar G\u00f6rel\",\"@id\":\"https:\/\/www.gidaperakendecileri.org\/#\/schema\/person\/a509599b6fcfa3d743530309969de5e6\"},\"headline\":\"May\u0131s Ay\u0131nda T\u00fcketici G\u00fcven Endeksi, 77,3 Oldu\",\"datePublished\":\"2021-06-01T10:26:10+00:00\",\"dateModified\":\"2021-06-01T10:27:10+00:00\",\"mainEntityOfPage\":{\"@id\":\"https:\/\/www.gidaperakendecileri.org\/?p=3182\"},\"wordCount\":208,\"image\":{\"@id\":\"https:\/\/www.gidaperakendecileri.org\/?p=3182#primaryimage\"},\"thumbnailUrl\":\"https:\/\/www.gidaperakendecileri.org\/wp-content\/uploads\/2021\/06\/tuik-tuketici-guven-2021_C\u0327alis\u0327ma-Yu\u0308zeyi-1-kopya-5.jpg\",\"articleSection\":[\"Haberler\",\"Sekt\u00f6rden Haberler\"],\"inLanguage\":\"en-US\"},{\"@type\":\"WebPage\",\"@id\":\"https:\/\/www.gidaperakendecileri.org\/?p=3182\",\"url\":\"https:\/\/www.gidaperakendecileri.org\/?p=3182\",\"name\":\"May\u0131s Ay\u0131nda T\u00fcketici G\u00fcven Endeksi, 77,3 Oldu - GPD\",\"isPartOf\":{\"@id\":\"https:\/\/www.gidaperakendecileri.org\/#website\"},\"primaryImageOfPage\":{\"@id\":\"https:\/\/www.gidaperakendecileri.org\/?p=3182#primaryimage\"},\"image\":{\"@id\":\"https:\/\/www.gidaperakendecileri.org\/?p=3182#primaryimage\"},\"thumbnailUrl\":\"https:\/\/www.gidaperakendecileri.org\/wp-content\/uploads\/2021\/06\/tuik-tuketici-guven-2021_C\u0327alis\u0327ma-Yu\u0308zeyi-1-kopya-5.jpg\",\"datePublished\":\"2021-06-01T10:26:10+00:00\",\"dateModified\":\"2021-06-01T10:27:10+00:00\",\"author\":{\"@id\":\"https:\/\/www.gidaperakendecileri.org\/#\/schema\/person\/a509599b6fcfa3d743530309969de5e6\"},\"description\":\"T\u00fcketici G\u00fcven Endeksi, May\u0131s ay\u0131nda bir \u00f6nceki aya g\u00f6re %3,6 oran\u0131nda azald\u0131. Nisan ay\u0131nda 80,2 olan endeks, May\u0131s ay\u0131nda 77,3 olarak ger\u00e7ekle\u015fti.\",\"breadcrumb\":{\"@id\":\"https:\/\/www.gidaperakendecileri.org\/?p=3182#breadcrumb\"},\"inLanguage\":\"en-US\",\"potentialAction\":[{\"@type\":\"ReadAction\",\"target\":[\"https:\/\/www.gidaperakendecileri.org\/?p=3182\"]}]},{\"@type\":\"ImageObject\",\"inLanguage\":\"en-US\",\"@id\":\"https:\/\/www.gidaperakendecileri.org\/?p=3182#primaryimage\",\"url\":\"https:\/\/www.gidaperakendecileri.org\/wp-content\/uploads\/2021\/06\/tuik-tuketici-guven-2021_C\u0327alis\u0327ma-Yu\u0308zeyi-1-kopya-5.jpg\",\"contentUrl\":\"https:\/\/www.gidaperakendecileri.org\/wp-content\/uploads\/2021\/06\/tuik-tuketici-guven-2021_C\u0327alis\u0327ma-Yu\u0308zeyi-1-kopya-5.jpg\",\"width\":1386,\"height\":973},{\"@type\":\"BreadcrumbList\",\"@id\":\"https:\/\/www.gidaperakendecileri.org\/?p=3182#breadcrumb\",\"itemListElement\":[{\"@type\":\"ListItem\",\"position\":1,\"name\":\"Home\",\"item\":\"https:\/\/www.gidaperakendecileri.org\/\"},{\"@type\":\"ListItem\",\"position\":2,\"name\":\"May\u0131s Ay\u0131nda T\u00fcketici G\u00fcven Endeksi, 77,3 Oldu\"}]},{\"@type\":\"WebSite\",\"@id\":\"https:\/\/www.gidaperakendecileri.org\/#website\",\"url\":\"https:\/\/www.gidaperakendecileri.org\/\",\"name\":\"GPD\",\"description\":\"G\u0131da Perakendecileri Derne\u011fi\",\"potentialAction\":[{\"@type\":\"SearchAction\",\"target\":{\"@type\":\"EntryPoint\",\"urlTemplate\":\"https:\/\/www.gidaperakendecileri.org\/?s={search_term_string}\"},\"query-input\":{\"@type\":\"PropertyValueSpecification\",\"valueRequired\":true,\"valueName\":\"search_term_string\"}}],\"inLanguage\":\"en-US\"},{\"@type\":\"Person\",\"@id\":\"https:\/\/www.gidaperakendecileri.org\/#\/schema\/person\/a509599b6fcfa3d743530309969de5e6\",\"name\":\"H\u00fcnkar G\u00f6rel\",\"image\":{\"@type\":\"ImageObject\",\"inLanguage\":\"en-US\",\"@id\":\"https:\/\/www.gidaperakendecileri.org\/#\/schema\/person\/image\/\",\"url\":\"https:\/\/secure.gravatar.com\/avatar\/6833176c6068a3a97919a716cee09184937057818487819b3315830bdfd463a4?s=96&d=mm&r=g\",\"contentUrl\":\"https:\/\/secure.gravatar.com\/avatar\/6833176c6068a3a97919a716cee09184937057818487819b3315830bdfd463a4?s=96&d=mm&r=g\",\"caption\":\"H\u00fcnkar G\u00f6rel\"},\"url\":\"https:\/\/www.gidaperakendecileri.org\/?author=2\"}]}<\/script>\n<!-- \/ Yoast SEO plugin. -->","yoast_head_json":{"title":"May\u0131s Ay\u0131nda T\u00fcketici G\u00fcven Endeksi, 77,3 Oldu - GPD","description":"T\u00fcketici G\u00fcven Endeksi, May\u0131s ay\u0131nda bir \u00f6nceki aya g\u00f6re %3,6 oran\u0131nda azald\u0131. Nisan ay\u0131nda 80,2 olan endeks, May\u0131s ay\u0131nda 77,3 olarak ger\u00e7ekle\u015fti.","robots":{"index":"index","follow":"follow","max-snippet":"max-snippet:-1","max-image-preview":"max-image-preview:large","max-video-preview":"max-video-preview:-1"},"canonical":"https:\/\/www.gidaperakendecileri.org\/?p=3182","og_locale":"en_US","og_type":"article","og_title":"May\u0131s Ay\u0131nda T\u00fcketici G\u00fcven Endeksi, 77,3 Oldu - GPD","og_description":"T\u00fcketici G\u00fcven Endeksi, May\u0131s ay\u0131nda bir \u00f6nceki aya g\u00f6re %3,6 oran\u0131nda azald\u0131. Nisan ay\u0131nda 80,2 olan endeks, May\u0131s ay\u0131nda 77,3 olarak ger\u00e7ekle\u015fti.","og_url":"https:\/\/www.gidaperakendecileri.org\/?p=3182","og_site_name":"GPD","article_published_time":"2021-06-01T10:26:10+00:00","article_modified_time":"2021-06-01T10:27:10+00:00","og_image":[{"width":1386,"height":973,"url":"https:\/\/www.gidaperakendecileri.org\/wp-content\/uploads\/2021\/06\/tuik-tuketici-guven-2021_C\u0327alis\u0327ma-Yu\u0308zeyi-1-kopya-5.jpg","type":"image\/jpeg"}],"author":"H\u00fcnkar G\u00f6rel","twitter_card":"summary_large_image","twitter_title":"May\u0131s Ay\u0131nda T\u00fcketici G\u00fcven Endeksi, 77,3 Oldu","twitter_image":"https:\/\/www.gidaperakendecileri.org\/wp-content\/uploads\/2021\/05\/z-y-kusagi-karlilik.jpg","twitter_misc":{"Written by":"H\u00fcnkar G\u00f6rel","Est. reading time":"1 minute"},"schema":{"@context":"https:\/\/schema.org","@graph":[{"@type":"Article","@id":"https:\/\/www.gidaperakendecileri.org\/?p=3182#article","isPartOf":{"@id":"https:\/\/www.gidaperakendecileri.org\/?p=3182"},"author":{"name":"H\u00fcnkar G\u00f6rel","@id":"https:\/\/www.gidaperakendecileri.org\/#\/schema\/person\/a509599b6fcfa3d743530309969de5e6"},"headline":"May\u0131s Ay\u0131nda T\u00fcketici G\u00fcven Endeksi, 77,3 Oldu","datePublished":"2021-06-01T10:26:10+00:00","dateModified":"2021-06-01T10:27:10+00:00","mainEntityOfPage":{"@id":"https:\/\/www.gidaperakendecileri.org\/?p=3182"},"wordCount":208,"image":{"@id":"https:\/\/www.gidaperakendecileri.org\/?p=3182#primaryimage"},"thumbnailUrl":"https:\/\/www.gidaperakendecileri.org\/wp-content\/uploads\/2021\/06\/tuik-tuketici-guven-2021_C\u0327alis\u0327ma-Yu\u0308zeyi-1-kopya-5.jpg","articleSection":["Haberler","Sekt\u00f6rden Haberler"],"inLanguage":"en-US"},{"@type":"WebPage","@id":"https:\/\/www.gidaperakendecileri.org\/?p=3182","url":"https:\/\/www.gidaperakendecileri.org\/?p=3182","name":"May\u0131s Ay\u0131nda T\u00fcketici G\u00fcven Endeksi, 77,3 Oldu - GPD","isPartOf":{"@id":"https:\/\/www.gidaperakendecileri.org\/#website"},"primaryImageOfPage":{"@id":"https:\/\/www.gidaperakendecileri.org\/?p=3182#primaryimage"},"image":{"@id":"https:\/\/www.gidaperakendecileri.org\/?p=3182#primaryimage"},"thumbnailUrl":"https:\/\/www.gidaperakendecileri.org\/wp-content\/uploads\/2021\/06\/tuik-tuketici-guven-2021_C\u0327alis\u0327ma-Yu\u0308zeyi-1-kopya-5.jpg","datePublished":"2021-06-01T10:26:10+00:00","dateModified":"2021-06-01T10:27:10+00:00","author":{"@id":"https:\/\/www.gidaperakendecileri.org\/#\/schema\/person\/a509599b6fcfa3d743530309969de5e6"},"description":"T\u00fcketici G\u00fcven Endeksi, May\u0131s ay\u0131nda bir \u00f6nceki aya g\u00f6re %3,6 oran\u0131nda azald\u0131. Nisan ay\u0131nda 80,2 olan endeks, May\u0131s ay\u0131nda 77,3 olarak ger\u00e7ekle\u015fti.","breadcrumb":{"@id":"https:\/\/www.gidaperakendecileri.org\/?p=3182#breadcrumb"},"inLanguage":"en-US","potentialAction":[{"@type":"ReadAction","target":["https:\/\/www.gidaperakendecileri.org\/?p=3182"]}]},{"@type":"ImageObject","inLanguage":"en-US","@id":"https:\/\/www.gidaperakendecileri.org\/?p=3182#primaryimage","url":"https:\/\/www.gidaperakendecileri.org\/wp-content\/uploads\/2021\/06\/tuik-tuketici-guven-2021_C\u0327alis\u0327ma-Yu\u0308zeyi-1-kopya-5.jpg","contentUrl":"https:\/\/www.gidaperakendecileri.org\/wp-content\/uploads\/2021\/06\/tuik-tuketici-guven-2021_C\u0327alis\u0327ma-Yu\u0308zeyi-1-kopya-5.jpg","width":1386,"height":973},{"@type":"BreadcrumbList","@id":"https:\/\/www.gidaperakendecileri.org\/?p=3182#breadcrumb","itemListElement":[{"@type":"ListItem","position":1,"name":"Home","item":"https:\/\/www.gidaperakendecileri.org\/"},{"@type":"ListItem","position":2,"name":"May\u0131s Ay\u0131nda T\u00fcketici G\u00fcven Endeksi, 77,3 Oldu"}]},{"@type":"WebSite","@id":"https:\/\/www.gidaperakendecileri.org\/#website","url":"https:\/\/www.gidaperakendecileri.org\/","name":"GPD","description":"G\u0131da Perakendecileri Derne\u011fi","potentialAction":[{"@type":"SearchAction","target":{"@type":"EntryPoint","urlTemplate":"https:\/\/www.gidaperakendecileri.org\/?s={search_term_string}"},"query-input":{"@type":"PropertyValueSpecification","valueRequired":true,"valueName":"search_term_string"}}],"inLanguage":"en-US"},{"@type":"Person","@id":"https:\/\/www.gidaperakendecileri.org\/#\/schema\/person\/a509599b6fcfa3d743530309969de5e6","name":"H\u00fcnkar G\u00f6rel","image":{"@type":"ImageObject","inLanguage":"en-US","@id":"https:\/\/www.gidaperakendecileri.org\/#\/schema\/person\/image\/","url":"https:\/\/secure.gravatar.com\/avatar\/6833176c6068a3a97919a716cee09184937057818487819b3315830bdfd463a4?s=96&d=mm&r=g","contentUrl":"https:\/\/secure.gravatar.com\/avatar\/6833176c6068a3a97919a716cee09184937057818487819b3315830bdfd463a4?s=96&d=mm&r=g","caption":"H\u00fcnkar G\u00f6rel"},"url":"https:\/\/www.gidaperakendecileri.org\/?author=2"}]}},"amp_enabled":true,"_links":{"self":[{"href":"https:\/\/www.gidaperakendecileri.org\/index.php?rest_route=\/wp\/v2\/posts\/3182","targetHints":{"allow":["GET"]}}],"collection":[{"href":"https:\/\/www.gidaperakendecileri.org\/index.php?rest_route=\/wp\/v2\/posts"}],"about":[{"href":"https:\/\/www.gidaperakendecileri.org\/index.php?rest_route=\/wp\/v2\/types\/post"}],"author":[{"embeddable":true,"href":"https:\/\/www.gidaperakendecileri.org\/index.php?rest_route=\/wp\/v2\/users\/2"}],"replies":[{"embeddable":true,"href":"https:\/\/www.gidaperakendecileri.org\/index.php?rest_route=%2Fwp%2Fv2%2Fcomments&post=3182"}],"version-history":[{"count":4,"href":"https:\/\/www.gidaperakendecileri.org\/index.php?rest_route=\/wp\/v2\/posts\/3182\/revisions"}],"predecessor-version":[{"id":3187,"href":"https:\/\/www.gidaperakendecileri.org\/index.php?rest_route=\/wp\/v2\/posts\/3182\/revisions\/3187"}],"wp:featuredmedia":[{"embeddable":true,"href":"https:\/\/www.gidaperakendecileri.org\/index.php?rest_route=\/wp\/v2\/media\/3183"}],"wp:attachment":[{"href":"https:\/\/www.gidaperakendecileri.org\/index.php?rest_route=%2Fwp%2Fv2%2Fmedia&parent=3182"}],"wp:term":[{"taxonomy":"category","embeddable":true,"href":"https:\/\/www.gidaperakendecileri.org\/index.php?rest_route=%2Fwp%2Fv2%2Fcategories&post=3182"},{"taxonomy":"post_tag","embeddable":true,"href":"https:\/\/www.gidaperakendecileri.org\/index.php?rest_route=%2Fwp%2Fv2%2Ftags&post=3182"}],"curies":[{"name":"wp","href":"https:\/\/api.w.org\/{rel}","templated":true}]}}