{"id":2940,"date":"2021-03-03T10:59:47","date_gmt":"2021-03-03T10:59:47","guid":{"rendered":"https:\/\/www.gidaperakendecileri.org\/?p=2940"},"modified":"2021-03-11T11:02:04","modified_gmt":"2021-03-11T11:02:04","slug":"perakende-guven-endeksi-son-8-ayin-en-dusuk-seviyesinde","status":"publish","type":"post","link":"https:\/\/www.gidaperakendecileri.org\/?p=2940","title":{"rendered":"Perakende G\u00fcven Endeksi, Son 8 Ay\u0131n En D\u00fc\u015f\u00fck Seviyesinde"},"content":{"rendered":"\t\t<div data-elementor-type=\"wp-post\" data-elementor-id=\"2940\" class=\"elementor elementor-2940\">\n\t\t\t\t\t\t<section class=\"elementor-section elementor-top-section elementor-element elementor-element-3ef128ae elementor-section-boxed elementor-section-height-default elementor-section-height-default\" data-id=\"3ef128ae\" data-element_type=\"section\">\n\t\t\t\t\t\t<div class=\"elementor-container elementor-column-gap-default\">\n\t\t\t\t\t<div class=\"elementor-column elementor-col-100 elementor-top-column elementor-element elementor-element-6c0ce5df\" data-id=\"6c0ce5df\" data-element_type=\"column\">\n\t\t\t<div class=\"elementor-widget-wrap elementor-element-populated\">\n\t\t\t\t\t\t<div class=\"elementor-element elementor-element-5aacae7a elementor-widget elementor-widget-text-editor\" data-id=\"5aacae7a\" data-element_type=\"widget\" data-widget_type=\"text-editor.default\">\n\t\t\t\t<div class=\"elementor-widget-container\">\n\t\t\t\t\t\t\t\t\t<div class=\"td-paragraph-padding-1\"><h3><span style=\"color: #000000;\"><strong>T\u00fcrkiye Ekonomi Politikalar\u0131 Ara\u015ft\u0131rma Vakf\u0131\u2019n\u0131n (TEPAV) Perakende G\u00fcven Endeksi (TEPE), \u015eubat&#8217;ta stoklardaki art\u0131\u015flarla 2020\u2019nin Haziran ay\u0131ndan bu yana en d\u00fc\u015f\u00fck seviyesine geriledi.<\/strong><\/span><\/h3><p><span style=\"color: #000000;\">Perakende G\u00fcven Endeksi (TEPE), \u015eubat 2021\u2019de bir \u00f6nceki aya g\u00f6re 1,3 puan, bir \u00f6nceki y\u0131l\u0131n ayn\u0131 d\u00f6nemine g\u00f6re ise 1,4 puan azal\u0131\u015fla -16,5 puan de\u011ferini ald\u0131. Perakende g\u00fcveninin ge\u00e7en aya ve ge\u00e7en y\u0131la k\u0131yasla azal\u0131\u015f\u0131nda ge\u00e7ti\u011fimiz 3 ayda i\u015flerin durumu ve gelecek 3 ayda sat\u0131\u015f beklentisi g\u00f6stergelerindeki iyile\u015fmeye ra\u011fmen mevcut stok d\u00fczeyindeki art\u0131\u015f etkili oldu. \u201cYiyecek, i\u00e7ecek ve t\u00fct\u00fcn \u00fcr\u00fcnleri\u201d sekt\u00f6r\u00fc \u015eubat ay\u0131nda perakende g\u00fcveni en fazla artan sekt\u00f6r oldu. B\u00f6lgeler baz\u0131nda incelendi\u011finde ise \u015eubat ay\u0131 perakende g\u00fcveninde en fazla art\u0131\u015f Bat\u0131 Anadolu B\u00f6lgesi\u2019nde g\u00f6r\u00fcld\u00fc. Perakende g\u00fcveninde T\u00fcrkiye, ge\u00e7en y\u0131la g\u00f6re AB-27 ve Euro B\u00f6lgesi\u2019nden daha iyi performans sergiledi.<\/span><\/p><p><strong><span style=\"color: #000000;\">Perakende G\u00fcveni Ge\u00e7en Aya ve Ge\u00e7en Y\u0131la K\u0131yasla Geriledi<\/span><\/strong><br \/><span style=\"color: #000000;\">\u015eubat ay\u0131nda -16,5 puan de\u011ferini alan TEPE, ge\u00e7en y\u0131l\u0131n ayn\u0131 d\u00f6nemine g\u00f6re 1,4 puan, ge\u00e7en aya g\u00f6re 1,3 puan azald\u0131. Bu de\u011fer, ge\u00e7en y\u0131l\u0131n Haziran ay\u0131ndan sonraki en d\u00fc\u015f\u00fck d\u00fczeyi olu\u015fturuyor. TEPE de\u011ferinin ayl\u0131k ve y\u0131ll\u0131k azal\u0131\u015f\u0131nda, ge\u00e7ti\u011fimiz 3 ayda i\u015flerin durumu ve gelecek 3 ayda sat\u0131\u015f beklentisi g\u00f6stergelerindeki iyile\u015fmeye ra\u011fmen mevcut stok d\u00fczeyindeki art\u0131\u015f etkili oldu.<\/span><\/p><p><strong><span style=\"color: #000000;\">Perakendecilerin Sat\u0131\u015f Beklentisi Artt\u0131<\/span><\/strong><br \/><span style=\"color: #000000;\">\u00d6n\u00fcm\u00fczdeki 3 aya ili\u015fkin sat\u0131\u015f beklentilerinin denge de\u011feri \u015eubat 2021\u2019de -7,8 puan oldu. Buna g\u00f6re \u00f6n\u00fcm\u00fczdeki 3 aya ili\u015fkin sat\u0131\u015f beklentileri, bir \u00f6nceki aya g\u00f6re 1,4 puan, bir \u00f6nceki y\u0131l\u0131n ayn\u0131 ay\u0131na g\u00f6re 2,1 puan artt\u0131.<\/span><br \/><span style=\"color: #000000;\">\u015eubat 2021\u2019de TEPE anketi kat\u0131l\u0131mc\u0131lar\u0131n\u0131n y\u00fczde 32,9\u2019u \u00f6n\u00fcm\u00fczdeki 3 ayda i\u015flerinde iyile\u015fme beklerken, y\u00fczde 35,2\u2019si i\u015flerinde k\u00f6t\u00fcle\u015fme bekledi\u011fini belirtti. \u0130\u015flerinde bir de\u011fi\u015fiklik beklemeyenlerin oran\u0131 ise y\u00fczde 32 oldu.<\/span><\/p><\/div><p><img fetchpriority=\"high\" decoding=\"async\" class=\" wp-image-2942 aligncenter\" src=\"https:\/\/www.gidaperakendecileri.org\/wp-content\/uploads\/2021\/03\/tepe-134-120x300.jpg\" alt=\"\" width=\"315\" height=\"788\" srcset=\"https:\/\/www.gidaperakendecileri.org\/wp-content\/uploads\/2021\/03\/tepe-134-120x300.jpg 120w, https:\/\/www.gidaperakendecileri.org\/wp-content\/uploads\/2021\/03\/tepe-134-410x1024.jpg 410w, https:\/\/www.gidaperakendecileri.org\/wp-content\/uploads\/2021\/03\/tepe-134-168x420.jpg 168w, https:\/\/www.gidaperakendecileri.org\/wp-content\/uploads\/2021\/03\/tepe-134.jpg 432w\" sizes=\"(max-width: 315px) 100vw, 315px\" \/><\/p>\t\t\t\t\t\t\t\t<\/div>\n\t\t\t\t<\/div>\n\t\t\t\t\t<\/div>\n\t\t<\/div>\n\t\t\t\t\t<\/div>\n\t\t<\/section>\n\t\t\t\t<\/div>\n\t\t","protected":false},"excerpt":{"rendered":"<p>T\u00fcrkiye Ekonomi Politikalar\u0131 Ara\u015ft\u0131rma Vakf\u0131\u2019n\u0131n (TEPAV) Perakende G\u00fcven Endeksi (TEPE), \u015eubat&#8217;ta stoklardaki art\u0131\u015flarla 2020\u2019nin Haziran ay\u0131ndan bu yana en d\u00fc\u015f\u00fck seviyesine geriledi. Perakende G\u00fcven Endeksi (TEPE), \u015eubat 2021\u2019de bir \u00f6nceki aya g\u00f6re 1,3 puan, bir \u00f6nceki y\u0131l\u0131n ayn\u0131 d\u00f6nemine g\u00f6re ise 1,4 puan azal\u0131\u015fla -16,5 puan de\u011ferini ald\u0131. Perakende g\u00fcveninin ge\u00e7en aya ve ge\u00e7en y\u0131la [&hellip;]<\/p>\n","protected":false},"author":2,"featured_media":2668,"comment_status":"closed","ping_status":"closed","sticky":false,"template":"","format":"standard","meta":{"_monsterinsights_skip_tracking":false,"_monsterinsights_sitenote_active":false,"_monsterinsights_sitenote_note":"","_monsterinsights_sitenote_category":0,"footnotes":""},"categories":[23,32],"tags":[],"class_list":{"0":"post-2940","1":"post","2":"type-post","3":"status-publish","4":"format-standard","5":"has-post-thumbnail","7":"category-haberler","8":"category-sektorden-haberler-haberler"},"featured_image_src":"https:\/\/www.gidaperakendecileri.org\/wp-content\/uploads\/2021\/01\/perakende-guven-endeksi-132.jpg","author_info":{"display_name":"H\u00fcnkar G\u00f6rel","author_link":"https:\/\/www.gidaperakendecileri.org\/?author=2"},"yoast_head":"<!-- This site is optimized with the Yoast SEO plugin v26.7 - https:\/\/yoast.com\/wordpress\/plugins\/seo\/ -->\n<title>Perakende G\u00fcven Endeksi, Son 8 Ay\u0131n En D\u00fc\u015f\u00fck Seviyesinde - GPD<\/title>\n<meta name=\"robots\" content=\"index, follow, max-snippet:-1, max-image-preview:large, max-video-preview:-1\" \/>\n<link rel=\"canonical\" href=\"https:\/\/www.gidaperakendecileri.org\/?p=2940\" \/>\n<meta property=\"og:locale\" content=\"en_US\" \/>\n<meta property=\"og:type\" content=\"article\" \/>\n<meta property=\"og:title\" content=\"Perakende G\u00fcven Endeksi, Son 8 Ay\u0131n En D\u00fc\u015f\u00fck Seviyesinde - GPD\" \/>\n<meta property=\"og:description\" content=\"T\u00fcrkiye Ekonomi Politikalar\u0131 Ara\u015ft\u0131rma Vakf\u0131\u2019n\u0131n (TEPAV) Perakende G\u00fcven Endeksi (TEPE), \u015eubat&#8217;ta stoklardaki art\u0131\u015flarla 2020\u2019nin Haziran ay\u0131ndan bu yana en d\u00fc\u015f\u00fck seviyesine geriledi. Perakende G\u00fcven Endeksi (TEPE), \u015eubat 2021\u2019de bir \u00f6nceki aya g\u00f6re 1,3 puan, bir \u00f6nceki y\u0131l\u0131n ayn\u0131 d\u00f6nemine g\u00f6re ise 1,4 puan azal\u0131\u015fla -16,5 puan de\u011ferini ald\u0131. Perakende g\u00fcveninin ge\u00e7en aya ve ge\u00e7en y\u0131la [&hellip;]\" \/>\n<meta property=\"og:url\" content=\"https:\/\/www.gidaperakendecileri.org\/?p=2940\" \/>\n<meta property=\"og:site_name\" content=\"GPD\" \/>\n<meta property=\"article:published_time\" content=\"2021-03-03T10:59:47+00:00\" \/>\n<meta property=\"article:modified_time\" content=\"2021-03-11T11:02:04+00:00\" \/>\n<meta property=\"og:image\" content=\"https:\/\/www.gidaperakendecileri.org\/wp-content\/uploads\/2021\/01\/perakende-guven-endeksi-132.jpg\" \/>\n\t<meta property=\"og:image:width\" content=\"1382\" \/>\n\t<meta property=\"og:image:height\" content=\"922\" \/>\n\t<meta property=\"og:image:type\" content=\"image\/jpeg\" \/>\n<meta name=\"author\" content=\"H\u00fcnkar G\u00f6rel\" \/>\n<meta name=\"twitter:card\" content=\"summary_large_image\" \/>\n<meta name=\"twitter:label1\" content=\"Written by\" \/>\n\t<meta name=\"twitter:data1\" content=\"H\u00fcnkar G\u00f6rel\" \/>\n\t<meta name=\"twitter:label2\" content=\"Est. reading time\" \/>\n\t<meta name=\"twitter:data2\" content=\"2 minutes\" \/>\n<script type=\"application\/ld+json\" class=\"yoast-schema-graph\">{\"@context\":\"https:\/\/schema.org\",\"@graph\":[{\"@type\":\"Article\",\"@id\":\"https:\/\/www.gidaperakendecileri.org\/?p=2940#article\",\"isPartOf\":{\"@id\":\"https:\/\/www.gidaperakendecileri.org\/?p=2940\"},\"author\":{\"name\":\"H\u00fcnkar G\u00f6rel\",\"@id\":\"https:\/\/www.gidaperakendecileri.org\/#\/schema\/person\/a509599b6fcfa3d743530309969de5e6\"},\"headline\":\"Perakende G\u00fcven Endeksi, Son 8 Ay\u0131n En D\u00fc\u015f\u00fck Seviyesinde\",\"datePublished\":\"2021-03-03T10:59:47+00:00\",\"dateModified\":\"2021-03-11T11:02:04+00:00\",\"mainEntityOfPage\":{\"@id\":\"https:\/\/www.gidaperakendecileri.org\/?p=2940\"},\"wordCount\":372,\"image\":{\"@id\":\"https:\/\/www.gidaperakendecileri.org\/?p=2940#primaryimage\"},\"thumbnailUrl\":\"https:\/\/www.gidaperakendecileri.org\/wp-content\/uploads\/2021\/01\/perakende-guven-endeksi-132.jpg\",\"articleSection\":[\"Haberler\",\"Sekt\u00f6rden Haberler\"],\"inLanguage\":\"en-US\"},{\"@type\":\"WebPage\",\"@id\":\"https:\/\/www.gidaperakendecileri.org\/?p=2940\",\"url\":\"https:\/\/www.gidaperakendecileri.org\/?p=2940\",\"name\":\"Perakende G\u00fcven Endeksi, Son 8 Ay\u0131n En D\u00fc\u015f\u00fck Seviyesinde - GPD\",\"isPartOf\":{\"@id\":\"https:\/\/www.gidaperakendecileri.org\/#website\"},\"primaryImageOfPage\":{\"@id\":\"https:\/\/www.gidaperakendecileri.org\/?p=2940#primaryimage\"},\"image\":{\"@id\":\"https:\/\/www.gidaperakendecileri.org\/?p=2940#primaryimage\"},\"thumbnailUrl\":\"https:\/\/www.gidaperakendecileri.org\/wp-content\/uploads\/2021\/01\/perakende-guven-endeksi-132.jpg\",\"datePublished\":\"2021-03-03T10:59:47+00:00\",\"dateModified\":\"2021-03-11T11:02:04+00:00\",\"author\":{\"@id\":\"https:\/\/www.gidaperakendecileri.org\/#\/schema\/person\/a509599b6fcfa3d743530309969de5e6\"},\"breadcrumb\":{\"@id\":\"https:\/\/www.gidaperakendecileri.org\/?p=2940#breadcrumb\"},\"inLanguage\":\"en-US\",\"potentialAction\":[{\"@type\":\"ReadAction\",\"target\":[\"https:\/\/www.gidaperakendecileri.org\/?p=2940\"]}]},{\"@type\":\"ImageObject\",\"inLanguage\":\"en-US\",\"@id\":\"https:\/\/www.gidaperakendecileri.org\/?p=2940#primaryimage\",\"url\":\"https:\/\/www.gidaperakendecileri.org\/wp-content\/uploads\/2021\/01\/perakende-guven-endeksi-132.jpg\",\"contentUrl\":\"https:\/\/www.gidaperakendecileri.org\/wp-content\/uploads\/2021\/01\/perakende-guven-endeksi-132.jpg\",\"width\":1382,\"height\":922},{\"@type\":\"BreadcrumbList\",\"@id\":\"https:\/\/www.gidaperakendecileri.org\/?p=2940#breadcrumb\",\"itemListElement\":[{\"@type\":\"ListItem\",\"position\":1,\"name\":\"Home\",\"item\":\"https:\/\/www.gidaperakendecileri.org\/\"},{\"@type\":\"ListItem\",\"position\":2,\"name\":\"Perakende G\u00fcven Endeksi, Son 8 Ay\u0131n En D\u00fc\u015f\u00fck Seviyesinde\"}]},{\"@type\":\"WebSite\",\"@id\":\"https:\/\/www.gidaperakendecileri.org\/#website\",\"url\":\"https:\/\/www.gidaperakendecileri.org\/\",\"name\":\"GPD\",\"description\":\"G\u0131da Perakendecileri Derne\u011fi\",\"potentialAction\":[{\"@type\":\"SearchAction\",\"target\":{\"@type\":\"EntryPoint\",\"urlTemplate\":\"https:\/\/www.gidaperakendecileri.org\/?s={search_term_string}\"},\"query-input\":{\"@type\":\"PropertyValueSpecification\",\"valueRequired\":true,\"valueName\":\"search_term_string\"}}],\"inLanguage\":\"en-US\"},{\"@type\":\"Person\",\"@id\":\"https:\/\/www.gidaperakendecileri.org\/#\/schema\/person\/a509599b6fcfa3d743530309969de5e6\",\"name\":\"H\u00fcnkar G\u00f6rel\",\"image\":{\"@type\":\"ImageObject\",\"inLanguage\":\"en-US\",\"@id\":\"https:\/\/www.gidaperakendecileri.org\/#\/schema\/person\/image\/\",\"url\":\"https:\/\/secure.gravatar.com\/avatar\/6833176c6068a3a97919a716cee09184937057818487819b3315830bdfd463a4?s=96&d=mm&r=g\",\"contentUrl\":\"https:\/\/secure.gravatar.com\/avatar\/6833176c6068a3a97919a716cee09184937057818487819b3315830bdfd463a4?s=96&d=mm&r=g\",\"caption\":\"H\u00fcnkar G\u00f6rel\"},\"url\":\"https:\/\/www.gidaperakendecileri.org\/?author=2\"}]}<\/script>\n<!-- \/ Yoast SEO plugin. -->","yoast_head_json":{"title":"Perakende G\u00fcven Endeksi, Son 8 Ay\u0131n En D\u00fc\u015f\u00fck Seviyesinde - GPD","robots":{"index":"index","follow":"follow","max-snippet":"max-snippet:-1","max-image-preview":"max-image-preview:large","max-video-preview":"max-video-preview:-1"},"canonical":"https:\/\/www.gidaperakendecileri.org\/?p=2940","og_locale":"en_US","og_type":"article","og_title":"Perakende G\u00fcven Endeksi, Son 8 Ay\u0131n En D\u00fc\u015f\u00fck Seviyesinde - GPD","og_description":"T\u00fcrkiye Ekonomi Politikalar\u0131 Ara\u015ft\u0131rma Vakf\u0131\u2019n\u0131n (TEPAV) Perakende G\u00fcven Endeksi (TEPE), \u015eubat&#8217;ta stoklardaki art\u0131\u015flarla 2020\u2019nin Haziran ay\u0131ndan bu yana en d\u00fc\u015f\u00fck seviyesine geriledi. Perakende G\u00fcven Endeksi (TEPE), \u015eubat 2021\u2019de bir \u00f6nceki aya g\u00f6re 1,3 puan, bir \u00f6nceki y\u0131l\u0131n ayn\u0131 d\u00f6nemine g\u00f6re ise 1,4 puan azal\u0131\u015fla -16,5 puan de\u011ferini ald\u0131. Perakende g\u00fcveninin ge\u00e7en aya ve ge\u00e7en y\u0131la [&hellip;]","og_url":"https:\/\/www.gidaperakendecileri.org\/?p=2940","og_site_name":"GPD","article_published_time":"2021-03-03T10:59:47+00:00","article_modified_time":"2021-03-11T11:02:04+00:00","og_image":[{"width":1382,"height":922,"url":"https:\/\/www.gidaperakendecileri.org\/wp-content\/uploads\/2021\/01\/perakende-guven-endeksi-132.jpg","type":"image\/jpeg"}],"author":"H\u00fcnkar G\u00f6rel","twitter_card":"summary_large_image","twitter_misc":{"Written by":"H\u00fcnkar G\u00f6rel","Est. reading time":"2 minutes"},"schema":{"@context":"https:\/\/schema.org","@graph":[{"@type":"Article","@id":"https:\/\/www.gidaperakendecileri.org\/?p=2940#article","isPartOf":{"@id":"https:\/\/www.gidaperakendecileri.org\/?p=2940"},"author":{"name":"H\u00fcnkar G\u00f6rel","@id":"https:\/\/www.gidaperakendecileri.org\/#\/schema\/person\/a509599b6fcfa3d743530309969de5e6"},"headline":"Perakende G\u00fcven Endeksi, Son 8 Ay\u0131n En D\u00fc\u015f\u00fck Seviyesinde","datePublished":"2021-03-03T10:59:47+00:00","dateModified":"2021-03-11T11:02:04+00:00","mainEntityOfPage":{"@id":"https:\/\/www.gidaperakendecileri.org\/?p=2940"},"wordCount":372,"image":{"@id":"https:\/\/www.gidaperakendecileri.org\/?p=2940#primaryimage"},"thumbnailUrl":"https:\/\/www.gidaperakendecileri.org\/wp-content\/uploads\/2021\/01\/perakende-guven-endeksi-132.jpg","articleSection":["Haberler","Sekt\u00f6rden Haberler"],"inLanguage":"en-US"},{"@type":"WebPage","@id":"https:\/\/www.gidaperakendecileri.org\/?p=2940","url":"https:\/\/www.gidaperakendecileri.org\/?p=2940","name":"Perakende G\u00fcven Endeksi, Son 8 Ay\u0131n En D\u00fc\u015f\u00fck Seviyesinde - GPD","isPartOf":{"@id":"https:\/\/www.gidaperakendecileri.org\/#website"},"primaryImageOfPage":{"@id":"https:\/\/www.gidaperakendecileri.org\/?p=2940#primaryimage"},"image":{"@id":"https:\/\/www.gidaperakendecileri.org\/?p=2940#primaryimage"},"thumbnailUrl":"https:\/\/www.gidaperakendecileri.org\/wp-content\/uploads\/2021\/01\/perakende-guven-endeksi-132.jpg","datePublished":"2021-03-03T10:59:47+00:00","dateModified":"2021-03-11T11:02:04+00:00","author":{"@id":"https:\/\/www.gidaperakendecileri.org\/#\/schema\/person\/a509599b6fcfa3d743530309969de5e6"},"breadcrumb":{"@id":"https:\/\/www.gidaperakendecileri.org\/?p=2940#breadcrumb"},"inLanguage":"en-US","potentialAction":[{"@type":"ReadAction","target":["https:\/\/www.gidaperakendecileri.org\/?p=2940"]}]},{"@type":"ImageObject","inLanguage":"en-US","@id":"https:\/\/www.gidaperakendecileri.org\/?p=2940#primaryimage","url":"https:\/\/www.gidaperakendecileri.org\/wp-content\/uploads\/2021\/01\/perakende-guven-endeksi-132.jpg","contentUrl":"https:\/\/www.gidaperakendecileri.org\/wp-content\/uploads\/2021\/01\/perakende-guven-endeksi-132.jpg","width":1382,"height":922},{"@type":"BreadcrumbList","@id":"https:\/\/www.gidaperakendecileri.org\/?p=2940#breadcrumb","itemListElement":[{"@type":"ListItem","position":1,"name":"Home","item":"https:\/\/www.gidaperakendecileri.org\/"},{"@type":"ListItem","position":2,"name":"Perakende G\u00fcven Endeksi, Son 8 Ay\u0131n En D\u00fc\u015f\u00fck Seviyesinde"}]},{"@type":"WebSite","@id":"https:\/\/www.gidaperakendecileri.org\/#website","url":"https:\/\/www.gidaperakendecileri.org\/","name":"GPD","description":"G\u0131da Perakendecileri Derne\u011fi","potentialAction":[{"@type":"SearchAction","target":{"@type":"EntryPoint","urlTemplate":"https:\/\/www.gidaperakendecileri.org\/?s={search_term_string}"},"query-input":{"@type":"PropertyValueSpecification","valueRequired":true,"valueName":"search_term_string"}}],"inLanguage":"en-US"},{"@type":"Person","@id":"https:\/\/www.gidaperakendecileri.org\/#\/schema\/person\/a509599b6fcfa3d743530309969de5e6","name":"H\u00fcnkar G\u00f6rel","image":{"@type":"ImageObject","inLanguage":"en-US","@id":"https:\/\/www.gidaperakendecileri.org\/#\/schema\/person\/image\/","url":"https:\/\/secure.gravatar.com\/avatar\/6833176c6068a3a97919a716cee09184937057818487819b3315830bdfd463a4?s=96&d=mm&r=g","contentUrl":"https:\/\/secure.gravatar.com\/avatar\/6833176c6068a3a97919a716cee09184937057818487819b3315830bdfd463a4?s=96&d=mm&r=g","caption":"H\u00fcnkar G\u00f6rel"},"url":"https:\/\/www.gidaperakendecileri.org\/?author=2"}]}},"amp_enabled":true,"_links":{"self":[{"href":"https:\/\/www.gidaperakendecileri.org\/index.php?rest_route=\/wp\/v2\/posts\/2940","targetHints":{"allow":["GET"]}}],"collection":[{"href":"https:\/\/www.gidaperakendecileri.org\/index.php?rest_route=\/wp\/v2\/posts"}],"about":[{"href":"https:\/\/www.gidaperakendecileri.org\/index.php?rest_route=\/wp\/v2\/types\/post"}],"author":[{"embeddable":true,"href":"https:\/\/www.gidaperakendecileri.org\/index.php?rest_route=\/wp\/v2\/users\/2"}],"replies":[{"embeddable":true,"href":"https:\/\/www.gidaperakendecileri.org\/index.php?rest_route=%2Fwp%2Fv2%2Fcomments&post=2940"}],"version-history":[{"count":4,"href":"https:\/\/www.gidaperakendecileri.org\/index.php?rest_route=\/wp\/v2\/posts\/2940\/revisions"}],"predecessor-version":[{"id":2945,"href":"https:\/\/www.gidaperakendecileri.org\/index.php?rest_route=\/wp\/v2\/posts\/2940\/revisions\/2945"}],"wp:featuredmedia":[{"embeddable":true,"href":"https:\/\/www.gidaperakendecileri.org\/index.php?rest_route=\/wp\/v2\/media\/2668"}],"wp:attachment":[{"href":"https:\/\/www.gidaperakendecileri.org\/index.php?rest_route=%2Fwp%2Fv2%2Fmedia&parent=2940"}],"wp:term":[{"taxonomy":"category","embeddable":true,"href":"https:\/\/www.gidaperakendecileri.org\/index.php?rest_route=%2Fwp%2Fv2%2Fcategories&post=2940"},{"taxonomy":"post_tag","embeddable":true,"href":"https:\/\/www.gidaperakendecileri.org\/index.php?rest_route=%2Fwp%2Fv2%2Ftags&post=2940"}],"curies":[{"name":"wp","href":"https:\/\/api.w.org\/{rel}","templated":true}]}}