{"id":2816,"date":"2021-02-06T19:06:19","date_gmt":"2021-02-06T19:06:19","guid":{"rendered":"https:\/\/www.gidaperakendecileri.org\/?p=2816"},"modified":"2021-02-07T19:16:30","modified_gmt":"2021-02-07T19:16:30","slug":"migros-tseden-covid-19-guvenli-hizmet-uretim-belgesi-alan-ilk-perakende-firmasi-oldu","status":"publish","type":"post","link":"https:\/\/www.gidaperakendecileri.org\/?p=2816","title":{"rendered":"Migros, TSE\u2019den Covid-19 G\u00fcvenli Hizmet\/\u00dcretim Belgesi Alan \u0130lk Perakende Firmas\u0131 Oldu"},"content":{"rendered":"\t\t<div data-elementor-type=\"wp-post\" data-elementor-id=\"2816\" class=\"elementor elementor-2816\">\n\t\t\t\t\t\t<section class=\"elementor-section elementor-top-section elementor-element elementor-element-3ef128ae elementor-section-boxed elementor-section-height-default elementor-section-height-default\" data-id=\"3ef128ae\" data-element_type=\"section\">\n\t\t\t\t\t\t<div class=\"elementor-container elementor-column-gap-default\">\n\t\t\t\t\t<div class=\"elementor-column elementor-col-100 elementor-top-column elementor-element elementor-element-6c0ce5df\" data-id=\"6c0ce5df\" data-element_type=\"column\">\n\t\t\t<div class=\"elementor-widget-wrap elementor-element-populated\">\n\t\t\t\t\t\t<div class=\"elementor-element elementor-element-5aacae7a elementor-widget elementor-widget-text-editor\" data-id=\"5aacae7a\" data-element_type=\"widget\" data-widget_type=\"text-editor.default\">\n\t\t\t\t<div class=\"elementor-widget-container\">\n\t\t\t\t\t\t\t\t\t<div class=\"td-paragraph-padding-1\"><h3><span style=\"color: #000000;\"><strong>Migros; COVID-19 salg\u0131n\u0131yla m\u00fccadele kapsam\u0131nda T\u00fcrk Standartlar\u0131 Enstit\u00fcs\u00fc (TSE) taraf\u0131ndan belirlenen t\u00fcm kriterleri ba\u015far\u0131yla tamamlayarak, \u00fcretim tesisleri, da\u011f\u0131t\u0131m merkezleri, se\u00e7ilmi\u015f sat\u0131\u015f ma\u011fazalar\u0131, ofisleri ve al\u0131\u015fveri\u015f merkezlerinde TSE COVID-19 G\u00fcvenli Hizmet \/\u00dcretim Belgesi almaya hak kazanan ilk perakende firmas\u0131 oldu.<\/strong><\/span><\/h3><p><span style=\"color: #000000;\">Perakende sekt\u00f6r\u00fcne 66 y\u0131ld\u0131r \u00f6nc\u00fcl\u00fck eden Migros, sekt\u00f6r\u00fcnde bir ilke daha imza atarak farkl\u0131 faaliyet alanlar\u0131na y\u00f6nelik T\u00fcrk Standartlar\u0131 Enstit\u00fcs\u00fc taraf\u0131ndan verilen COVID-19 G\u00fcvenli \u00dcretim\/Hizmet Belgesi\u2019nin sahibi oldu. COVID-19 pandemisinin g\u00f6r\u00fclmeye ba\u015flad\u0131\u011f\u0131 ilk g\u00fcnden itibaren \u00f6ncelikli olarak \u00e7al\u0131\u015fanlar\u0131n\u0131n, m\u00fc\u015fterilerinin ve payda\u015flar\u0131n\u0131n sa\u011fl\u0131klar\u0131n\u0131 korumak, g\u00fcvenilir ve kaliteli hizmetini m\u00fc\u015fterilerine kesintisiz olarak sunmak amac\u0131yla \u00e7al\u0131\u015fmalar\u0131n\u0131 s\u00fcrd\u00fcren Migros, \u00fcretim tesisleri, da\u011f\u0131t\u0131m merkezleri, se\u00e7ilmi\u015f sat\u0131\u015f ma\u011fazalar\u0131, ofisleri ve al\u0131\u015fveri\u015f merkezlerinde ger\u00e7ekle\u015ftirdi\u011fi \u00e7al\u0131\u015fmalar ve uygulamalar ile belgeyi almaya hak kazand\u0131.<\/span><\/p><p><span style=\"color: #000000;\">Migros, T.C. Sanayi ve Teknoloji Bakanl\u0131\u011f\u0131 COVID-19 Hijyen, Enfeksiyon \u00d6nleme ve Kontrol K\u0131lavuzu\u2019nda salg\u0131n\u0131n y\u00f6netimine y\u00f6nelik haz\u0131rlanan rehberde yer alan; COVID-19\u2018un bula\u015f \u00f6zellikleri, korunma ve kontrol \u00f6nlemleri, uygulamaya y\u00f6nelik \u00f6nlemler, e\u011fitimler, at\u0131k y\u00f6netimi, sosyal-ortak kullan\u0131m alanlar\u0131, temizlik-dezenfeksiyon y\u00f6netimi ile i\u015f sa\u011fl\u0131\u011f\u0131 ve g\u00fcvenli\u011fi ekipmanlar\u0131 s\u00fcre\u00e7lerine y\u00f6nelik uygulamalar\u0131 h\u0131zl\u0131ca hayata ge\u00e7irerek t\u00fcm prosed\u00fcrleri ba\u015far\u0131yla yerine getirdi.<\/span><\/p><p><span style=\"color: #000000;\">TSE COVID-19 G\u00fcvenli Hizmet, TSE COVID-19 G\u00fcvenli \u00dcretim, TSE COVID-19 Al\u0131\u015fveri\u015f Merkezleri G\u00fcvenli Hizmet ve TSE COVID-19 Marketler S\u00fcpermarketler G\u00fcvenli Hizmet kapsam\u0131nda yay\u0131nlanan k\u0131lavuzlar do\u011frultusunda; \u00fcretim tesisleri, da\u011f\u0131t\u0131m merkezleri, se\u00e7ilmi\u015f sat\u0131\u015f ma\u011fazalar\u0131, ofisleri ve al\u0131\u015fveri\u015f merkezlerinde ger\u00e7ekle\u015ftirilen denetimlerden ba\u015far\u0131yla ge\u00e7en Migros\u2019un, g\u00fcvenilir ve kaliteli hizmeti bir kez daha belgelenmi\u015f oldu.<\/span><\/p><p><span style=\"color: #000000;\">Migros; stratejileri ve misyonu do\u011frultusunda s\u00fcrd\u00fcr\u00fclebilir kalite ve sekt\u00f6rel \u00f6nc\u00fcl\u00fc\u011f\u00fc sa\u011flamak \u00fczere sahip oldu\u011fu 7 Kalite Y\u00f6netim Sistemi TSE Belgesi\u2019ne ek olarak; M\u0130GET ve Gebze Taze Et \u00dcretim Tesisleri, Macrocenter Eclipse \u0130malat At\u00f6lyesi, Mersin ve Antalya Meyve Sebze \u00dcretim ve Da\u011f\u0131t\u0131m Merkezleri, Pelitli Toptan Sat\u0131\u015f Deposu, \u0130zmir Bal\u00e7ova, \u0130zmir \u00c7i\u011fli, Ankara365, Antalya ve Beylikd\u00fcz\u00fc AVM\u2019leri, Migros Genel M\u00fcd\u00fcrl\u00fck, \u0130\u00e7 Anadolu ve Ege B\u00f6lge Direkt\u00f6rl\u00fckleri Ofisleri, Ata\u015fehir MMM ma\u011fazalar\u0131 TSE COVID-19 G\u00fcvenli Hizmet \/ \u00dcretim sertifikalar\u0131 ile hizmet vermeye devam edecek.<\/span><\/p><\/div>\t\t\t\t\t\t\t\t<\/div>\n\t\t\t\t<\/div>\n\t\t\t\t\t<\/div>\n\t\t<\/div>\n\t\t\t\t\t<\/div>\n\t\t<\/section>\n\t\t\t\t<\/div>\n\t\t","protected":false},"excerpt":{"rendered":"<p>Migros; COVID-19 salg\u0131n\u0131yla m\u00fccadele kapsam\u0131nda T\u00fcrk Standartlar\u0131 Enstit\u00fcs\u00fc (TSE) taraf\u0131ndan belirlenen t\u00fcm kriterleri ba\u015far\u0131yla tamamlayarak, \u00fcretim tesisleri, da\u011f\u0131t\u0131m merkezleri, se\u00e7ilmi\u015f sat\u0131\u015f ma\u011fazalar\u0131, ofisleri ve al\u0131\u015fveri\u015f merkezlerinde TSE COVID-19 G\u00fcvenli Hizmet \/\u00dcretim Belgesi almaya hak kazanan ilk perakende firmas\u0131 oldu. Perakende sekt\u00f6r\u00fcne 66 y\u0131ld\u0131r \u00f6nc\u00fcl\u00fck eden Migros, sekt\u00f6r\u00fcnde bir ilke daha imza atarak farkl\u0131 faaliyet alanlar\u0131na [&hellip;]<\/p>\n","protected":false},"author":2,"featured_media":2817,"comment_status":"closed","ping_status":"closed","sticky":false,"template":"","format":"standard","meta":{"_monsterinsights_skip_tracking":false,"_monsterinsights_sitenote_active":false,"_monsterinsights_sitenote_note":"","_monsterinsights_sitenote_category":0,"footnotes":""},"categories":[23,33],"tags":[],"class_list":{"0":"post-2816","1":"post","2":"type-post","3":"status-publish","4":"format-standard","5":"has-post-thumbnail","7":"category-haberler","8":"category-uyelerimizden-haberler-haberler"},"featured_image_src":"https:\/\/www.gidaperakendecileri.org\/wp-content\/uploads\/2021\/02\/migros-covid-tse.jpg","author_info":{"display_name":"H\u00fcnkar G\u00f6rel","author_link":"https:\/\/www.gidaperakendecileri.org\/?author=2"},"yoast_head":"<!-- This site is optimized with the Yoast SEO plugin v26.7 - https:\/\/yoast.com\/wordpress\/plugins\/seo\/ -->\n<title>Migros, TSE\u2019den Covid-19 G\u00fcvenli Hizmet\/\u00dcretim Belgesi Alan \u0130lk Perakende Firmas\u0131 Oldu - GPD<\/title>\n<meta name=\"robots\" content=\"index, follow, max-snippet:-1, max-image-preview:large, max-video-preview:-1\" \/>\n<link rel=\"canonical\" href=\"https:\/\/www.gidaperakendecileri.org\/?p=2816\" \/>\n<meta property=\"og:locale\" content=\"en_US\" \/>\n<meta property=\"og:type\" content=\"article\" \/>\n<meta property=\"og:title\" content=\"Migros, TSE\u2019den Covid-19 G\u00fcvenli Hizmet\/\u00dcretim Belgesi Alan \u0130lk Perakende Firmas\u0131 Oldu - GPD\" \/>\n<meta property=\"og:description\" content=\"Migros; COVID-19 salg\u0131n\u0131yla m\u00fccadele kapsam\u0131nda T\u00fcrk Standartlar\u0131 Enstit\u00fcs\u00fc (TSE) taraf\u0131ndan belirlenen t\u00fcm kriterleri ba\u015far\u0131yla tamamlayarak, \u00fcretim tesisleri, da\u011f\u0131t\u0131m merkezleri, se\u00e7ilmi\u015f sat\u0131\u015f ma\u011fazalar\u0131, ofisleri ve al\u0131\u015fveri\u015f merkezlerinde TSE COVID-19 G\u00fcvenli Hizmet \/\u00dcretim Belgesi almaya hak kazanan ilk perakende firmas\u0131 oldu. Perakende sekt\u00f6r\u00fcne 66 y\u0131ld\u0131r \u00f6nc\u00fcl\u00fck eden Migros, sekt\u00f6r\u00fcnde bir ilke daha imza atarak farkl\u0131 faaliyet alanlar\u0131na [&hellip;]\" \/>\n<meta property=\"og:url\" content=\"https:\/\/www.gidaperakendecileri.org\/?p=2816\" \/>\n<meta property=\"og:site_name\" content=\"GPD\" \/>\n<meta property=\"article:published_time\" content=\"2021-02-06T19:06:19+00:00\" \/>\n<meta property=\"article:modified_time\" content=\"2021-02-07T19:16:30+00:00\" \/>\n<meta property=\"og:image\" content=\"https:\/\/www.gidaperakendecileri.org\/wp-content\/uploads\/2021\/02\/migros-covid-tse.jpg\" \/>\n\t<meta property=\"og:image:width\" content=\"1067\" \/>\n\t<meta property=\"og:image:height\" content=\"710\" \/>\n\t<meta property=\"og:image:type\" content=\"image\/jpeg\" \/>\n<meta name=\"author\" content=\"H\u00fcnkar G\u00f6rel\" \/>\n<meta name=\"twitter:card\" content=\"summary_large_image\" \/>\n<meta name=\"twitter:label1\" content=\"Written by\" \/>\n\t<meta name=\"twitter:data1\" content=\"H\u00fcnkar G\u00f6rel\" \/>\n\t<meta name=\"twitter:label2\" content=\"Est. reading time\" \/>\n\t<meta name=\"twitter:data2\" content=\"2 minutes\" \/>\n<script type=\"application\/ld+json\" class=\"yoast-schema-graph\">{\"@context\":\"https:\/\/schema.org\",\"@graph\":[{\"@type\":\"Article\",\"@id\":\"https:\/\/www.gidaperakendecileri.org\/?p=2816#article\",\"isPartOf\":{\"@id\":\"https:\/\/www.gidaperakendecileri.org\/?p=2816\"},\"author\":{\"name\":\"H\u00fcnkar G\u00f6rel\",\"@id\":\"https:\/\/www.gidaperakendecileri.org\/#\/schema\/person\/a509599b6fcfa3d743530309969de5e6\"},\"headline\":\"Migros, TSE\u2019den Covid-19 G\u00fcvenli Hizmet\/\u00dcretim Belgesi Alan \u0130lk Perakende Firmas\u0131 Oldu\",\"datePublished\":\"2021-02-06T19:06:19+00:00\",\"dateModified\":\"2021-02-07T19:16:30+00:00\",\"mainEntityOfPage\":{\"@id\":\"https:\/\/www.gidaperakendecileri.org\/?p=2816\"},\"wordCount\":448,\"image\":{\"@id\":\"https:\/\/www.gidaperakendecileri.org\/?p=2816#primaryimage\"},\"thumbnailUrl\":\"https:\/\/www.gidaperakendecileri.org\/wp-content\/uploads\/2021\/02\/migros-covid-tse.jpg\",\"articleSection\":[\"Haberler\",\"\u00dcyelerimizden Haberler\"],\"inLanguage\":\"en-US\"},{\"@type\":\"WebPage\",\"@id\":\"https:\/\/www.gidaperakendecileri.org\/?p=2816\",\"url\":\"https:\/\/www.gidaperakendecileri.org\/?p=2816\",\"name\":\"Migros, TSE\u2019den Covid-19 G\u00fcvenli Hizmet\/\u00dcretim Belgesi Alan \u0130lk Perakende Firmas\u0131 Oldu - GPD\",\"isPartOf\":{\"@id\":\"https:\/\/www.gidaperakendecileri.org\/#website\"},\"primaryImageOfPage\":{\"@id\":\"https:\/\/www.gidaperakendecileri.org\/?p=2816#primaryimage\"},\"image\":{\"@id\":\"https:\/\/www.gidaperakendecileri.org\/?p=2816#primaryimage\"},\"thumbnailUrl\":\"https:\/\/www.gidaperakendecileri.org\/wp-content\/uploads\/2021\/02\/migros-covid-tse.jpg\",\"datePublished\":\"2021-02-06T19:06:19+00:00\",\"dateModified\":\"2021-02-07T19:16:30+00:00\",\"author\":{\"@id\":\"https:\/\/www.gidaperakendecileri.org\/#\/schema\/person\/a509599b6fcfa3d743530309969de5e6\"},\"breadcrumb\":{\"@id\":\"https:\/\/www.gidaperakendecileri.org\/?p=2816#breadcrumb\"},\"inLanguage\":\"en-US\",\"potentialAction\":[{\"@type\":\"ReadAction\",\"target\":[\"https:\/\/www.gidaperakendecileri.org\/?p=2816\"]}]},{\"@type\":\"ImageObject\",\"inLanguage\":\"en-US\",\"@id\":\"https:\/\/www.gidaperakendecileri.org\/?p=2816#primaryimage\",\"url\":\"https:\/\/www.gidaperakendecileri.org\/wp-content\/uploads\/2021\/02\/migros-covid-tse.jpg\",\"contentUrl\":\"https:\/\/www.gidaperakendecileri.org\/wp-content\/uploads\/2021\/02\/migros-covid-tse.jpg\",\"width\":1067,\"height\":710},{\"@type\":\"BreadcrumbList\",\"@id\":\"https:\/\/www.gidaperakendecileri.org\/?p=2816#breadcrumb\",\"itemListElement\":[{\"@type\":\"ListItem\",\"position\":1,\"name\":\"Home\",\"item\":\"https:\/\/www.gidaperakendecileri.org\/\"},{\"@type\":\"ListItem\",\"position\":2,\"name\":\"Migros, TSE\u2019den Covid-19 G\u00fcvenli Hizmet\/\u00dcretim Belgesi Alan \u0130lk Perakende Firmas\u0131 Oldu\"}]},{\"@type\":\"WebSite\",\"@id\":\"https:\/\/www.gidaperakendecileri.org\/#website\",\"url\":\"https:\/\/www.gidaperakendecileri.org\/\",\"name\":\"GPD\",\"description\":\"G\u0131da Perakendecileri Derne\u011fi\",\"potentialAction\":[{\"@type\":\"SearchAction\",\"target\":{\"@type\":\"EntryPoint\",\"urlTemplate\":\"https:\/\/www.gidaperakendecileri.org\/?s={search_term_string}\"},\"query-input\":{\"@type\":\"PropertyValueSpecification\",\"valueRequired\":true,\"valueName\":\"search_term_string\"}}],\"inLanguage\":\"en-US\"},{\"@type\":\"Person\",\"@id\":\"https:\/\/www.gidaperakendecileri.org\/#\/schema\/person\/a509599b6fcfa3d743530309969de5e6\",\"name\":\"H\u00fcnkar G\u00f6rel\",\"image\":{\"@type\":\"ImageObject\",\"inLanguage\":\"en-US\",\"@id\":\"https:\/\/www.gidaperakendecileri.org\/#\/schema\/person\/image\/\",\"url\":\"https:\/\/secure.gravatar.com\/avatar\/6833176c6068a3a97919a716cee09184937057818487819b3315830bdfd463a4?s=96&d=mm&r=g\",\"contentUrl\":\"https:\/\/secure.gravatar.com\/avatar\/6833176c6068a3a97919a716cee09184937057818487819b3315830bdfd463a4?s=96&d=mm&r=g\",\"caption\":\"H\u00fcnkar G\u00f6rel\"},\"url\":\"https:\/\/www.gidaperakendecileri.org\/?author=2\"}]}<\/script>\n<!-- \/ Yoast SEO plugin. -->","yoast_head_json":{"title":"Migros, TSE\u2019den Covid-19 G\u00fcvenli Hizmet\/\u00dcretim Belgesi Alan \u0130lk Perakende Firmas\u0131 Oldu - GPD","robots":{"index":"index","follow":"follow","max-snippet":"max-snippet:-1","max-image-preview":"max-image-preview:large","max-video-preview":"max-video-preview:-1"},"canonical":"https:\/\/www.gidaperakendecileri.org\/?p=2816","og_locale":"en_US","og_type":"article","og_title":"Migros, TSE\u2019den Covid-19 G\u00fcvenli Hizmet\/\u00dcretim Belgesi Alan \u0130lk Perakende Firmas\u0131 Oldu - GPD","og_description":"Migros; COVID-19 salg\u0131n\u0131yla m\u00fccadele kapsam\u0131nda T\u00fcrk Standartlar\u0131 Enstit\u00fcs\u00fc (TSE) taraf\u0131ndan belirlenen t\u00fcm kriterleri ba\u015far\u0131yla tamamlayarak, \u00fcretim tesisleri, da\u011f\u0131t\u0131m merkezleri, se\u00e7ilmi\u015f sat\u0131\u015f ma\u011fazalar\u0131, ofisleri ve al\u0131\u015fveri\u015f merkezlerinde TSE COVID-19 G\u00fcvenli Hizmet \/\u00dcretim Belgesi almaya hak kazanan ilk perakende firmas\u0131 oldu. Perakende sekt\u00f6r\u00fcne 66 y\u0131ld\u0131r \u00f6nc\u00fcl\u00fck eden Migros, sekt\u00f6r\u00fcnde bir ilke daha imza atarak farkl\u0131 faaliyet alanlar\u0131na [&hellip;]","og_url":"https:\/\/www.gidaperakendecileri.org\/?p=2816","og_site_name":"GPD","article_published_time":"2021-02-06T19:06:19+00:00","article_modified_time":"2021-02-07T19:16:30+00:00","og_image":[{"width":1067,"height":710,"url":"https:\/\/www.gidaperakendecileri.org\/wp-content\/uploads\/2021\/02\/migros-covid-tse.jpg","type":"image\/jpeg"}],"author":"H\u00fcnkar G\u00f6rel","twitter_card":"summary_large_image","twitter_misc":{"Written by":"H\u00fcnkar G\u00f6rel","Est. reading time":"2 minutes"},"schema":{"@context":"https:\/\/schema.org","@graph":[{"@type":"Article","@id":"https:\/\/www.gidaperakendecileri.org\/?p=2816#article","isPartOf":{"@id":"https:\/\/www.gidaperakendecileri.org\/?p=2816"},"author":{"name":"H\u00fcnkar G\u00f6rel","@id":"https:\/\/www.gidaperakendecileri.org\/#\/schema\/person\/a509599b6fcfa3d743530309969de5e6"},"headline":"Migros, TSE\u2019den Covid-19 G\u00fcvenli Hizmet\/\u00dcretim Belgesi Alan \u0130lk Perakende Firmas\u0131 Oldu","datePublished":"2021-02-06T19:06:19+00:00","dateModified":"2021-02-07T19:16:30+00:00","mainEntityOfPage":{"@id":"https:\/\/www.gidaperakendecileri.org\/?p=2816"},"wordCount":448,"image":{"@id":"https:\/\/www.gidaperakendecileri.org\/?p=2816#primaryimage"},"thumbnailUrl":"https:\/\/www.gidaperakendecileri.org\/wp-content\/uploads\/2021\/02\/migros-covid-tse.jpg","articleSection":["Haberler","\u00dcyelerimizden Haberler"],"inLanguage":"en-US"},{"@type":"WebPage","@id":"https:\/\/www.gidaperakendecileri.org\/?p=2816","url":"https:\/\/www.gidaperakendecileri.org\/?p=2816","name":"Migros, TSE\u2019den Covid-19 G\u00fcvenli Hizmet\/\u00dcretim Belgesi Alan \u0130lk Perakende Firmas\u0131 Oldu - GPD","isPartOf":{"@id":"https:\/\/www.gidaperakendecileri.org\/#website"},"primaryImageOfPage":{"@id":"https:\/\/www.gidaperakendecileri.org\/?p=2816#primaryimage"},"image":{"@id":"https:\/\/www.gidaperakendecileri.org\/?p=2816#primaryimage"},"thumbnailUrl":"https:\/\/www.gidaperakendecileri.org\/wp-content\/uploads\/2021\/02\/migros-covid-tse.jpg","datePublished":"2021-02-06T19:06:19+00:00","dateModified":"2021-02-07T19:16:30+00:00","author":{"@id":"https:\/\/www.gidaperakendecileri.org\/#\/schema\/person\/a509599b6fcfa3d743530309969de5e6"},"breadcrumb":{"@id":"https:\/\/www.gidaperakendecileri.org\/?p=2816#breadcrumb"},"inLanguage":"en-US","potentialAction":[{"@type":"ReadAction","target":["https:\/\/www.gidaperakendecileri.org\/?p=2816"]}]},{"@type":"ImageObject","inLanguage":"en-US","@id":"https:\/\/www.gidaperakendecileri.org\/?p=2816#primaryimage","url":"https:\/\/www.gidaperakendecileri.org\/wp-content\/uploads\/2021\/02\/migros-covid-tse.jpg","contentUrl":"https:\/\/www.gidaperakendecileri.org\/wp-content\/uploads\/2021\/02\/migros-covid-tse.jpg","width":1067,"height":710},{"@type":"BreadcrumbList","@id":"https:\/\/www.gidaperakendecileri.org\/?p=2816#breadcrumb","itemListElement":[{"@type":"ListItem","position":1,"name":"Home","item":"https:\/\/www.gidaperakendecileri.org\/"},{"@type":"ListItem","position":2,"name":"Migros, TSE\u2019den Covid-19 G\u00fcvenli Hizmet\/\u00dcretim Belgesi Alan \u0130lk Perakende Firmas\u0131 Oldu"}]},{"@type":"WebSite","@id":"https:\/\/www.gidaperakendecileri.org\/#website","url":"https:\/\/www.gidaperakendecileri.org\/","name":"GPD","description":"G\u0131da Perakendecileri Derne\u011fi","potentialAction":[{"@type":"SearchAction","target":{"@type":"EntryPoint","urlTemplate":"https:\/\/www.gidaperakendecileri.org\/?s={search_term_string}"},"query-input":{"@type":"PropertyValueSpecification","valueRequired":true,"valueName":"search_term_string"}}],"inLanguage":"en-US"},{"@type":"Person","@id":"https:\/\/www.gidaperakendecileri.org\/#\/schema\/person\/a509599b6fcfa3d743530309969de5e6","name":"H\u00fcnkar G\u00f6rel","image":{"@type":"ImageObject","inLanguage":"en-US","@id":"https:\/\/www.gidaperakendecileri.org\/#\/schema\/person\/image\/","url":"https:\/\/secure.gravatar.com\/avatar\/6833176c6068a3a97919a716cee09184937057818487819b3315830bdfd463a4?s=96&d=mm&r=g","contentUrl":"https:\/\/secure.gravatar.com\/avatar\/6833176c6068a3a97919a716cee09184937057818487819b3315830bdfd463a4?s=96&d=mm&r=g","caption":"H\u00fcnkar G\u00f6rel"},"url":"https:\/\/www.gidaperakendecileri.org\/?author=2"}]}},"amp_enabled":true,"_links":{"self":[{"href":"https:\/\/www.gidaperakendecileri.org\/index.php?rest_route=\/wp\/v2\/posts\/2816","targetHints":{"allow":["GET"]}}],"collection":[{"href":"https:\/\/www.gidaperakendecileri.org\/index.php?rest_route=\/wp\/v2\/posts"}],"about":[{"href":"https:\/\/www.gidaperakendecileri.org\/index.php?rest_route=\/wp\/v2\/types\/post"}],"author":[{"embeddable":true,"href":"https:\/\/www.gidaperakendecileri.org\/index.php?rest_route=\/wp\/v2\/users\/2"}],"replies":[{"embeddable":true,"href":"https:\/\/www.gidaperakendecileri.org\/index.php?rest_route=%2Fwp%2Fv2%2Fcomments&post=2816"}],"version-history":[{"count":5,"href":"https:\/\/www.gidaperakendecileri.org\/index.php?rest_route=\/wp\/v2\/posts\/2816\/revisions"}],"predecessor-version":[{"id":2832,"href":"https:\/\/www.gidaperakendecileri.org\/index.php?rest_route=\/wp\/v2\/posts\/2816\/revisions\/2832"}],"wp:featuredmedia":[{"embeddable":true,"href":"https:\/\/www.gidaperakendecileri.org\/index.php?rest_route=\/wp\/v2\/media\/2817"}],"wp:attachment":[{"href":"https:\/\/www.gidaperakendecileri.org\/index.php?rest_route=%2Fwp%2Fv2%2Fmedia&parent=2816"}],"wp:term":[{"taxonomy":"category","embeddable":true,"href":"https:\/\/www.gidaperakendecileri.org\/index.php?rest_route=%2Fwp%2Fv2%2Fcategories&post=2816"},{"taxonomy":"post_tag","embeddable":true,"href":"https:\/\/www.gidaperakendecileri.org\/index.php?rest_route=%2Fwp%2Fv2%2Ftags&post=2816"}],"curies":[{"name":"wp","href":"https:\/\/api.w.org\/{rel}","templated":true}]}}