{"id":2685,"date":"2021-01-07T18:10:56","date_gmt":"2021-01-07T18:10:56","guid":{"rendered":"https:\/\/www.gidaperakendecileri.org\/?p=2685"},"modified":"2021-02-05T12:58:28","modified_gmt":"2021-02-05T12:58:28","slug":"pandemi-etkisiyle-turkiyede-e-ticaretin-yukselisi-2","status":"publish","type":"post","link":"https:\/\/www.gidaperakendecileri.org\/?p=2685","title":{"rendered":"Pandemi Etkisiyle T\u00fcrkiye\u2019de E-Ticaret\u2019in Y\u00fckseli\u015fi"},"content":{"rendered":"\t\t<div data-elementor-type=\"wp-post\" data-elementor-id=\"2685\" class=\"elementor elementor-2685\">\n\t\t\t\t\t\t<section class=\"elementor-section elementor-top-section elementor-element elementor-element-3ef128ae elementor-section-boxed elementor-section-height-default elementor-section-height-default\" data-id=\"3ef128ae\" data-element_type=\"section\">\n\t\t\t\t\t\t<div class=\"elementor-container elementor-column-gap-default\">\n\t\t\t\t\t<div class=\"elementor-column elementor-col-100 elementor-top-column elementor-element elementor-element-6c0ce5df\" data-id=\"6c0ce5df\" data-element_type=\"column\">\n\t\t\t<div class=\"elementor-widget-wrap elementor-element-populated\">\n\t\t\t\t\t\t<div class=\"elementor-element elementor-element-5aacae7a elementor-widget elementor-widget-text-editor\" data-id=\"5aacae7a\" data-element_type=\"widget\" data-widget_type=\"text-editor.default\">\n\t\t\t\t<div class=\"elementor-widget-container\">\n\t\t\t\t\t\t\t\t\t<div class=\"td-paragraph-padding-1\"><h3><span style=\"color: #000000;\"><strong>Pandeminin d\u00fcnyay\u0131 ve T\u00fcrkiye\u2019yi etkisi alt\u0131na ald\u0131\u011f\u0131 2020 y\u0131l\u0131, online al\u0131\u015fveri\u015fin h\u0131z kazand\u0131\u011f\u0131 bir y\u0131l oldu. Verilerin ortaya \u00e7\u0131kard\u0131\u011f\u0131 sonu\u00e7lar, pandeminin sosyal mesafeyi zorunlu k\u0131lmas\u0131yla birlikte e-ticaretin artt\u0131\u011f\u0131n\u0131 ve t\u00fcketicinin e-ticaret alg\u0131s\u0131nda de\u011fi\u015fim oldu\u011funu g\u00f6steriyor.<\/strong><\/span><\/h3><p><span style=\"color: #000000;\">\u00d6deme altyap\u0131 sa\u011flay\u0131c\u0131s\u0131 iyzico\u2019nun verilerine g\u00f6re ortaya \u00e7\u0131kan 2020 tablosu; en \u00e7ok al\u0131\u015fveri\u015f yap\u0131-lan kategoriyi, en \u00e7ok tercih edilen al\u0131\u015fveri\u015f kanal\u0131n\u0131, b\u00f6lgelere ve sekt\u00f6rlere g\u00f6re harcama y\u00fczdelerini ortaya \u00e7\u0131kard\u0131. Rakamlar, COVID-19 salg\u0131n\u0131n da etkisiyle e-ticaret d\u00fcnyas\u0131nda ya\u015fanan y\u00fckseli\u015fi bir kez daha ortaya koydu. <\/span><\/p><p><strong><span style=\"color: #000000;\">Banka Kart\u0131 Kullan\u0131m\u0131 Artt\u0131<\/span><\/strong><br \/><span style=\"color: #000000;\">2019\u2019da %84 olan kredi kart\u0131 kullan\u0131m\u0131, 2020\u2019de %79\u2019a gerilerken, %16 olan debit kart kullan\u0131m ora-n\u0131 ise 2020\u2019de %5 art\u0131\u015f g\u00f6sterdi. \u0130\u015flem adetlerinde kredi kart\u0131n\u0131n %69 olan pay\u0131 2020\u2019de %7 geriledi. \u0130\u015flem adetlerinde %31 olan debit kart kullan\u0131m oran\u0131 ise %38\u2019e y\u00fckseldi.<\/span><\/p><p><strong><span style=\"color: #000000;\">Sepet Tutar\u0131 Y\u00fckseldi<\/span><\/strong><br \/><span style=\"color: #000000;\">Online al\u0131\u015fveri\u015fteki art\u0131\u015f, \u00f6zellikle h\u0131zl\u0131 t\u00fcketim mallar\u0131 ve market al\u0131\u015fveri\u015flerinde de online\u2019\u0131 tercih eden kullan\u0131c\u0131lar sayesinde sepet tutarlar\u0131nda kendini g\u00f6sterdi. 2019\u2019da kredi kartl\u0131 i\u015flemlerde 177 TL, debit i\u015flemlerde 77 TL olmak \u00fczere ortalama 146 TL olan sepet tutar\u0131, 2020\u2019de kredi kartl\u0131 i\u015flemlerde 214 TL, debit i\u015flemlerde 93 TL olmak \u00fczere ortalama 168 TL\u2019ye y\u00fckseldi. 2 ve \u00fczeri taksitlerdeki or-talama sepet tutar\u0131nda 2020 y\u0131l\u0131nda de\u011fi\u015fim olmad\u0131 ve sepet tutar\u0131 200 TL\u2019nin alt\u0131na d\u00fc\u015fmedi.<\/span><\/p><p><strong><span style=\"color: #000000;\">Taksitli Al\u0131\u015fveri\u015f Tercih Edildi<\/span><\/strong><br \/><span style=\"color: #000000;\">2019\u2019da kredi kart\u0131 ile yap\u0131lan i\u015flemlerde 147 TL olan tek \u00e7ekim sepet tutar\u0131 2020\u2019de 171 TL oldu. Bununla birlikte 2019\u2019da kredi kart\u0131yla yap\u0131lan i\u015flem hacminin %70\u2019ini olu\u015fturan tek \u00e7ekim al\u0131\u015fveri\u015f oran\u0131, 2020\u2019de %67\u2019ye geriledi. \u0130ki ve \u00fczeri taksitlerdeki ortalama sepet tutar\u0131 200 TL\u2019nin \u00fczerinde seyretti.<\/span><\/p><p><strong><span style=\"color: #000000;\">Mobilde Tutar Minimumda<\/span><\/strong><br \/><span style=\"color: #000000;\">2019\u2019da online al\u0131\u015fveri\u015fin %50\u2019sini olu\u015fturan mobil al\u0131\u015fveri\u015f, 2020\u2019de %55 oran\u0131n\u0131 yakalad\u0131. 2019\u2019da %70 seviyesindeki masa\u00fcst\u00fc bilgisayardan i\u015flem hacmi 2020\u2019de %67\u2019ye geriledi. 2019\u2019da 98 TL olan mobil cihaz ortalama sepet tutar\u0131n\u0131n 2020\u2019de yaln\u0131zca 7 TL art\u0131\u015f g\u00f6stermesi, mobil cihazlardan yapt\u0131-\u011f\u0131m\u0131z al\u0131\u015fveri\u015fte sepet tutar\u0131n\u0131 minimum tutmaya devam etti\u011fimizi g\u00f6steriyor.<\/span><\/p><p><strong><span style=\"color: #000000;\">G\u00fcndelik E\u015fya Ma\u011fazalar\u0131nda Art\u0131\u015f<\/span><\/strong><br \/><span style=\"color: #000000;\">2020\u2019de pandeminin gerektirdi\u011fi sosyal mesafe sebebiyle baz\u0131 sekt\u00f6rlerde e-ticaret e\u011filiminde art\u0131\u015f g\u00f6zlendi. G\u00fcndelik e\u015fya ma\u011fazalar\u0131, %219 i\u015flem adedi art\u0131\u015f\u0131 ve %230 i\u015flem hacmi art\u0131\u015f\u0131yla b\u00fcy\u00fck ilgi g\u00f6rd\u00fc. Kitap ma\u011fazalar\u0131 (%213) ile hobi ve oyuncak ma\u011fazalar\u0131 (%8) i\u015flem adetlerinde en fazla art\u0131\u015f g\u00f6steren sekt\u00f6rler olurken; kamp malzemeleri (%305), kitap ma\u011fazalar\u0131 (%267) ile i\u015flem hacminde en fazla art\u0131\u015f g\u00f6steren sekt\u00f6rler oldu.<\/span><\/p><p><strong><span style=\"color: #000000;\">\u00d6\u011fle Saatleri Tercih Edildi<\/span><\/strong><br \/><span style=\"color: #000000;\">\u0130\u015flem adedinin en fazla oldu\u011fu zaman dilimi 13.00-14.00 saatleri olurken, sepet tutar\u0131n\u0131n en y\u00fcksek seyretti\u011fi zaman dilimi 2019\u2019daki gibi 11.00-12.00 saatleri oldu. 2020\u2019de mobil cihazlardan yap\u0131lan al\u0131\u015fveri\u015flerde sepet ortalamas\u0131, zaman dilimi bak\u0131m\u0131ndan \u00e7ok b\u00fcy\u00fck farkl\u0131l\u0131k g\u00f6stermezken, masa\u00fcst\u00fc cihazlarda saatlik ortalama sepet tutar\u0131 160 TL ile 320 TL aras\u0131nda de\u011fi\u015fti.<\/span><\/p><p><strong><span style=\"color: #000000;\">Erkekler Daha \u00c7ok Harcama Yapt\u0131<\/span><\/strong><br \/><span style=\"color: #000000;\">2020\u2019de erkeklerin sepet ortalamas\u0131 %11 artarak 180 TL\u2019yi bulurken, kad\u0131nlar\u0131n sepet ortalamas\u0131 %18 artarak 160 TL oldu. Erkekler al\u0131\u015fveri\u015f hacmini en \u00e7ok Karadeniz ve Ege (%120) B\u00f6lgelerinde artt\u0131r\u0131r-ken, kad\u0131nlar \u0130\u00e7 Anadolu (%112) ve Akdeniz (%108) b\u00f6lgelerinde sepetleri daha fazla doldurdu. 2020\u2019de ortalama sepet tutar\u0131n\u0131 en fazla artt\u0131ran b\u00f6lge, %48 ile Ege olurken, %19 ile Karadeniz ikinci s\u0131rada yer ald\u0131.<\/span><\/p><\/div>\t\t\t\t\t\t\t\t<\/div>\n\t\t\t\t<\/div>\n\t\t\t\t\t<\/div>\n\t\t<\/div>\n\t\t\t\t\t<\/div>\n\t\t<\/section>\n\t\t\t\t<\/div>\n\t\t","protected":false},"excerpt":{"rendered":"<p>Pandeminin d\u00fcnyay\u0131 ve T\u00fcrkiye\u2019yi etkisi alt\u0131na ald\u0131\u011f\u0131 2020 y\u0131l\u0131, online al\u0131\u015fveri\u015fin h\u0131z kazand\u0131\u011f\u0131 bir y\u0131l oldu. Verilerin ortaya \u00e7\u0131kard\u0131\u011f\u0131 sonu\u00e7lar, pandeminin sosyal mesafeyi zorunlu k\u0131lmas\u0131yla birlikte e-ticaretin artt\u0131\u011f\u0131n\u0131 ve t\u00fcketicinin e-ticaret alg\u0131s\u0131nda de\u011fi\u015fim oldu\u011funu g\u00f6steriyor. \u00d6deme altyap\u0131 sa\u011flay\u0131c\u0131s\u0131 iyzico\u2019nun verilerine g\u00f6re ortaya \u00e7\u0131kan 2020 tablosu; en \u00e7ok al\u0131\u015fveri\u015f yap\u0131-lan kategoriyi, en \u00e7ok tercih edilen al\u0131\u015fveri\u015f [&hellip;]<\/p>\n","protected":false},"author":2,"featured_media":2680,"comment_status":"closed","ping_status":"closed","sticky":false,"template":"","format":"standard","meta":{"_monsterinsights_skip_tracking":false,"_monsterinsights_sitenote_active":false,"_monsterinsights_sitenote_note":"","_monsterinsights_sitenote_category":0,"footnotes":""},"categories":[23,32],"tags":[],"class_list":{"0":"post-2685","1":"post","2":"type-post","3":"status-publish","4":"format-standard","5":"has-post-thumbnail","7":"category-haberler","8":"category-sektorden-haberler-haberler"},"featured_image_src":"https:\/\/www.gidaperakendecileri.org\/wp-content\/uploads\/2021\/01\/2020-pandemi-alisveris.jpg","author_info":{"display_name":"H\u00fcnkar G\u00f6rel","author_link":"https:\/\/www.gidaperakendecileri.org\/?author=2"},"yoast_head":"<!-- This site is optimized with the Yoast SEO plugin v26.7 - https:\/\/yoast.com\/wordpress\/plugins\/seo\/ -->\n<title>Pandemi Etkisiyle T\u00fcrkiye\u2019de E-Ticaret\u2019in Y\u00fckseli\u015fi - GPD<\/title>\n<meta name=\"robots\" content=\"index, follow, max-snippet:-1, max-image-preview:large, max-video-preview:-1\" \/>\n<link rel=\"canonical\" href=\"https:\/\/www.gidaperakendecileri.org\/?p=2685\" \/>\n<meta property=\"og:locale\" content=\"en_US\" \/>\n<meta property=\"og:type\" content=\"article\" \/>\n<meta property=\"og:title\" content=\"Pandemi Etkisiyle T\u00fcrkiye\u2019de E-Ticaret\u2019in Y\u00fckseli\u015fi - GPD\" \/>\n<meta property=\"og:description\" content=\"Pandeminin d\u00fcnyay\u0131 ve T\u00fcrkiye\u2019yi etkisi alt\u0131na ald\u0131\u011f\u0131 2020 y\u0131l\u0131, online al\u0131\u015fveri\u015fin h\u0131z kazand\u0131\u011f\u0131 bir y\u0131l oldu. Verilerin ortaya \u00e7\u0131kard\u0131\u011f\u0131 sonu\u00e7lar, pandeminin sosyal mesafeyi zorunlu k\u0131lmas\u0131yla birlikte e-ticaretin artt\u0131\u011f\u0131n\u0131 ve t\u00fcketicinin e-ticaret alg\u0131s\u0131nda de\u011fi\u015fim oldu\u011funu g\u00f6steriyor. \u00d6deme altyap\u0131 sa\u011flay\u0131c\u0131s\u0131 iyzico\u2019nun verilerine g\u00f6re ortaya \u00e7\u0131kan 2020 tablosu; en \u00e7ok al\u0131\u015fveri\u015f yap\u0131-lan kategoriyi, en \u00e7ok tercih edilen al\u0131\u015fveri\u015f [&hellip;]\" \/>\n<meta property=\"og:url\" content=\"https:\/\/www.gidaperakendecileri.org\/?p=2685\" \/>\n<meta property=\"og:site_name\" content=\"GPD\" \/>\n<meta property=\"article:published_time\" content=\"2021-01-07T18:10:56+00:00\" \/>\n<meta property=\"article:modified_time\" content=\"2021-02-05T12:58:28+00:00\" \/>\n<meta property=\"og:image\" content=\"https:\/\/www.gidaperakendecileri.org\/wp-content\/uploads\/2021\/01\/2020-pandemi-alisveris.jpg\" \/>\n\t<meta property=\"og:image:width\" content=\"1134\" \/>\n\t<meta property=\"og:image:height\" content=\"756\" \/>\n\t<meta property=\"og:image:type\" content=\"image\/jpeg\" \/>\n<meta name=\"author\" content=\"H\u00fcnkar G\u00f6rel\" \/>\n<meta name=\"twitter:card\" content=\"summary_large_image\" \/>\n<meta name=\"twitter:label1\" content=\"Written by\" \/>\n\t<meta name=\"twitter:data1\" content=\"H\u00fcnkar G\u00f6rel\" \/>\n\t<meta name=\"twitter:label2\" content=\"Est. reading time\" \/>\n\t<meta name=\"twitter:data2\" content=\"3 minutes\" \/>\n<script type=\"application\/ld+json\" class=\"yoast-schema-graph\">{\"@context\":\"https:\/\/schema.org\",\"@graph\":[{\"@type\":\"Article\",\"@id\":\"https:\/\/www.gidaperakendecileri.org\/?p=2685#article\",\"isPartOf\":{\"@id\":\"https:\/\/www.gidaperakendecileri.org\/?p=2685\"},\"author\":{\"name\":\"H\u00fcnkar G\u00f6rel\",\"@id\":\"https:\/\/www.gidaperakendecileri.org\/#\/schema\/person\/a509599b6fcfa3d743530309969de5e6\"},\"headline\":\"Pandemi Etkisiyle T\u00fcrkiye\u2019de E-Ticaret\u2019in Y\u00fckseli\u015fi\",\"datePublished\":\"2021-01-07T18:10:56+00:00\",\"dateModified\":\"2021-02-05T12:58:28+00:00\",\"mainEntityOfPage\":{\"@id\":\"https:\/\/www.gidaperakendecileri.org\/?p=2685\"},\"wordCount\":604,\"image\":{\"@id\":\"https:\/\/www.gidaperakendecileri.org\/?p=2685#primaryimage\"},\"thumbnailUrl\":\"https:\/\/www.gidaperakendecileri.org\/wp-content\/uploads\/2021\/01\/2020-pandemi-alisveris.jpg\",\"articleSection\":[\"Haberler\",\"Sekt\u00f6rden Haberler\"],\"inLanguage\":\"en-US\"},{\"@type\":\"WebPage\",\"@id\":\"https:\/\/www.gidaperakendecileri.org\/?p=2685\",\"url\":\"https:\/\/www.gidaperakendecileri.org\/?p=2685\",\"name\":\"Pandemi Etkisiyle T\u00fcrkiye\u2019de E-Ticaret\u2019in Y\u00fckseli\u015fi - GPD\",\"isPartOf\":{\"@id\":\"https:\/\/www.gidaperakendecileri.org\/#website\"},\"primaryImageOfPage\":{\"@id\":\"https:\/\/www.gidaperakendecileri.org\/?p=2685#primaryimage\"},\"image\":{\"@id\":\"https:\/\/www.gidaperakendecileri.org\/?p=2685#primaryimage\"},\"thumbnailUrl\":\"https:\/\/www.gidaperakendecileri.org\/wp-content\/uploads\/2021\/01\/2020-pandemi-alisveris.jpg\",\"datePublished\":\"2021-01-07T18:10:56+00:00\",\"dateModified\":\"2021-02-05T12:58:28+00:00\",\"author\":{\"@id\":\"https:\/\/www.gidaperakendecileri.org\/#\/schema\/person\/a509599b6fcfa3d743530309969de5e6\"},\"breadcrumb\":{\"@id\":\"https:\/\/www.gidaperakendecileri.org\/?p=2685#breadcrumb\"},\"inLanguage\":\"en-US\",\"potentialAction\":[{\"@type\":\"ReadAction\",\"target\":[\"https:\/\/www.gidaperakendecileri.org\/?p=2685\"]}]},{\"@type\":\"ImageObject\",\"inLanguage\":\"en-US\",\"@id\":\"https:\/\/www.gidaperakendecileri.org\/?p=2685#primaryimage\",\"url\":\"https:\/\/www.gidaperakendecileri.org\/wp-content\/uploads\/2021\/01\/2020-pandemi-alisveris.jpg\",\"contentUrl\":\"https:\/\/www.gidaperakendecileri.org\/wp-content\/uploads\/2021\/01\/2020-pandemi-alisveris.jpg\",\"width\":1134,\"height\":756,\"caption\":\"Young business woman holding mobile phone and credit card. Woman pays for a purchase with credit card and looking in camera. Purchase and shopping online. Business infographic\"},{\"@type\":\"BreadcrumbList\",\"@id\":\"https:\/\/www.gidaperakendecileri.org\/?p=2685#breadcrumb\",\"itemListElement\":[{\"@type\":\"ListItem\",\"position\":1,\"name\":\"Home\",\"item\":\"https:\/\/www.gidaperakendecileri.org\/\"},{\"@type\":\"ListItem\",\"position\":2,\"name\":\"Pandemi Etkisiyle T\u00fcrkiye\u2019de E-Ticaret\u2019in Y\u00fckseli\u015fi\"}]},{\"@type\":\"WebSite\",\"@id\":\"https:\/\/www.gidaperakendecileri.org\/#website\",\"url\":\"https:\/\/www.gidaperakendecileri.org\/\",\"name\":\"GPD\",\"description\":\"G\u0131da Perakendecileri Derne\u011fi\",\"potentialAction\":[{\"@type\":\"SearchAction\",\"target\":{\"@type\":\"EntryPoint\",\"urlTemplate\":\"https:\/\/www.gidaperakendecileri.org\/?s={search_term_string}\"},\"query-input\":{\"@type\":\"PropertyValueSpecification\",\"valueRequired\":true,\"valueName\":\"search_term_string\"}}],\"inLanguage\":\"en-US\"},{\"@type\":\"Person\",\"@id\":\"https:\/\/www.gidaperakendecileri.org\/#\/schema\/person\/a509599b6fcfa3d743530309969de5e6\",\"name\":\"H\u00fcnkar G\u00f6rel\",\"image\":{\"@type\":\"ImageObject\",\"inLanguage\":\"en-US\",\"@id\":\"https:\/\/www.gidaperakendecileri.org\/#\/schema\/person\/image\/\",\"url\":\"https:\/\/secure.gravatar.com\/avatar\/6833176c6068a3a97919a716cee09184937057818487819b3315830bdfd463a4?s=96&d=mm&r=g\",\"contentUrl\":\"https:\/\/secure.gravatar.com\/avatar\/6833176c6068a3a97919a716cee09184937057818487819b3315830bdfd463a4?s=96&d=mm&r=g\",\"caption\":\"H\u00fcnkar G\u00f6rel\"},\"url\":\"https:\/\/www.gidaperakendecileri.org\/?author=2\"}]}<\/script>\n<!-- \/ Yoast SEO plugin. -->","yoast_head_json":{"title":"Pandemi Etkisiyle T\u00fcrkiye\u2019de E-Ticaret\u2019in Y\u00fckseli\u015fi - GPD","robots":{"index":"index","follow":"follow","max-snippet":"max-snippet:-1","max-image-preview":"max-image-preview:large","max-video-preview":"max-video-preview:-1"},"canonical":"https:\/\/www.gidaperakendecileri.org\/?p=2685","og_locale":"en_US","og_type":"article","og_title":"Pandemi Etkisiyle T\u00fcrkiye\u2019de E-Ticaret\u2019in Y\u00fckseli\u015fi - GPD","og_description":"Pandeminin d\u00fcnyay\u0131 ve T\u00fcrkiye\u2019yi etkisi alt\u0131na ald\u0131\u011f\u0131 2020 y\u0131l\u0131, online al\u0131\u015fveri\u015fin h\u0131z kazand\u0131\u011f\u0131 bir y\u0131l oldu. Verilerin ortaya \u00e7\u0131kard\u0131\u011f\u0131 sonu\u00e7lar, pandeminin sosyal mesafeyi zorunlu k\u0131lmas\u0131yla birlikte e-ticaretin artt\u0131\u011f\u0131n\u0131 ve t\u00fcketicinin e-ticaret alg\u0131s\u0131nda de\u011fi\u015fim oldu\u011funu g\u00f6steriyor. \u00d6deme altyap\u0131 sa\u011flay\u0131c\u0131s\u0131 iyzico\u2019nun verilerine g\u00f6re ortaya \u00e7\u0131kan 2020 tablosu; en \u00e7ok al\u0131\u015fveri\u015f yap\u0131-lan kategoriyi, en \u00e7ok tercih edilen al\u0131\u015fveri\u015f [&hellip;]","og_url":"https:\/\/www.gidaperakendecileri.org\/?p=2685","og_site_name":"GPD","article_published_time":"2021-01-07T18:10:56+00:00","article_modified_time":"2021-02-05T12:58:28+00:00","og_image":[{"width":1134,"height":756,"url":"https:\/\/www.gidaperakendecileri.org\/wp-content\/uploads\/2021\/01\/2020-pandemi-alisveris.jpg","type":"image\/jpeg"}],"author":"H\u00fcnkar G\u00f6rel","twitter_card":"summary_large_image","twitter_misc":{"Written by":"H\u00fcnkar G\u00f6rel","Est. reading time":"3 minutes"},"schema":{"@context":"https:\/\/schema.org","@graph":[{"@type":"Article","@id":"https:\/\/www.gidaperakendecileri.org\/?p=2685#article","isPartOf":{"@id":"https:\/\/www.gidaperakendecileri.org\/?p=2685"},"author":{"name":"H\u00fcnkar G\u00f6rel","@id":"https:\/\/www.gidaperakendecileri.org\/#\/schema\/person\/a509599b6fcfa3d743530309969de5e6"},"headline":"Pandemi Etkisiyle T\u00fcrkiye\u2019de E-Ticaret\u2019in Y\u00fckseli\u015fi","datePublished":"2021-01-07T18:10:56+00:00","dateModified":"2021-02-05T12:58:28+00:00","mainEntityOfPage":{"@id":"https:\/\/www.gidaperakendecileri.org\/?p=2685"},"wordCount":604,"image":{"@id":"https:\/\/www.gidaperakendecileri.org\/?p=2685#primaryimage"},"thumbnailUrl":"https:\/\/www.gidaperakendecileri.org\/wp-content\/uploads\/2021\/01\/2020-pandemi-alisveris.jpg","articleSection":["Haberler","Sekt\u00f6rden Haberler"],"inLanguage":"en-US"},{"@type":"WebPage","@id":"https:\/\/www.gidaperakendecileri.org\/?p=2685","url":"https:\/\/www.gidaperakendecileri.org\/?p=2685","name":"Pandemi Etkisiyle T\u00fcrkiye\u2019de E-Ticaret\u2019in Y\u00fckseli\u015fi - GPD","isPartOf":{"@id":"https:\/\/www.gidaperakendecileri.org\/#website"},"primaryImageOfPage":{"@id":"https:\/\/www.gidaperakendecileri.org\/?p=2685#primaryimage"},"image":{"@id":"https:\/\/www.gidaperakendecileri.org\/?p=2685#primaryimage"},"thumbnailUrl":"https:\/\/www.gidaperakendecileri.org\/wp-content\/uploads\/2021\/01\/2020-pandemi-alisveris.jpg","datePublished":"2021-01-07T18:10:56+00:00","dateModified":"2021-02-05T12:58:28+00:00","author":{"@id":"https:\/\/www.gidaperakendecileri.org\/#\/schema\/person\/a509599b6fcfa3d743530309969de5e6"},"breadcrumb":{"@id":"https:\/\/www.gidaperakendecileri.org\/?p=2685#breadcrumb"},"inLanguage":"en-US","potentialAction":[{"@type":"ReadAction","target":["https:\/\/www.gidaperakendecileri.org\/?p=2685"]}]},{"@type":"ImageObject","inLanguage":"en-US","@id":"https:\/\/www.gidaperakendecileri.org\/?p=2685#primaryimage","url":"https:\/\/www.gidaperakendecileri.org\/wp-content\/uploads\/2021\/01\/2020-pandemi-alisveris.jpg","contentUrl":"https:\/\/www.gidaperakendecileri.org\/wp-content\/uploads\/2021\/01\/2020-pandemi-alisveris.jpg","width":1134,"height":756,"caption":"Young business woman holding mobile phone and credit card. Woman pays for a purchase with credit card and looking in camera. Purchase and shopping online. Business infographic"},{"@type":"BreadcrumbList","@id":"https:\/\/www.gidaperakendecileri.org\/?p=2685#breadcrumb","itemListElement":[{"@type":"ListItem","position":1,"name":"Home","item":"https:\/\/www.gidaperakendecileri.org\/"},{"@type":"ListItem","position":2,"name":"Pandemi Etkisiyle T\u00fcrkiye\u2019de E-Ticaret\u2019in Y\u00fckseli\u015fi"}]},{"@type":"WebSite","@id":"https:\/\/www.gidaperakendecileri.org\/#website","url":"https:\/\/www.gidaperakendecileri.org\/","name":"GPD","description":"G\u0131da Perakendecileri Derne\u011fi","potentialAction":[{"@type":"SearchAction","target":{"@type":"EntryPoint","urlTemplate":"https:\/\/www.gidaperakendecileri.org\/?s={search_term_string}"},"query-input":{"@type":"PropertyValueSpecification","valueRequired":true,"valueName":"search_term_string"}}],"inLanguage":"en-US"},{"@type":"Person","@id":"https:\/\/www.gidaperakendecileri.org\/#\/schema\/person\/a509599b6fcfa3d743530309969de5e6","name":"H\u00fcnkar G\u00f6rel","image":{"@type":"ImageObject","inLanguage":"en-US","@id":"https:\/\/www.gidaperakendecileri.org\/#\/schema\/person\/image\/","url":"https:\/\/secure.gravatar.com\/avatar\/6833176c6068a3a97919a716cee09184937057818487819b3315830bdfd463a4?s=96&d=mm&r=g","contentUrl":"https:\/\/secure.gravatar.com\/avatar\/6833176c6068a3a97919a716cee09184937057818487819b3315830bdfd463a4?s=96&d=mm&r=g","caption":"H\u00fcnkar G\u00f6rel"},"url":"https:\/\/www.gidaperakendecileri.org\/?author=2"}]}},"amp_enabled":true,"_links":{"self":[{"href":"https:\/\/www.gidaperakendecileri.org\/index.php?rest_route=\/wp\/v2\/posts\/2685","targetHints":{"allow":["GET"]}}],"collection":[{"href":"https:\/\/www.gidaperakendecileri.org\/index.php?rest_route=\/wp\/v2\/posts"}],"about":[{"href":"https:\/\/www.gidaperakendecileri.org\/index.php?rest_route=\/wp\/v2\/types\/post"}],"author":[{"embeddable":true,"href":"https:\/\/www.gidaperakendecileri.org\/index.php?rest_route=\/wp\/v2\/users\/2"}],"replies":[{"embeddable":true,"href":"https:\/\/www.gidaperakendecileri.org\/index.php?rest_route=%2Fwp%2Fv2%2Fcomments&post=2685"}],"version-history":[{"count":1,"href":"https:\/\/www.gidaperakendecileri.org\/index.php?rest_route=\/wp\/v2\/posts\/2685\/revisions"}],"predecessor-version":[{"id":2691,"href":"https:\/\/www.gidaperakendecileri.org\/index.php?rest_route=\/wp\/v2\/posts\/2685\/revisions\/2691"}],"wp:featuredmedia":[{"embeddable":true,"href":"https:\/\/www.gidaperakendecileri.org\/index.php?rest_route=\/wp\/v2\/media\/2680"}],"wp:attachment":[{"href":"https:\/\/www.gidaperakendecileri.org\/index.php?rest_route=%2Fwp%2Fv2%2Fmedia&parent=2685"}],"wp:term":[{"taxonomy":"category","embeddable":true,"href":"https:\/\/www.gidaperakendecileri.org\/index.php?rest_route=%2Fwp%2Fv2%2Fcategories&post=2685"},{"taxonomy":"post_tag","embeddable":true,"href":"https:\/\/www.gidaperakendecileri.org\/index.php?rest_route=%2Fwp%2Fv2%2Ftags&post=2685"}],"curies":[{"name":"wp","href":"https:\/\/api.w.org\/{rel}","templated":true}]}}