{"id":2679,"date":"2021-01-07T17:41:19","date_gmt":"2021-01-07T17:41:19","guid":{"rendered":"https:\/\/www.gidaperakendecileri.org\/?p=2679"},"modified":"2021-02-05T12:58:28","modified_gmt":"2021-02-05T12:58:28","slug":"pandemi-etkisiyle-turkiyede-e-ticaretin-yukselisi","status":"publish","type":"post","link":"https:\/\/www.gidaperakendecileri.org\/?p=2679","title":{"rendered":"2021 Y\u0131l\u0131nda M\u00fc\u015fteri Deneyiminde \u00d6ne \u00c7\u0131kacak 7 \u00d6nemli Ba\u015fl\u0131k"},"content":{"rendered":"\t\t<div data-elementor-type=\"wp-post\" data-elementor-id=\"2679\" class=\"elementor elementor-2679\">\n\t\t\t\t\t\t<section class=\"elementor-section elementor-top-section elementor-element elementor-element-3ef128ae elementor-section-boxed elementor-section-height-default elementor-section-height-default\" data-id=\"3ef128ae\" data-element_type=\"section\">\n\t\t\t\t\t\t<div class=\"elementor-container elementor-column-gap-default\">\n\t\t\t\t\t<div class=\"elementor-column elementor-col-100 elementor-top-column elementor-element elementor-element-6c0ce5df\" data-id=\"6c0ce5df\" data-element_type=\"column\">\n\t\t\t<div class=\"elementor-widget-wrap elementor-element-populated\">\n\t\t\t\t\t\t<div class=\"elementor-element elementor-element-5aacae7a elementor-widget elementor-widget-text-editor\" data-id=\"5aacae7a\" data-element_type=\"widget\" data-widget_type=\"text-editor.default\">\n\t\t\t\t<div class=\"elementor-widget-container\">\n\t\t\t\t\t\t\t\t\t<div class=\"td-paragraph-padding-1\"><h3><span style=\"color: #000000;\"><strong>Covid-19\u2019un g\u00f6lgesinde 2021 y\u0131l\u0131na girdik. Yeni y\u0131lda m\u00fc\u015fteri deneyimiyle farkl\u0131la\u015fmak ve rekabette \u00f6ne \u00e7\u0131kmak isteyen i\u015fletmeler, teknoloji ile \u015fekillenen yeni m\u00fc\u015fteri deneyimi trendlerine odaklanacak gibi g\u00f6r\u00fcn\u00fcyor.<\/strong><\/span><\/h3><p><span style=\"color: #000000;\">2020 y\u0131l\u0131 tarihe pandemi y\u0131l\u0131 olarak ge\u00e7ti ve 2021 i\u00e7inse \u00f6n\u00fcm\u00fczde \u00fc\u00e7 farkl\u0131 senaryo mevcut; her \u015feyin normale d\u00f6nmesi, 2020\u2019deki gibi devam etmesi ya da daha k\u00f6t\u00fcye gitmesi. Bundan sonra pandemide \u00f6\u011frendiklerimiz ve edindi\u011fimiz tecr\u00fcbeyle gelece\u011fe bakmam\u0131z gerekiyor. M\u00fc\u015fteri deneyimi y\u00f6netim \u00e7\u00f6z\u00fcm\u00fc Wiseback&#8217;in Kurucu Orta\u011f\u0131 Hasan Gen\u00e7, m\u00fc\u015fteri deneyiminde 2021 y\u0131l\u0131nda \u00f6ne \u00e7\u0131kacak konular\u0131 bir araya getirdi.<\/span><\/p><p><span style=\"color: #000000;\"><strong>Dijital D\u00f6n\u00fc\u015f\u00fcm<\/strong><\/span><br \/><span style=\"color: #000000;\">90\u2019l\u0131 y\u0131llarda internetin hayat\u0131m\u0131za girmesiyle ba\u015flayan dijital d\u00f6n\u00fc\u015f\u00fcmde pandeminin bir kataliz\u00f6r etkisi yaratt\u0131\u011f\u0131n\u0131 g\u00f6rd\u00fck. Dijital d\u00fcnyaya mesafeli duran geleneksel i\u015fletmeler bile alelacele dijital d\u00f6n\u00fc\u015f\u00fcme y\u00f6neldiler. Bir gecede a\u00e7\u0131lan \u015fablon e-ticaret siteleri ve mobil uygulamalar ile krizi f\u0131rsata d\u00f6n\u00fc\u015ft\u00fcrmeye \u00e7al\u0131\u015ft\u0131lar. Pandemide g\u00f6r\u00fcld\u00fc ki dijitale ta\u015f\u0131namaz denilen bir\u00e7ok \u015feyi dijitale ta\u015f\u0131mak m\u00fcmk\u00fcn.<\/span><br \/><span style=\"color: #000000;\">Geleneksel d\u00fcnyada harika m\u00fc\u015fteri deneyiminin yarat\u0131c\u0131s\u0131 baz\u0131 markalar\u0131n pandemide sunduklar\u0131 dijital deneyim ise tam bir hayal k\u0131r\u0131kl\u0131\u011f\u0131yd\u0131. Dijital d\u00f6n\u00fc\u015f\u00fcmde teknolojiyi bir sat\u0131\u015f kanal\u0131 olarak i\u015fletmemize entegre etmemiz, m\u00fc\u015fteri i\u00e7in de\u011ferli bir marka olmak i\u00e7in ve sadakati artt\u0131rmak i\u00e7in yeterli de\u011fil. Dijital \u00e7a\u011f\u0131 do\u011fru anlamak ve t\u00fcm s\u00fcre\u00e7leri bu dinamiklere g\u00f6re d\u00f6n\u00fc\u015ft\u00fcrmek gerekiyor. 2021\u2019de i\u015fletmeler dijital d\u00f6n\u00fc\u015f\u00fcm s\u00fcre\u00e7lerini yeniden masaya yat\u0131rmal\u0131 ve m\u00fc\u015fteri deneyimini merkeze koyarak de\u011ferlendirmeli. \u0130\u015finizin merkezinde yaz\u0131l\u0131m varsa \u00e7evik (agile) yaz\u0131l\u0131m geli\u015ftirme disiplinine sahip bir yaz\u0131l\u0131m ekibi olu\u015fturmal\u0131s\u0131n\u0131z.<\/span><\/p><p><strong><span style=\"color: #000000;\">Hijyenik \u00dcr\u00fcn ve Servisler<\/span><\/strong><br \/><span style=\"color: #000000;\">Pandemide sosyal mesafe ve hijyen en \u00f6nemli konu ba\u015fl\u0131klar\u0131 oldu. Koronovir\u00fcs salg\u0131n\u0131 ile birlikte hayat\u0131m\u0131zda bir\u00e7ok \u015fey de\u011fi\u015fti ve de\u011fi\u015fmeye devam edecek. Sundu\u011funuz m\u00fc\u015fteri deneyimini Koronavir\u00fcs\u2019ten \u00f6ncesi ve sonras\u0131 olarak ikiye ay\u0131rabilirsiniz. Art\u0131k hijyenik \u00fcr\u00fcn ve servisler ile m\u00fc\u015fteri deneyiminin \u015fekillendi\u011fi yeni bir d\u00fcnya bizi bekliyor.<\/span><br \/><span style=\"color: #000000;\">\u0130nsanlarla yak\u0131n ileti\u015fim ve nesnelere temas ile bula\u015fabilen Covid-19 vir\u00fcs\u00fc ile birlikte hijyen her zamankinden daha \u00f6nemli hale geldi. Markan\u0131z i\u00e7in bug\u00fcne kadar h\u0131z, kalite, fiyat, inovasyon gibi de\u011fer \u00f6nerileriniz \u00f6ne \u00e7\u0131km\u0131\u015f olabilir. Ancak art\u0131k hangi sekt\u00f6rde olursan\u0131z olun, de\u011fer \u00f6nerileriniz i\u00e7inde ilk s\u0131raya hijyeni koyman\u0131z ka\u00e7\u0131n\u0131lmaz.<\/span><\/p><p><strong><span style=\"color: #000000;\">\u00c7al\u0131\u015fan Deneyimi<\/span><\/strong><br \/><span style=\"color: #000000;\">Pandemide \u00e7al\u0131\u015fan deneyiminin kritik bir \u00f6neme sahip oldu\u011fu bir kez daha ortaya \u00e7\u0131kt\u0131. \u00c7al\u0131\u015fanlar\u0131n\u0131n mutlu olmad\u0131\u011f\u0131 bir i\u015fletmenin m\u00fc\u015fterilerini mutlu etmesi de m\u00fcmk\u00fcn de\u011fil. Evden \u00e7al\u0131\u015fma d\u00fczenine ge\u00e7en beyaz yakal\u0131lar olarak pandemi ko\u015fullar\u0131nda i\u015fe gitmek zorunda kalan mavi yakal\u0131lar\u0131n ya\u015fad\u0131klar\u0131 s\u0131k\u0131nt\u0131lar\u0131 g\u00f6rmezden gelemeyiz.<\/span><br \/><span style=\"color: #000000;\">Bir i\u015fletmenin \u201cOla\u011fand\u0131\u015f\u0131 bir d\u00f6nemdeyiz \u00e7al\u0131\u015fan deneyimine ay\u0131racak kayna\u011f\u0131m\u0131z yok\u201d mazeretine s\u0131\u011f\u0131nmas\u0131, b\u00fcy\u00fck bir hata olacakt\u0131r. Sunaca\u011f\u0131n\u0131z deneyim, m\u00fc\u015fterilerinizle birebir temas halindeki \u00e7al\u0131\u015fanlar\u0131n\u0131zdan en arka plandakilere kadar uzanan \u00e7al\u0131\u015fan zincirindeki en zay\u0131f halka kadar g\u00fc\u00e7l\u00fc olabilir.<\/span><\/p><p><strong><span style=\"color: #000000;\">Omni-Channel Deneyim<\/span><\/strong><br \/><span style=\"color: #000000;\">T\u00fcm kanallar\u0131n merkezi y\u00f6netildi\u011fi bir pazarlama yakla\u015f\u0131m\u0131 olarak kar\u015f\u0131m\u0131za \u00e7\u0131kan omni-channel g\u00fcn\u00fcm\u00fczde m\u00fc\u015fteri deneyimi i\u00e7in de kabul g\u00f6ren bir y\u00f6ntem. Pandemi ile birlikte omni-channel deneyim daha fazla \u00f6nem kazand\u0131. Dijital ortamda i\u015fletmeler m\u00fc\u015fterileri ile web d\u0131\u015f\u0131nda mobil uygulama, sosyal medya, e-posta, chatbot, whatsapp gibi kanallar \u00fczerinden de ileti\u015fim kurabiliyor. Daha zengin bir m\u00fc\u015fteri deneyimi sunmak isteyen i\u015fletmeler m\u00fc\u015fterileriyle t\u00fcm dijital kanallardan ileti\u015fim kurma e\u011filiminde. Omni-channel bir yap\u0131n\u0131z yoksa \u00e7oklu kanal yap\u0131n\u0131z bir kabusa d\u00f6n\u00fc\u015febilir. Omni-channel yap\u0131 i\u00e7in gerekli kayna\u011f\u0131 ay\u0131rmal\u0131 ve t\u00fcm kanallar yerine i\u015fletmeniz i\u00e7in do\u011fru kanallar\u0131 se\u00e7melisiniz.<\/span><\/p><p><strong><span style=\"color: #000000;\">\u0130nsan Odakl\u0131l\u0131k ve \u015eeffafl\u0131k<\/span><\/strong><br \/><span style=\"color: #000000;\">Dijital \u00e7a\u011fda t\u00fcketiciler de markalardan ald\u0131klar\u0131 hizmetleri de\u011ferlendirme ve bu de\u011ferlendirmelerini sosyal a\u011flarda payla\u015fma \u015fans\u0131na sahipler. Bilgiye art\u0131k her yerden eri\u015febilme \u00f6zg\u00fcrl\u00fc\u011f\u00fcyle bilgi demokratikle\u015fti. Bununla beraber \u015feffafl\u0131k yeni bir de\u011fer olarak kar\u015f\u0131m\u0131za \u00e7\u0131k\u0131yor. Markalar\u0131n da bu d\u00f6n\u00fc\u015fen yeni unsurlar\u0131n fark\u0131nda olmas\u0131 ve bu d\u00f6n\u00fc\u015f\u00fcme k\u00fclt\u00fcrel ve organizasyonel anlamda ayak uydurmas\u0131 bir farkl\u0131la\u015fma unsuru de\u011fil, bilakis bir zorunluluktur.<\/span><br \/><span style=\"color: #000000;\">Bu de\u011fi\u015fim neticesinde, i\u015f yap\u0131\u015f \u015fekillerinde d\u00f6n\u00fc\u015fmesi gereken k\u00fclt\u00fcr, t\u00fcketiciyi \u201ct\u00fcketen\u201d olarak de\u011fil insan olarak konumland\u0131rmak ve t\u00fcm organizasyona bu k\u00fclt\u00fcr\u00fc a\u015f\u0131lamak olmal\u0131d\u0131r. Dolay\u0131s\u0131yla di\u011fer t\u00fcm s\u00fcre\u00e7lerin de insan odakl\u0131 \u015fekilde evrilmesi gerekiyor. \u201c\u0130nsan\u201d ile ileti\u015fim, dijital \u00e7a\u011f\u0131n yeni de\u011ferini i\u00e7erecek \u015fekilde t\u00fcm s\u00fcre\u00e7ler \u015feffaf bir \u015fekilde ve samimiyetle aktar\u0131lmal\u0131d\u0131r. 2021\u2019de i\u015fletmenizin m\u00fc\u015fteri deneyimi s\u00fcre\u00e7lerinin insan odakl\u0131 ve \u015feffaf oldu\u011fundan emin olun.<\/span><\/p><p><strong><span style=\"color: #000000;\">Ki\u015fisel Verilerin Korunmas\u0131<\/span><\/strong><br \/><span style=\"color: #000000;\">6698 say\u0131l\u0131 Ki\u015fisel Verilerin Korunmas\u0131 Kanunu (KVKK) 07 Nisan 2016 tarihinde y\u00fcr\u00fcrl\u00fc\u011fe girdi. Kanunda yer alan baz\u0131 ge\u00e7i\u015f h\u00fck\u00fcmleri i\u00e7in s\u00fcre\u00e7 devam ediyor. \u0130\u015fletmenizin s\u00fcre\u00e7lerini KVKK ile uyumlu hale getirdiniz mi? M\u00fc\u015fteri ve \u00e7al\u0131\u015fan verilerini koruma alt\u0131na ald\u0131n\u0131z m\u0131? Ki\u015fisel Verileri Koruma Kurumu\u2019nun yay\u0131nlad\u0131\u011f\u0131 duyurular\u0131 takip ediyor musunuz? KVKK hukuki bir konu gibi g\u00f6r\u00fcnse de teknolojik altyap\u0131dan ba\u015flay\u0131p t\u00fcm s\u00fcre\u00e7lere etki eden bir konu. \u0130\u015fletmenizin veri sorumlusu rol\u00fc d\u0131\u015f\u0131nda veri i\u015fleyen konumundaki i\u015f ortaklar\u0131n\u0131z da s\u00fcrecin bir par\u00e7as\u0131. Avrupa Birli\u011fi \u00fclkelerinde m\u00fc\u015fterileriniz varsa GDPR (General Data Protection Regulation) konusunda da \u00e7al\u0131\u015fma yapmal\u0131 ve s\u00fcre\u00e7lerinizi uyumlu hale getirmelisiniz. Ki\u015fisel verilerini korumak i\u00e7in uygulad\u0131\u011f\u0131n\u0131z politikalar\u0131 mutlaka yay\u0131mlay\u0131n.<\/span><\/p><p><strong><span style=\"color: #000000;\">Siber G\u00fcvenlik<\/span><\/strong><br \/><span style=\"color: #000000;\">Siber g\u00fcvenlik ve m\u00fc\u015fteri deneyimi, birbirine tamamen z\u0131t g\u00f6r\u00fcnebilir. Ancak deneyim a\u00e7\u0131s\u0131ndan daha yak\u0131ndan bakarsan\u0131z, siber g\u00fcvenli\u011fin m\u00fc\u015fteri deneyiminde olmazsa olmaz bir unsur oldu\u011funu g\u00f6receksiniz. Dijital ortamdaki t\u00fcm m\u00fc\u015fterileriniz siber sald\u0131r\u0131lar\u0131n potansiyel hedefi konumunda. Siber g\u00fcvenli\u011fi sadece kendi i\u015fletmeniz s\u0131n\u0131rlar\u0131 i\u00e7inde de\u011fil u\u00e7tan uca t\u00fcm m\u00fc\u015fteri deneyiminde sunmal\u0131s\u0131n\u0131z. M\u00fc\u015fterilerinizin almas\u0131 gereken ki\u015fisel \u00f6nlemler konusunda onlara yol g\u00f6stermelisiniz. Siber g\u00fcvenlik \u00e7abalar\u0131n\u0131z\u0131 a\u00e7\u0131klayarak onlara sorunsuz bir deneyim ya\u015fama konusunda ciddi oldu\u011funuzu g\u00f6sterin. Hangi \u00f6nlemleri ald\u0131\u011f\u0131n\u0131z\u0131 sade bir dille anlat\u0131n.<\/span><br \/><span style=\"color: #000000;\">\u0130\u015fletmeniz, m\u00fc\u015fterilerine g\u00fcvenli bir \u00e7evrimi\u00e7i ortam sunmay\u0131 garanti edebilirse rekabette \u00f6ne \u00e7\u0131kan bir deneyim sunmas\u0131 daha kolay olacakt\u0131r.<\/span><\/p><\/div>\t\t\t\t\t\t\t\t<\/div>\n\t\t\t\t<\/div>\n\t\t\t\t\t<\/div>\n\t\t<\/div>\n\t\t\t\t\t<\/div>\n\t\t<\/section>\n\t\t\t\t<\/div>\n\t\t","protected":false},"excerpt":{"rendered":"<p>Covid-19\u2019un g\u00f6lgesinde 2021 y\u0131l\u0131na girdik. Yeni y\u0131lda m\u00fc\u015fteri deneyimiyle farkl\u0131la\u015fmak ve rekabette \u00f6ne \u00e7\u0131kmak isteyen i\u015fletmeler, teknoloji ile \u015fekillenen yeni m\u00fc\u015fteri deneyimi trendlerine odaklanacak gibi g\u00f6r\u00fcn\u00fcyor. 2020 y\u0131l\u0131 tarihe pandemi y\u0131l\u0131 olarak ge\u00e7ti ve 2021 i\u00e7inse \u00f6n\u00fcm\u00fczde \u00fc\u00e7 farkl\u0131 senaryo mevcut; her \u015feyin normale d\u00f6nmesi, 2020\u2019deki gibi devam etmesi ya da daha k\u00f6t\u00fcye gitmesi. Bundan [&hellip;]<\/p>\n","protected":false},"author":2,"featured_media":2686,"comment_status":"closed","ping_status":"closed","sticky":false,"template":"","format":"standard","meta":{"_monsterinsights_skip_tracking":false,"_monsterinsights_sitenote_active":false,"_monsterinsights_sitenote_note":"","_monsterinsights_sitenote_category":0,"footnotes":""},"categories":[23,32],"tags":[],"class_list":{"0":"post-2679","1":"post","2":"type-post","3":"status-publish","4":"format-standard","5":"has-post-thumbnail","7":"category-haberler","8":"category-sektorden-haberler-haberler"},"featured_image_src":"https:\/\/www.gidaperakendecileri.org\/wp-content\/uploads\/2021\/01\/2020-musteri-deneyimi.jpg","author_info":{"display_name":"H\u00fcnkar G\u00f6rel","author_link":"https:\/\/www.gidaperakendecileri.org\/?author=2"},"yoast_head":"<!-- This site is optimized with the Yoast SEO plugin v26.7 - https:\/\/yoast.com\/wordpress\/plugins\/seo\/ -->\n<title>2021 Y\u0131l\u0131nda M\u00fc\u015fteri Deneyiminde \u00d6ne \u00c7\u0131kacak 7 \u00d6nemli Ba\u015fl\u0131k - GPD<\/title>\n<meta name=\"robots\" content=\"index, follow, max-snippet:-1, max-image-preview:large, max-video-preview:-1\" \/>\n<link rel=\"canonical\" href=\"https:\/\/www.gidaperakendecileri.org\/?p=2679\" \/>\n<meta property=\"og:locale\" content=\"en_US\" \/>\n<meta property=\"og:type\" content=\"article\" \/>\n<meta property=\"og:title\" content=\"2021 Y\u0131l\u0131nda M\u00fc\u015fteri Deneyiminde \u00d6ne \u00c7\u0131kacak 7 \u00d6nemli Ba\u015fl\u0131k - GPD\" \/>\n<meta property=\"og:description\" content=\"Covid-19\u2019un g\u00f6lgesinde 2021 y\u0131l\u0131na girdik. Yeni y\u0131lda m\u00fc\u015fteri deneyimiyle farkl\u0131la\u015fmak ve rekabette \u00f6ne \u00e7\u0131kmak isteyen i\u015fletmeler, teknoloji ile \u015fekillenen yeni m\u00fc\u015fteri deneyimi trendlerine odaklanacak gibi g\u00f6r\u00fcn\u00fcyor. 2020 y\u0131l\u0131 tarihe pandemi y\u0131l\u0131 olarak ge\u00e7ti ve 2021 i\u00e7inse \u00f6n\u00fcm\u00fczde \u00fc\u00e7 farkl\u0131 senaryo mevcut; her \u015feyin normale d\u00f6nmesi, 2020\u2019deki gibi devam etmesi ya da daha k\u00f6t\u00fcye gitmesi. Bundan [&hellip;]\" \/>\n<meta property=\"og:url\" content=\"https:\/\/www.gidaperakendecileri.org\/?p=2679\" \/>\n<meta property=\"og:site_name\" content=\"GPD\" \/>\n<meta property=\"article:published_time\" content=\"2021-01-07T17:41:19+00:00\" \/>\n<meta property=\"article:modified_time\" content=\"2021-02-05T12:58:28+00:00\" \/>\n<meta property=\"og:image\" content=\"https:\/\/www.gidaperakendecileri.org\/wp-content\/uploads\/2021\/01\/2020-musteri-deneyimi.jpg\" \/>\n\t<meta property=\"og:image:width\" content=\"1181\" \/>\n\t<meta property=\"og:image:height\" content=\"789\" \/>\n\t<meta property=\"og:image:type\" content=\"image\/jpeg\" \/>\n<meta name=\"author\" content=\"H\u00fcnkar G\u00f6rel\" \/>\n<meta name=\"twitter:card\" content=\"summary_large_image\" \/>\n<meta name=\"twitter:label1\" content=\"Written by\" \/>\n\t<meta name=\"twitter:data1\" content=\"H\u00fcnkar G\u00f6rel\" \/>\n\t<meta name=\"twitter:label2\" content=\"Est. reading time\" \/>\n\t<meta name=\"twitter:data2\" content=\"6 minutes\" \/>\n<script type=\"application\/ld+json\" class=\"yoast-schema-graph\">{\"@context\":\"https:\/\/schema.org\",\"@graph\":[{\"@type\":\"Article\",\"@id\":\"https:\/\/www.gidaperakendecileri.org\/?p=2679#article\",\"isPartOf\":{\"@id\":\"https:\/\/www.gidaperakendecileri.org\/?p=2679\"},\"author\":{\"name\":\"H\u00fcnkar G\u00f6rel\",\"@id\":\"https:\/\/www.gidaperakendecileri.org\/#\/schema\/person\/a509599b6fcfa3d743530309969de5e6\"},\"headline\":\"2021 Y\u0131l\u0131nda M\u00fc\u015fteri Deneyiminde \u00d6ne \u00c7\u0131kacak 7 \u00d6nemli Ba\u015fl\u0131k\",\"datePublished\":\"2021-01-07T17:41:19+00:00\",\"dateModified\":\"2021-02-05T12:58:28+00:00\",\"mainEntityOfPage\":{\"@id\":\"https:\/\/www.gidaperakendecileri.org\/?p=2679\"},\"wordCount\":1214,\"image\":{\"@id\":\"https:\/\/www.gidaperakendecileri.org\/?p=2679#primaryimage\"},\"thumbnailUrl\":\"https:\/\/www.gidaperakendecileri.org\/wp-content\/uploads\/2021\/01\/2020-musteri-deneyimi.jpg\",\"articleSection\":[\"Haberler\",\"Sekt\u00f6rden Haberler\"],\"inLanguage\":\"en-US\"},{\"@type\":\"WebPage\",\"@id\":\"https:\/\/www.gidaperakendecileri.org\/?p=2679\",\"url\":\"https:\/\/www.gidaperakendecileri.org\/?p=2679\",\"name\":\"2021 Y\u0131l\u0131nda M\u00fc\u015fteri Deneyiminde \u00d6ne \u00c7\u0131kacak 7 \u00d6nemli Ba\u015fl\u0131k - GPD\",\"isPartOf\":{\"@id\":\"https:\/\/www.gidaperakendecileri.org\/#website\"},\"primaryImageOfPage\":{\"@id\":\"https:\/\/www.gidaperakendecileri.org\/?p=2679#primaryimage\"},\"image\":{\"@id\":\"https:\/\/www.gidaperakendecileri.org\/?p=2679#primaryimage\"},\"thumbnailUrl\":\"https:\/\/www.gidaperakendecileri.org\/wp-content\/uploads\/2021\/01\/2020-musteri-deneyimi.jpg\",\"datePublished\":\"2021-01-07T17:41:19+00:00\",\"dateModified\":\"2021-02-05T12:58:28+00:00\",\"author\":{\"@id\":\"https:\/\/www.gidaperakendecileri.org\/#\/schema\/person\/a509599b6fcfa3d743530309969de5e6\"},\"breadcrumb\":{\"@id\":\"https:\/\/www.gidaperakendecileri.org\/?p=2679#breadcrumb\"},\"inLanguage\":\"en-US\",\"potentialAction\":[{\"@type\":\"ReadAction\",\"target\":[\"https:\/\/www.gidaperakendecileri.org\/?p=2679\"]}]},{\"@type\":\"ImageObject\",\"inLanguage\":\"en-US\",\"@id\":\"https:\/\/www.gidaperakendecileri.org\/?p=2679#primaryimage\",\"url\":\"https:\/\/www.gidaperakendecileri.org\/wp-content\/uploads\/2021\/01\/2020-musteri-deneyimi.jpg\",\"contentUrl\":\"https:\/\/www.gidaperakendecileri.org\/wp-content\/uploads\/2021\/01\/2020-musteri-deneyimi.jpg\",\"width\":1181,\"height\":789},{\"@type\":\"BreadcrumbList\",\"@id\":\"https:\/\/www.gidaperakendecileri.org\/?p=2679#breadcrumb\",\"itemListElement\":[{\"@type\":\"ListItem\",\"position\":1,\"name\":\"Home\",\"item\":\"https:\/\/www.gidaperakendecileri.org\/\"},{\"@type\":\"ListItem\",\"position\":2,\"name\":\"2021 Y\u0131l\u0131nda M\u00fc\u015fteri Deneyiminde \u00d6ne \u00c7\u0131kacak 7 \u00d6nemli Ba\u015fl\u0131k\"}]},{\"@type\":\"WebSite\",\"@id\":\"https:\/\/www.gidaperakendecileri.org\/#website\",\"url\":\"https:\/\/www.gidaperakendecileri.org\/\",\"name\":\"GPD\",\"description\":\"G\u0131da Perakendecileri Derne\u011fi\",\"potentialAction\":[{\"@type\":\"SearchAction\",\"target\":{\"@type\":\"EntryPoint\",\"urlTemplate\":\"https:\/\/www.gidaperakendecileri.org\/?s={search_term_string}\"},\"query-input\":{\"@type\":\"PropertyValueSpecification\",\"valueRequired\":true,\"valueName\":\"search_term_string\"}}],\"inLanguage\":\"en-US\"},{\"@type\":\"Person\",\"@id\":\"https:\/\/www.gidaperakendecileri.org\/#\/schema\/person\/a509599b6fcfa3d743530309969de5e6\",\"name\":\"H\u00fcnkar G\u00f6rel\",\"image\":{\"@type\":\"ImageObject\",\"inLanguage\":\"en-US\",\"@id\":\"https:\/\/www.gidaperakendecileri.org\/#\/schema\/person\/image\/\",\"url\":\"https:\/\/secure.gravatar.com\/avatar\/6833176c6068a3a97919a716cee09184937057818487819b3315830bdfd463a4?s=96&d=mm&r=g\",\"contentUrl\":\"https:\/\/secure.gravatar.com\/avatar\/6833176c6068a3a97919a716cee09184937057818487819b3315830bdfd463a4?s=96&d=mm&r=g\",\"caption\":\"H\u00fcnkar G\u00f6rel\"},\"url\":\"https:\/\/www.gidaperakendecileri.org\/?author=2\"}]}<\/script>\n<!-- \/ Yoast SEO plugin. -->","yoast_head_json":{"title":"2021 Y\u0131l\u0131nda M\u00fc\u015fteri Deneyiminde \u00d6ne \u00c7\u0131kacak 7 \u00d6nemli Ba\u015fl\u0131k - GPD","robots":{"index":"index","follow":"follow","max-snippet":"max-snippet:-1","max-image-preview":"max-image-preview:large","max-video-preview":"max-video-preview:-1"},"canonical":"https:\/\/www.gidaperakendecileri.org\/?p=2679","og_locale":"en_US","og_type":"article","og_title":"2021 Y\u0131l\u0131nda M\u00fc\u015fteri Deneyiminde \u00d6ne \u00c7\u0131kacak 7 \u00d6nemli Ba\u015fl\u0131k - GPD","og_description":"Covid-19\u2019un g\u00f6lgesinde 2021 y\u0131l\u0131na girdik. Yeni y\u0131lda m\u00fc\u015fteri deneyimiyle farkl\u0131la\u015fmak ve rekabette \u00f6ne \u00e7\u0131kmak isteyen i\u015fletmeler, teknoloji ile \u015fekillenen yeni m\u00fc\u015fteri deneyimi trendlerine odaklanacak gibi g\u00f6r\u00fcn\u00fcyor. 2020 y\u0131l\u0131 tarihe pandemi y\u0131l\u0131 olarak ge\u00e7ti ve 2021 i\u00e7inse \u00f6n\u00fcm\u00fczde \u00fc\u00e7 farkl\u0131 senaryo mevcut; her \u015feyin normale d\u00f6nmesi, 2020\u2019deki gibi devam etmesi ya da daha k\u00f6t\u00fcye gitmesi. Bundan [&hellip;]","og_url":"https:\/\/www.gidaperakendecileri.org\/?p=2679","og_site_name":"GPD","article_published_time":"2021-01-07T17:41:19+00:00","article_modified_time":"2021-02-05T12:58:28+00:00","og_image":[{"width":1181,"height":789,"url":"https:\/\/www.gidaperakendecileri.org\/wp-content\/uploads\/2021\/01\/2020-musteri-deneyimi.jpg","type":"image\/jpeg"}],"author":"H\u00fcnkar G\u00f6rel","twitter_card":"summary_large_image","twitter_misc":{"Written by":"H\u00fcnkar G\u00f6rel","Est. reading time":"6 minutes"},"schema":{"@context":"https:\/\/schema.org","@graph":[{"@type":"Article","@id":"https:\/\/www.gidaperakendecileri.org\/?p=2679#article","isPartOf":{"@id":"https:\/\/www.gidaperakendecileri.org\/?p=2679"},"author":{"name":"H\u00fcnkar G\u00f6rel","@id":"https:\/\/www.gidaperakendecileri.org\/#\/schema\/person\/a509599b6fcfa3d743530309969de5e6"},"headline":"2021 Y\u0131l\u0131nda M\u00fc\u015fteri Deneyiminde \u00d6ne \u00c7\u0131kacak 7 \u00d6nemli Ba\u015fl\u0131k","datePublished":"2021-01-07T17:41:19+00:00","dateModified":"2021-02-05T12:58:28+00:00","mainEntityOfPage":{"@id":"https:\/\/www.gidaperakendecileri.org\/?p=2679"},"wordCount":1214,"image":{"@id":"https:\/\/www.gidaperakendecileri.org\/?p=2679#primaryimage"},"thumbnailUrl":"https:\/\/www.gidaperakendecileri.org\/wp-content\/uploads\/2021\/01\/2020-musteri-deneyimi.jpg","articleSection":["Haberler","Sekt\u00f6rden Haberler"],"inLanguage":"en-US"},{"@type":"WebPage","@id":"https:\/\/www.gidaperakendecileri.org\/?p=2679","url":"https:\/\/www.gidaperakendecileri.org\/?p=2679","name":"2021 Y\u0131l\u0131nda M\u00fc\u015fteri Deneyiminde \u00d6ne \u00c7\u0131kacak 7 \u00d6nemli Ba\u015fl\u0131k - GPD","isPartOf":{"@id":"https:\/\/www.gidaperakendecileri.org\/#website"},"primaryImageOfPage":{"@id":"https:\/\/www.gidaperakendecileri.org\/?p=2679#primaryimage"},"image":{"@id":"https:\/\/www.gidaperakendecileri.org\/?p=2679#primaryimage"},"thumbnailUrl":"https:\/\/www.gidaperakendecileri.org\/wp-content\/uploads\/2021\/01\/2020-musteri-deneyimi.jpg","datePublished":"2021-01-07T17:41:19+00:00","dateModified":"2021-02-05T12:58:28+00:00","author":{"@id":"https:\/\/www.gidaperakendecileri.org\/#\/schema\/person\/a509599b6fcfa3d743530309969de5e6"},"breadcrumb":{"@id":"https:\/\/www.gidaperakendecileri.org\/?p=2679#breadcrumb"},"inLanguage":"en-US","potentialAction":[{"@type":"ReadAction","target":["https:\/\/www.gidaperakendecileri.org\/?p=2679"]}]},{"@type":"ImageObject","inLanguage":"en-US","@id":"https:\/\/www.gidaperakendecileri.org\/?p=2679#primaryimage","url":"https:\/\/www.gidaperakendecileri.org\/wp-content\/uploads\/2021\/01\/2020-musteri-deneyimi.jpg","contentUrl":"https:\/\/www.gidaperakendecileri.org\/wp-content\/uploads\/2021\/01\/2020-musteri-deneyimi.jpg","width":1181,"height":789},{"@type":"BreadcrumbList","@id":"https:\/\/www.gidaperakendecileri.org\/?p=2679#breadcrumb","itemListElement":[{"@type":"ListItem","position":1,"name":"Home","item":"https:\/\/www.gidaperakendecileri.org\/"},{"@type":"ListItem","position":2,"name":"2021 Y\u0131l\u0131nda M\u00fc\u015fteri Deneyiminde \u00d6ne \u00c7\u0131kacak 7 \u00d6nemli Ba\u015fl\u0131k"}]},{"@type":"WebSite","@id":"https:\/\/www.gidaperakendecileri.org\/#website","url":"https:\/\/www.gidaperakendecileri.org\/","name":"GPD","description":"G\u0131da Perakendecileri Derne\u011fi","potentialAction":[{"@type":"SearchAction","target":{"@type":"EntryPoint","urlTemplate":"https:\/\/www.gidaperakendecileri.org\/?s={search_term_string}"},"query-input":{"@type":"PropertyValueSpecification","valueRequired":true,"valueName":"search_term_string"}}],"inLanguage":"en-US"},{"@type":"Person","@id":"https:\/\/www.gidaperakendecileri.org\/#\/schema\/person\/a509599b6fcfa3d743530309969de5e6","name":"H\u00fcnkar G\u00f6rel","image":{"@type":"ImageObject","inLanguage":"en-US","@id":"https:\/\/www.gidaperakendecileri.org\/#\/schema\/person\/image\/","url":"https:\/\/secure.gravatar.com\/avatar\/6833176c6068a3a97919a716cee09184937057818487819b3315830bdfd463a4?s=96&d=mm&r=g","contentUrl":"https:\/\/secure.gravatar.com\/avatar\/6833176c6068a3a97919a716cee09184937057818487819b3315830bdfd463a4?s=96&d=mm&r=g","caption":"H\u00fcnkar G\u00f6rel"},"url":"https:\/\/www.gidaperakendecileri.org\/?author=2"}]}},"amp_enabled":true,"_links":{"self":[{"href":"https:\/\/www.gidaperakendecileri.org\/index.php?rest_route=\/wp\/v2\/posts\/2679","targetHints":{"allow":["GET"]}}],"collection":[{"href":"https:\/\/www.gidaperakendecileri.org\/index.php?rest_route=\/wp\/v2\/posts"}],"about":[{"href":"https:\/\/www.gidaperakendecileri.org\/index.php?rest_route=\/wp\/v2\/types\/post"}],"author":[{"embeddable":true,"href":"https:\/\/www.gidaperakendecileri.org\/index.php?rest_route=\/wp\/v2\/users\/2"}],"replies":[{"embeddable":true,"href":"https:\/\/www.gidaperakendecileri.org\/index.php?rest_route=%2Fwp%2Fv2%2Fcomments&post=2679"}],"version-history":[{"count":8,"href":"https:\/\/www.gidaperakendecileri.org\/index.php?rest_route=\/wp\/v2\/posts\/2679\/revisions"}],"predecessor-version":[{"id":2690,"href":"https:\/\/www.gidaperakendecileri.org\/index.php?rest_route=\/wp\/v2\/posts\/2679\/revisions\/2690"}],"wp:featuredmedia":[{"embeddable":true,"href":"https:\/\/www.gidaperakendecileri.org\/index.php?rest_route=\/wp\/v2\/media\/2686"}],"wp:attachment":[{"href":"https:\/\/www.gidaperakendecileri.org\/index.php?rest_route=%2Fwp%2Fv2%2Fmedia&parent=2679"}],"wp:term":[{"taxonomy":"category","embeddable":true,"href":"https:\/\/www.gidaperakendecileri.org\/index.php?rest_route=%2Fwp%2Fv2%2Fcategories&post=2679"},{"taxonomy":"post_tag","embeddable":true,"href":"https:\/\/www.gidaperakendecileri.org\/index.php?rest_route=%2Fwp%2Fv2%2Ftags&post=2679"}],"curies":[{"name":"wp","href":"https:\/\/api.w.org\/{rel}","templated":true}]}}