{"id":2292,"date":"2020-09-14T09:59:02","date_gmt":"2020-09-14T09:59:02","guid":{"rendered":"https:\/\/www.gidaperakendecileri.org\/?p=2292"},"modified":"2021-02-05T12:58:44","modified_gmt":"2021-02-05T12:58:44","slug":"tedbirleri-uygulama-seviyemiz-yeterli-degil","status":"publish","type":"post","link":"https:\/\/www.gidaperakendecileri.org\/?p=2292","title":{"rendered":"\u201cTedbirleri Uygulama Seviyemiz Yeterli De\u011fil\u201d"},"content":{"rendered":"\t\t<div data-elementor-type=\"wp-post\" data-elementor-id=\"2292\" class=\"elementor elementor-2292\">\n\t\t\t\t\t\t<section class=\"elementor-section elementor-top-section elementor-element elementor-element-3ef128ae elementor-section-boxed elementor-section-height-default elementor-section-height-default\" data-id=\"3ef128ae\" data-element_type=\"section\">\n\t\t\t\t\t\t<div class=\"elementor-container elementor-column-gap-default\">\n\t\t\t\t\t<div class=\"elementor-column elementor-col-100 elementor-top-column elementor-element elementor-element-6c0ce5df\" data-id=\"6c0ce5df\" data-element_type=\"column\">\n\t\t\t<div class=\"elementor-widget-wrap elementor-element-populated\">\n\t\t\t\t\t\t<div class=\"elementor-element elementor-element-5aacae7a elementor-widget elementor-widget-text-editor\" data-id=\"5aacae7a\" data-element_type=\"widget\" data-widget_type=\"text-editor.default\">\n\t\t\t\t<div class=\"elementor-widget-container\">\n\t\t\t\t\t\t\t\t\t<div class=\"td-paragraph-padding-1\"><h3><span style=\"color: #000000;\"><strong>Koronavir\u00fcs Salg\u0131n\u0131 ve Toplum Ara\u015ft\u0131rmas\u0131 ile Ipsos, T\u00fcrkiye\u2019de koronavir\u00fcs vakas\u0131n\u0131n ilk kez tespit edilmesini takiben vatanda\u015flar\u0131n bu konuya ili\u015fkin fark\u0131ndal\u0131k d\u00fczeylerini, endi\u015felerini, de\u011fi\u015fen davran\u0131\u015flar\u0131n\u0131 ortaya koymaya devam ediyor. <\/strong><\/span><\/h3><p><span style=\"color: #000000;\">Ipsos\u2019un ger\u00e7ekle\u015ftirdi\u011fi Koronavir\u00fcs Salg\u0131n\u0131 ve Toplum Ara\u015ft\u0131rmas\u0131\u2019na g\u00f6re normalle\u015fme s\u00fcrecinin gidi\u015fat\u0131 k\u00f6t\u00fc bulunuyor. Artan vaka say\u0131lar\u0131 ile beraber vatanda\u015flar s\u00fcrece dair daha olumsuz de\u011ferlendirmede bulunmaya ba\u015flad\u0131. Yakla\u015f\u0131k her 4 vatanda\u015ftan 3\u2019\u00fc gidi\u015fat\u0131n k\u00f6t\u00fc veya \u00e7ok k\u00f6t\u00fc oldu\u011funu d\u00fc\u015f\u00fcn\u00fcyor. Haziran ba\u015f\u0131nda toplumun yar\u0131s\u0131ndan fazlas\u0131 normalle\u015fme s\u00fcreci nedeniyle salg\u0131nda ikinci bir dalga ya\u015fanaca\u011f\u0131n\u0131 d\u00fc\u015f\u00fcn\u00fcyordu. Bu y\u00f6nde d\u00fc\u015f\u00fcnenlerin oran\u0131n\u0131n haftalar ge\u00e7tik\u00e7e daha da art\u0131\u015f g\u00f6sterdi\u011fi verilerle tespit ediliyor. Ge\u00e7ti\u011fimiz hafta Sa\u011fl\u0131k Bakan\u0131 Fahrettin Koca ise bu art\u0131\u015f\u0131 ilk dalgan\u0131n ikinci piki olarak tan\u0131mlad\u0131. \u0130kinci dalga veya ilk dalgan\u0131n pikinin asl\u0131nda ya\u015fanmaya ba\u015fland\u0131\u011f\u0131 s\u00f6ylenebilir. <\/span><\/p><p><span style=\"color: #000000;\"><strong>Altm\u0131\u015f Be\u015f Ya\u015f ve \u00dcst\u00fc Vatanda\u015flara Y\u00f6nelik K\u0131s\u0131tlamalar Toplumda Kabul G\u00f6r\u00fcyor<\/strong><\/span><br \/><span style=\"color: #000000;\">Sa\u011fl\u0131k Bakan\u0131 Fahrettin Koca bayram, ni\u015fan, d\u00fc\u011f\u00fcn gibi kutlamalar, asker u\u011furlamalar\u0131 ve taziyeler esnas\u0131nda gerekli bireysel tedbirlere yeteri kadar uyulmad\u0131\u011f\u0131na dair bir a\u00e7\u0131klama yapt\u0131. Bu kapsamda \u00f6zellikle 65 ya\u015f ve \u00fcst\u00fc vatanda\u015flar\u0131 korumak amac\u0131yla il baz\u0131nda Valilikler taraf\u0131ndan \u00e7e\u015fitli s\u0131n\u0131rland\u0131rmalar getirildi. Bu t\u00fcr uygulamalar toplumun b\u00fcy\u00fck kesimi (%88) taraf\u0131ndan desteklendi\u011fi g\u00f6r\u00fcl\u00fcyor.<\/span><\/p><p><span style=\"color: #000000;\"><strong>Maske Kullanmayanlara Y\u00f6nelik Para Cezas\u0131 Yeteri Kadar Uygulanm\u0131yor<\/strong><\/span><br \/><span style=\"color: #000000;\">Ipsos\u2019un ger\u00e7ekle\u015ftirdi\u011fi bu ara\u015ft\u0131rmada s\u0131k\u00e7a dile getirildi\u011fi \u00fczere vatanda\u015flar, di\u011fer vatanda\u015flar\u0131n yeteri kadar \u00f6nlem almad\u0131\u011f\u0131n\u0131 d\u00fc\u015f\u00fcn\u00fcyor. Bununla birlikte bu ki\u015filere y\u00f6nelik kamusal yapt\u0131r\u0131mlar\u0131n da yeteri kadar uygulanmad\u0131\u011f\u0131 g\u00f6r\u00fc\u015f\u00fc h\u00e2kim. \u0130\u00e7i\u015fleri Bakanl\u0131\u011f\u0131\u2019n\u0131n genelgesiyle 22 Haziran\u2019da ba\u015flayan uygulamaya g\u00f6re maske takma zorunlulu\u011funa uymayan vatanda\u015flara 900 TL para cezas\u0131 kesilmesi gerekiyor. Ancak bu karar\u0131n yeteri kadar uygulanmad\u0131\u011f\u0131n\u0131 d\u00fc\u015f\u00fcnenlerin oran\u0131 (%59) uyguland\u0131\u011f\u0131n\u0131 d\u00fc\u015f\u00fcnenlerden (%32) daha y\u00fcksek. Bireylere son 1 haftada yapt\u0131klar\u0131 faaliyetleri ve bu faaliyetleri yaparken ne kadar s\u00fcre maske takt\u0131klar\u0131 soruldu. Ge\u00e7ti\u011fimiz hafta markete veya pazara gidenlerin \u00e7o\u011funlu\u011fu (%87) t\u00fcm s\u00fcre boyunca maske kulland\u0131\u011f\u0131n\u0131 ifade ediyor.<\/span><br \/><span style=\"color: #000000;\">Maskeyi sadece bir s\u00fcre, \u00e7ok az bir s\u00fcre veya hi\u00e7 kulland\u0131\u011f\u0131n\u0131 beyan edenlerin oran\u0131 ise %8-10 aral\u0131\u011f\u0131nda\u2026 Bu oran her ne kadar k\u00fc\u00e7\u00fck g\u00f6z\u00fckse de n\u00fcfusu d\u00fc\u015f\u00fcnd\u00fc\u011f\u00fcm\u00fczde vir\u00fcs\u00fcn yay\u0131lmas\u0131 i\u00e7in yeteri kadar elveri\u015fli bir ortam olu\u015ftu\u011funu s\u00f6ylemek m\u00fcmk\u00fcn.<\/span><\/p><p><span style=\"color: #000000;\"><strong>\u201cTedbirleri Uygulama Seviyemiz Yeterli De\u011fil\u201d<\/strong><\/span><br \/><span style=\"color: #000000;\">Ipsos\u2019un T\u00fcrkiye CEO\u2019su Sidar Gedik, ara\u015ft\u0131rmada elde edilen verilerle ilgili yapt\u0131\u011f\u0131 de\u011ferlendirmede \u201cTedbirler soruldu\u011funda b\u00fcy\u00fck a\u011f\u0131rl\u0131kta bir kesim tedbir ald\u0131\u011f\u0131n\u0131 s\u00f6ylemeye devam ederken, yine ayn\u0131 grup toplumun genelinin bu anlamdaki performans\u0131ndan memnun olmad\u0131\u011f\u0131n\u0131 da s\u00f6yl\u00fcyor. Ayr\u0131ca maske takmayanlara yeterince yapt\u0131r\u0131m uygulanmad\u0131\u011f\u0131 d\u00fc\u015f\u00fcncesi de h\u00e2kim. T\u00fcm bu tablo i\u00e7inde vaka say\u0131lar\u0131 da her g\u00fcn art\u0131yor. Yak\u0131n veya uzak \u00e7evresinde Koronavir\u00fcs te\u015fhisi konan insanlar oldu\u011funu belirtenlerin oran\u0131 da do\u011fal olarak artmaya devam ediyor. 65 ya\u015f \u00fcst\u00fcne k\u0131s\u0131tlamalar\u0131n yeniden uygulanmas\u0131 fikrine destek de y\u00fcksek. Vatanda\u015flar olarak hi\u00e7 tedbir alm\u0131yor de\u011filiz, ancak tedbirleri uygulama seviyemiz yeterli de\u011fil, kendimiz gibi yetersiz tedbir alanlar\u0131 da ele\u015ftiriyoruz. \u00d6te yandan tedbirlerin uygulanmas\u0131na y\u00f6nelik denetim ve yapt\u0131r\u0131mlar da yetersiz bulunuyor. Toplumun %72\u2019si normalle\u015fme s\u00fcrecinin k\u00f6t\u00fc ilerledi\u011fini d\u00fc\u015f\u00fcn\u00fcyor. Normalle\u015femedik. Haziran ba\u015f\u0131ndan itibaren k\u0131s\u0131tlamalar gev\u015fetildi, normal hayata d\u00f6nmeye \u00e7al\u0131\u015ft\u0131k, ancak Eyl\u00fcl ay\u0131na geldi\u011fimizde genel kan\u0131, ba\u015far\u0131l\u0131 bir \u015fekilde normalle\u015femedi\u011fimiz \u015feklinde&#8221; dedi.<\/span><\/p><\/div>\t\t\t\t\t\t\t\t<\/div>\n\t\t\t\t<\/div>\n\t\t\t\t\t<\/div>\n\t\t<\/div>\n\t\t\t\t\t<\/div>\n\t\t<\/section>\n\t\t\t\t<\/div>\n\t\t","protected":false},"excerpt":{"rendered":"<p>Koronavir\u00fcs Salg\u0131n\u0131 ve Toplum Ara\u015ft\u0131rmas\u0131 ile Ipsos, T\u00fcrkiye\u2019de koronavir\u00fcs vakas\u0131n\u0131n ilk kez tespit edilmesini takiben vatanda\u015flar\u0131n bu konuya ili\u015fkin fark\u0131ndal\u0131k d\u00fczeylerini, endi\u015felerini, de\u011fi\u015fen davran\u0131\u015flar\u0131n\u0131 ortaya koymaya devam ediyor. Ipsos\u2019un ger\u00e7ekle\u015ftirdi\u011fi Koronavir\u00fcs Salg\u0131n\u0131 ve Toplum Ara\u015ft\u0131rmas\u0131\u2019na g\u00f6re normalle\u015fme s\u00fcrecinin gidi\u015fat\u0131 k\u00f6t\u00fc bulunuyor. Artan vaka say\u0131lar\u0131 ile beraber vatanda\u015flar s\u00fcrece dair daha olumsuz de\u011ferlendirmede bulunmaya ba\u015flad\u0131. Yakla\u015f\u0131k [&hellip;]<\/p>\n","protected":false},"author":1,"featured_media":2293,"comment_status":"closed","ping_status":"closed","sticky":false,"template":"","format":"standard","meta":{"_monsterinsights_skip_tracking":false,"_monsterinsights_sitenote_active":false,"_monsterinsights_sitenote_note":"","_monsterinsights_sitenote_category":0,"footnotes":""},"categories":[23,32],"tags":[],"class_list":{"0":"post-2292","1":"post","2":"type-post","3":"status-publish","4":"format-standard","5":"has-post-thumbnail","7":"category-haberler","8":"category-sektorden-haberler-haberler"},"featured_image_src":"https:\/\/www.gidaperakendecileri.org\/wp-content\/uploads\/2020\/09\/ipsos-virus-eylul.jpg","author_info":{"display_name":"ph16171887571_m2ho1594","author_link":"https:\/\/www.gidaperakendecileri.org\/?author=1"},"yoast_head":"<!-- This site is optimized with the Yoast SEO plugin v26.7 - https:\/\/yoast.com\/wordpress\/plugins\/seo\/ -->\n<title>\u201cTedbirleri Uygulama Seviyemiz Yeterli De\u011fil\u201d - GPD<\/title>\n<meta name=\"robots\" content=\"index, follow, max-snippet:-1, max-image-preview:large, max-video-preview:-1\" \/>\n<link rel=\"canonical\" href=\"https:\/\/www.gidaperakendecileri.org\/?p=2292\" \/>\n<meta property=\"og:locale\" content=\"en_US\" \/>\n<meta property=\"og:type\" content=\"article\" \/>\n<meta property=\"og:title\" content=\"\u201cTedbirleri Uygulama Seviyemiz Yeterli De\u011fil\u201d - GPD\" \/>\n<meta property=\"og:description\" content=\"Koronavir\u00fcs Salg\u0131n\u0131 ve Toplum Ara\u015ft\u0131rmas\u0131 ile Ipsos, T\u00fcrkiye\u2019de koronavir\u00fcs vakas\u0131n\u0131n ilk kez tespit edilmesini takiben vatanda\u015flar\u0131n bu konuya ili\u015fkin fark\u0131ndal\u0131k d\u00fczeylerini, endi\u015felerini, de\u011fi\u015fen davran\u0131\u015flar\u0131n\u0131 ortaya koymaya devam ediyor. Ipsos\u2019un ger\u00e7ekle\u015ftirdi\u011fi Koronavir\u00fcs Salg\u0131n\u0131 ve Toplum Ara\u015ft\u0131rmas\u0131\u2019na g\u00f6re normalle\u015fme s\u00fcrecinin gidi\u015fat\u0131 k\u00f6t\u00fc bulunuyor. Artan vaka say\u0131lar\u0131 ile beraber vatanda\u015flar s\u00fcrece dair daha olumsuz de\u011ferlendirmede bulunmaya ba\u015flad\u0131. Yakla\u015f\u0131k [&hellip;]\" \/>\n<meta property=\"og:url\" content=\"https:\/\/www.gidaperakendecileri.org\/?p=2292\" \/>\n<meta property=\"og:site_name\" content=\"GPD\" \/>\n<meta property=\"article:published_time\" content=\"2020-09-14T09:59:02+00:00\" \/>\n<meta property=\"article:modified_time\" content=\"2021-02-05T12:58:44+00:00\" \/>\n<meta property=\"og:image\" content=\"https:\/\/www.gidaperakendecileri.org\/wp-content\/uploads\/2020\/09\/ipsos-virus-eylul.jpg\" \/>\n\t<meta property=\"og:image:width\" content=\"1575\" \/>\n\t<meta property=\"og:image:height\" content=\"1050\" \/>\n\t<meta property=\"og:image:type\" content=\"image\/jpeg\" \/>\n<meta name=\"author\" content=\"ph16171887571_m2ho1594\" \/>\n<meta name=\"twitter:card\" content=\"summary_large_image\" \/>\n<meta name=\"twitter:label1\" content=\"Written by\" \/>\n\t<meta name=\"twitter:data1\" content=\"ph16171887571_m2ho1594\" \/>\n\t<meta name=\"twitter:label2\" content=\"Est. reading time\" \/>\n\t<meta name=\"twitter:data2\" content=\"3 minutes\" \/>\n<script type=\"application\/ld+json\" class=\"yoast-schema-graph\">{\"@context\":\"https:\/\/schema.org\",\"@graph\":[{\"@type\":\"Article\",\"@id\":\"https:\/\/www.gidaperakendecileri.org\/?p=2292#article\",\"isPartOf\":{\"@id\":\"https:\/\/www.gidaperakendecileri.org\/?p=2292\"},\"author\":{\"name\":\"ph16171887571_m2ho1594\",\"@id\":\"https:\/\/www.gidaperakendecileri.org\/#\/schema\/person\/2a9973560de07919114aa1faead0a371\"},\"headline\":\"\u201cTedbirleri Uygulama Seviyemiz Yeterli De\u011fil\u201d\",\"datePublished\":\"2020-09-14T09:59:02+00:00\",\"dateModified\":\"2021-02-05T12:58:44+00:00\",\"mainEntityOfPage\":{\"@id\":\"https:\/\/www.gidaperakendecileri.org\/?p=2292\"},\"wordCount\":704,\"image\":{\"@id\":\"https:\/\/www.gidaperakendecileri.org\/?p=2292#primaryimage\"},\"thumbnailUrl\":\"https:\/\/www.gidaperakendecileri.org\/wp-content\/uploads\/2020\/09\/ipsos-virus-eylul.jpg\",\"articleSection\":[\"Haberler\",\"Sekt\u00f6rden Haberler\"],\"inLanguage\":\"en-US\"},{\"@type\":\"WebPage\",\"@id\":\"https:\/\/www.gidaperakendecileri.org\/?p=2292\",\"url\":\"https:\/\/www.gidaperakendecileri.org\/?p=2292\",\"name\":\"\u201cTedbirleri Uygulama Seviyemiz Yeterli De\u011fil\u201d - GPD\",\"isPartOf\":{\"@id\":\"https:\/\/www.gidaperakendecileri.org\/#website\"},\"primaryImageOfPage\":{\"@id\":\"https:\/\/www.gidaperakendecileri.org\/?p=2292#primaryimage\"},\"image\":{\"@id\":\"https:\/\/www.gidaperakendecileri.org\/?p=2292#primaryimage\"},\"thumbnailUrl\":\"https:\/\/www.gidaperakendecileri.org\/wp-content\/uploads\/2020\/09\/ipsos-virus-eylul.jpg\",\"datePublished\":\"2020-09-14T09:59:02+00:00\",\"dateModified\":\"2021-02-05T12:58:44+00:00\",\"author\":{\"@id\":\"https:\/\/www.gidaperakendecileri.org\/#\/schema\/person\/2a9973560de07919114aa1faead0a371\"},\"breadcrumb\":{\"@id\":\"https:\/\/www.gidaperakendecileri.org\/?p=2292#breadcrumb\"},\"inLanguage\":\"en-US\",\"potentialAction\":[{\"@type\":\"ReadAction\",\"target\":[\"https:\/\/www.gidaperakendecileri.org\/?p=2292\"]}]},{\"@type\":\"ImageObject\",\"inLanguage\":\"en-US\",\"@id\":\"https:\/\/www.gidaperakendecileri.org\/?p=2292#primaryimage\",\"url\":\"https:\/\/www.gidaperakendecileri.org\/wp-content\/uploads\/2020\/09\/ipsos-virus-eylul.jpg\",\"contentUrl\":\"https:\/\/www.gidaperakendecileri.org\/wp-content\/uploads\/2020\/09\/ipsos-virus-eylul.jpg\",\"width\":1575,\"height\":1050},{\"@type\":\"BreadcrumbList\",\"@id\":\"https:\/\/www.gidaperakendecileri.org\/?p=2292#breadcrumb\",\"itemListElement\":[{\"@type\":\"ListItem\",\"position\":1,\"name\":\"Home\",\"item\":\"https:\/\/www.gidaperakendecileri.org\/\"},{\"@type\":\"ListItem\",\"position\":2,\"name\":\"\u201cTedbirleri Uygulama Seviyemiz Yeterli De\u011fil\u201d\"}]},{\"@type\":\"WebSite\",\"@id\":\"https:\/\/www.gidaperakendecileri.org\/#website\",\"url\":\"https:\/\/www.gidaperakendecileri.org\/\",\"name\":\"GPD\",\"description\":\"G\u0131da Perakendecileri Derne\u011fi\",\"potentialAction\":[{\"@type\":\"SearchAction\",\"target\":{\"@type\":\"EntryPoint\",\"urlTemplate\":\"https:\/\/www.gidaperakendecileri.org\/?s={search_term_string}\"},\"query-input\":{\"@type\":\"PropertyValueSpecification\",\"valueRequired\":true,\"valueName\":\"search_term_string\"}}],\"inLanguage\":\"en-US\"},{\"@type\":\"Person\",\"@id\":\"https:\/\/www.gidaperakendecileri.org\/#\/schema\/person\/2a9973560de07919114aa1faead0a371\",\"name\":\"ph16171887571_m2ho1594\",\"image\":{\"@type\":\"ImageObject\",\"inLanguage\":\"en-US\",\"@id\":\"https:\/\/www.gidaperakendecileri.org\/#\/schema\/person\/image\/\",\"url\":\"https:\/\/secure.gravatar.com\/avatar\/6aa3f1f40edc90be5904b6c95a027d0e9963a528a5b2f13ee07d82a1baae7c25?s=96&d=mm&r=g\",\"contentUrl\":\"https:\/\/secure.gravatar.com\/avatar\/6aa3f1f40edc90be5904b6c95a027d0e9963a528a5b2f13ee07d82a1baae7c25?s=96&d=mm&r=g\",\"caption\":\"ph16171887571_m2ho1594\"},\"url\":\"https:\/\/www.gidaperakendecileri.org\/?author=1\"}]}<\/script>\n<!-- \/ Yoast SEO plugin. -->","yoast_head_json":{"title":"\u201cTedbirleri Uygulama Seviyemiz Yeterli De\u011fil\u201d - GPD","robots":{"index":"index","follow":"follow","max-snippet":"max-snippet:-1","max-image-preview":"max-image-preview:large","max-video-preview":"max-video-preview:-1"},"canonical":"https:\/\/www.gidaperakendecileri.org\/?p=2292","og_locale":"en_US","og_type":"article","og_title":"\u201cTedbirleri Uygulama Seviyemiz Yeterli De\u011fil\u201d - GPD","og_description":"Koronavir\u00fcs Salg\u0131n\u0131 ve Toplum Ara\u015ft\u0131rmas\u0131 ile Ipsos, T\u00fcrkiye\u2019de koronavir\u00fcs vakas\u0131n\u0131n ilk kez tespit edilmesini takiben vatanda\u015flar\u0131n bu konuya ili\u015fkin fark\u0131ndal\u0131k d\u00fczeylerini, endi\u015felerini, de\u011fi\u015fen davran\u0131\u015flar\u0131n\u0131 ortaya koymaya devam ediyor. Ipsos\u2019un ger\u00e7ekle\u015ftirdi\u011fi Koronavir\u00fcs Salg\u0131n\u0131 ve Toplum Ara\u015ft\u0131rmas\u0131\u2019na g\u00f6re normalle\u015fme s\u00fcrecinin gidi\u015fat\u0131 k\u00f6t\u00fc bulunuyor. Artan vaka say\u0131lar\u0131 ile beraber vatanda\u015flar s\u00fcrece dair daha olumsuz de\u011ferlendirmede bulunmaya ba\u015flad\u0131. Yakla\u015f\u0131k [&hellip;]","og_url":"https:\/\/www.gidaperakendecileri.org\/?p=2292","og_site_name":"GPD","article_published_time":"2020-09-14T09:59:02+00:00","article_modified_time":"2021-02-05T12:58:44+00:00","og_image":[{"width":1575,"height":1050,"url":"https:\/\/www.gidaperakendecileri.org\/wp-content\/uploads\/2020\/09\/ipsos-virus-eylul.jpg","type":"image\/jpeg"}],"author":"ph16171887571_m2ho1594","twitter_card":"summary_large_image","twitter_misc":{"Written by":"ph16171887571_m2ho1594","Est. reading time":"3 minutes"},"schema":{"@context":"https:\/\/schema.org","@graph":[{"@type":"Article","@id":"https:\/\/www.gidaperakendecileri.org\/?p=2292#article","isPartOf":{"@id":"https:\/\/www.gidaperakendecileri.org\/?p=2292"},"author":{"name":"ph16171887571_m2ho1594","@id":"https:\/\/www.gidaperakendecileri.org\/#\/schema\/person\/2a9973560de07919114aa1faead0a371"},"headline":"\u201cTedbirleri Uygulama Seviyemiz Yeterli De\u011fil\u201d","datePublished":"2020-09-14T09:59:02+00:00","dateModified":"2021-02-05T12:58:44+00:00","mainEntityOfPage":{"@id":"https:\/\/www.gidaperakendecileri.org\/?p=2292"},"wordCount":704,"image":{"@id":"https:\/\/www.gidaperakendecileri.org\/?p=2292#primaryimage"},"thumbnailUrl":"https:\/\/www.gidaperakendecileri.org\/wp-content\/uploads\/2020\/09\/ipsos-virus-eylul.jpg","articleSection":["Haberler","Sekt\u00f6rden Haberler"],"inLanguage":"en-US"},{"@type":"WebPage","@id":"https:\/\/www.gidaperakendecileri.org\/?p=2292","url":"https:\/\/www.gidaperakendecileri.org\/?p=2292","name":"\u201cTedbirleri Uygulama Seviyemiz Yeterli De\u011fil\u201d - GPD","isPartOf":{"@id":"https:\/\/www.gidaperakendecileri.org\/#website"},"primaryImageOfPage":{"@id":"https:\/\/www.gidaperakendecileri.org\/?p=2292#primaryimage"},"image":{"@id":"https:\/\/www.gidaperakendecileri.org\/?p=2292#primaryimage"},"thumbnailUrl":"https:\/\/www.gidaperakendecileri.org\/wp-content\/uploads\/2020\/09\/ipsos-virus-eylul.jpg","datePublished":"2020-09-14T09:59:02+00:00","dateModified":"2021-02-05T12:58:44+00:00","author":{"@id":"https:\/\/www.gidaperakendecileri.org\/#\/schema\/person\/2a9973560de07919114aa1faead0a371"},"breadcrumb":{"@id":"https:\/\/www.gidaperakendecileri.org\/?p=2292#breadcrumb"},"inLanguage":"en-US","potentialAction":[{"@type":"ReadAction","target":["https:\/\/www.gidaperakendecileri.org\/?p=2292"]}]},{"@type":"ImageObject","inLanguage":"en-US","@id":"https:\/\/www.gidaperakendecileri.org\/?p=2292#primaryimage","url":"https:\/\/www.gidaperakendecileri.org\/wp-content\/uploads\/2020\/09\/ipsos-virus-eylul.jpg","contentUrl":"https:\/\/www.gidaperakendecileri.org\/wp-content\/uploads\/2020\/09\/ipsos-virus-eylul.jpg","width":1575,"height":1050},{"@type":"BreadcrumbList","@id":"https:\/\/www.gidaperakendecileri.org\/?p=2292#breadcrumb","itemListElement":[{"@type":"ListItem","position":1,"name":"Home","item":"https:\/\/www.gidaperakendecileri.org\/"},{"@type":"ListItem","position":2,"name":"\u201cTedbirleri Uygulama Seviyemiz Yeterli De\u011fil\u201d"}]},{"@type":"WebSite","@id":"https:\/\/www.gidaperakendecileri.org\/#website","url":"https:\/\/www.gidaperakendecileri.org\/","name":"GPD","description":"G\u0131da Perakendecileri Derne\u011fi","potentialAction":[{"@type":"SearchAction","target":{"@type":"EntryPoint","urlTemplate":"https:\/\/www.gidaperakendecileri.org\/?s={search_term_string}"},"query-input":{"@type":"PropertyValueSpecification","valueRequired":true,"valueName":"search_term_string"}}],"inLanguage":"en-US"},{"@type":"Person","@id":"https:\/\/www.gidaperakendecileri.org\/#\/schema\/person\/2a9973560de07919114aa1faead0a371","name":"ph16171887571_m2ho1594","image":{"@type":"ImageObject","inLanguage":"en-US","@id":"https:\/\/www.gidaperakendecileri.org\/#\/schema\/person\/image\/","url":"https:\/\/secure.gravatar.com\/avatar\/6aa3f1f40edc90be5904b6c95a027d0e9963a528a5b2f13ee07d82a1baae7c25?s=96&d=mm&r=g","contentUrl":"https:\/\/secure.gravatar.com\/avatar\/6aa3f1f40edc90be5904b6c95a027d0e9963a528a5b2f13ee07d82a1baae7c25?s=96&d=mm&r=g","caption":"ph16171887571_m2ho1594"},"url":"https:\/\/www.gidaperakendecileri.org\/?author=1"}]}},"amp_enabled":true,"_links":{"self":[{"href":"https:\/\/www.gidaperakendecileri.org\/index.php?rest_route=\/wp\/v2\/posts\/2292","targetHints":{"allow":["GET"]}}],"collection":[{"href":"https:\/\/www.gidaperakendecileri.org\/index.php?rest_route=\/wp\/v2\/posts"}],"about":[{"href":"https:\/\/www.gidaperakendecileri.org\/index.php?rest_route=\/wp\/v2\/types\/post"}],"author":[{"embeddable":true,"href":"https:\/\/www.gidaperakendecileri.org\/index.php?rest_route=\/wp\/v2\/users\/1"}],"replies":[{"embeddable":true,"href":"https:\/\/www.gidaperakendecileri.org\/index.php?rest_route=%2Fwp%2Fv2%2Fcomments&post=2292"}],"version-history":[{"count":3,"href":"https:\/\/www.gidaperakendecileri.org\/index.php?rest_route=\/wp\/v2\/posts\/2292\/revisions"}],"predecessor-version":[{"id":2296,"href":"https:\/\/www.gidaperakendecileri.org\/index.php?rest_route=\/wp\/v2\/posts\/2292\/revisions\/2296"}],"wp:featuredmedia":[{"embeddable":true,"href":"https:\/\/www.gidaperakendecileri.org\/index.php?rest_route=\/wp\/v2\/media\/2293"}],"wp:attachment":[{"href":"https:\/\/www.gidaperakendecileri.org\/index.php?rest_route=%2Fwp%2Fv2%2Fmedia&parent=2292"}],"wp:term":[{"taxonomy":"category","embeddable":true,"href":"https:\/\/www.gidaperakendecileri.org\/index.php?rest_route=%2Fwp%2Fv2%2Fcategories&post=2292"},{"taxonomy":"post_tag","embeddable":true,"href":"https:\/\/www.gidaperakendecileri.org\/index.php?rest_route=%2Fwp%2Fv2%2Ftags&post=2292"}],"curies":[{"name":"wp","href":"https:\/\/api.w.org\/{rel}","templated":true}]}}