{"id":2226,"date":"2020-08-05T20:27:46","date_gmt":"2020-08-05T20:27:46","guid":{"rendered":"https:\/\/www.gidaperakendecileri.org\/?p=2226"},"modified":"2021-02-05T12:58:45","modified_gmt":"2021-02-05T12:58:45","slug":"covid-19-mucadelesi-ancak-ulkeler-arasi-dayanisma-ile-mumkun","status":"publish","type":"post","link":"https:\/\/www.gidaperakendecileri.org\/?p=2226","title":{"rendered":"Covid-19 M\u00fccadelesi Ancak \u00dclkeler Aras\u0131 Dayan\u0131\u015fma ile M\u00fcmk\u00fcn"},"content":{"rendered":"\t\t<div data-elementor-type=\"wp-post\" data-elementor-id=\"2226\" class=\"elementor elementor-2226\">\n\t\t\t\t\t\t<section class=\"elementor-section elementor-top-section elementor-element elementor-element-3ef128ae elementor-section-boxed elementor-section-height-default elementor-section-height-default\" data-id=\"3ef128ae\" data-element_type=\"section\">\n\t\t\t\t\t\t<div class=\"elementor-container elementor-column-gap-default\">\n\t\t\t\t\t<div class=\"elementor-column elementor-col-100 elementor-top-column elementor-element elementor-element-6c0ce5df\" data-id=\"6c0ce5df\" data-element_type=\"column\">\n\t\t\t<div class=\"elementor-widget-wrap elementor-element-populated\">\n\t\t\t\t\t\t<div class=\"elementor-element elementor-element-5aacae7a elementor-widget elementor-widget-text-editor\" data-id=\"5aacae7a\" data-element_type=\"widget\" data-widget_type=\"text-editor.default\">\n\t\t\t\t<div class=\"elementor-widget-container\">\n\t\t\t\t\t\t\t\t\t<div class=\"td-paragraph-padding-1\"><h3><span style=\"color: #000000;\"><strong>Ipsos, Koronavir\u00fcs Salg\u0131n\u0131 ve Toplum Ara\u015ft\u0131rmas\u0131 ile T\u00fcrkiye\u2019de Koronavir\u00fcs vakas\u0131n\u0131n ilk kez tespit edilmesini takiben vatanda\u015flar\u0131n bu konuya ili\u015fkin fark\u0131ndal\u0131k d\u00fczeylerini, endi\u015felerini, de\u011fi\u015fen davran\u0131\u015flar\u0131n\u0131 ortaya koyuyor ve h\u00fck\u00fcmetin bu konudaki politika ve uygulamalar\u0131n\u0131n kamuoyundaki yans\u0131malar\u0131n\u0131 d\u00fczenli olarak takip ediyor. <\/strong><\/span><\/h3><p><span style=\"color: #000000;\">Ipsos\u2019un ger\u00e7ekle\u015ftirdi\u011fi ara\u015ft\u0131rman\u0131n 16. d\u00f6nem verilerinden haz\u0131rlanan \u00e7al\u0131\u015fmada, \u201cVatanda\u015flara \u00fclkeler aras\u0131 dayan\u0131\u015fma m\u0131, yoksa \u00fclkenin kendi g\u00fcc\u00fc m\u00fc salg\u0131nla m\u00fccadelede ba\u015far\u0131 getirir\u201d sorusuna, her 4 ki\u015fiden 3\u2019\u00fc ancak \u00fclkeler aras\u0131ndaki dayan\u0131\u015fma ile salg\u0131nla m\u00fccadelenin kazan\u0131laca\u011f\u0131n\u0131 ifade ediyor. Bu durumda salg\u0131nla m\u00fccadele ederken bireysel olarak s\u0131k\u0131 tedbirler al\u0131nmas\u0131 ancak di\u011fer vatanda\u015flar\u0131n da benzer \u015fekilde tedbir almas\u0131 durumunda anlaml\u0131 oluyor. Benzer \u015fekilde bu vir\u00fcs d\u00fcnya genelinde bir salg\u0131na yol a\u00e7t\u0131\u011f\u0131 i\u00e7in tek bir \u00fclkenin ba\u015far\u0131 kazanmas\u0131 k\u0131sa vadede \u00f6nemli iken orta ve uzun vadede di\u011fer \u00fclkelerin de bu m\u00fccadeleyi kararl\u0131l\u0131kla s\u00fcrd\u00fcrmesine ihtiya\u00e7 duyuldu\u011fu g\u00f6r\u00fcl\u00fcyor.<\/span><\/p><p><img fetchpriority=\"high\" decoding=\"async\" class=\"wp-image-2230 aligncenter\" src=\"https:\/\/www.gidaperakendecileri.org\/wp-content\/uploads\/2020\/08\/ipsos-ulke-1-300x167.png\" alt=\"\" width=\"582\" height=\"324\" srcset=\"https:\/\/www.gidaperakendecileri.org\/wp-content\/uploads\/2020\/08\/ipsos-ulke-1-300x167.png 300w, https:\/\/www.gidaperakendecileri.org\/wp-content\/uploads\/2020\/08\/ipsos-ulke-1-1024x569.png 1024w, https:\/\/www.gidaperakendecileri.org\/wp-content\/uploads\/2020\/08\/ipsos-ulke-1-768x427.png 768w, https:\/\/www.gidaperakendecileri.org\/wp-content\/uploads\/2020\/08\/ipsos-ulke-1-696x387.png 696w, https:\/\/www.gidaperakendecileri.org\/wp-content\/uploads\/2020\/08\/ipsos-ulke-1-1068x593.png 1068w, https:\/\/www.gidaperakendecileri.org\/wp-content\/uploads\/2020\/08\/ipsos-ulke-1-756x420.png 756w, https:\/\/www.gidaperakendecileri.org\/wp-content\/uploads\/2020\/08\/ipsos-ulke-1.png 1136w\" sizes=\"(max-width: 582px) 100vw, 582px\" \/><\/p><p>\u00a0<\/p><p><strong><span style=\"color: #000000;\">Sa\u011fl\u0131k \u00c7al\u0131\u015fanlar\u0131n\u0131n Performans\u0131na Y\u00f6nelik Toplumsal Onay D\u00fczeyi \u00c7ok Y\u00fcksek<\/span><\/strong><br \/><span style=\"color: #000000;\">Ipsos, Mart sonundan bu yana her d\u00f6nem vatanda\u015flardan \u00e7e\u015fitli kurum ve ki\u015filerin salg\u0131nla m\u00fccadeledeki performans\u0131n\u0131 de\u011ferlendirmelerini istedi. Belirtilen g\u00f6r\u00fc\u015flerde, t\u00fcm kurum ve ki\u015filer aras\u0131nda sa\u011fl\u0131k \u00e7al\u0131\u015fanlar\u0131n\u0131n genel kamuoyu nezdinde birinci s\u0131rada oldu\u011fu g\u00f6r\u00fcld\u00fc. Sa\u011fl\u0131k \u00e7al\u0131\u015fanlar\u0131n\u0131n performans\u0131 t\u00fcm d\u00f6nemlerde %90\u2019\u0131n \u00fczerinde bir onay d\u00fczeyine sahip. Salg\u0131nla m\u00fccadelede en \u00f6n cephede yer alan bu meslek grubu, asl\u0131nda vir\u00fcs\u00fcn bula\u015fmas\u0131 konusunda \u00e7ok b\u00fcy\u00fck risk alt\u0131ndalar. Sadece kendileri i\u00e7in de\u011fil aileleri ve yak\u0131nlar\u0131 i\u00e7in de endi\u015fe duyuyorlar. Ipsos\u2019un ara\u015ft\u0131rmas\u0131ndan elde edilen bu veriler, t\u00fcm zorluklara ra\u011fmen sa\u011fl\u0131k \u00e7al\u0131\u015fanlar\u0131n\u0131n ellerinden gelenin en iyisini yapt\u0131klar\u0131n\u0131 ve bu \u00e7aban\u0131n toplum taraf\u0131ndan g\u00f6r\u00fcld\u00fc\u011f\u00fcn\u00fc g\u00f6stermesi a\u00e7\u0131s\u0131ndan olduk\u00e7a \u00f6nemli.<\/span><\/p><p><img decoding=\"async\" class=\"wp-image-2231 aligncenter\" src=\"https:\/\/www.gidaperakendecileri.org\/wp-content\/uploads\/2020\/08\/ipsos-ulke-2-300x176.png\" alt=\"\" width=\"564\" height=\"331\" srcset=\"https:\/\/www.gidaperakendecileri.org\/wp-content\/uploads\/2020\/08\/ipsos-ulke-2-300x176.png 300w, https:\/\/www.gidaperakendecileri.org\/wp-content\/uploads\/2020\/08\/ipsos-ulke-2-1024x600.png 1024w, https:\/\/www.gidaperakendecileri.org\/wp-content\/uploads\/2020\/08\/ipsos-ulke-2-768x450.png 768w, https:\/\/www.gidaperakendecileri.org\/wp-content\/uploads\/2020\/08\/ipsos-ulke-2-696x408.png 696w, https:\/\/www.gidaperakendecileri.org\/wp-content\/uploads\/2020\/08\/ipsos-ulke-2-716x420.png 716w, https:\/\/www.gidaperakendecileri.org\/wp-content\/uploads\/2020\/08\/ipsos-ulke-2.png 1042w\" sizes=\"(max-width: 564px) 100vw, 564px\" \/><\/p><p><strong><span style=\"color: #000000;\">Vir\u00fcs, Uzaklarda De\u011fil<\/span><\/strong><br \/><span style=\"color: #000000;\">Vir\u00fcs\u00fcn \u00fclkemizde ilk kez g\u00f6r\u00fclmesinden bu yana yakla\u015f\u0131k 5 ay ge\u00e7ti. 230 binin \u00fczerinde ki\u015fiye bug\u00fcne kadar Koronavir\u00fcs pozitif te\u015fhisi konuldu. Ipsos taraf\u0131ndan vatanda\u015flara \u00e7evrelerinden birine vir\u00fcs te\u015fhisi konulup konulmad\u0131\u011f\u0131 sorusu soruldu\u011funda her 10 ki\u015fiden 3\u2019\u00fc \u201cevet\u201d cevab\u0131 veriyor.<\/span><br \/><span style=\"color: #000000;\">Resmin di\u011fer taraf\u0131na bak\u0131ld\u0131\u011f\u0131nda, %70\u2019in \u00e7evresinde vir\u00fcs te\u015fhisi konulmu\u015f kimse yok. Toplumun bu kesimi, vir\u00fcs\u00fcn etkilerini daha \u00e7ok medya \u00fczerinden takip ediyor. Bu nedenle medyada ve ilgili kurumlar\u0131n a\u00e7\u0131klamalar\u0131nda sadece g\u00fcnl\u00fck vaka ve \u00f6l\u00fcm say\u0131lar\u0131n\u0131n de\u011fil ayn\u0131 zamanda insan hikayelerinin payla\u015f\u0131lmas\u0131 da riskin b\u00fcy\u00fckl\u00fc\u011f\u00fcn\u00fc topluma hat\u0131rlatabilir ve yaz d\u00f6neminde bireysel tedbirlerin gev\u015fetilmesi engellenebilir.<\/span><\/p><p><img decoding=\"async\" class=\"wp-image-2232 aligncenter\" src=\"https:\/\/www.gidaperakendecileri.org\/wp-content\/uploads\/2020\/08\/ipsos-ulke-3-300x177.png\" alt=\"\" width=\"634\" height=\"374\" srcset=\"https:\/\/www.gidaperakendecileri.org\/wp-content\/uploads\/2020\/08\/ipsos-ulke-3-300x177.png 300w, https:\/\/www.gidaperakendecileri.org\/wp-content\/uploads\/2020\/08\/ipsos-ulke-3-768x453.png 768w, https:\/\/www.gidaperakendecileri.org\/wp-content\/uploads\/2020\/08\/ipsos-ulke-3-696x410.png 696w, https:\/\/www.gidaperakendecileri.org\/wp-content\/uploads\/2020\/08\/ipsos-ulke-3-713x420.png 713w, https:\/\/www.gidaperakendecileri.org\/wp-content\/uploads\/2020\/08\/ipsos-ulke-3.png 1003w\" sizes=\"(max-width: 634px) 100vw, 634px\" \/><\/p><p><strong><span style=\"color: #000000;\">\u201cVir\u00fcsle Sava\u015f Devam Etmeli\u201d<\/span><\/strong><br \/><span style=\"color: #000000;\">Ipsos\u2019un T\u00fcrkiye CEO\u2019su Sidar Gedik ara\u015ft\u0131rmadan elde edilen verilerle ilgili yapt\u0131\u011f\u0131 de\u011ferlendirmede \u015funlar\u0131 s\u00f6yledi: \u201cSa\u011fl\u0131k Bakanl\u0131\u011f\u0131\u2019n\u0131n a\u00e7\u0131klad\u0131\u011f\u0131 g\u00fcnl\u00fck vaka say\u0131lar\u0131 bir s\u00fcredir 900\u2019\u00fcn alt\u0131na inmedi. Bakan\u0131n son g\u00fcnlerde arka arkaya yapt\u0131\u011f\u0131 ciddi uyar\u0131lar ve gerekti\u011finde b\u00f6lgesel \u00f6nlemlerin g\u00fcndeme gelebilece\u011fi y\u00f6n\u00fcndeki hat\u0131rlatmas\u0131 \u00f6nemli. Di\u011fer \u00fclkelerde de salg\u0131n\u0131n h\u0131z\u0131n\u0131 kesmedi\u011fini g\u00f6r\u00fcyoruz. Ara\u015ft\u0131rmam\u0131za kat\u0131lan her \u00fc\u00e7 ki\u015fiden biri, \u00e7evresinde Covid-19 tan\u0131s\u0131 konulmu\u015f insan oldu\u011funu belirtiyor. Hemen hemen hepimiz kalabal\u0131k ortamlara girmekte hala endi\u015fe duyuyoruz.<\/span><br \/><span style=\"color: #000000;\">Bu sava\u015fta en \u00f6n cephede g\u00f6rev yapan sa\u011fl\u0131k \u00e7al\u0131\u015fanlar\u0131m\u0131za toplum olarak g\u00fcvenimiz tam. Ancak bu \u00f6yle b\u00fcy\u00fck bir tehlike ki her d\u00f6rt ki\u015fiden \u00fc\u00e7\u00fc ancak devletler aras\u0131 i\u015f birli\u011fi ile \u00fcstesinden gelebilece\u011fimize inan\u0131yor.<\/span><br \/><span style=\"color: #000000;\">\u00d6zetle sava\u015f devam ediyor ya da daha do\u011fru bir ifade ile sava\u015f devam etmeli. Hen\u00fcz rahatlama noktas\u0131na gelemedik. Unutmaya ba\u015flad\u0131\u011f\u0131m\u0131z\u0131 d\u00fc\u015f\u00fcnd\u00fc\u011f\u00fcm \u015fu yakla\u015f\u0131m\u0131 tekrar hat\u0131rlatmakta fayda var; vir\u00fcsle m\u00fccadelede ancak devletler ve vatanda\u015flar el ele vererek kazanabilirler, bireyler olarak bizlerin de sorumlulu\u011fumuz var, bu sava\u015fta birbirimize emanetiz.\u201d<\/span><\/p><\/div>\t\t\t\t\t\t\t\t<\/div>\n\t\t\t\t<\/div>\n\t\t\t\t\t<\/div>\n\t\t<\/div>\n\t\t\t\t\t<\/div>\n\t\t<\/section>\n\t\t\t\t<\/div>\n\t\t","protected":false},"excerpt":{"rendered":"<p>Ipsos, Koronavir\u00fcs Salg\u0131n\u0131 ve Toplum Ara\u015ft\u0131rmas\u0131 ile T\u00fcrkiye\u2019de Koronavir\u00fcs vakas\u0131n\u0131n ilk kez tespit edilmesini takiben vatanda\u015flar\u0131n bu konuya ili\u015fkin fark\u0131ndal\u0131k d\u00fczeylerini, endi\u015felerini, de\u011fi\u015fen davran\u0131\u015flar\u0131n\u0131 ortaya koyuyor ve h\u00fck\u00fcmetin bu konudaki politika ve uygulamalar\u0131n\u0131n kamuoyundaki yans\u0131malar\u0131n\u0131 d\u00fczenli olarak takip ediyor. Ipsos\u2019un ger\u00e7ekle\u015ftirdi\u011fi ara\u015ft\u0131rman\u0131n 16. d\u00f6nem verilerinden haz\u0131rlanan \u00e7al\u0131\u015fmada, \u201cVatanda\u015flara \u00fclkeler aras\u0131 dayan\u0131\u015fma m\u0131, yoksa \u00fclkenin kendi [&hellip;]<\/p>\n","protected":false},"author":1,"featured_media":2227,"comment_status":"closed","ping_status":"closed","sticky":false,"template":"","format":"standard","meta":{"_monsterinsights_skip_tracking":false,"_monsterinsights_sitenote_active":false,"_monsterinsights_sitenote_note":"","_monsterinsights_sitenote_category":0,"footnotes":""},"categories":[23,32],"tags":[],"class_list":{"0":"post-2226","1":"post","2":"type-post","3":"status-publish","4":"format-standard","5":"has-post-thumbnail","7":"category-haberler","8":"category-sektorden-haberler-haberler"},"featured_image_src":"https:\/\/www.gidaperakendecileri.org\/wp-content\/uploads\/2020\/08\/ipsos-ulke.jpg","author_info":{"display_name":"ph16171887571_m2ho1594","author_link":"https:\/\/www.gidaperakendecileri.org\/?author=1"},"yoast_head":"<!-- This site is optimized with the Yoast SEO plugin v26.7 - https:\/\/yoast.com\/wordpress\/plugins\/seo\/ -->\n<title>Covid-19 M\u00fccadelesi Ancak \u00dclkeler Aras\u0131 Dayan\u0131\u015fma ile M\u00fcmk\u00fcn - GPD<\/title>\n<meta name=\"robots\" content=\"index, follow, max-snippet:-1, max-image-preview:large, max-video-preview:-1\" \/>\n<link rel=\"canonical\" href=\"https:\/\/www.gidaperakendecileri.org\/?p=2226\" \/>\n<meta property=\"og:locale\" content=\"en_US\" \/>\n<meta property=\"og:type\" content=\"article\" \/>\n<meta property=\"og:title\" content=\"Covid-19 M\u00fccadelesi Ancak \u00dclkeler Aras\u0131 Dayan\u0131\u015fma ile M\u00fcmk\u00fcn - GPD\" \/>\n<meta property=\"og:description\" content=\"Ipsos, Koronavir\u00fcs Salg\u0131n\u0131 ve Toplum Ara\u015ft\u0131rmas\u0131 ile T\u00fcrkiye\u2019de Koronavir\u00fcs vakas\u0131n\u0131n ilk kez tespit edilmesini takiben vatanda\u015flar\u0131n bu konuya ili\u015fkin fark\u0131ndal\u0131k d\u00fczeylerini, endi\u015felerini, de\u011fi\u015fen davran\u0131\u015flar\u0131n\u0131 ortaya koyuyor ve h\u00fck\u00fcmetin bu konudaki politika ve uygulamalar\u0131n\u0131n kamuoyundaki yans\u0131malar\u0131n\u0131 d\u00fczenli olarak takip ediyor. Ipsos\u2019un ger\u00e7ekle\u015ftirdi\u011fi ara\u015ft\u0131rman\u0131n 16. d\u00f6nem verilerinden haz\u0131rlanan \u00e7al\u0131\u015fmada, \u201cVatanda\u015flara \u00fclkeler aras\u0131 dayan\u0131\u015fma m\u0131, yoksa \u00fclkenin kendi [&hellip;]\" \/>\n<meta property=\"og:url\" content=\"https:\/\/www.gidaperakendecileri.org\/?p=2226\" \/>\n<meta property=\"og:site_name\" content=\"GPD\" \/>\n<meta property=\"article:published_time\" content=\"2020-08-05T20:27:46+00:00\" \/>\n<meta property=\"article:modified_time\" content=\"2021-02-05T12:58:45+00:00\" \/>\n<meta property=\"og:image\" content=\"https:\/\/www.gidaperakendecileri.org\/wp-content\/uploads\/2020\/08\/ipsos-ulke.jpg\" \/>\n\t<meta property=\"og:image:width\" content=\"1575\" \/>\n\t<meta property=\"og:image:height\" content=\"1050\" \/>\n\t<meta property=\"og:image:type\" content=\"image\/jpeg\" \/>\n<meta name=\"author\" content=\"ph16171887571_m2ho1594\" \/>\n<meta name=\"twitter:card\" content=\"summary_large_image\" \/>\n<meta name=\"twitter:label1\" content=\"Written by\" \/>\n\t<meta name=\"twitter:data1\" content=\"ph16171887571_m2ho1594\" \/>\n\t<meta name=\"twitter:label2\" content=\"Est. reading time\" \/>\n\t<meta name=\"twitter:data2\" content=\"4 minutes\" \/>\n<script type=\"application\/ld+json\" class=\"yoast-schema-graph\">{\"@context\":\"https:\/\/schema.org\",\"@graph\":[{\"@type\":\"Article\",\"@id\":\"https:\/\/www.gidaperakendecileri.org\/?p=2226#article\",\"isPartOf\":{\"@id\":\"https:\/\/www.gidaperakendecileri.org\/?p=2226\"},\"author\":{\"name\":\"ph16171887571_m2ho1594\",\"@id\":\"https:\/\/www.gidaperakendecileri.org\/#\/schema\/person\/2a9973560de07919114aa1faead0a371\"},\"headline\":\"Covid-19 M\u00fccadelesi Ancak \u00dclkeler Aras\u0131 Dayan\u0131\u015fma ile M\u00fcmk\u00fcn\",\"datePublished\":\"2020-08-05T20:27:46+00:00\",\"dateModified\":\"2021-02-05T12:58:45+00:00\",\"mainEntityOfPage\":{\"@id\":\"https:\/\/www.gidaperakendecileri.org\/?p=2226\"},\"wordCount\":759,\"image\":{\"@id\":\"https:\/\/www.gidaperakendecileri.org\/?p=2226#primaryimage\"},\"thumbnailUrl\":\"https:\/\/www.gidaperakendecileri.org\/wp-content\/uploads\/2020\/08\/ipsos-ulke.jpg\",\"articleSection\":[\"Haberler\",\"Sekt\u00f6rden Haberler\"],\"inLanguage\":\"en-US\"},{\"@type\":\"WebPage\",\"@id\":\"https:\/\/www.gidaperakendecileri.org\/?p=2226\",\"url\":\"https:\/\/www.gidaperakendecileri.org\/?p=2226\",\"name\":\"Covid-19 M\u00fccadelesi Ancak \u00dclkeler Aras\u0131 Dayan\u0131\u015fma ile M\u00fcmk\u00fcn - GPD\",\"isPartOf\":{\"@id\":\"https:\/\/www.gidaperakendecileri.org\/#website\"},\"primaryImageOfPage\":{\"@id\":\"https:\/\/www.gidaperakendecileri.org\/?p=2226#primaryimage\"},\"image\":{\"@id\":\"https:\/\/www.gidaperakendecileri.org\/?p=2226#primaryimage\"},\"thumbnailUrl\":\"https:\/\/www.gidaperakendecileri.org\/wp-content\/uploads\/2020\/08\/ipsos-ulke.jpg\",\"datePublished\":\"2020-08-05T20:27:46+00:00\",\"dateModified\":\"2021-02-05T12:58:45+00:00\",\"author\":{\"@id\":\"https:\/\/www.gidaperakendecileri.org\/#\/schema\/person\/2a9973560de07919114aa1faead0a371\"},\"breadcrumb\":{\"@id\":\"https:\/\/www.gidaperakendecileri.org\/?p=2226#breadcrumb\"},\"inLanguage\":\"en-US\",\"potentialAction\":[{\"@type\":\"ReadAction\",\"target\":[\"https:\/\/www.gidaperakendecileri.org\/?p=2226\"]}]},{\"@type\":\"ImageObject\",\"inLanguage\":\"en-US\",\"@id\":\"https:\/\/www.gidaperakendecileri.org\/?p=2226#primaryimage\",\"url\":\"https:\/\/www.gidaperakendecileri.org\/wp-content\/uploads\/2020\/08\/ipsos-ulke.jpg\",\"contentUrl\":\"https:\/\/www.gidaperakendecileri.org\/wp-content\/uploads\/2020\/08\/ipsos-ulke.jpg\",\"width\":1575,\"height\":1050},{\"@type\":\"BreadcrumbList\",\"@id\":\"https:\/\/www.gidaperakendecileri.org\/?p=2226#breadcrumb\",\"itemListElement\":[{\"@type\":\"ListItem\",\"position\":1,\"name\":\"Home\",\"item\":\"https:\/\/www.gidaperakendecileri.org\/\"},{\"@type\":\"ListItem\",\"position\":2,\"name\":\"Covid-19 M\u00fccadelesi Ancak \u00dclkeler Aras\u0131 Dayan\u0131\u015fma ile M\u00fcmk\u00fcn\"}]},{\"@type\":\"WebSite\",\"@id\":\"https:\/\/www.gidaperakendecileri.org\/#website\",\"url\":\"https:\/\/www.gidaperakendecileri.org\/\",\"name\":\"GPD\",\"description\":\"G\u0131da Perakendecileri Derne\u011fi\",\"potentialAction\":[{\"@type\":\"SearchAction\",\"target\":{\"@type\":\"EntryPoint\",\"urlTemplate\":\"https:\/\/www.gidaperakendecileri.org\/?s={search_term_string}\"},\"query-input\":{\"@type\":\"PropertyValueSpecification\",\"valueRequired\":true,\"valueName\":\"search_term_string\"}}],\"inLanguage\":\"en-US\"},{\"@type\":\"Person\",\"@id\":\"https:\/\/www.gidaperakendecileri.org\/#\/schema\/person\/2a9973560de07919114aa1faead0a371\",\"name\":\"ph16171887571_m2ho1594\",\"image\":{\"@type\":\"ImageObject\",\"inLanguage\":\"en-US\",\"@id\":\"https:\/\/www.gidaperakendecileri.org\/#\/schema\/person\/image\/\",\"url\":\"https:\/\/secure.gravatar.com\/avatar\/6aa3f1f40edc90be5904b6c95a027d0e9963a528a5b2f13ee07d82a1baae7c25?s=96&d=mm&r=g\",\"contentUrl\":\"https:\/\/secure.gravatar.com\/avatar\/6aa3f1f40edc90be5904b6c95a027d0e9963a528a5b2f13ee07d82a1baae7c25?s=96&d=mm&r=g\",\"caption\":\"ph16171887571_m2ho1594\"},\"url\":\"https:\/\/www.gidaperakendecileri.org\/?author=1\"}]}<\/script>\n<!-- \/ Yoast SEO plugin. -->","yoast_head_json":{"title":"Covid-19 M\u00fccadelesi Ancak \u00dclkeler Aras\u0131 Dayan\u0131\u015fma ile M\u00fcmk\u00fcn - GPD","robots":{"index":"index","follow":"follow","max-snippet":"max-snippet:-1","max-image-preview":"max-image-preview:large","max-video-preview":"max-video-preview:-1"},"canonical":"https:\/\/www.gidaperakendecileri.org\/?p=2226","og_locale":"en_US","og_type":"article","og_title":"Covid-19 M\u00fccadelesi Ancak \u00dclkeler Aras\u0131 Dayan\u0131\u015fma ile M\u00fcmk\u00fcn - GPD","og_description":"Ipsos, Koronavir\u00fcs Salg\u0131n\u0131 ve Toplum Ara\u015ft\u0131rmas\u0131 ile T\u00fcrkiye\u2019de Koronavir\u00fcs vakas\u0131n\u0131n ilk kez tespit edilmesini takiben vatanda\u015flar\u0131n bu konuya ili\u015fkin fark\u0131ndal\u0131k d\u00fczeylerini, endi\u015felerini, de\u011fi\u015fen davran\u0131\u015flar\u0131n\u0131 ortaya koyuyor ve h\u00fck\u00fcmetin bu konudaki politika ve uygulamalar\u0131n\u0131n kamuoyundaki yans\u0131malar\u0131n\u0131 d\u00fczenli olarak takip ediyor. Ipsos\u2019un ger\u00e7ekle\u015ftirdi\u011fi ara\u015ft\u0131rman\u0131n 16. d\u00f6nem verilerinden haz\u0131rlanan \u00e7al\u0131\u015fmada, \u201cVatanda\u015flara \u00fclkeler aras\u0131 dayan\u0131\u015fma m\u0131, yoksa \u00fclkenin kendi [&hellip;]","og_url":"https:\/\/www.gidaperakendecileri.org\/?p=2226","og_site_name":"GPD","article_published_time":"2020-08-05T20:27:46+00:00","article_modified_time":"2021-02-05T12:58:45+00:00","og_image":[{"width":1575,"height":1050,"url":"https:\/\/www.gidaperakendecileri.org\/wp-content\/uploads\/2020\/08\/ipsos-ulke.jpg","type":"image\/jpeg"}],"author":"ph16171887571_m2ho1594","twitter_card":"summary_large_image","twitter_misc":{"Written by":"ph16171887571_m2ho1594","Est. reading time":"4 minutes"},"schema":{"@context":"https:\/\/schema.org","@graph":[{"@type":"Article","@id":"https:\/\/www.gidaperakendecileri.org\/?p=2226#article","isPartOf":{"@id":"https:\/\/www.gidaperakendecileri.org\/?p=2226"},"author":{"name":"ph16171887571_m2ho1594","@id":"https:\/\/www.gidaperakendecileri.org\/#\/schema\/person\/2a9973560de07919114aa1faead0a371"},"headline":"Covid-19 M\u00fccadelesi Ancak \u00dclkeler Aras\u0131 Dayan\u0131\u015fma ile M\u00fcmk\u00fcn","datePublished":"2020-08-05T20:27:46+00:00","dateModified":"2021-02-05T12:58:45+00:00","mainEntityOfPage":{"@id":"https:\/\/www.gidaperakendecileri.org\/?p=2226"},"wordCount":759,"image":{"@id":"https:\/\/www.gidaperakendecileri.org\/?p=2226#primaryimage"},"thumbnailUrl":"https:\/\/www.gidaperakendecileri.org\/wp-content\/uploads\/2020\/08\/ipsos-ulke.jpg","articleSection":["Haberler","Sekt\u00f6rden Haberler"],"inLanguage":"en-US"},{"@type":"WebPage","@id":"https:\/\/www.gidaperakendecileri.org\/?p=2226","url":"https:\/\/www.gidaperakendecileri.org\/?p=2226","name":"Covid-19 M\u00fccadelesi Ancak \u00dclkeler Aras\u0131 Dayan\u0131\u015fma ile M\u00fcmk\u00fcn - GPD","isPartOf":{"@id":"https:\/\/www.gidaperakendecileri.org\/#website"},"primaryImageOfPage":{"@id":"https:\/\/www.gidaperakendecileri.org\/?p=2226#primaryimage"},"image":{"@id":"https:\/\/www.gidaperakendecileri.org\/?p=2226#primaryimage"},"thumbnailUrl":"https:\/\/www.gidaperakendecileri.org\/wp-content\/uploads\/2020\/08\/ipsos-ulke.jpg","datePublished":"2020-08-05T20:27:46+00:00","dateModified":"2021-02-05T12:58:45+00:00","author":{"@id":"https:\/\/www.gidaperakendecileri.org\/#\/schema\/person\/2a9973560de07919114aa1faead0a371"},"breadcrumb":{"@id":"https:\/\/www.gidaperakendecileri.org\/?p=2226#breadcrumb"},"inLanguage":"en-US","potentialAction":[{"@type":"ReadAction","target":["https:\/\/www.gidaperakendecileri.org\/?p=2226"]}]},{"@type":"ImageObject","inLanguage":"en-US","@id":"https:\/\/www.gidaperakendecileri.org\/?p=2226#primaryimage","url":"https:\/\/www.gidaperakendecileri.org\/wp-content\/uploads\/2020\/08\/ipsos-ulke.jpg","contentUrl":"https:\/\/www.gidaperakendecileri.org\/wp-content\/uploads\/2020\/08\/ipsos-ulke.jpg","width":1575,"height":1050},{"@type":"BreadcrumbList","@id":"https:\/\/www.gidaperakendecileri.org\/?p=2226#breadcrumb","itemListElement":[{"@type":"ListItem","position":1,"name":"Home","item":"https:\/\/www.gidaperakendecileri.org\/"},{"@type":"ListItem","position":2,"name":"Covid-19 M\u00fccadelesi Ancak \u00dclkeler Aras\u0131 Dayan\u0131\u015fma ile M\u00fcmk\u00fcn"}]},{"@type":"WebSite","@id":"https:\/\/www.gidaperakendecileri.org\/#website","url":"https:\/\/www.gidaperakendecileri.org\/","name":"GPD","description":"G\u0131da Perakendecileri Derne\u011fi","potentialAction":[{"@type":"SearchAction","target":{"@type":"EntryPoint","urlTemplate":"https:\/\/www.gidaperakendecileri.org\/?s={search_term_string}"},"query-input":{"@type":"PropertyValueSpecification","valueRequired":true,"valueName":"search_term_string"}}],"inLanguage":"en-US"},{"@type":"Person","@id":"https:\/\/www.gidaperakendecileri.org\/#\/schema\/person\/2a9973560de07919114aa1faead0a371","name":"ph16171887571_m2ho1594","image":{"@type":"ImageObject","inLanguage":"en-US","@id":"https:\/\/www.gidaperakendecileri.org\/#\/schema\/person\/image\/","url":"https:\/\/secure.gravatar.com\/avatar\/6aa3f1f40edc90be5904b6c95a027d0e9963a528a5b2f13ee07d82a1baae7c25?s=96&d=mm&r=g","contentUrl":"https:\/\/secure.gravatar.com\/avatar\/6aa3f1f40edc90be5904b6c95a027d0e9963a528a5b2f13ee07d82a1baae7c25?s=96&d=mm&r=g","caption":"ph16171887571_m2ho1594"},"url":"https:\/\/www.gidaperakendecileri.org\/?author=1"}]}},"amp_enabled":true,"_links":{"self":[{"href":"https:\/\/www.gidaperakendecileri.org\/index.php?rest_route=\/wp\/v2\/posts\/2226","targetHints":{"allow":["GET"]}}],"collection":[{"href":"https:\/\/www.gidaperakendecileri.org\/index.php?rest_route=\/wp\/v2\/posts"}],"about":[{"href":"https:\/\/www.gidaperakendecileri.org\/index.php?rest_route=\/wp\/v2\/types\/post"}],"author":[{"embeddable":true,"href":"https:\/\/www.gidaperakendecileri.org\/index.php?rest_route=\/wp\/v2\/users\/1"}],"replies":[{"embeddable":true,"href":"https:\/\/www.gidaperakendecileri.org\/index.php?rest_route=%2Fwp%2Fv2%2Fcomments&post=2226"}],"version-history":[{"count":3,"href":"https:\/\/www.gidaperakendecileri.org\/index.php?rest_route=\/wp\/v2\/posts\/2226\/revisions"}],"predecessor-version":[{"id":2233,"href":"https:\/\/www.gidaperakendecileri.org\/index.php?rest_route=\/wp\/v2\/posts\/2226\/revisions\/2233"}],"wp:featuredmedia":[{"embeddable":true,"href":"https:\/\/www.gidaperakendecileri.org\/index.php?rest_route=\/wp\/v2\/media\/2227"}],"wp:attachment":[{"href":"https:\/\/www.gidaperakendecileri.org\/index.php?rest_route=%2Fwp%2Fv2%2Fmedia&parent=2226"}],"wp:term":[{"taxonomy":"category","embeddable":true,"href":"https:\/\/www.gidaperakendecileri.org\/index.php?rest_route=%2Fwp%2Fv2%2Fcategories&post=2226"},{"taxonomy":"post_tag","embeddable":true,"href":"https:\/\/www.gidaperakendecileri.org\/index.php?rest_route=%2Fwp%2Fv2%2Ftags&post=2226"}],"curies":[{"name":"wp","href":"https:\/\/api.w.org\/{rel}","templated":true}]}}