{"id":2118,"date":"2020-05-27T11:24:33","date_gmt":"2020-05-27T11:24:33","guid":{"rendered":"https:\/\/www.gidaperakendecileri.org\/?p=2118"},"modified":"2021-02-05T12:59:00","modified_gmt":"2021-02-05T12:59:00","slug":"en-cok-bu-soruya-yanit-aradik-ne-zaman-acilacak","status":"publish","type":"post","link":"https:\/\/www.gidaperakendecileri.org\/?p=2118","title":{"rendered":"En \u00c7ok Bu Soruya Yan\u0131t Arad\u0131k>> Ne zaman a\u00e7\u0131lacak?"},"content":{"rendered":"\t\t<div data-elementor-type=\"wp-post\" data-elementor-id=\"2118\" class=\"elementor elementor-2118\">\n\t\t\t\t\t\t<section class=\"elementor-section elementor-top-section elementor-element elementor-element-3ef128ae elementor-section-boxed elementor-section-height-default elementor-section-height-default\" data-id=\"3ef128ae\" data-element_type=\"section\">\n\t\t\t\t\t\t<div class=\"elementor-container elementor-column-gap-default\">\n\t\t\t\t\t<div class=\"elementor-column elementor-col-100 elementor-top-column elementor-element elementor-element-6c0ce5df\" data-id=\"6c0ce5df\" data-element_type=\"column\">\n\t\t\t<div class=\"elementor-widget-wrap elementor-element-populated\">\n\t\t\t\t\t\t<div class=\"elementor-element elementor-element-5aacae7a elementor-widget elementor-widget-text-editor\" data-id=\"5aacae7a\" data-element_type=\"widget\" data-widget_type=\"text-editor.default\">\n\t\t\t\t<div class=\"elementor-widget-container\">\n\t\t\t\t\t\t\t\t\t<div class=\"td-paragraph-padding-1\"><h3><span style=\"color: #000000;\"><strong>D\u00fcnya koronavir\u00fcs\u00fcn etkilerine uyum sa\u011flamaya \u00e7al\u0131\u015f\u0131rken, t\u00fcketici ihtiya\u00e7lar\u0131 ve davran\u0131\u015flar\u0131 da s\u00fcrekli de\u011fi\u015fiyor. Google Arama Trendleri raporuna g\u00f6re, ge\u00e7ti\u011fimiz iki haftada T\u00fcrkiye\u2019de \u201cNe zaman a\u00e7\u0131lacak?\u201d, Almanya\u2019da \u201cSpor salonlar\u0131 ne zaman a\u00e7\u0131lacak?\u201d, \u0130spanya\u2019da \u201cA\u00e7\u0131k di\u015f\u00e7iler\u201d \u0130talya\u2019da ise \u201cA\u00e7\u0131lan kuaf\u00f6rler\u201d kelimeleri \u00e7ok arat\u0131lanlar aras\u0131ndayd\u0131.<\/strong><\/span><\/h3><p><span style=\"color: #000000;\">Google Arama Trendleri raporu son haftalarda kullan\u0131c\u0131lar\u0131n yeni duruma uyum sa\u011flad\u0131klar\u0131n\u0131 ve davran\u0131\u015flar\u0131n\u0131n daha tutarl\u0131 h\u00e2le gelmeye ba\u015flad\u0131\u011f\u0131n\u0131 g\u00f6steriyor. Veriler, soka\u011fa \u00e7\u0131kma k\u0131s\u0131tlamas\u0131n\u0131n a\u015fama a\u015fama azalt\u0131ld\u0131\u011f\u0131 \u00fclkelerde okullar\u0131n ve ma\u011fazalar\u0131n ne zaman a\u00e7\u0131laca\u011f\u0131 ile ilgili sorular\u0131n artt\u0131\u011f\u0131n\u0131 g\u00f6steriyor. Verileri de\u011ferlendiren Google SMB Premier Partneri EG Bili\u015fim Teknolojileri\u2019nin CEO\u2019su G\u00f6khan B\u00fclb\u00fcl, yeni normalde t\u00fcketicilerin nelere \u00f6nem verdi\u011fini anlaman\u0131n \u00f6nemine dikkat \u00e7ekti. Belirsiz zamanlarda m\u00fc\u015fteri ihtiyac\u0131na h\u0131zl\u0131 cevap vermenin ilerleyen s\u00fcre\u00e7lerde marka alg\u0131s\u0131na olumlu katk\u0131 sa\u011flayaca\u011f\u0131n\u0131 s\u00f6yledi. B\u00fclb\u00fcl, hedef kitleye ula\u015fman\u0131n en etkili ve kolay yolununsa do\u011fru uygulanan dijital pazarlama stratejisinden ge\u00e7ti\u011fine vurgu yapt\u0131.<\/span><\/p><p><strong><span style=\"color: #000000;\">\u0130ngilizler Ailelerini D\u00fc\u015f\u00fcnd\u00fc, Polonyal\u0131lar Anaokullar\u0131n\u0131 Merak Etti<\/span><\/strong><br \/><span style=\"color: #000000;\">K\u0131s\u0131tlamalar\u0131n kapsam\u0131 koronavir\u00fcs\u00fcn mevcut durumuyla ili\u015fkili olarak her \u00fclkede farkl\u0131l\u0131k g\u00f6steriyor. \u00d6rne\u011fin ma\u011fazalar ve okullar Almanya\u2019da ve Hollanda\u2019da yeniden a\u00e7\u0131l\u0131rken \u0130ngiltere\u2019de bu konuyla ilgili h\u00e2l\u00e2 belirsizlik h\u00e2kim. Google Arama Trendleri raporuna g\u00f6re, ge\u00e7ti\u011fimiz iki haftada t\u00fcketiciler T\u00fcrkiye\u2019de \u201cNe zaman a\u00e7\u0131lacak?\u201d, \u0130ngiltere\u2019de \u201cAilemi ne zaman g\u00f6rebilirim?\u201d, Almanya\u2019da \u201cSpor salonlar\u0131 ne zaman a\u00e7\u0131lacak?\u201d, \u0130spanya\u2019da \u201cA\u00e7\u0131k di\u015f\u00e7iler\u201d, Polonya\u2019da \u201cA\u00e7\u0131k anaokullar\u0131\u201d, \u0130talya\u2019da ise \u201cA\u00e7\u0131lan kuaf\u00f6rler\u201d kelimelerini aratt\u0131. T\u00fcrkiye\u2019de ayn\u0131 zamanda \u201c\u00fcniversite s\u0131nav\u0131\u201d, \u201ckap\u0131da \u00f6deme\u201d ve \u201csipari\u015f takip\u201d aramalar\u0131 art\u0131\u015f g\u00f6sterdi.<\/span><\/p><p><strong><span style=\"color: #000000;\">T\u00fcrkiye\u2019de \u201cD Vitamini\u201d, \u201cAte\u015f \u00d6l\u00e7er\u201d ve \u201cRamazan Bayram\u0131\u201d Arand\u0131<\/span><\/strong><br \/><span style=\"color: #000000;\">Koronavir\u00fcs ile ilgili umut verici geli\u015fmeler olsa da bir yandan belirsizli\u011fin devam etmesi insanlar\u0131 zihinsel ve fiziksel sa\u011fl\u0131klar\u0131n\u0131 korumaya odaklanmaya y\u00f6nlendiriyor. Trendlerden elde edilen veriler, Rusya\u2019da \u201czihin sa\u011fl\u0131\u011f\u0131\u201d, Danimarka\u2019da \u201cv\u00fccut kitle endeksi\u201d, \u0130spanya\u2019da \u201conline spor\u201d, Polonya\u2019da \u201cdash diyeti\u201d ve T\u00fcrkiye\u2019de ise \u201cD Vitamini\u201d, \u201cate\u015f \u00f6l\u00e7er\u201d ve \u201cRamazan Bayram\u0131\u201d aramalar\u0131n\u0131n art\u0131\u015fta oldu\u011funu g\u00f6steriyor.<\/span><\/p><p><strong><span style=\"color: #000000;\"><img fetchpriority=\"high\" decoding=\"async\" class=\" wp-image-2120 alignleft\" src=\"https:\/\/www.gidaperakendecileri.org\/wp-content\/uploads\/2020\/05\/1590568579_online_egitim-300x200.jpg\" alt=\"\" width=\"380\" height=\"253\" srcset=\"https:\/\/www.gidaperakendecileri.org\/wp-content\/uploads\/2020\/05\/1590568579_online_egitim-300x200.jpg 300w, https:\/\/www.gidaperakendecileri.org\/wp-content\/uploads\/2020\/05\/1590568579_online_egitim-1024x683.jpg 1024w, https:\/\/www.gidaperakendecileri.org\/wp-content\/uploads\/2020\/05\/1590568579_online_egitim-768x512.jpg 768w, https:\/\/www.gidaperakendecileri.org\/wp-content\/uploads\/2020\/05\/1590568579_online_egitim-696x464.jpg 696w, https:\/\/www.gidaperakendecileri.org\/wp-content\/uploads\/2020\/05\/1590568579_online_egitim-1068x713.jpg 1068w, https:\/\/www.gidaperakendecileri.org\/wp-content\/uploads\/2020\/05\/1590568579_online_egitim-629x420.jpg 629w, https:\/\/www.gidaperakendecileri.org\/wp-content\/uploads\/2020\/05\/1590568579_online_egitim.jpg 1181w\" sizes=\"(max-width: 380px) 100vw, 380px\" \/>Yeni Normal: Youtube ile Gitar \u00c7almay\u0131 \u00d6\u011frenmek<\/span><\/strong><br \/><span style=\"color: #000000;\">Zamanlar\u0131n\u0131n \u00e7o\u011funu evde ge\u00e7iren insanlar, online e\u011fitim videolar\u0131n\u0131 daha fazla izlemeye ba\u015flad\u0131. Global YouTube verileri, \u201cdil \u00f6\u011frenimi\u201d ile ilgili derslerin izlenme s\u00fcresinin ge\u00e7en y\u0131la g\u00f6re y\u00fczde 500&#8217;\u00fcn \u00fczerinde artt\u0131\u011f\u0131n\u0131 g\u00f6steriyor. Veriler, ba\u015fl\u0131\u011f\u0131nda \u201cyeni ba\u015flayanlar i\u00e7in\u201d veya \u201cad\u0131m ad\u0131m\u201d ge\u00e7en YouTube videolar\u0131n\u0131n y\u00fczde 65&#8217;in \u00fczerinde, ba\u015fl\u0131\u011f\u0131nda \u201cevde\u201d kelimesi ge\u00e7en \u201cnas\u0131l yap\u0131l\u0131r\u201d videolar\u0131n\u0131 y\u00fczde 50&#8217;nin \u00fczerinde ve \u201cgitar videolar\u0131\u201d ile ilgili e\u011fitici i\u00e7eriklerin izlenme s\u00fcresinin ise y\u00fczde 40&#8217;\u0131n \u00fczerinde artt\u0131\u011f\u0131na i\u015faret ediyor.<\/span><\/p><\/div>\t\t\t\t\t\t\t\t<\/div>\n\t\t\t\t<\/div>\n\t\t\t\t\t<\/div>\n\t\t<\/div>\n\t\t\t\t\t<\/div>\n\t\t<\/section>\n\t\t\t\t<\/div>\n\t\t","protected":false},"excerpt":{"rendered":"<p>D\u00fcnya koronavir\u00fcs\u00fcn etkilerine uyum sa\u011flamaya \u00e7al\u0131\u015f\u0131rken, t\u00fcketici ihtiya\u00e7lar\u0131 ve davran\u0131\u015flar\u0131 da s\u00fcrekli de\u011fi\u015fiyor. Google Arama Trendleri raporuna g\u00f6re, ge\u00e7ti\u011fimiz iki haftada T\u00fcrkiye\u2019de \u201cNe zaman a\u00e7\u0131lacak?\u201d, Almanya\u2019da \u201cSpor salonlar\u0131 ne zaman a\u00e7\u0131lacak?\u201d, \u0130spanya\u2019da \u201cA\u00e7\u0131k di\u015f\u00e7iler\u201d \u0130talya\u2019da ise \u201cA\u00e7\u0131lan kuaf\u00f6rler\u201d kelimeleri \u00e7ok arat\u0131lanlar aras\u0131ndayd\u0131. Google Arama Trendleri raporu son haftalarda kullan\u0131c\u0131lar\u0131n yeni duruma uyum sa\u011flad\u0131klar\u0131n\u0131 ve davran\u0131\u015flar\u0131n\u0131n [&hellip;]<\/p>\n","protected":false},"author":1,"featured_media":2119,"comment_status":"closed","ping_status":"closed","sticky":false,"template":"","format":"standard","meta":{"_monsterinsights_skip_tracking":false,"_monsterinsights_sitenote_active":false,"_monsterinsights_sitenote_note":"","_monsterinsights_sitenote_category":0,"footnotes":""},"categories":[23,32],"tags":[],"class_list":{"0":"post-2118","1":"post","2":"type-post","3":"status-publish","4":"format-standard","5":"has-post-thumbnail","7":"category-haberler","8":"category-sektorden-haberler-haberler"},"featured_image_src":"https:\/\/www.gidaperakendecileri.org\/wp-content\/uploads\/2020\/05\/1590568589_lokasyon.jpg","author_info":{"display_name":"ph16171887571_m2ho1594","author_link":"https:\/\/www.gidaperakendecileri.org\/?author=1"},"yoast_head":"<!-- This site is optimized with the Yoast SEO plugin v26.7 - https:\/\/yoast.com\/wordpress\/plugins\/seo\/ -->\n<title>En \u00c7ok Bu Soruya Yan\u0131t Arad\u0131k&gt;&gt; Ne zaman a\u00e7\u0131lacak? - GPD<\/title>\n<meta name=\"robots\" content=\"index, follow, max-snippet:-1, max-image-preview:large, max-video-preview:-1\" \/>\n<link rel=\"canonical\" href=\"https:\/\/www.gidaperakendecileri.org\/?p=2118\" \/>\n<meta property=\"og:locale\" content=\"en_US\" \/>\n<meta property=\"og:type\" content=\"article\" \/>\n<meta property=\"og:title\" content=\"En \u00c7ok Bu Soruya Yan\u0131t Arad\u0131k&gt;&gt; Ne zaman a\u00e7\u0131lacak? - GPD\" \/>\n<meta property=\"og:description\" content=\"D\u00fcnya koronavir\u00fcs\u00fcn etkilerine uyum sa\u011flamaya \u00e7al\u0131\u015f\u0131rken, t\u00fcketici ihtiya\u00e7lar\u0131 ve davran\u0131\u015flar\u0131 da s\u00fcrekli de\u011fi\u015fiyor. Google Arama Trendleri raporuna g\u00f6re, ge\u00e7ti\u011fimiz iki haftada T\u00fcrkiye\u2019de \u201cNe zaman a\u00e7\u0131lacak?\u201d, Almanya\u2019da \u201cSpor salonlar\u0131 ne zaman a\u00e7\u0131lacak?\u201d, \u0130spanya\u2019da \u201cA\u00e7\u0131k di\u015f\u00e7iler\u201d \u0130talya\u2019da ise \u201cA\u00e7\u0131lan kuaf\u00f6rler\u201d kelimeleri \u00e7ok arat\u0131lanlar aras\u0131ndayd\u0131. Google Arama Trendleri raporu son haftalarda kullan\u0131c\u0131lar\u0131n yeni duruma uyum sa\u011flad\u0131klar\u0131n\u0131 ve davran\u0131\u015flar\u0131n\u0131n [&hellip;]\" \/>\n<meta property=\"og:url\" content=\"https:\/\/www.gidaperakendecileri.org\/?p=2118\" \/>\n<meta property=\"og:site_name\" content=\"GPD\" \/>\n<meta property=\"article:published_time\" content=\"2020-05-27T11:24:33+00:00\" \/>\n<meta property=\"article:modified_time\" content=\"2021-02-05T12:59:00+00:00\" \/>\n<meta property=\"og:image\" content=\"https:\/\/www.gidaperakendecileri.org\/wp-content\/uploads\/2020\/05\/1590568589_lokasyon.jpg\" \/>\n\t<meta property=\"og:image:width\" content=\"1134\" \/>\n\t<meta property=\"og:image:height\" content=\"756\" \/>\n\t<meta property=\"og:image:type\" content=\"image\/jpeg\" \/>\n<meta name=\"author\" content=\"ph16171887571_m2ho1594\" \/>\n<meta name=\"twitter:card\" content=\"summary_large_image\" \/>\n<meta name=\"twitter:label1\" content=\"Written by\" \/>\n\t<meta name=\"twitter:data1\" content=\"ph16171887571_m2ho1594\" \/>\n\t<meta name=\"twitter:label2\" content=\"Est. reading time\" \/>\n\t<meta name=\"twitter:data2\" content=\"3 minutes\" \/>\n<script type=\"application\/ld+json\" class=\"yoast-schema-graph\">{\"@context\":\"https:\/\/schema.org\",\"@graph\":[{\"@type\":\"Article\",\"@id\":\"https:\/\/www.gidaperakendecileri.org\/?p=2118#article\",\"isPartOf\":{\"@id\":\"https:\/\/www.gidaperakendecileri.org\/?p=2118\"},\"author\":{\"name\":\"ph16171887571_m2ho1594\",\"@id\":\"https:\/\/www.gidaperakendecileri.org\/#\/schema\/person\/2a9973560de07919114aa1faead0a371\"},\"headline\":\"En \u00c7ok Bu Soruya Yan\u0131t Arad\u0131k>> Ne zaman a\u00e7\u0131lacak?\",\"datePublished\":\"2020-05-27T11:24:33+00:00\",\"dateModified\":\"2021-02-05T12:59:00+00:00\",\"mainEntityOfPage\":{\"@id\":\"https:\/\/www.gidaperakendecileri.org\/?p=2118\"},\"wordCount\":556,\"image\":{\"@id\":\"https:\/\/www.gidaperakendecileri.org\/?p=2118#primaryimage\"},\"thumbnailUrl\":\"https:\/\/www.gidaperakendecileri.org\/wp-content\/uploads\/2020\/05\/1590568589_lokasyon.jpg\",\"articleSection\":[\"Haberler\",\"Sekt\u00f6rden Haberler\"],\"inLanguage\":\"en-US\"},{\"@type\":\"WebPage\",\"@id\":\"https:\/\/www.gidaperakendecileri.org\/?p=2118\",\"url\":\"https:\/\/www.gidaperakendecileri.org\/?p=2118\",\"name\":\"En \u00c7ok Bu Soruya Yan\u0131t Arad\u0131k>> Ne zaman a\u00e7\u0131lacak? - GPD\",\"isPartOf\":{\"@id\":\"https:\/\/www.gidaperakendecileri.org\/#website\"},\"primaryImageOfPage\":{\"@id\":\"https:\/\/www.gidaperakendecileri.org\/?p=2118#primaryimage\"},\"image\":{\"@id\":\"https:\/\/www.gidaperakendecileri.org\/?p=2118#primaryimage\"},\"thumbnailUrl\":\"https:\/\/www.gidaperakendecileri.org\/wp-content\/uploads\/2020\/05\/1590568589_lokasyon.jpg\",\"datePublished\":\"2020-05-27T11:24:33+00:00\",\"dateModified\":\"2021-02-05T12:59:00+00:00\",\"author\":{\"@id\":\"https:\/\/www.gidaperakendecileri.org\/#\/schema\/person\/2a9973560de07919114aa1faead0a371\"},\"breadcrumb\":{\"@id\":\"https:\/\/www.gidaperakendecileri.org\/?p=2118#breadcrumb\"},\"inLanguage\":\"en-US\",\"potentialAction\":[{\"@type\":\"ReadAction\",\"target\":[\"https:\/\/www.gidaperakendecileri.org\/?p=2118\"]}]},{\"@type\":\"ImageObject\",\"inLanguage\":\"en-US\",\"@id\":\"https:\/\/www.gidaperakendecileri.org\/?p=2118#primaryimage\",\"url\":\"https:\/\/www.gidaperakendecileri.org\/wp-content\/uploads\/2020\/05\/1590568589_lokasyon.jpg\",\"contentUrl\":\"https:\/\/www.gidaperakendecileri.org\/wp-content\/uploads\/2020\/05\/1590568589_lokasyon.jpg\",\"width\":1134,\"height\":756},{\"@type\":\"BreadcrumbList\",\"@id\":\"https:\/\/www.gidaperakendecileri.org\/?p=2118#breadcrumb\",\"itemListElement\":[{\"@type\":\"ListItem\",\"position\":1,\"name\":\"Home\",\"item\":\"https:\/\/www.gidaperakendecileri.org\/\"},{\"@type\":\"ListItem\",\"position\":2,\"name\":\"En \u00c7ok Bu Soruya Yan\u0131t Arad\u0131k>> Ne zaman a\u00e7\u0131lacak?\"}]},{\"@type\":\"WebSite\",\"@id\":\"https:\/\/www.gidaperakendecileri.org\/#website\",\"url\":\"https:\/\/www.gidaperakendecileri.org\/\",\"name\":\"GPD\",\"description\":\"G\u0131da Perakendecileri Derne\u011fi\",\"potentialAction\":[{\"@type\":\"SearchAction\",\"target\":{\"@type\":\"EntryPoint\",\"urlTemplate\":\"https:\/\/www.gidaperakendecileri.org\/?s={search_term_string}\"},\"query-input\":{\"@type\":\"PropertyValueSpecification\",\"valueRequired\":true,\"valueName\":\"search_term_string\"}}],\"inLanguage\":\"en-US\"},{\"@type\":\"Person\",\"@id\":\"https:\/\/www.gidaperakendecileri.org\/#\/schema\/person\/2a9973560de07919114aa1faead0a371\",\"name\":\"ph16171887571_m2ho1594\",\"image\":{\"@type\":\"ImageObject\",\"inLanguage\":\"en-US\",\"@id\":\"https:\/\/www.gidaperakendecileri.org\/#\/schema\/person\/image\/\",\"url\":\"https:\/\/secure.gravatar.com\/avatar\/6aa3f1f40edc90be5904b6c95a027d0e9963a528a5b2f13ee07d82a1baae7c25?s=96&d=mm&r=g\",\"contentUrl\":\"https:\/\/secure.gravatar.com\/avatar\/6aa3f1f40edc90be5904b6c95a027d0e9963a528a5b2f13ee07d82a1baae7c25?s=96&d=mm&r=g\",\"caption\":\"ph16171887571_m2ho1594\"},\"url\":\"https:\/\/www.gidaperakendecileri.org\/?author=1\"}]}<\/script>\n<!-- \/ Yoast SEO plugin. -->","yoast_head_json":{"title":"En \u00c7ok Bu Soruya Yan\u0131t Arad\u0131k>> Ne zaman a\u00e7\u0131lacak? - GPD","robots":{"index":"index","follow":"follow","max-snippet":"max-snippet:-1","max-image-preview":"max-image-preview:large","max-video-preview":"max-video-preview:-1"},"canonical":"https:\/\/www.gidaperakendecileri.org\/?p=2118","og_locale":"en_US","og_type":"article","og_title":"En \u00c7ok Bu Soruya Yan\u0131t Arad\u0131k>> Ne zaman a\u00e7\u0131lacak? - GPD","og_description":"D\u00fcnya koronavir\u00fcs\u00fcn etkilerine uyum sa\u011flamaya \u00e7al\u0131\u015f\u0131rken, t\u00fcketici ihtiya\u00e7lar\u0131 ve davran\u0131\u015flar\u0131 da s\u00fcrekli de\u011fi\u015fiyor. Google Arama Trendleri raporuna g\u00f6re, ge\u00e7ti\u011fimiz iki haftada T\u00fcrkiye\u2019de \u201cNe zaman a\u00e7\u0131lacak?\u201d, Almanya\u2019da \u201cSpor salonlar\u0131 ne zaman a\u00e7\u0131lacak?\u201d, \u0130spanya\u2019da \u201cA\u00e7\u0131k di\u015f\u00e7iler\u201d \u0130talya\u2019da ise \u201cA\u00e7\u0131lan kuaf\u00f6rler\u201d kelimeleri \u00e7ok arat\u0131lanlar aras\u0131ndayd\u0131. Google Arama Trendleri raporu son haftalarda kullan\u0131c\u0131lar\u0131n yeni duruma uyum sa\u011flad\u0131klar\u0131n\u0131 ve davran\u0131\u015flar\u0131n\u0131n [&hellip;]","og_url":"https:\/\/www.gidaperakendecileri.org\/?p=2118","og_site_name":"GPD","article_published_time":"2020-05-27T11:24:33+00:00","article_modified_time":"2021-02-05T12:59:00+00:00","og_image":[{"width":1134,"height":756,"url":"https:\/\/www.gidaperakendecileri.org\/wp-content\/uploads\/2020\/05\/1590568589_lokasyon.jpg","type":"image\/jpeg"}],"author":"ph16171887571_m2ho1594","twitter_card":"summary_large_image","twitter_misc":{"Written by":"ph16171887571_m2ho1594","Est. reading time":"3 minutes"},"schema":{"@context":"https:\/\/schema.org","@graph":[{"@type":"Article","@id":"https:\/\/www.gidaperakendecileri.org\/?p=2118#article","isPartOf":{"@id":"https:\/\/www.gidaperakendecileri.org\/?p=2118"},"author":{"name":"ph16171887571_m2ho1594","@id":"https:\/\/www.gidaperakendecileri.org\/#\/schema\/person\/2a9973560de07919114aa1faead0a371"},"headline":"En \u00c7ok Bu Soruya Yan\u0131t Arad\u0131k>> Ne zaman a\u00e7\u0131lacak?","datePublished":"2020-05-27T11:24:33+00:00","dateModified":"2021-02-05T12:59:00+00:00","mainEntityOfPage":{"@id":"https:\/\/www.gidaperakendecileri.org\/?p=2118"},"wordCount":556,"image":{"@id":"https:\/\/www.gidaperakendecileri.org\/?p=2118#primaryimage"},"thumbnailUrl":"https:\/\/www.gidaperakendecileri.org\/wp-content\/uploads\/2020\/05\/1590568589_lokasyon.jpg","articleSection":["Haberler","Sekt\u00f6rden Haberler"],"inLanguage":"en-US"},{"@type":"WebPage","@id":"https:\/\/www.gidaperakendecileri.org\/?p=2118","url":"https:\/\/www.gidaperakendecileri.org\/?p=2118","name":"En \u00c7ok Bu Soruya Yan\u0131t Arad\u0131k>> Ne zaman a\u00e7\u0131lacak? - GPD","isPartOf":{"@id":"https:\/\/www.gidaperakendecileri.org\/#website"},"primaryImageOfPage":{"@id":"https:\/\/www.gidaperakendecileri.org\/?p=2118#primaryimage"},"image":{"@id":"https:\/\/www.gidaperakendecileri.org\/?p=2118#primaryimage"},"thumbnailUrl":"https:\/\/www.gidaperakendecileri.org\/wp-content\/uploads\/2020\/05\/1590568589_lokasyon.jpg","datePublished":"2020-05-27T11:24:33+00:00","dateModified":"2021-02-05T12:59:00+00:00","author":{"@id":"https:\/\/www.gidaperakendecileri.org\/#\/schema\/person\/2a9973560de07919114aa1faead0a371"},"breadcrumb":{"@id":"https:\/\/www.gidaperakendecileri.org\/?p=2118#breadcrumb"},"inLanguage":"en-US","potentialAction":[{"@type":"ReadAction","target":["https:\/\/www.gidaperakendecileri.org\/?p=2118"]}]},{"@type":"ImageObject","inLanguage":"en-US","@id":"https:\/\/www.gidaperakendecileri.org\/?p=2118#primaryimage","url":"https:\/\/www.gidaperakendecileri.org\/wp-content\/uploads\/2020\/05\/1590568589_lokasyon.jpg","contentUrl":"https:\/\/www.gidaperakendecileri.org\/wp-content\/uploads\/2020\/05\/1590568589_lokasyon.jpg","width":1134,"height":756},{"@type":"BreadcrumbList","@id":"https:\/\/www.gidaperakendecileri.org\/?p=2118#breadcrumb","itemListElement":[{"@type":"ListItem","position":1,"name":"Home","item":"https:\/\/www.gidaperakendecileri.org\/"},{"@type":"ListItem","position":2,"name":"En \u00c7ok Bu Soruya Yan\u0131t Arad\u0131k>> Ne zaman a\u00e7\u0131lacak?"}]},{"@type":"WebSite","@id":"https:\/\/www.gidaperakendecileri.org\/#website","url":"https:\/\/www.gidaperakendecileri.org\/","name":"GPD","description":"G\u0131da Perakendecileri Derne\u011fi","potentialAction":[{"@type":"SearchAction","target":{"@type":"EntryPoint","urlTemplate":"https:\/\/www.gidaperakendecileri.org\/?s={search_term_string}"},"query-input":{"@type":"PropertyValueSpecification","valueRequired":true,"valueName":"search_term_string"}}],"inLanguage":"en-US"},{"@type":"Person","@id":"https:\/\/www.gidaperakendecileri.org\/#\/schema\/person\/2a9973560de07919114aa1faead0a371","name":"ph16171887571_m2ho1594","image":{"@type":"ImageObject","inLanguage":"en-US","@id":"https:\/\/www.gidaperakendecileri.org\/#\/schema\/person\/image\/","url":"https:\/\/secure.gravatar.com\/avatar\/6aa3f1f40edc90be5904b6c95a027d0e9963a528a5b2f13ee07d82a1baae7c25?s=96&d=mm&r=g","contentUrl":"https:\/\/secure.gravatar.com\/avatar\/6aa3f1f40edc90be5904b6c95a027d0e9963a528a5b2f13ee07d82a1baae7c25?s=96&d=mm&r=g","caption":"ph16171887571_m2ho1594"},"url":"https:\/\/www.gidaperakendecileri.org\/?author=1"}]}},"amp_enabled":true,"_links":{"self":[{"href":"https:\/\/www.gidaperakendecileri.org\/index.php?rest_route=\/wp\/v2\/posts\/2118","targetHints":{"allow":["GET"]}}],"collection":[{"href":"https:\/\/www.gidaperakendecileri.org\/index.php?rest_route=\/wp\/v2\/posts"}],"about":[{"href":"https:\/\/www.gidaperakendecileri.org\/index.php?rest_route=\/wp\/v2\/types\/post"}],"author":[{"embeddable":true,"href":"https:\/\/www.gidaperakendecileri.org\/index.php?rest_route=\/wp\/v2\/users\/1"}],"replies":[{"embeddable":true,"href":"https:\/\/www.gidaperakendecileri.org\/index.php?rest_route=%2Fwp%2Fv2%2Fcomments&post=2118"}],"version-history":[{"count":2,"href":"https:\/\/www.gidaperakendecileri.org\/index.php?rest_route=\/wp\/v2\/posts\/2118\/revisions"}],"predecessor-version":[{"id":2122,"href":"https:\/\/www.gidaperakendecileri.org\/index.php?rest_route=\/wp\/v2\/posts\/2118\/revisions\/2122"}],"wp:featuredmedia":[{"embeddable":true,"href":"https:\/\/www.gidaperakendecileri.org\/index.php?rest_route=\/wp\/v2\/media\/2119"}],"wp:attachment":[{"href":"https:\/\/www.gidaperakendecileri.org\/index.php?rest_route=%2Fwp%2Fv2%2Fmedia&parent=2118"}],"wp:term":[{"taxonomy":"category","embeddable":true,"href":"https:\/\/www.gidaperakendecileri.org\/index.php?rest_route=%2Fwp%2Fv2%2Fcategories&post=2118"},{"taxonomy":"post_tag","embeddable":true,"href":"https:\/\/www.gidaperakendecileri.org\/index.php?rest_route=%2Fwp%2Fv2%2Ftags&post=2118"}],"curies":[{"name":"wp","href":"https:\/\/api.w.org\/{rel}","templated":true}]}}