{"id":2108,"date":"2020-05-25T15:11:07","date_gmt":"2020-05-25T15:11:07","guid":{"rendered":"https:\/\/www.gidaperakendecileri.org\/?p=2108"},"modified":"2021-02-05T12:59:00","modified_gmt":"2021-02-05T12:59:00","slug":"2020nin-en-hizli-buyuyen-ve-dusus-yasayan-global-perakende-markalari","status":"publish","type":"post","link":"https:\/\/www.gidaperakendecileri.org\/?p=2108","title":{"rendered":"2020&#8217;nin En H\u0131zl\u0131 B\u00fcy\u00fcyen ve D\u00fc\u015f\u00fc\u015f Ya\u015fayan Global Perakende Markalar\u0131"},"content":{"rendered":"\t\t<div data-elementor-type=\"wp-post\" data-elementor-id=\"2108\" class=\"elementor elementor-2108\">\n\t\t\t\t\t\t<section class=\"elementor-section elementor-top-section elementor-element elementor-element-3ef128ae elementor-section-boxed elementor-section-height-default elementor-section-height-default\" data-id=\"3ef128ae\" data-element_type=\"section\">\n\t\t\t\t\t\t<div class=\"elementor-container elementor-column-gap-default\">\n\t\t\t\t\t<div class=\"elementor-column elementor-col-100 elementor-top-column elementor-element elementor-element-6c0ce5df\" data-id=\"6c0ce5df\" data-element_type=\"column\">\n\t\t\t<div class=\"elementor-widget-wrap elementor-element-populated\">\n\t\t\t\t\t\t<div class=\"elementor-element elementor-element-5aacae7a elementor-widget elementor-widget-text-editor\" data-id=\"5aacae7a\" data-element_type=\"widget\" data-widget_type=\"text-editor.default\">\n\t\t\t\t<div class=\"elementor-widget-container\">\n\t\t\t\t\t\t\t\t\t<div class=\"td-paragraph-padding-1\"><h3><span style=\"color: #000000;\"><strong>COVID-19 salg\u0131n\u0131, perakendenin t\u00fcm d\u00fcnyada birdenbire de\u011fi\u015fmesine yol a\u00e7t\u0131. Neredeyse bir gecede, fiziksel ma\u011fazalardaki yaya trafi\u011fi ortadan kayboldu ve tedarik zincirlerinde ciddi sorular ortaya \u00e7\u0131kt\u0131. \u015eimdiyse perakende, bir yol ayr\u0131m\u0131na geldi ve bu yol ayr\u0131m\u0131nda pek \u00e7ok perakendeci sonu\u00e7lar\u0131n\u0131 \u00f6ng\u00f6remeyece\u011fi zor kararlar almak zorunda kal\u0131yor. Baz\u0131 k\u00fcresel perakende devleri silahlar\u0131n\u0131 b\u0131rak\u0131p iflas ba\u015fvurusunda bulunurken di\u011ferleri kendilerini bu durumdan kurtarmak i\u00e7in m\u00fc\u015fterilerine yeni ve beklenmedik \u015fekillerde hizmet vermenin yollar\u0131n\u0131 ar\u0131yor.<\/strong><\/span><\/h3><p><span style=\"color: #000000;\">Visual Capitalist taraf\u0131ndan haz\u0131rlanan, a\u015fa\u011f\u0131da g\u00f6rece\u011finiz infografik, Kantar\u2019\u0131n Brand Z\u2122 raporundaki verileri kullan\u0131yor ve t\u00fcm s\u0131k\u0131nt\u0131lara ra\u011fmen b\u00fcy\u00fcyen perakendecileri ve hayatta kalmak i\u00e7in sava\u015fanlar\u0131 g\u00f6steriyor. <a href=\"https:\/\/www.brandz.com\/admin\/uploads\/files\/BZ_Retail_Top_75_2020_DL.pdf\" target=\"_blank\" rel=\"noopener\">Rapor<\/a>, 2019-2020 aras\u0131nda k\u00fcresel olarak en iyi 75 perakendecinin marka de\u011ferini, Nisan ay\u0131 ortas\u0131n\u0131 kesim tarihi alarak ve en son finansal bilgileri dahil ederek kar\u015f\u0131la\u015ft\u0131r\u0131yor. Her ne kadar pandeminin baz\u0131 etkileri bu hesaplamalara dahil edilmi\u015f olsa da sat\u0131\u015flara olan ger\u00e7ek etkisinin belirsiz oldu\u011funu da ak\u0131ldan \u00e7\u0131karmamak gerekiyor. <\/span><\/p><p><span style=\"color: #000000;\"><strong>Zirveye Y\u00fckselen Perakendeciler<\/strong><\/span><br \/><span style=\"color: #000000;\">Marka de\u011ferinin hesaplanmas\u0131, bir markan\u0131n ba\u011fl\u0131 oldu\u011fu ana \u015firketin genel i\u015f de\u011ferine katk\u0131da bulundu\u011fu toplam miktar\u0131 ifade eder. Marka de\u011feri y\u00fcksekse t\u00fcketici bu markaya ba\u015fka markalara g\u00f6re daha fazla \u00f6deme yapar ve bu tamamen alg\u0131lara dayan\u0131r. Markan\u0131n t\u00fcketicileri, o markay\u0131 tercih etmeye e\u011filimli olarak \u015firkete daha fazla de\u011fer kazand\u0131r\u0131r.<\/span><br \/><span style=\"color: #000000;\">Bu bilgilere dayanarak, aktif giyim markas\u0131 lululemon, d\u00fcnyan\u0131n en h\u0131zl\u0131 b\u00fcy\u00fcyen perakende markas\u0131. Hesap verebilirlik k\u00fclt\u00fcr\u00fc ve k\u00fcresel topluluk etkinlikleri ile \u00fcnl\u00fc olan marka, kesintisiz \u00e7evrimi\u00e7i ve \u00e7evrimd\u0131\u015f\u0131 t\u00fcketici deneyimi aras\u0131nda m\u00fckemmel bir denge kurmu\u015f gibi g\u00f6r\u00fcn\u00fcyor.<\/span><\/p><p><span style=\"color: #000000;\">A\u015fa\u011f\u0131daki tabloda 2020&#8217;nin en h\u0131zl\u0131 b\u00fcy\u00fcyen 10 perakende markas\u0131n\u0131 g\u00f6rebilirsiniz:<\/span><br \/><span style=\"color: #000000;\"><img fetchpriority=\"high\" decoding=\"async\" class=\"wp-image-2112 aligncenter\" src=\"https:\/\/www.gidaperakendecileri.org\/wp-content\/uploads\/2020\/05\/gpd-covid-retailer-2020-2-300x147.png\" alt=\"\" width=\"547\" height=\"268\" srcset=\"https:\/\/www.gidaperakendecileri.org\/wp-content\/uploads\/2020\/05\/gpd-covid-retailer-2020-2-300x147.png 300w, https:\/\/www.gidaperakendecileri.org\/wp-content\/uploads\/2020\/05\/gpd-covid-retailer-2020-2-768x377.png 768w, https:\/\/www.gidaperakendecileri.org\/wp-content\/uploads\/2020\/05\/gpd-covid-retailer-2020-2-324x160.png 324w, https:\/\/www.gidaperakendecileri.org\/wp-content\/uploads\/2020\/05\/gpd-covid-retailer-2020-2-533x261.png 533w, https:\/\/www.gidaperakendecileri.org\/wp-content\/uploads\/2020\/05\/gpd-covid-retailer-2020-2-696x342.png 696w, https:\/\/www.gidaperakendecileri.org\/wp-content\/uploads\/2020\/05\/gpd-covid-retailer-2020-2.png 851w\" sizes=\"(max-width: 547px) 100vw, 547px\" \/><\/span><\/p><p><span style=\"color: #000000;\">Bu tablodaki en ilgin\u00e7 nokta ise Sam\u2019s Club ve Flipkart\u2019\u0131n sahibi olan Walmart\u2019\u0131n s\u0131ralamada 3 koltu\u011fa birden sahip olmas\u0131. Ve dahas\u0131, Amerikan perakende devinin, de\u011feri %5&#8217;ten %12&#8217;ye y\u00fckselen \u00c7in e-ticaret platformu JD.com&#8217;dan hisse sat\u0131n ald\u0131\u011f\u0131n\u0131 da eklemek gerekiyor. Bu iki marka, \u00c7in pazar\u0131na h\u00e2kim olma ve Alibaba&#8217;ya \u00fcst\u00fcn gelme hedefiyle stratejik bir ortakl\u0131\u011fa girdi.<\/span><\/p><p><strong><span style=\"color: #000000;\">Perakende Ba\u015far\u0131 Re\u00e7etesi<\/span><\/strong><br \/><span style=\"color: #000000;\">Her perakendecinin kendine \u00f6zg\u00fc bir b\u00fcy\u00fcme stratejisi olsa da raporun yazarlar\u0131na g\u00f6re, ba\u015far\u0131 i\u00e7in ink\u00e2r edilemeyecek kadar \u00f6nemli olan \u00fc\u00e7 fakt\u00f6r var:<\/span><br \/><span style=\"color: #000000;\"><strong>De\u011fer:<\/strong> T\u00fcm \u00fcr\u00fcn veya hizmetler i\u00e7in adil fiyatland\u0131rma yoluyla paran\u0131z\u0131n kar\u015f\u0131l\u0131\u011f\u0131n\u0131 vermek.<\/span><br \/><span style=\"color: #000000;\"><strong>Benzersizlik:<\/strong> A\u00e7\u0131k bir amaca ve t\u00fcketicilerin anlaml\u0131 buldu\u011fu bir \u015feye sahip olmak.<\/span><br \/><span style=\"color: #000000;\"><strong>Ve fazlas\u0131:<\/strong> T\u00fcketicilerin \u00f6dedi\u011fi fiyattan daha de\u011ferli olarak alg\u0131lanmak.<\/span><br \/><span style=\"color: #000000;\">Ayr\u0131ca ara\u015ft\u0131rma, marka bilinirli\u011fi s\u00f6z konusu oldu\u011funda ba\u015far\u0131l\u0131 markalar\u0131n kendi kategorilerine h\u00e2kim oldu\u011funu ve lululemon \u00f6rne\u011finin de a\u00e7\u0131k\u00e7a g\u00f6sterdi\u011fi gibi m\u00fc\u015fterilerinin hayatlar\u0131n\u0131 zenginle\u015ftiren deneyimleri s\u00fcrekli olarak sundu\u011funu g\u00f6steriyor.<\/span><br \/><span style=\"color: #000000;\">Perakendeciler dijital d\u00f6n\u00fc\u015f\u00fcme odaklanmaya devam ededursun t\u00fcketiciler hala hem fiziksel hem de dijital ma\u011fazac\u0131l\u0131\u011f\u0131 en iyi \u015fekilde birle\u015ftirebilen perakendecilere daha b\u00fcy\u00fck de\u011fer veriyor.<\/span><\/p><p><strong><span style=\"color: #000000;\">Hayatta Kalmak \u0130\u00e7in M\u00fccadele Eden Perakendeciler<\/span><\/strong><br \/><span style=\"color: #000000;\">Ne yaz\u0131k ki bu kazanan birle\u015fime hen\u00fcz h\u00e2kim olamayan birka\u00e7 marka var ve ac\u0131mas\u0131z pandemi ekonomisi onlar\u0131n m\u00fccadelelerini daha derinle\u015ftirdi.<\/span><\/p><p><span style=\"color: #000000;\">\u0130\u015fte 2020&#8217;nin en h\u0131zl\u0131 d\u00fc\u015f\u00fc\u015f ya\u015fayan 10 perakende markas\u0131:<\/span><br \/><img decoding=\"async\" class=\"wp-image-2111 aligncenter\" src=\"https:\/\/www.gidaperakendecileri.org\/wp-content\/uploads\/2020\/05\/gpd-covid-retailer-2020-3-300x167.png\" alt=\"\" width=\"577\" height=\"321\" srcset=\"https:\/\/www.gidaperakendecileri.org\/wp-content\/uploads\/2020\/05\/gpd-covid-retailer-2020-3-300x167.png 300w, https:\/\/www.gidaperakendecileri.org\/wp-content\/uploads\/2020\/05\/gpd-covid-retailer-2020-3-768x427.png 768w, https:\/\/www.gidaperakendecileri.org\/wp-content\/uploads\/2020\/05\/gpd-covid-retailer-2020-3-696x387.png 696w, https:\/\/www.gidaperakendecileri.org\/wp-content\/uploads\/2020\/05\/gpd-covid-retailer-2020-3-756x420.png 756w, https:\/\/www.gidaperakendecileri.org\/wp-content\/uploads\/2020\/05\/gpd-covid-retailer-2020-3.png 882w\" sizes=\"(max-width: 577px) 100vw, 577px\" \/><\/p><p><span style=\"color: #000000;\">Under Armour&#8217;un da\u011f\u0131t\u0131m\u0131nda, \u00fc\u00e7\u00fcnc\u00fc parti perakendecilere ve ma\u011fazalara b\u00fcy\u00fck \u00f6l\u00e7\u00fcde g\u00fcveniliyor ve bu nedenle marka, fiziksel ma\u011fazalar\u0131n kapal\u0131 olmas\u0131ndan, anla\u015f\u0131l\u0131r \u015fekilde olumsuz etkilendi. Marka, ki\u015fiselle\u015ftirilmi\u015f fitness \u00fcr\u00fcn tekliflerini geni\u015fletmeye odaklansa da bu alana h\u00e2kim olan Nike ve Adidas gibi g\u00fc\u00e7l\u00fc rakiplerinden b\u00fcy\u00fck bask\u0131 ile kar\u015f\u0131 kar\u015f\u0131ya kald\u0131.<\/span><\/p><p><span style=\"color: #000000;\">2020 y\u0131l\u0131, pandemi nedeniyle de\u011fi\u015fen m\u00fc\u015fteri de\u011feri ve h\u0131zland\u0131r\u0131lm\u0131\u015f dijitalle\u015fme sayesinde bir perakende r\u00f6nesans\u0131n\u0131 te\u015fvik edecek gibi g\u00f6r\u00fcn\u00fcyor. Sonu\u00e7ta, baz\u0131 markalar bu de\u011fi\u015fikliklerin getirece\u011fi faydadan daha fazla pay almak i\u00e7in di\u011ferlerinden daha iyi konumlanacak. Fiziksel ma\u011fazalar yeniden a\u00e7\u0131lmaya ba\u015flad\u0131k\u00e7a, sekt\u00f6r i\u00e7in yeni standartlar belirlenecek ve mevcut perakende ortam\u0131 yeniden kalibre edilecek.<\/span><\/p><p><img decoding=\"async\" class=\"aligncenter wp-image-2110\" src=\"https:\/\/www.gidaperakendecileri.org\/wp-content\/uploads\/2020\/05\/gpd-covid-retailer-2020-1-123x300.png\" alt=\"\" width=\"563\" height=\"1370\" srcset=\"https:\/\/www.gidaperakendecileri.org\/wp-content\/uploads\/2020\/05\/gpd-covid-retailer-2020-1-123x300.png 123w, https:\/\/www.gidaperakendecileri.org\/wp-content\/uploads\/2020\/05\/gpd-covid-retailer-2020-1-421x1024.png 421w, https:\/\/www.gidaperakendecileri.org\/wp-content\/uploads\/2020\/05\/gpd-covid-retailer-2020-1-768x1869.png 768w, https:\/\/www.gidaperakendecileri.org\/wp-content\/uploads\/2020\/05\/gpd-covid-retailer-2020-1-631x1536.png 631w, https:\/\/www.gidaperakendecileri.org\/wp-content\/uploads\/2020\/05\/gpd-covid-retailer-2020-1-842x2048.png 842w, https:\/\/www.gidaperakendecileri.org\/wp-content\/uploads\/2020\/05\/gpd-covid-retailer-2020-1-696x1694.png 696w, https:\/\/www.gidaperakendecileri.org\/wp-content\/uploads\/2020\/05\/gpd-covid-retailer-2020-1-1068x2599.png 1068w, https:\/\/www.gidaperakendecileri.org\/wp-content\/uploads\/2020\/05\/gpd-covid-retailer-2020-1-173x420.png 173w, https:\/\/www.gidaperakendecileri.org\/wp-content\/uploads\/2020\/05\/gpd-covid-retailer-2020-1.png 1200w\" sizes=\"(max-width: 563px) 100vw, 563px\" \/><\/p><p><a href=\"https:\/\/www.brandz.com\/admin\/uploads\/files\/BZ_Retail_Top_75_2020_DL.pdf\" target=\"_blank\" rel=\"noopener\"><span style=\"color: #000000;\">Brand Z\u2019nin \u201cTop 75 Most Valuable Global Retail Brands 2020\u201d raporunu g\u00f6r\u00fcnt\u00fclemek i\u00e7in t\u0131klay\u0131n\u0131z.<\/span><\/a><\/p><\/div>\t\t\t\t\t\t\t\t<\/div>\n\t\t\t\t<\/div>\n\t\t\t\t\t<\/div>\n\t\t<\/div>\n\t\t\t\t\t<\/div>\n\t\t<\/section>\n\t\t\t\t<\/div>\n\t\t","protected":false},"excerpt":{"rendered":"<p>COVID-19 salg\u0131n\u0131, perakendenin t\u00fcm d\u00fcnyada birdenbire de\u011fi\u015fmesine yol a\u00e7t\u0131. Neredeyse bir gecede, fiziksel ma\u011fazalardaki yaya trafi\u011fi ortadan kayboldu ve tedarik zincirlerinde ciddi sorular ortaya \u00e7\u0131kt\u0131. \u015eimdiyse perakende, bir yol ayr\u0131m\u0131na geldi ve bu yol ayr\u0131m\u0131nda pek \u00e7ok perakendeci sonu\u00e7lar\u0131n\u0131 \u00f6ng\u00f6remeyece\u011fi zor kararlar almak zorunda kal\u0131yor. Baz\u0131 k\u00fcresel perakende devleri silahlar\u0131n\u0131 b\u0131rak\u0131p iflas ba\u015fvurusunda bulunurken di\u011ferleri [&hellip;]<\/p>\n","protected":false},"author":1,"featured_media":2113,"comment_status":"closed","ping_status":"closed","sticky":false,"template":"","format":"standard","meta":{"_monsterinsights_skip_tracking":false,"_monsterinsights_sitenote_active":false,"_monsterinsights_sitenote_note":"","_monsterinsights_sitenote_category":0,"footnotes":""},"categories":[23,32],"tags":[],"class_list":{"0":"post-2108","1":"post","2":"type-post","3":"status-publish","4":"format-standard","5":"has-post-thumbnail","7":"category-haberler","8":"category-sektorden-haberler-haberler"},"featured_image_src":"https:\/\/www.gidaperakendecileri.org\/wp-content\/uploads\/2020\/05\/gpd-covid-retailer-2020-gpd.jpg","author_info":{"display_name":"ph16171887571_m2ho1594","author_link":"https:\/\/www.gidaperakendecileri.org\/?author=1"},"yoast_head":"<!-- This site is optimized with the Yoast SEO plugin v26.7 - https:\/\/yoast.com\/wordpress\/plugins\/seo\/ -->\n<title>2020&#039;nin En H\u0131zl\u0131 B\u00fcy\u00fcyen ve D\u00fc\u015f\u00fc\u015f Ya\u015fayan Global Perakende Markalar\u0131 - GPD<\/title>\n<meta name=\"robots\" content=\"index, follow, max-snippet:-1, max-image-preview:large, max-video-preview:-1\" \/>\n<link rel=\"canonical\" href=\"https:\/\/www.gidaperakendecileri.org\/?p=2108\" \/>\n<meta property=\"og:locale\" content=\"en_US\" \/>\n<meta property=\"og:type\" content=\"article\" \/>\n<meta property=\"og:title\" content=\"2020&#039;nin En H\u0131zl\u0131 B\u00fcy\u00fcyen ve D\u00fc\u015f\u00fc\u015f Ya\u015fayan Global Perakende Markalar\u0131 - GPD\" \/>\n<meta property=\"og:description\" content=\"COVID-19 salg\u0131n\u0131, perakendenin t\u00fcm d\u00fcnyada birdenbire de\u011fi\u015fmesine yol a\u00e7t\u0131. Neredeyse bir gecede, fiziksel ma\u011fazalardaki yaya trafi\u011fi ortadan kayboldu ve tedarik zincirlerinde ciddi sorular ortaya \u00e7\u0131kt\u0131. \u015eimdiyse perakende, bir yol ayr\u0131m\u0131na geldi ve bu yol ayr\u0131m\u0131nda pek \u00e7ok perakendeci sonu\u00e7lar\u0131n\u0131 \u00f6ng\u00f6remeyece\u011fi zor kararlar almak zorunda kal\u0131yor. Baz\u0131 k\u00fcresel perakende devleri silahlar\u0131n\u0131 b\u0131rak\u0131p iflas ba\u015fvurusunda bulunurken di\u011ferleri [&hellip;]\" \/>\n<meta property=\"og:url\" content=\"https:\/\/www.gidaperakendecileri.org\/?p=2108\" \/>\n<meta property=\"og:site_name\" content=\"GPD\" \/>\n<meta property=\"article:published_time\" content=\"2020-05-25T15:11:07+00:00\" \/>\n<meta property=\"article:modified_time\" content=\"2021-02-05T12:59:00+00:00\" \/>\n<meta property=\"og:image\" content=\"https:\/\/www.gidaperakendecileri.org\/wp-content\/uploads\/2020\/05\/gpd-covid-retailer-2020-gpd.jpg\" \/>\n\t<meta property=\"og:image:width\" content=\"1181\" \/>\n\t<meta property=\"og:image:height\" content=\"787\" \/>\n\t<meta property=\"og:image:type\" content=\"image\/jpeg\" \/>\n<meta name=\"author\" content=\"ph16171887571_m2ho1594\" \/>\n<meta name=\"twitter:card\" content=\"summary_large_image\" \/>\n<meta name=\"twitter:label1\" content=\"Written by\" \/>\n\t<meta name=\"twitter:data1\" content=\"ph16171887571_m2ho1594\" \/>\n\t<meta name=\"twitter:label2\" content=\"Est. reading time\" \/>\n\t<meta name=\"twitter:data2\" content=\"4 minutes\" \/>\n<script type=\"application\/ld+json\" class=\"yoast-schema-graph\">{\"@context\":\"https:\/\/schema.org\",\"@graph\":[{\"@type\":\"Article\",\"@id\":\"https:\/\/www.gidaperakendecileri.org\/?p=2108#article\",\"isPartOf\":{\"@id\":\"https:\/\/www.gidaperakendecileri.org\/?p=2108\"},\"author\":{\"name\":\"ph16171887571_m2ho1594\",\"@id\":\"https:\/\/www.gidaperakendecileri.org\/#\/schema\/person\/2a9973560de07919114aa1faead0a371\"},\"headline\":\"2020&#8217;nin En H\u0131zl\u0131 B\u00fcy\u00fcyen ve D\u00fc\u015f\u00fc\u015f Ya\u015fayan Global Perakende Markalar\u0131\",\"datePublished\":\"2020-05-25T15:11:07+00:00\",\"dateModified\":\"2021-02-05T12:59:00+00:00\",\"mainEntityOfPage\":{\"@id\":\"https:\/\/www.gidaperakendecileri.org\/?p=2108\"},\"wordCount\":801,\"image\":{\"@id\":\"https:\/\/www.gidaperakendecileri.org\/?p=2108#primaryimage\"},\"thumbnailUrl\":\"https:\/\/www.gidaperakendecileri.org\/wp-content\/uploads\/2020\/05\/gpd-covid-retailer-2020-gpd.jpg\",\"articleSection\":[\"Haberler\",\"Sekt\u00f6rden Haberler\"],\"inLanguage\":\"en-US\"},{\"@type\":\"WebPage\",\"@id\":\"https:\/\/www.gidaperakendecileri.org\/?p=2108\",\"url\":\"https:\/\/www.gidaperakendecileri.org\/?p=2108\",\"name\":\"2020'nin En H\u0131zl\u0131 B\u00fcy\u00fcyen ve D\u00fc\u015f\u00fc\u015f Ya\u015fayan Global Perakende Markalar\u0131 - GPD\",\"isPartOf\":{\"@id\":\"https:\/\/www.gidaperakendecileri.org\/#website\"},\"primaryImageOfPage\":{\"@id\":\"https:\/\/www.gidaperakendecileri.org\/?p=2108#primaryimage\"},\"image\":{\"@id\":\"https:\/\/www.gidaperakendecileri.org\/?p=2108#primaryimage\"},\"thumbnailUrl\":\"https:\/\/www.gidaperakendecileri.org\/wp-content\/uploads\/2020\/05\/gpd-covid-retailer-2020-gpd.jpg\",\"datePublished\":\"2020-05-25T15:11:07+00:00\",\"dateModified\":\"2021-02-05T12:59:00+00:00\",\"author\":{\"@id\":\"https:\/\/www.gidaperakendecileri.org\/#\/schema\/person\/2a9973560de07919114aa1faead0a371\"},\"breadcrumb\":{\"@id\":\"https:\/\/www.gidaperakendecileri.org\/?p=2108#breadcrumb\"},\"inLanguage\":\"en-US\",\"potentialAction\":[{\"@type\":\"ReadAction\",\"target\":[\"https:\/\/www.gidaperakendecileri.org\/?p=2108\"]}]},{\"@type\":\"ImageObject\",\"inLanguage\":\"en-US\",\"@id\":\"https:\/\/www.gidaperakendecileri.org\/?p=2108#primaryimage\",\"url\":\"https:\/\/www.gidaperakendecileri.org\/wp-content\/uploads\/2020\/05\/gpd-covid-retailer-2020-gpd.jpg\",\"contentUrl\":\"https:\/\/www.gidaperakendecileri.org\/wp-content\/uploads\/2020\/05\/gpd-covid-retailer-2020-gpd.jpg\",\"width\":1181,\"height\":787},{\"@type\":\"BreadcrumbList\",\"@id\":\"https:\/\/www.gidaperakendecileri.org\/?p=2108#breadcrumb\",\"itemListElement\":[{\"@type\":\"ListItem\",\"position\":1,\"name\":\"Home\",\"item\":\"https:\/\/www.gidaperakendecileri.org\/\"},{\"@type\":\"ListItem\",\"position\":2,\"name\":\"2020&#8217;nin En H\u0131zl\u0131 B\u00fcy\u00fcyen ve D\u00fc\u015f\u00fc\u015f Ya\u015fayan Global Perakende Markalar\u0131\"}]},{\"@type\":\"WebSite\",\"@id\":\"https:\/\/www.gidaperakendecileri.org\/#website\",\"url\":\"https:\/\/www.gidaperakendecileri.org\/\",\"name\":\"GPD\",\"description\":\"G\u0131da Perakendecileri Derne\u011fi\",\"potentialAction\":[{\"@type\":\"SearchAction\",\"target\":{\"@type\":\"EntryPoint\",\"urlTemplate\":\"https:\/\/www.gidaperakendecileri.org\/?s={search_term_string}\"},\"query-input\":{\"@type\":\"PropertyValueSpecification\",\"valueRequired\":true,\"valueName\":\"search_term_string\"}}],\"inLanguage\":\"en-US\"},{\"@type\":\"Person\",\"@id\":\"https:\/\/www.gidaperakendecileri.org\/#\/schema\/person\/2a9973560de07919114aa1faead0a371\",\"name\":\"ph16171887571_m2ho1594\",\"image\":{\"@type\":\"ImageObject\",\"inLanguage\":\"en-US\",\"@id\":\"https:\/\/www.gidaperakendecileri.org\/#\/schema\/person\/image\/\",\"url\":\"https:\/\/secure.gravatar.com\/avatar\/6aa3f1f40edc90be5904b6c95a027d0e9963a528a5b2f13ee07d82a1baae7c25?s=96&d=mm&r=g\",\"contentUrl\":\"https:\/\/secure.gravatar.com\/avatar\/6aa3f1f40edc90be5904b6c95a027d0e9963a528a5b2f13ee07d82a1baae7c25?s=96&d=mm&r=g\",\"caption\":\"ph16171887571_m2ho1594\"},\"url\":\"https:\/\/www.gidaperakendecileri.org\/?author=1\"}]}<\/script>\n<!-- \/ Yoast SEO plugin. -->","yoast_head_json":{"title":"2020'nin En H\u0131zl\u0131 B\u00fcy\u00fcyen ve D\u00fc\u015f\u00fc\u015f Ya\u015fayan Global Perakende Markalar\u0131 - GPD","robots":{"index":"index","follow":"follow","max-snippet":"max-snippet:-1","max-image-preview":"max-image-preview:large","max-video-preview":"max-video-preview:-1"},"canonical":"https:\/\/www.gidaperakendecileri.org\/?p=2108","og_locale":"en_US","og_type":"article","og_title":"2020'nin En H\u0131zl\u0131 B\u00fcy\u00fcyen ve D\u00fc\u015f\u00fc\u015f Ya\u015fayan Global Perakende Markalar\u0131 - GPD","og_description":"COVID-19 salg\u0131n\u0131, perakendenin t\u00fcm d\u00fcnyada birdenbire de\u011fi\u015fmesine yol a\u00e7t\u0131. Neredeyse bir gecede, fiziksel ma\u011fazalardaki yaya trafi\u011fi ortadan kayboldu ve tedarik zincirlerinde ciddi sorular ortaya \u00e7\u0131kt\u0131. \u015eimdiyse perakende, bir yol ayr\u0131m\u0131na geldi ve bu yol ayr\u0131m\u0131nda pek \u00e7ok perakendeci sonu\u00e7lar\u0131n\u0131 \u00f6ng\u00f6remeyece\u011fi zor kararlar almak zorunda kal\u0131yor. Baz\u0131 k\u00fcresel perakende devleri silahlar\u0131n\u0131 b\u0131rak\u0131p iflas ba\u015fvurusunda bulunurken di\u011ferleri [&hellip;]","og_url":"https:\/\/www.gidaperakendecileri.org\/?p=2108","og_site_name":"GPD","article_published_time":"2020-05-25T15:11:07+00:00","article_modified_time":"2021-02-05T12:59:00+00:00","og_image":[{"width":1181,"height":787,"url":"https:\/\/www.gidaperakendecileri.org\/wp-content\/uploads\/2020\/05\/gpd-covid-retailer-2020-gpd.jpg","type":"image\/jpeg"}],"author":"ph16171887571_m2ho1594","twitter_card":"summary_large_image","twitter_misc":{"Written by":"ph16171887571_m2ho1594","Est. reading time":"4 minutes"},"schema":{"@context":"https:\/\/schema.org","@graph":[{"@type":"Article","@id":"https:\/\/www.gidaperakendecileri.org\/?p=2108#article","isPartOf":{"@id":"https:\/\/www.gidaperakendecileri.org\/?p=2108"},"author":{"name":"ph16171887571_m2ho1594","@id":"https:\/\/www.gidaperakendecileri.org\/#\/schema\/person\/2a9973560de07919114aa1faead0a371"},"headline":"2020&#8217;nin En H\u0131zl\u0131 B\u00fcy\u00fcyen ve D\u00fc\u015f\u00fc\u015f Ya\u015fayan Global Perakende Markalar\u0131","datePublished":"2020-05-25T15:11:07+00:00","dateModified":"2021-02-05T12:59:00+00:00","mainEntityOfPage":{"@id":"https:\/\/www.gidaperakendecileri.org\/?p=2108"},"wordCount":801,"image":{"@id":"https:\/\/www.gidaperakendecileri.org\/?p=2108#primaryimage"},"thumbnailUrl":"https:\/\/www.gidaperakendecileri.org\/wp-content\/uploads\/2020\/05\/gpd-covid-retailer-2020-gpd.jpg","articleSection":["Haberler","Sekt\u00f6rden Haberler"],"inLanguage":"en-US"},{"@type":"WebPage","@id":"https:\/\/www.gidaperakendecileri.org\/?p=2108","url":"https:\/\/www.gidaperakendecileri.org\/?p=2108","name":"2020'nin En H\u0131zl\u0131 B\u00fcy\u00fcyen ve D\u00fc\u015f\u00fc\u015f Ya\u015fayan Global Perakende Markalar\u0131 - GPD","isPartOf":{"@id":"https:\/\/www.gidaperakendecileri.org\/#website"},"primaryImageOfPage":{"@id":"https:\/\/www.gidaperakendecileri.org\/?p=2108#primaryimage"},"image":{"@id":"https:\/\/www.gidaperakendecileri.org\/?p=2108#primaryimage"},"thumbnailUrl":"https:\/\/www.gidaperakendecileri.org\/wp-content\/uploads\/2020\/05\/gpd-covid-retailer-2020-gpd.jpg","datePublished":"2020-05-25T15:11:07+00:00","dateModified":"2021-02-05T12:59:00+00:00","author":{"@id":"https:\/\/www.gidaperakendecileri.org\/#\/schema\/person\/2a9973560de07919114aa1faead0a371"},"breadcrumb":{"@id":"https:\/\/www.gidaperakendecileri.org\/?p=2108#breadcrumb"},"inLanguage":"en-US","potentialAction":[{"@type":"ReadAction","target":["https:\/\/www.gidaperakendecileri.org\/?p=2108"]}]},{"@type":"ImageObject","inLanguage":"en-US","@id":"https:\/\/www.gidaperakendecileri.org\/?p=2108#primaryimage","url":"https:\/\/www.gidaperakendecileri.org\/wp-content\/uploads\/2020\/05\/gpd-covid-retailer-2020-gpd.jpg","contentUrl":"https:\/\/www.gidaperakendecileri.org\/wp-content\/uploads\/2020\/05\/gpd-covid-retailer-2020-gpd.jpg","width":1181,"height":787},{"@type":"BreadcrumbList","@id":"https:\/\/www.gidaperakendecileri.org\/?p=2108#breadcrumb","itemListElement":[{"@type":"ListItem","position":1,"name":"Home","item":"https:\/\/www.gidaperakendecileri.org\/"},{"@type":"ListItem","position":2,"name":"2020&#8217;nin En H\u0131zl\u0131 B\u00fcy\u00fcyen ve D\u00fc\u015f\u00fc\u015f Ya\u015fayan Global Perakende Markalar\u0131"}]},{"@type":"WebSite","@id":"https:\/\/www.gidaperakendecileri.org\/#website","url":"https:\/\/www.gidaperakendecileri.org\/","name":"GPD","description":"G\u0131da Perakendecileri Derne\u011fi","potentialAction":[{"@type":"SearchAction","target":{"@type":"EntryPoint","urlTemplate":"https:\/\/www.gidaperakendecileri.org\/?s={search_term_string}"},"query-input":{"@type":"PropertyValueSpecification","valueRequired":true,"valueName":"search_term_string"}}],"inLanguage":"en-US"},{"@type":"Person","@id":"https:\/\/www.gidaperakendecileri.org\/#\/schema\/person\/2a9973560de07919114aa1faead0a371","name":"ph16171887571_m2ho1594","image":{"@type":"ImageObject","inLanguage":"en-US","@id":"https:\/\/www.gidaperakendecileri.org\/#\/schema\/person\/image\/","url":"https:\/\/secure.gravatar.com\/avatar\/6aa3f1f40edc90be5904b6c95a027d0e9963a528a5b2f13ee07d82a1baae7c25?s=96&d=mm&r=g","contentUrl":"https:\/\/secure.gravatar.com\/avatar\/6aa3f1f40edc90be5904b6c95a027d0e9963a528a5b2f13ee07d82a1baae7c25?s=96&d=mm&r=g","caption":"ph16171887571_m2ho1594"},"url":"https:\/\/www.gidaperakendecileri.org\/?author=1"}]}},"amp_enabled":true,"_links":{"self":[{"href":"https:\/\/www.gidaperakendecileri.org\/index.php?rest_route=\/wp\/v2\/posts\/2108","targetHints":{"allow":["GET"]}}],"collection":[{"href":"https:\/\/www.gidaperakendecileri.org\/index.php?rest_route=\/wp\/v2\/posts"}],"about":[{"href":"https:\/\/www.gidaperakendecileri.org\/index.php?rest_route=\/wp\/v2\/types\/post"}],"author":[{"embeddable":true,"href":"https:\/\/www.gidaperakendecileri.org\/index.php?rest_route=\/wp\/v2\/users\/1"}],"replies":[{"embeddable":true,"href":"https:\/\/www.gidaperakendecileri.org\/index.php?rest_route=%2Fwp%2Fv2%2Fcomments&post=2108"}],"version-history":[{"count":3,"href":"https:\/\/www.gidaperakendecileri.org\/index.php?rest_route=\/wp\/v2\/posts\/2108\/revisions"}],"predecessor-version":[{"id":2116,"href":"https:\/\/www.gidaperakendecileri.org\/index.php?rest_route=\/wp\/v2\/posts\/2108\/revisions\/2116"}],"wp:featuredmedia":[{"embeddable":true,"href":"https:\/\/www.gidaperakendecileri.org\/index.php?rest_route=\/wp\/v2\/media\/2113"}],"wp:attachment":[{"href":"https:\/\/www.gidaperakendecileri.org\/index.php?rest_route=%2Fwp%2Fv2%2Fmedia&parent=2108"}],"wp:term":[{"taxonomy":"category","embeddable":true,"href":"https:\/\/www.gidaperakendecileri.org\/index.php?rest_route=%2Fwp%2Fv2%2Fcategories&post=2108"},{"taxonomy":"post_tag","embeddable":true,"href":"https:\/\/www.gidaperakendecileri.org\/index.php?rest_route=%2Fwp%2Fv2%2Ftags&post=2108"}],"curies":[{"name":"wp","href":"https:\/\/api.w.org\/{rel}","templated":true}]}}