{"id":2094,"date":"2020-05-15T08:55:32","date_gmt":"2020-05-15T08:55:32","guid":{"rendered":"https:\/\/www.gidaperakendecileri.org\/?p=2094"},"modified":"2021-02-05T12:59:01","modified_gmt":"2021-02-05T12:59:01","slug":"mart-ayinda-perakende-satis-hacmi-azaldi","status":"publish","type":"post","link":"https:\/\/www.gidaperakendecileri.org\/?p=2094","title":{"rendered":"Mart Ay\u0131nda Perakende Sat\u0131\u015f Hacmi, Azald\u0131"},"content":{"rendered":"\t\t<div data-elementor-type=\"wp-post\" data-elementor-id=\"2094\" class=\"elementor elementor-2094\">\n\t\t\t\t\t\t<section class=\"elementor-section elementor-top-section elementor-element elementor-element-3ef128ae elementor-section-boxed elementor-section-height-default elementor-section-height-default\" data-id=\"3ef128ae\" data-element_type=\"section\">\n\t\t\t\t\t\t<div class=\"elementor-container elementor-column-gap-default\">\n\t\t\t\t\t<div class=\"elementor-column elementor-col-100 elementor-top-column elementor-element elementor-element-6c0ce5df\" data-id=\"6c0ce5df\" data-element_type=\"column\">\n\t\t\t<div class=\"elementor-widget-wrap elementor-element-populated\">\n\t\t\t\t\t\t<div class=\"elementor-element elementor-element-5aacae7a elementor-widget elementor-widget-text-editor\" data-id=\"5aacae7a\" data-element_type=\"widget\" data-widget_type=\"text-editor.default\">\n\t\t\t\t<div class=\"elementor-widget-container\">\n\t\t\t\t\t\t\t\t\t<div class=\"td-paragraph-padding-1\"><h3><span style=\"color: #000000;\"><strong>T\u00fcrkiye \u0130statistik Kurumu (T\u00dc\u0130K) 2020 y\u0131l\u0131 Mart ay\u0131 Perakende Sat\u0131\u015f Endeksleri verisini a\u00e7\u0131klad\u0131. Perakende sat\u0131\u015f hacmi y\u0131ll\u0131k, y\u00fczde 0,2; ayl\u0131k, y\u00fczde 8,1 azald\u0131.<\/strong><\/span><\/h3><p><span style=\"color: #000000;\">T\u00fcrkiye \u0130statistik Kurumu\u2019nun (T\u00dc\u0130K) 2020 y\u0131l\u0131 Mart ay\u0131 verilerine g\u00f6re sabit fiyatlarla perakende sat\u0131\u015f hacmi (2015=100) 2020 y\u0131l\u0131 Mart ay\u0131nda bir \u00f6nceki y\u0131l\u0131n ayn\u0131 ay\u0131na g\u00f6re %0,2 azald\u0131. Ayn\u0131 ayda g\u0131da d\u0131\u015f\u0131 sat\u0131\u015flar\u0131 (otomotiv yak\u0131t\u0131 hari\u00e7) %8,7, otomotiv yak\u0131t\u0131 sat\u0131\u015flar\u0131 %3,2 azal\u0131rken, g\u0131da, i\u00e7ecek ve t\u00fct\u00fcn sat\u0131\u015flar\u0131 %17,0 artt\u0131.<\/span><\/p><p><strong><span style=\"color: #000000;\">Perakende Sat\u0131\u015f Hacmi, Ayl\u0131k %8,1 Azald\u0131<\/span><\/strong><br \/><span style=\"color: #000000;\">Sabit fiyatlarla perakende sat\u0131\u015f hacmi, 2020 y\u0131l\u0131 Mart ay\u0131nda bir \u00f6nceki aya g\u00f6re %8,1 azald\u0131. Ayn\u0131 ayda g\u0131da d\u0131\u015f\u0131 sat\u0131\u015flar\u0131 (otomotiv yak\u0131t\u0131 hari\u00e7) %17,8, otomotiv yak\u0131t\u0131 sat\u0131\u015flar\u0131 %6,9 azal\u0131rken, g\u0131da, i\u00e7ecek ve t\u00fct\u00fcn sat\u0131\u015flar\u0131 %8,9 artt\u0131.<\/span><\/p><p><strong><span style=\"color: #000000;\">Perakende Ciro, Y\u0131ll\u0131k %8,1 Artt\u0131<\/span><\/strong><br \/><span style=\"color: #000000;\">Cari fiyatlarla perakende ciro 2020 y\u0131l\u0131 Mart ay\u0131nda bir \u00f6nceki y\u0131l\u0131n ayn\u0131 ay\u0131na g\u00f6re %8,1 artt\u0131. Ayn\u0131 ayda g\u0131da, i\u00e7ecek ve t\u00fct\u00fcn sat\u0131\u015flar\u0131 %32,2, g\u0131da d\u0131\u015f\u0131 sat\u0131\u015flar (otomotiv yak\u0131t\u0131 hari\u00e7) %0,4 artarken, otomotiv yak\u0131t\u0131 sat\u0131\u015flar\u0131 %9,4 azald\u0131.<\/span><\/p><p><strong><span style=\"color: #000000;\">Perakende Ciro, Ayl\u0131k %8,1 Azald\u0131<\/span><\/strong><br \/><span style=\"color: #000000;\">Cari fiyatlarla perakende ciro 2020 y\u0131l\u0131 Mart ay\u0131nda bir \u00f6nceki aya g\u00f6re %8,1 azald\u0131. Ayn\u0131 ayda g\u0131da d\u0131\u015f\u0131 sat\u0131\u015flar (otomotiv yak\u0131t\u0131 hari\u00e7) %16,5, otomotiv yak\u0131t\u0131 sat\u0131\u015flar\u0131 %15,5 azal\u0131rken, g\u0131da, i\u00e7ecek ve t\u00fct\u00fcn sat\u0131\u015flar\u0131 %10,7 artt\u0131.<\/span><\/p><\/div>\t\t\t\t\t\t\t\t<\/div>\n\t\t\t\t<\/div>\n\t\t\t\t\t<\/div>\n\t\t<\/div>\n\t\t\t\t\t<\/div>\n\t\t<\/section>\n\t\t\t\t<\/div>\n\t\t","protected":false},"excerpt":{"rendered":"<p>T\u00fcrkiye \u0130statistik Kurumu (T\u00dc\u0130K) 2020 y\u0131l\u0131 Mart ay\u0131 Perakende Sat\u0131\u015f Endeksleri verisini a\u00e7\u0131klad\u0131. Perakende sat\u0131\u015f hacmi y\u0131ll\u0131k, y\u00fczde 0,2; ayl\u0131k, y\u00fczde 8,1 azald\u0131. T\u00fcrkiye \u0130statistik Kurumu\u2019nun (T\u00dc\u0130K) 2020 y\u0131l\u0131 Mart ay\u0131 verilerine g\u00f6re sabit fiyatlarla perakende sat\u0131\u015f hacmi (2015=100) 2020 y\u0131l\u0131 Mart ay\u0131nda bir \u00f6nceki y\u0131l\u0131n ayn\u0131 ay\u0131na g\u00f6re %0,2 azald\u0131. Ayn\u0131 ayda g\u0131da d\u0131\u015f\u0131 [&hellip;]<\/p>\n","protected":false},"author":1,"featured_media":2095,"comment_status":"closed","ping_status":"closed","sticky":false,"template":"","format":"standard","meta":{"_monsterinsights_skip_tracking":false,"_monsterinsights_sitenote_active":false,"_monsterinsights_sitenote_note":"","_monsterinsights_sitenote_category":0,"footnotes":""},"categories":[23,32],"tags":[],"class_list":{"0":"post-2094","1":"post","2":"type-post","3":"status-publish","4":"format-standard","5":"has-post-thumbnail","7":"category-haberler","8":"category-sektorden-haberler-haberler"},"featured_image_src":"https:\/\/www.gidaperakendecileri.org\/wp-content\/uploads\/2020\/05\/tuik-mart-2020.jpg","author_info":{"display_name":"ph16171887571_m2ho1594","author_link":"https:\/\/www.gidaperakendecileri.org\/?author=1"},"yoast_head":"<!-- This site is optimized with the Yoast SEO plugin v26.7 - https:\/\/yoast.com\/wordpress\/plugins\/seo\/ -->\n<title>Mart Ay\u0131nda Perakende Sat\u0131\u015f Hacmi, Azald\u0131 - GPD<\/title>\n<meta name=\"robots\" content=\"index, follow, max-snippet:-1, max-image-preview:large, max-video-preview:-1\" \/>\n<link rel=\"canonical\" href=\"https:\/\/www.gidaperakendecileri.org\/?p=2094\" \/>\n<meta property=\"og:locale\" content=\"en_US\" \/>\n<meta property=\"og:type\" content=\"article\" \/>\n<meta property=\"og:title\" content=\"Mart Ay\u0131nda Perakende Sat\u0131\u015f Hacmi, Azald\u0131 - GPD\" \/>\n<meta property=\"og:description\" content=\"T\u00fcrkiye \u0130statistik Kurumu (T\u00dc\u0130K) 2020 y\u0131l\u0131 Mart ay\u0131 Perakende Sat\u0131\u015f Endeksleri verisini a\u00e7\u0131klad\u0131. Perakende sat\u0131\u015f hacmi y\u0131ll\u0131k, y\u00fczde 0,2; ayl\u0131k, y\u00fczde 8,1 azald\u0131. T\u00fcrkiye \u0130statistik Kurumu\u2019nun (T\u00dc\u0130K) 2020 y\u0131l\u0131 Mart ay\u0131 verilerine g\u00f6re sabit fiyatlarla perakende sat\u0131\u015f hacmi (2015=100) 2020 y\u0131l\u0131 Mart ay\u0131nda bir \u00f6nceki y\u0131l\u0131n ayn\u0131 ay\u0131na g\u00f6re %0,2 azald\u0131. Ayn\u0131 ayda g\u0131da d\u0131\u015f\u0131 [&hellip;]\" \/>\n<meta property=\"og:url\" content=\"https:\/\/www.gidaperakendecileri.org\/?p=2094\" \/>\n<meta property=\"og:site_name\" content=\"GPD\" \/>\n<meta property=\"article:published_time\" content=\"2020-05-15T08:55:32+00:00\" \/>\n<meta property=\"article:modified_time\" content=\"2021-02-05T12:59:01+00:00\" \/>\n<meta property=\"og:image\" content=\"https:\/\/www.gidaperakendecileri.org\/wp-content\/uploads\/2020\/05\/tuik-mart-2020.jpg\" \/>\n\t<meta property=\"og:image:width\" content=\"1181\" \/>\n\t<meta property=\"og:image:height\" content=\"798\" \/>\n\t<meta property=\"og:image:type\" content=\"image\/jpeg\" \/>\n<meta name=\"author\" content=\"ph16171887571_m2ho1594\" \/>\n<meta name=\"twitter:card\" content=\"summary_large_image\" \/>\n<meta name=\"twitter:label1\" content=\"Written by\" \/>\n\t<meta name=\"twitter:data1\" content=\"ph16171887571_m2ho1594\" \/>\n\t<meta name=\"twitter:label2\" content=\"Est. reading time\" \/>\n\t<meta name=\"twitter:data2\" content=\"1 minute\" \/>\n<script type=\"application\/ld+json\" class=\"yoast-schema-graph\">{\"@context\":\"https:\/\/schema.org\",\"@graph\":[{\"@type\":\"Article\",\"@id\":\"https:\/\/www.gidaperakendecileri.org\/?p=2094#article\",\"isPartOf\":{\"@id\":\"https:\/\/www.gidaperakendecileri.org\/?p=2094\"},\"author\":{\"name\":\"ph16171887571_m2ho1594\",\"@id\":\"https:\/\/www.gidaperakendecileri.org\/#\/schema\/person\/2a9973560de07919114aa1faead0a371\"},\"headline\":\"Mart Ay\u0131nda Perakende Sat\u0131\u015f Hacmi, Azald\u0131\",\"datePublished\":\"2020-05-15T08:55:32+00:00\",\"dateModified\":\"2021-02-05T12:59:01+00:00\",\"mainEntityOfPage\":{\"@id\":\"https:\/\/www.gidaperakendecileri.org\/?p=2094\"},\"wordCount\":254,\"image\":{\"@id\":\"https:\/\/www.gidaperakendecileri.org\/?p=2094#primaryimage\"},\"thumbnailUrl\":\"https:\/\/www.gidaperakendecileri.org\/wp-content\/uploads\/2020\/05\/tuik-mart-2020.jpg\",\"articleSection\":[\"Haberler\",\"Sekt\u00f6rden Haberler\"],\"inLanguage\":\"en-US\"},{\"@type\":\"WebPage\",\"@id\":\"https:\/\/www.gidaperakendecileri.org\/?p=2094\",\"url\":\"https:\/\/www.gidaperakendecileri.org\/?p=2094\",\"name\":\"Mart Ay\u0131nda Perakende Sat\u0131\u015f Hacmi, Azald\u0131 - GPD\",\"isPartOf\":{\"@id\":\"https:\/\/www.gidaperakendecileri.org\/#website\"},\"primaryImageOfPage\":{\"@id\":\"https:\/\/www.gidaperakendecileri.org\/?p=2094#primaryimage\"},\"image\":{\"@id\":\"https:\/\/www.gidaperakendecileri.org\/?p=2094#primaryimage\"},\"thumbnailUrl\":\"https:\/\/www.gidaperakendecileri.org\/wp-content\/uploads\/2020\/05\/tuik-mart-2020.jpg\",\"datePublished\":\"2020-05-15T08:55:32+00:00\",\"dateModified\":\"2021-02-05T12:59:01+00:00\",\"author\":{\"@id\":\"https:\/\/www.gidaperakendecileri.org\/#\/schema\/person\/2a9973560de07919114aa1faead0a371\"},\"breadcrumb\":{\"@id\":\"https:\/\/www.gidaperakendecileri.org\/?p=2094#breadcrumb\"},\"inLanguage\":\"en-US\",\"potentialAction\":[{\"@type\":\"ReadAction\",\"target\":[\"https:\/\/www.gidaperakendecileri.org\/?p=2094\"]}]},{\"@type\":\"ImageObject\",\"inLanguage\":\"en-US\",\"@id\":\"https:\/\/www.gidaperakendecileri.org\/?p=2094#primaryimage\",\"url\":\"https:\/\/www.gidaperakendecileri.org\/wp-content\/uploads\/2020\/05\/tuik-mart-2020.jpg\",\"contentUrl\":\"https:\/\/www.gidaperakendecileri.org\/wp-content\/uploads\/2020\/05\/tuik-mart-2020.jpg\",\"width\":1181,\"height\":798},{\"@type\":\"BreadcrumbList\",\"@id\":\"https:\/\/www.gidaperakendecileri.org\/?p=2094#breadcrumb\",\"itemListElement\":[{\"@type\":\"ListItem\",\"position\":1,\"name\":\"Home\",\"item\":\"https:\/\/www.gidaperakendecileri.org\/\"},{\"@type\":\"ListItem\",\"position\":2,\"name\":\"Mart Ay\u0131nda Perakende Sat\u0131\u015f Hacmi, Azald\u0131\"}]},{\"@type\":\"WebSite\",\"@id\":\"https:\/\/www.gidaperakendecileri.org\/#website\",\"url\":\"https:\/\/www.gidaperakendecileri.org\/\",\"name\":\"GPD\",\"description\":\"G\u0131da Perakendecileri Derne\u011fi\",\"potentialAction\":[{\"@type\":\"SearchAction\",\"target\":{\"@type\":\"EntryPoint\",\"urlTemplate\":\"https:\/\/www.gidaperakendecileri.org\/?s={search_term_string}\"},\"query-input\":{\"@type\":\"PropertyValueSpecification\",\"valueRequired\":true,\"valueName\":\"search_term_string\"}}],\"inLanguage\":\"en-US\"},{\"@type\":\"Person\",\"@id\":\"https:\/\/www.gidaperakendecileri.org\/#\/schema\/person\/2a9973560de07919114aa1faead0a371\",\"name\":\"ph16171887571_m2ho1594\",\"image\":{\"@type\":\"ImageObject\",\"inLanguage\":\"en-US\",\"@id\":\"https:\/\/www.gidaperakendecileri.org\/#\/schema\/person\/image\/\",\"url\":\"https:\/\/secure.gravatar.com\/avatar\/6aa3f1f40edc90be5904b6c95a027d0e9963a528a5b2f13ee07d82a1baae7c25?s=96&d=mm&r=g\",\"contentUrl\":\"https:\/\/secure.gravatar.com\/avatar\/6aa3f1f40edc90be5904b6c95a027d0e9963a528a5b2f13ee07d82a1baae7c25?s=96&d=mm&r=g\",\"caption\":\"ph16171887571_m2ho1594\"},\"url\":\"https:\/\/www.gidaperakendecileri.org\/?author=1\"}]}<\/script>\n<!-- \/ Yoast SEO plugin. -->","yoast_head_json":{"title":"Mart Ay\u0131nda Perakende Sat\u0131\u015f Hacmi, Azald\u0131 - GPD","robots":{"index":"index","follow":"follow","max-snippet":"max-snippet:-1","max-image-preview":"max-image-preview:large","max-video-preview":"max-video-preview:-1"},"canonical":"https:\/\/www.gidaperakendecileri.org\/?p=2094","og_locale":"en_US","og_type":"article","og_title":"Mart Ay\u0131nda Perakende Sat\u0131\u015f Hacmi, Azald\u0131 - GPD","og_description":"T\u00fcrkiye \u0130statistik Kurumu (T\u00dc\u0130K) 2020 y\u0131l\u0131 Mart ay\u0131 Perakende Sat\u0131\u015f Endeksleri verisini a\u00e7\u0131klad\u0131. Perakende sat\u0131\u015f hacmi y\u0131ll\u0131k, y\u00fczde 0,2; ayl\u0131k, y\u00fczde 8,1 azald\u0131. T\u00fcrkiye \u0130statistik Kurumu\u2019nun (T\u00dc\u0130K) 2020 y\u0131l\u0131 Mart ay\u0131 verilerine g\u00f6re sabit fiyatlarla perakende sat\u0131\u015f hacmi (2015=100) 2020 y\u0131l\u0131 Mart ay\u0131nda bir \u00f6nceki y\u0131l\u0131n ayn\u0131 ay\u0131na g\u00f6re %0,2 azald\u0131. Ayn\u0131 ayda g\u0131da d\u0131\u015f\u0131 [&hellip;]","og_url":"https:\/\/www.gidaperakendecileri.org\/?p=2094","og_site_name":"GPD","article_published_time":"2020-05-15T08:55:32+00:00","article_modified_time":"2021-02-05T12:59:01+00:00","og_image":[{"width":1181,"height":798,"url":"https:\/\/www.gidaperakendecileri.org\/wp-content\/uploads\/2020\/05\/tuik-mart-2020.jpg","type":"image\/jpeg"}],"author":"ph16171887571_m2ho1594","twitter_card":"summary_large_image","twitter_misc":{"Written by":"ph16171887571_m2ho1594","Est. reading time":"1 minute"},"schema":{"@context":"https:\/\/schema.org","@graph":[{"@type":"Article","@id":"https:\/\/www.gidaperakendecileri.org\/?p=2094#article","isPartOf":{"@id":"https:\/\/www.gidaperakendecileri.org\/?p=2094"},"author":{"name":"ph16171887571_m2ho1594","@id":"https:\/\/www.gidaperakendecileri.org\/#\/schema\/person\/2a9973560de07919114aa1faead0a371"},"headline":"Mart Ay\u0131nda Perakende Sat\u0131\u015f Hacmi, Azald\u0131","datePublished":"2020-05-15T08:55:32+00:00","dateModified":"2021-02-05T12:59:01+00:00","mainEntityOfPage":{"@id":"https:\/\/www.gidaperakendecileri.org\/?p=2094"},"wordCount":254,"image":{"@id":"https:\/\/www.gidaperakendecileri.org\/?p=2094#primaryimage"},"thumbnailUrl":"https:\/\/www.gidaperakendecileri.org\/wp-content\/uploads\/2020\/05\/tuik-mart-2020.jpg","articleSection":["Haberler","Sekt\u00f6rden Haberler"],"inLanguage":"en-US"},{"@type":"WebPage","@id":"https:\/\/www.gidaperakendecileri.org\/?p=2094","url":"https:\/\/www.gidaperakendecileri.org\/?p=2094","name":"Mart Ay\u0131nda Perakende Sat\u0131\u015f Hacmi, Azald\u0131 - GPD","isPartOf":{"@id":"https:\/\/www.gidaperakendecileri.org\/#website"},"primaryImageOfPage":{"@id":"https:\/\/www.gidaperakendecileri.org\/?p=2094#primaryimage"},"image":{"@id":"https:\/\/www.gidaperakendecileri.org\/?p=2094#primaryimage"},"thumbnailUrl":"https:\/\/www.gidaperakendecileri.org\/wp-content\/uploads\/2020\/05\/tuik-mart-2020.jpg","datePublished":"2020-05-15T08:55:32+00:00","dateModified":"2021-02-05T12:59:01+00:00","author":{"@id":"https:\/\/www.gidaperakendecileri.org\/#\/schema\/person\/2a9973560de07919114aa1faead0a371"},"breadcrumb":{"@id":"https:\/\/www.gidaperakendecileri.org\/?p=2094#breadcrumb"},"inLanguage":"en-US","potentialAction":[{"@type":"ReadAction","target":["https:\/\/www.gidaperakendecileri.org\/?p=2094"]}]},{"@type":"ImageObject","inLanguage":"en-US","@id":"https:\/\/www.gidaperakendecileri.org\/?p=2094#primaryimage","url":"https:\/\/www.gidaperakendecileri.org\/wp-content\/uploads\/2020\/05\/tuik-mart-2020.jpg","contentUrl":"https:\/\/www.gidaperakendecileri.org\/wp-content\/uploads\/2020\/05\/tuik-mart-2020.jpg","width":1181,"height":798},{"@type":"BreadcrumbList","@id":"https:\/\/www.gidaperakendecileri.org\/?p=2094#breadcrumb","itemListElement":[{"@type":"ListItem","position":1,"name":"Home","item":"https:\/\/www.gidaperakendecileri.org\/"},{"@type":"ListItem","position":2,"name":"Mart Ay\u0131nda Perakende Sat\u0131\u015f Hacmi, Azald\u0131"}]},{"@type":"WebSite","@id":"https:\/\/www.gidaperakendecileri.org\/#website","url":"https:\/\/www.gidaperakendecileri.org\/","name":"GPD","description":"G\u0131da Perakendecileri Derne\u011fi","potentialAction":[{"@type":"SearchAction","target":{"@type":"EntryPoint","urlTemplate":"https:\/\/www.gidaperakendecileri.org\/?s={search_term_string}"},"query-input":{"@type":"PropertyValueSpecification","valueRequired":true,"valueName":"search_term_string"}}],"inLanguage":"en-US"},{"@type":"Person","@id":"https:\/\/www.gidaperakendecileri.org\/#\/schema\/person\/2a9973560de07919114aa1faead0a371","name":"ph16171887571_m2ho1594","image":{"@type":"ImageObject","inLanguage":"en-US","@id":"https:\/\/www.gidaperakendecileri.org\/#\/schema\/person\/image\/","url":"https:\/\/secure.gravatar.com\/avatar\/6aa3f1f40edc90be5904b6c95a027d0e9963a528a5b2f13ee07d82a1baae7c25?s=96&d=mm&r=g","contentUrl":"https:\/\/secure.gravatar.com\/avatar\/6aa3f1f40edc90be5904b6c95a027d0e9963a528a5b2f13ee07d82a1baae7c25?s=96&d=mm&r=g","caption":"ph16171887571_m2ho1594"},"url":"https:\/\/www.gidaperakendecileri.org\/?author=1"}]}},"amp_enabled":true,"_links":{"self":[{"href":"https:\/\/www.gidaperakendecileri.org\/index.php?rest_route=\/wp\/v2\/posts\/2094","targetHints":{"allow":["GET"]}}],"collection":[{"href":"https:\/\/www.gidaperakendecileri.org\/index.php?rest_route=\/wp\/v2\/posts"}],"about":[{"href":"https:\/\/www.gidaperakendecileri.org\/index.php?rest_route=\/wp\/v2\/types\/post"}],"author":[{"embeddable":true,"href":"https:\/\/www.gidaperakendecileri.org\/index.php?rest_route=\/wp\/v2\/users\/1"}],"replies":[{"embeddable":true,"href":"https:\/\/www.gidaperakendecileri.org\/index.php?rest_route=%2Fwp%2Fv2%2Fcomments&post=2094"}],"version-history":[{"count":2,"href":"https:\/\/www.gidaperakendecileri.org\/index.php?rest_route=\/wp\/v2\/posts\/2094\/revisions"}],"predecessor-version":[{"id":2097,"href":"https:\/\/www.gidaperakendecileri.org\/index.php?rest_route=\/wp\/v2\/posts\/2094\/revisions\/2097"}],"wp:featuredmedia":[{"embeddable":true,"href":"https:\/\/www.gidaperakendecileri.org\/index.php?rest_route=\/wp\/v2\/media\/2095"}],"wp:attachment":[{"href":"https:\/\/www.gidaperakendecileri.org\/index.php?rest_route=%2Fwp%2Fv2%2Fmedia&parent=2094"}],"wp:term":[{"taxonomy":"category","embeddable":true,"href":"https:\/\/www.gidaperakendecileri.org\/index.php?rest_route=%2Fwp%2Fv2%2Fcategories&post=2094"},{"taxonomy":"post_tag","embeddable":true,"href":"https:\/\/www.gidaperakendecileri.org\/index.php?rest_route=%2Fwp%2Fv2%2Ftags&post=2094"}],"curies":[{"name":"wp","href":"https:\/\/api.w.org\/{rel}","templated":true}]}}