{"id":2035,"date":"2020-05-02T01:52:41","date_gmt":"2020-05-02T01:52:41","guid":{"rendered":"https:\/\/www.gidaperakendecileri.org\/?p=2035"},"modified":"2021-02-05T12:59:02","modified_gmt":"2021-02-05T12:59:02","slug":"tuketimde-ramazan-etkisi","status":"publish","type":"post","link":"https:\/\/www.gidaperakendecileri.org\/?p=2035","title":{"rendered":"T\u00fcketimde Ramazan Etkisi"},"content":{"rendered":"\t\t<div data-elementor-type=\"wp-post\" data-elementor-id=\"2035\" class=\"elementor elementor-2035\">\n\t\t\t\t\t\t<section class=\"elementor-section elementor-top-section elementor-element elementor-element-3ef128ae elementor-section-boxed elementor-section-height-default elementor-section-height-default\" data-id=\"3ef128ae\" data-element_type=\"section\">\n\t\t\t\t\t\t<div class=\"elementor-container elementor-column-gap-default\">\n\t\t\t\t\t<div class=\"elementor-column elementor-col-100 elementor-top-column elementor-element elementor-element-6c0ce5df\" data-id=\"6c0ce5df\" data-element_type=\"column\">\n\t\t\t<div class=\"elementor-widget-wrap elementor-element-populated\">\n\t\t\t\t\t\t<div class=\"elementor-element elementor-element-5aacae7a elementor-widget elementor-widget-text-editor\" data-id=\"5aacae7a\" data-element_type=\"widget\" data-widget_type=\"text-editor.default\">\n\t\t\t\t<div class=\"elementor-widget-container\">\n\t\t\t\t\t\t\t\t\t<div class=\"td-paragraph-padding-1\"><h3><span style=\"color: #000000;\"><strong>Ipsos Hane T\u00fcketim Paneli dijital hanelerinden gelen veriler, 7. haftada da de\u011fi\u015fen t\u00fcketim al\u0131\u015fkanl\u0131klar\u0131n\u0131 ortaya koydu. Hem en uzun soka\u011fa \u00e7\u0131kma yasa\u011f\u0131 hem de Ramazan ay\u0131n\u0131n bir araya geldi\u011fi bu haftada i\u00e7ecek kategorisi \u00f6ne \u00e7\u0131kt\u0131. <\/strong><\/span><\/h3><p><span style=\"color: #000000;\">Sa\u011fl\u0131k Bakanl\u0131\u011f\u0131\u2019n\u0131n a\u00e7\u0131klamas\u0131ndan sonraki 7. hafta, soka\u011fa \u00e7\u0131kma yasa\u011f\u0131n\u0131n en uzun oldu\u011fu haftayd\u0131. Ipsos Hane T\u00fcketim Paneli dijital hanelerinden gelen bilgilere g\u00f6re bu durum bir \u00f6nceki haftaya g\u00f6re al\u0131mlar\u0131n artmas\u0131n\u0131 engelledi fakat Ramazan ay\u0131n\u0131n ilk haftas\u0131n\u0131n etkisi de g\u00f6r\u00fcld\u00fc.<br \/>Bu hafta koronavir\u00fcs etkisiyle Ramazan ay\u0131nda de\u011fi\u015fen al\u0131\u015fveri\u015f davran\u0131\u015flar\u0131 birle\u015fince, limonata ve meyve suyu gibi \u00fcr\u00fcnlerin t\u00fcketiminde g\u00f6zle g\u00f6r\u00fcl\u00fcr bir art\u0131\u015f ya\u015fand\u0131 ve i\u00e7ecek kategorisi \u00f6ne \u00e7\u0131kt\u0131. Ramazan d\u00f6neminde her zaman oldu\u011fu gibi evde i\u00e7ecek \u00e7e\u015fitlili\u011finin artt\u0131\u011f\u0131 g\u00f6zleniyor. Haftal\u0131k al\u0131m say\u0131s\u0131 \u00e7ok y\u00fcksek olmayan ama Ramazan d\u00f6neminde \u00f6ne \u00e7\u0131kan kategorilerse bebek mamalar\u0131, past\u0131rma, et bulyon, Hindistan cevizi ve toz tatl\u0131lar oldu. <\/span><\/p><p><strong><span style=\"color: #000000;\">Haneler, Ald\u0131klar\u0131n\u0131 Dezenfekte Ediyor!<\/span><\/strong><br \/><span style=\"color: #000000;\">Ipsos T\u00fcrkiye CEO\u2019su Sidar Gedik verilere ili\u015fkin yorumunda 7. Haftay\u0131 de\u011ferlendirdi. Bu zamana kadar al\u0131\u015fveri\u015f davran\u0131\u015flar\u0131nda vir\u00fcs etkisi ile \u00f6ne \u00e7\u0131kan kategorileri incelediklerini belirten Gedik, Ramazan ay\u0131n\u0131n davran\u0131\u015flara etkilerini de de\u011ferlendirdi. Gedik, s\u00f6zlerine \u015f\u00f6yle devam etti: \u201cAl\u0131\u015fveri\u015f davran\u0131\u015flar\u0131nda al\u0131m s\u0131kl\u0131\u011f\u0131n\u0131n d\u00fc\u015ft\u00fc\u011f\u00fcn\u00fc, sepetlerin b\u00fcy\u00fcd\u00fc\u011f\u00fcn\u00fc biliyoruz. Eve gelen \u00fcr\u00fcnlerin yerle\u015ftirilmesi de bu d\u00f6nemde \u00f6nemli bir de\u011fi\u015fim g\u00f6sterdi. Salg\u0131n sonras\u0131 yapt\u0131\u011f\u0131n\u0131z al\u0131\u015fveri\u015flerde, \u201cEve gelen \u00fcr\u00fcnleri yerle\u015ftirmeden \u00f6nce sterilize ediyor musunuz?\u201d diye sordu\u011fumuz hanelerin %58\u2019i \u201cBir s\u00fcre kap\u0131n\u0131n \u00f6n\u00fcnde\/d\u0131\u015far\u0131da\/balkonda bekletiyorum\u201d dedi. Daha sonras\u0131nda ise \u00e7e\u015fitli dezenfektanlar ile temizlediklerini belirttiler. Bu da asl\u0131nda sirkenin hala daralma y\u00f6n\u00fcne ge\u00e7memesinde bir etken olabilir.<\/span><br \/><span style=\"color: #000000;\">Bu hafta Ramazan etkisini de \u00e7ok net g\u00f6r\u00fcyoruz. B\u00fcy\u00fcmesi y\u00fcksek kategoriler aras\u0131nda 4 tane i\u00e7ecek kategorisinin olmas\u0131 ge\u00e7en y\u0131llara g\u00f6re de\u011fi\u015fmedi. Misafir a\u011f\u0131rlama veya gitme oran\u0131n\u0131n azalmas\u0131 bile masalar\u0131n kurulmas\u0131na ve i\u00e7eceklerin i\u00e7ilmesine engel olamad\u0131. Tost ekme\u011fi ve re\u00e7el\/bal gibi sahur sofralar\u0131nda t\u00fcketilen \u00fcr\u00fcnler bu hafta art\u0131\u015f g\u00f6sterdi. Her yemekte tatl\u0131 t\u00fcketimi olmayan evlerde bile bu d\u00f6nemde mutlaka bir tatl\u0131 olur; bu durumun etkisini de tatl\u0131 \u00fcr\u00fcn al\u0131m\u0131nda g\u00f6r\u00fcyoruz. Dondurma, irmik ve haz\u0131r toz tatl\u0131lar bu hafta art\u0131\u015f g\u00f6sterdi. \u0130ftar men\u00fclerinin ana oyuncusu \u00e7orba, ge\u00e7en hafta da art\u0131\u015f g\u00f6stermi\u015fti ve bu hafta b\u00fcy\u00fcmeye devam etti. Ramazan d\u00f6neminde hareketlenen bir ba\u015fka kategori de past\u0131rma oldu. Paketli et, haftal\u0131k geli\u015fimde \u00f6ne \u00e7\u0131kan bir kategori de\u011fildi ancak bu d\u00f6nemde al\u0131mlarda art\u0131\u015f g\u00f6r\u00fcyoruz. Her sene Ramazan d\u00f6neminde hareketlenen bebek mamalar\u0131 bu sene yine art\u0131\u015f g\u00f6sterdi. Evde azalan \u00f6\u011f\u00fcn ve pi\u015fen yemeklerin ak\u015fama haz\u0131rlanmas\u0131, bu kategoriyi her sene olumlu y\u00f6nde etkiler.&#8221;<\/span><\/p><\/div>\t\t\t\t\t\t\t\t<\/div>\n\t\t\t\t<\/div>\n\t\t\t\t\t<\/div>\n\t\t<\/div>\n\t\t\t\t\t<\/div>\n\t\t<\/section>\n\t\t\t\t<\/div>\n\t\t","protected":false},"excerpt":{"rendered":"<p>Ipsos Hane T\u00fcketim Paneli dijital hanelerinden gelen veriler, 7. haftada da de\u011fi\u015fen t\u00fcketim al\u0131\u015fkanl\u0131klar\u0131n\u0131 ortaya koydu. Hem en uzun soka\u011fa \u00e7\u0131kma yasa\u011f\u0131 hem de Ramazan ay\u0131n\u0131n bir araya geldi\u011fi bu haftada i\u00e7ecek kategorisi \u00f6ne \u00e7\u0131kt\u0131. Sa\u011fl\u0131k Bakanl\u0131\u011f\u0131\u2019n\u0131n a\u00e7\u0131klamas\u0131ndan sonraki 7. hafta, soka\u011fa \u00e7\u0131kma yasa\u011f\u0131n\u0131n en uzun oldu\u011fu haftayd\u0131. Ipsos Hane T\u00fcketim Paneli dijital hanelerinden gelen [&hellip;]<\/p>\n","protected":false},"author":1,"featured_media":2039,"comment_status":"closed","ping_status":"closed","sticky":false,"template":"","format":"standard","meta":{"_monsterinsights_skip_tracking":false,"_monsterinsights_sitenote_active":false,"_monsterinsights_sitenote_note":"","_monsterinsights_sitenote_category":0,"footnotes":""},"categories":[23,32],"tags":[],"class_list":{"0":"post-2035","1":"post","2":"type-post","3":"status-publish","4":"format-standard","5":"has-post-thumbnail","7":"category-haberler","8":"category-sektorden-haberler-haberler"},"featured_image_src":"https:\/\/www.gidaperakendecileri.org\/wp-content\/uploads\/2020\/05\/ipsos-hafta7.jpg","author_info":{"display_name":"ph16171887571_m2ho1594","author_link":"https:\/\/www.gidaperakendecileri.org\/?author=1"},"yoast_head":"<!-- This site is optimized with the Yoast SEO plugin v26.7 - https:\/\/yoast.com\/wordpress\/plugins\/seo\/ -->\n<title>T\u00fcketimde Ramazan Etkisi - GPD<\/title>\n<meta name=\"robots\" content=\"index, follow, max-snippet:-1, max-image-preview:large, max-video-preview:-1\" \/>\n<link rel=\"canonical\" href=\"https:\/\/www.gidaperakendecileri.org\/?p=2035\" \/>\n<meta property=\"og:locale\" content=\"en_US\" \/>\n<meta property=\"og:type\" content=\"article\" \/>\n<meta property=\"og:title\" content=\"T\u00fcketimde Ramazan Etkisi - GPD\" \/>\n<meta property=\"og:description\" content=\"Ipsos Hane T\u00fcketim Paneli dijital hanelerinden gelen veriler, 7. haftada da de\u011fi\u015fen t\u00fcketim al\u0131\u015fkanl\u0131klar\u0131n\u0131 ortaya koydu. Hem en uzun soka\u011fa \u00e7\u0131kma yasa\u011f\u0131 hem de Ramazan ay\u0131n\u0131n bir araya geldi\u011fi bu haftada i\u00e7ecek kategorisi \u00f6ne \u00e7\u0131kt\u0131. Sa\u011fl\u0131k Bakanl\u0131\u011f\u0131\u2019n\u0131n a\u00e7\u0131klamas\u0131ndan sonraki 7. hafta, soka\u011fa \u00e7\u0131kma yasa\u011f\u0131n\u0131n en uzun oldu\u011fu haftayd\u0131. Ipsos Hane T\u00fcketim Paneli dijital hanelerinden gelen [&hellip;]\" \/>\n<meta property=\"og:url\" content=\"https:\/\/www.gidaperakendecileri.org\/?p=2035\" \/>\n<meta property=\"og:site_name\" content=\"GPD\" \/>\n<meta property=\"article:published_time\" content=\"2020-05-02T01:52:41+00:00\" \/>\n<meta property=\"article:modified_time\" content=\"2021-02-05T12:59:02+00:00\" \/>\n<meta property=\"og:image\" content=\"https:\/\/www.gidaperakendecileri.org\/wp-content\/uploads\/2020\/05\/ipsos-hafta7.jpg\" \/>\n\t<meta property=\"og:image:width\" content=\"1181\" \/>\n\t<meta property=\"og:image:height\" content=\"787\" \/>\n\t<meta property=\"og:image:type\" content=\"image\/jpeg\" \/>\n<meta name=\"author\" content=\"ph16171887571_m2ho1594\" \/>\n<meta name=\"twitter:card\" content=\"summary_large_image\" \/>\n<meta name=\"twitter:label1\" content=\"Written by\" \/>\n\t<meta name=\"twitter:data1\" content=\"ph16171887571_m2ho1594\" \/>\n\t<meta name=\"twitter:label2\" content=\"Est. reading time\" \/>\n\t<meta name=\"twitter:data2\" content=\"3 minutes\" \/>\n<script type=\"application\/ld+json\" class=\"yoast-schema-graph\">{\"@context\":\"https:\/\/schema.org\",\"@graph\":[{\"@type\":\"Article\",\"@id\":\"https:\/\/www.gidaperakendecileri.org\/?p=2035#article\",\"isPartOf\":{\"@id\":\"https:\/\/www.gidaperakendecileri.org\/?p=2035\"},\"author\":{\"name\":\"ph16171887571_m2ho1594\",\"@id\":\"https:\/\/www.gidaperakendecileri.org\/#\/schema\/person\/2a9973560de07919114aa1faead0a371\"},\"headline\":\"T\u00fcketimde Ramazan Etkisi\",\"datePublished\":\"2020-05-02T01:52:41+00:00\",\"dateModified\":\"2021-02-05T12:59:02+00:00\",\"mainEntityOfPage\":{\"@id\":\"https:\/\/www.gidaperakendecileri.org\/?p=2035\"},\"wordCount\":556,\"image\":{\"@id\":\"https:\/\/www.gidaperakendecileri.org\/?p=2035#primaryimage\"},\"thumbnailUrl\":\"https:\/\/www.gidaperakendecileri.org\/wp-content\/uploads\/2020\/05\/ipsos-hafta7.jpg\",\"articleSection\":[\"Haberler\",\"Sekt\u00f6rden Haberler\"],\"inLanguage\":\"en-US\"},{\"@type\":\"WebPage\",\"@id\":\"https:\/\/www.gidaperakendecileri.org\/?p=2035\",\"url\":\"https:\/\/www.gidaperakendecileri.org\/?p=2035\",\"name\":\"T\u00fcketimde Ramazan Etkisi - GPD\",\"isPartOf\":{\"@id\":\"https:\/\/www.gidaperakendecileri.org\/#website\"},\"primaryImageOfPage\":{\"@id\":\"https:\/\/www.gidaperakendecileri.org\/?p=2035#primaryimage\"},\"image\":{\"@id\":\"https:\/\/www.gidaperakendecileri.org\/?p=2035#primaryimage\"},\"thumbnailUrl\":\"https:\/\/www.gidaperakendecileri.org\/wp-content\/uploads\/2020\/05\/ipsos-hafta7.jpg\",\"datePublished\":\"2020-05-02T01:52:41+00:00\",\"dateModified\":\"2021-02-05T12:59:02+00:00\",\"author\":{\"@id\":\"https:\/\/www.gidaperakendecileri.org\/#\/schema\/person\/2a9973560de07919114aa1faead0a371\"},\"breadcrumb\":{\"@id\":\"https:\/\/www.gidaperakendecileri.org\/?p=2035#breadcrumb\"},\"inLanguage\":\"en-US\",\"potentialAction\":[{\"@type\":\"ReadAction\",\"target\":[\"https:\/\/www.gidaperakendecileri.org\/?p=2035\"]}]},{\"@type\":\"ImageObject\",\"inLanguage\":\"en-US\",\"@id\":\"https:\/\/www.gidaperakendecileri.org\/?p=2035#primaryimage\",\"url\":\"https:\/\/www.gidaperakendecileri.org\/wp-content\/uploads\/2020\/05\/ipsos-hafta7.jpg\",\"contentUrl\":\"https:\/\/www.gidaperakendecileri.org\/wp-content\/uploads\/2020\/05\/ipsos-hafta7.jpg\",\"width\":1181,\"height\":787},{\"@type\":\"BreadcrumbList\",\"@id\":\"https:\/\/www.gidaperakendecileri.org\/?p=2035#breadcrumb\",\"itemListElement\":[{\"@type\":\"ListItem\",\"position\":1,\"name\":\"Home\",\"item\":\"https:\/\/www.gidaperakendecileri.org\/\"},{\"@type\":\"ListItem\",\"position\":2,\"name\":\"T\u00fcketimde Ramazan Etkisi\"}]},{\"@type\":\"WebSite\",\"@id\":\"https:\/\/www.gidaperakendecileri.org\/#website\",\"url\":\"https:\/\/www.gidaperakendecileri.org\/\",\"name\":\"GPD\",\"description\":\"G\u0131da Perakendecileri Derne\u011fi\",\"potentialAction\":[{\"@type\":\"SearchAction\",\"target\":{\"@type\":\"EntryPoint\",\"urlTemplate\":\"https:\/\/www.gidaperakendecileri.org\/?s={search_term_string}\"},\"query-input\":{\"@type\":\"PropertyValueSpecification\",\"valueRequired\":true,\"valueName\":\"search_term_string\"}}],\"inLanguage\":\"en-US\"},{\"@type\":\"Person\",\"@id\":\"https:\/\/www.gidaperakendecileri.org\/#\/schema\/person\/2a9973560de07919114aa1faead0a371\",\"name\":\"ph16171887571_m2ho1594\",\"image\":{\"@type\":\"ImageObject\",\"inLanguage\":\"en-US\",\"@id\":\"https:\/\/www.gidaperakendecileri.org\/#\/schema\/person\/image\/\",\"url\":\"https:\/\/secure.gravatar.com\/avatar\/6aa3f1f40edc90be5904b6c95a027d0e9963a528a5b2f13ee07d82a1baae7c25?s=96&d=mm&r=g\",\"contentUrl\":\"https:\/\/secure.gravatar.com\/avatar\/6aa3f1f40edc90be5904b6c95a027d0e9963a528a5b2f13ee07d82a1baae7c25?s=96&d=mm&r=g\",\"caption\":\"ph16171887571_m2ho1594\"},\"url\":\"https:\/\/www.gidaperakendecileri.org\/?author=1\"}]}<\/script>\n<!-- \/ Yoast SEO plugin. -->","yoast_head_json":{"title":"T\u00fcketimde Ramazan Etkisi - GPD","robots":{"index":"index","follow":"follow","max-snippet":"max-snippet:-1","max-image-preview":"max-image-preview:large","max-video-preview":"max-video-preview:-1"},"canonical":"https:\/\/www.gidaperakendecileri.org\/?p=2035","og_locale":"en_US","og_type":"article","og_title":"T\u00fcketimde Ramazan Etkisi - GPD","og_description":"Ipsos Hane T\u00fcketim Paneli dijital hanelerinden gelen veriler, 7. haftada da de\u011fi\u015fen t\u00fcketim al\u0131\u015fkanl\u0131klar\u0131n\u0131 ortaya koydu. Hem en uzun soka\u011fa \u00e7\u0131kma yasa\u011f\u0131 hem de Ramazan ay\u0131n\u0131n bir araya geldi\u011fi bu haftada i\u00e7ecek kategorisi \u00f6ne \u00e7\u0131kt\u0131. Sa\u011fl\u0131k Bakanl\u0131\u011f\u0131\u2019n\u0131n a\u00e7\u0131klamas\u0131ndan sonraki 7. hafta, soka\u011fa \u00e7\u0131kma yasa\u011f\u0131n\u0131n en uzun oldu\u011fu haftayd\u0131. Ipsos Hane T\u00fcketim Paneli dijital hanelerinden gelen [&hellip;]","og_url":"https:\/\/www.gidaperakendecileri.org\/?p=2035","og_site_name":"GPD","article_published_time":"2020-05-02T01:52:41+00:00","article_modified_time":"2021-02-05T12:59:02+00:00","og_image":[{"width":1181,"height":787,"url":"https:\/\/www.gidaperakendecileri.org\/wp-content\/uploads\/2020\/05\/ipsos-hafta7.jpg","type":"image\/jpeg"}],"author":"ph16171887571_m2ho1594","twitter_card":"summary_large_image","twitter_misc":{"Written by":"ph16171887571_m2ho1594","Est. reading time":"3 minutes"},"schema":{"@context":"https:\/\/schema.org","@graph":[{"@type":"Article","@id":"https:\/\/www.gidaperakendecileri.org\/?p=2035#article","isPartOf":{"@id":"https:\/\/www.gidaperakendecileri.org\/?p=2035"},"author":{"name":"ph16171887571_m2ho1594","@id":"https:\/\/www.gidaperakendecileri.org\/#\/schema\/person\/2a9973560de07919114aa1faead0a371"},"headline":"T\u00fcketimde Ramazan Etkisi","datePublished":"2020-05-02T01:52:41+00:00","dateModified":"2021-02-05T12:59:02+00:00","mainEntityOfPage":{"@id":"https:\/\/www.gidaperakendecileri.org\/?p=2035"},"wordCount":556,"image":{"@id":"https:\/\/www.gidaperakendecileri.org\/?p=2035#primaryimage"},"thumbnailUrl":"https:\/\/www.gidaperakendecileri.org\/wp-content\/uploads\/2020\/05\/ipsos-hafta7.jpg","articleSection":["Haberler","Sekt\u00f6rden Haberler"],"inLanguage":"en-US"},{"@type":"WebPage","@id":"https:\/\/www.gidaperakendecileri.org\/?p=2035","url":"https:\/\/www.gidaperakendecileri.org\/?p=2035","name":"T\u00fcketimde Ramazan Etkisi - GPD","isPartOf":{"@id":"https:\/\/www.gidaperakendecileri.org\/#website"},"primaryImageOfPage":{"@id":"https:\/\/www.gidaperakendecileri.org\/?p=2035#primaryimage"},"image":{"@id":"https:\/\/www.gidaperakendecileri.org\/?p=2035#primaryimage"},"thumbnailUrl":"https:\/\/www.gidaperakendecileri.org\/wp-content\/uploads\/2020\/05\/ipsos-hafta7.jpg","datePublished":"2020-05-02T01:52:41+00:00","dateModified":"2021-02-05T12:59:02+00:00","author":{"@id":"https:\/\/www.gidaperakendecileri.org\/#\/schema\/person\/2a9973560de07919114aa1faead0a371"},"breadcrumb":{"@id":"https:\/\/www.gidaperakendecileri.org\/?p=2035#breadcrumb"},"inLanguage":"en-US","potentialAction":[{"@type":"ReadAction","target":["https:\/\/www.gidaperakendecileri.org\/?p=2035"]}]},{"@type":"ImageObject","inLanguage":"en-US","@id":"https:\/\/www.gidaperakendecileri.org\/?p=2035#primaryimage","url":"https:\/\/www.gidaperakendecileri.org\/wp-content\/uploads\/2020\/05\/ipsos-hafta7.jpg","contentUrl":"https:\/\/www.gidaperakendecileri.org\/wp-content\/uploads\/2020\/05\/ipsos-hafta7.jpg","width":1181,"height":787},{"@type":"BreadcrumbList","@id":"https:\/\/www.gidaperakendecileri.org\/?p=2035#breadcrumb","itemListElement":[{"@type":"ListItem","position":1,"name":"Home","item":"https:\/\/www.gidaperakendecileri.org\/"},{"@type":"ListItem","position":2,"name":"T\u00fcketimde Ramazan Etkisi"}]},{"@type":"WebSite","@id":"https:\/\/www.gidaperakendecileri.org\/#website","url":"https:\/\/www.gidaperakendecileri.org\/","name":"GPD","description":"G\u0131da Perakendecileri Derne\u011fi","potentialAction":[{"@type":"SearchAction","target":{"@type":"EntryPoint","urlTemplate":"https:\/\/www.gidaperakendecileri.org\/?s={search_term_string}"},"query-input":{"@type":"PropertyValueSpecification","valueRequired":true,"valueName":"search_term_string"}}],"inLanguage":"en-US"},{"@type":"Person","@id":"https:\/\/www.gidaperakendecileri.org\/#\/schema\/person\/2a9973560de07919114aa1faead0a371","name":"ph16171887571_m2ho1594","image":{"@type":"ImageObject","inLanguage":"en-US","@id":"https:\/\/www.gidaperakendecileri.org\/#\/schema\/person\/image\/","url":"https:\/\/secure.gravatar.com\/avatar\/6aa3f1f40edc90be5904b6c95a027d0e9963a528a5b2f13ee07d82a1baae7c25?s=96&d=mm&r=g","contentUrl":"https:\/\/secure.gravatar.com\/avatar\/6aa3f1f40edc90be5904b6c95a027d0e9963a528a5b2f13ee07d82a1baae7c25?s=96&d=mm&r=g","caption":"ph16171887571_m2ho1594"},"url":"https:\/\/www.gidaperakendecileri.org\/?author=1"}]}},"amp_enabled":true,"_links":{"self":[{"href":"https:\/\/www.gidaperakendecileri.org\/index.php?rest_route=\/wp\/v2\/posts\/2035","targetHints":{"allow":["GET"]}}],"collection":[{"href":"https:\/\/www.gidaperakendecileri.org\/index.php?rest_route=\/wp\/v2\/posts"}],"about":[{"href":"https:\/\/www.gidaperakendecileri.org\/index.php?rest_route=\/wp\/v2\/types\/post"}],"author":[{"embeddable":true,"href":"https:\/\/www.gidaperakendecileri.org\/index.php?rest_route=\/wp\/v2\/users\/1"}],"replies":[{"embeddable":true,"href":"https:\/\/www.gidaperakendecileri.org\/index.php?rest_route=%2Fwp%2Fv2%2Fcomments&post=2035"}],"version-history":[{"count":3,"href":"https:\/\/www.gidaperakendecileri.org\/index.php?rest_route=\/wp\/v2\/posts\/2035\/revisions"}],"predecessor-version":[{"id":2038,"href":"https:\/\/www.gidaperakendecileri.org\/index.php?rest_route=\/wp\/v2\/posts\/2035\/revisions\/2038"}],"wp:featuredmedia":[{"embeddable":true,"href":"https:\/\/www.gidaperakendecileri.org\/index.php?rest_route=\/wp\/v2\/media\/2039"}],"wp:attachment":[{"href":"https:\/\/www.gidaperakendecileri.org\/index.php?rest_route=%2Fwp%2Fv2%2Fmedia&parent=2035"}],"wp:term":[{"taxonomy":"category","embeddable":true,"href":"https:\/\/www.gidaperakendecileri.org\/index.php?rest_route=%2Fwp%2Fv2%2Fcategories&post=2035"},{"taxonomy":"post_tag","embeddable":true,"href":"https:\/\/www.gidaperakendecileri.org\/index.php?rest_route=%2Fwp%2Fv2%2Ftags&post=2035"}],"curies":[{"name":"wp","href":"https:\/\/api.w.org\/{rel}","templated":true}]}}