{"id":1931,"date":"2020-04-10T13:48:01","date_gmt":"2020-04-10T13:48:01","guid":{"rendered":"https:\/\/www.gidaperakendecileri.org\/?p=1931"},"modified":"2021-02-05T12:59:20","modified_gmt":"2021-02-05T12:59:20","slug":"bu-hafta-stoktan-tuketim-haftasi-oldu","status":"publish","type":"post","link":"https:\/\/www.gidaperakendecileri.org\/?p=1931","title":{"rendered":"Bu Hafta, Stoktan T\u00fcketim Haftas\u0131 Oldu!"},"content":{"rendered":"\t\t<div data-elementor-type=\"wp-post\" data-elementor-id=\"1931\" class=\"elementor elementor-1931\">\n\t\t\t\t\t\t<section class=\"elementor-section elementor-top-section elementor-element elementor-element-3ef128ae elementor-section-boxed elementor-section-height-default elementor-section-height-default\" data-id=\"3ef128ae\" data-element_type=\"section\">\n\t\t\t\t\t\t<div class=\"elementor-container elementor-column-gap-default\">\n\t\t\t\t\t<div class=\"elementor-column elementor-col-100 elementor-top-column elementor-element elementor-element-6c0ce5df\" data-id=\"6c0ce5df\" data-element_type=\"column\">\n\t\t\t<div class=\"elementor-widget-wrap elementor-element-populated\">\n\t\t\t\t\t\t<div class=\"elementor-element elementor-element-5aacae7a elementor-widget elementor-widget-text-editor\" data-id=\"5aacae7a\" data-element_type=\"widget\" data-widget_type=\"text-editor.default\">\n\t\t\t\t<div class=\"elementor-widget-container\">\n\t\t\t\t\t\t\t\t\t<div class=\"td-paragraph-padding-1\"><h3><span style=\"color: #000000;\"><strong>Ipsos Hane T\u00fcketim Paneli dijital hanelerinden gelen verilere g\u00f6re Sa\u011fl\u0131k Bakanl\u0131\u011f\u0131\u2019n\u0131n a\u00e7\u0131klamas\u0131ndan sonraki 4. haftada art\u0131\u015f g\u00f6steren kategori olmad\u0131. \u0130lk tepki olarak artan kategorilerin haftal\u0131k geli\u015fimine bak\u0131ld\u0131\u011f\u0131nda Makarna ve Islak mendil daral\u0131rken \u00e7o\u011fu kategori de sabit kald\u0131. Dezenfekte \u00fcr\u00fcnleri ile un-maya ikilisinin ise hala art\u0131\u015fta oldu\u011fu g\u00f6r\u00fcl\u00fcyor.<\/strong><\/span><\/h3><p><span style=\"color: #000000;\"><img fetchpriority=\"high\" decoding=\"async\" class=\" wp-image-1934 alignleft\" src=\"https:\/\/www.gidaperakendecileri.org\/wp-content\/uploads\/2020\/04\/ipsos-hane-paneli-1-274x300.png\" alt=\"\" width=\"333\" height=\"365\" srcset=\"https:\/\/www.gidaperakendecileri.org\/wp-content\/uploads\/2020\/04\/ipsos-hane-paneli-1-274x300.png 274w, https:\/\/www.gidaperakendecileri.org\/wp-content\/uploads\/2020\/04\/ipsos-hane-paneli-1-383x420.png 383w, https:\/\/www.gidaperakendecileri.org\/wp-content\/uploads\/2020\/04\/ipsos-hane-paneli-1.png 498w\" sizes=\"(max-width: 333px) 100vw, 333px\" \/>Sa\u011fl\u0131k Bakanl\u0131\u011f\u0131\u2019n\u0131n ilk vaka a\u00e7\u0131klamas\u0131 sonras\u0131 4. Haftaya, a\u00e7\u0131klama \u00f6ncesi haftaya k\u0131yasla bak\u0131ld\u0131\u011f\u0131nda Maya ve Sirke, yine art\u0131\u015f\u0131n y\u00fcksek oldu\u011fu kategoriler olarak g\u00f6r\u00fcld\u00fc. Normal bir haftaya g\u00f6re artan kategorilere bak\u0131ld\u0131\u011f\u0131nda yine At\u0131\u015ft\u0131rmal\u0131k (cips, kuruyemi\u015f, \u00e7ikolata kaplama, puding) \u00fcr\u00fcnler \u00f6ne \u00e7\u0131k\u0131yor. B\u00fcy\u00fcmede ilk defa listeye giren kategorilerse \u00abHaz\u0131r Kahveler ve Et-Beyaz Et\u00bb oldu. <\/span><\/p><p><span style=\"color: #000000;\"><strong>Koronavir\u00fcs E-ticarete Nas\u0131l Etki Etti?<\/strong><\/span><br \/><span style=\"color: #000000;\">Ipsos E-Ticaret Paneli Mart ay\u0131 sonu\u00e7lar\u0131na g\u00f6re sat\u0131n al\u0131nan adet baz\u0131nda kay\u0131tlara bak\u0131ld\u0131\u011f\u0131nda 16 Mart haftas\u0131nda \u00abS\u00fcpermarket\u00bb al\u0131\u015fveri\u015flerinin ciddi oranda artt\u0131\u011f\u0131 g\u00f6r\u00fcl\u00fcyor. Di\u011fer al\u0131\u015fveri\u015fler ise endeks olarak azal\u0131yor. Endekslere son hafta \u00abS\u00fcpermarket\u00bb \u00f6zelinde bak\u0131ld\u0131\u011f\u0131nda art\u0131\u015f ivmesi azal\u0131yor ama hala b\u00fcy\u00fcme trendinde&#8230; Di\u011fer al\u0131\u015fveri\u015flerde ise endeks d\u00fc\u015fmeye devam ediyor!<\/span><br \/><span style=\"color: #000000;\">Toplam E-Ticaret sat\u0131\u015f adetinde s\u00fcpermarketin pay\u0131, %31\u2019den %45\u2019e kadar y\u00fckseldi.<\/span><\/p><p><span style=\"color: #000000;\"><strong><img decoding=\"async\" class=\" wp-image-1933 alignleft\" src=\"https:\/\/www.gidaperakendecileri.org\/wp-content\/uploads\/2020\/04\/ipsos-hane-panel2-254x300.png\" alt=\"\" width=\"344\" height=\"406\" srcset=\"https:\/\/www.gidaperakendecileri.org\/wp-content\/uploads\/2020\/04\/ipsos-hane-panel2-254x300.png 254w, https:\/\/www.gidaperakendecileri.org\/wp-content\/uploads\/2020\/04\/ipsos-hane-panel2-355x420.png 355w, https:\/\/www.gidaperakendecileri.org\/wp-content\/uploads\/2020\/04\/ipsos-hane-panel2.png 551w\" sizes=\"(max-width: 344px) 100vw, 344px\" \/>Ruh Halimiz Endi\u015feli<\/strong><\/span><br \/><span style=\"color: #000000;\">Ipsos\u2019un T\u00fcrkiye CEO\u2019su Sidar Gedik 4. Haftayla ilgili \u015fu de\u011ferlendirmelerde bulundu:<\/span><br \/><span style=\"color: #000000;\">\u201cKoronavir\u00fcs salg\u0131n\u0131 s\u00fcrecinde yapt\u0131\u011f\u0131m\u0131z ara\u015ft\u0131rmalar g\u00f6steriyor ki vir\u00fcs sonras\u0131 ruh halimiz \u201cEndi\u015feli\u201d. Endi\u015fe ilk olarak D\u00fcnya ve T\u00fcrkiye i\u00e7in ba\u015flarken son haftalarda endi\u015fe, ki\u015fiselle\u015fmeye ba\u015flad\u0131. Endi\u015fenin ilk yans\u0131mas\u0131 al\u0131\u015fveri\u015fle ba\u015flad\u0131. 10 Mart haftas\u0131nda sadece hanelerin yar\u0131s\u0131 al\u0131\u015fveri\u015f davran\u0131\u015f\u0131nda de\u011fi\u015fiklik oldu\u011funu s\u00f6ylerken son haftaya bak\u0131ld\u0131\u011f\u0131nda ise t\u00fcm haneler, al\u0131\u015fveri\u015flerinde koronavir\u00fcs salg\u0131n\u0131 etkisiyle de\u011fi\u015fim oldu\u011funu belirttiler. \u201cStok al\u0131\u015fveri\u015fi yapt\u0131k!\u201d son haftalarda daha \u00e7ok s\u00f6ylenmeye ba\u015flad\u0131. Haneler ihtiya\u00e7lar\u0131n\u0131 en az 2-3 hafta s\u00fcreyle kar\u015f\u0131layacak kadar ald\u0131klar\u0131n\u0131 belirtiyorlar. Stoklamay\u0131 tetikleyen d\u00fc\u015f\u00fcnce ise \u201cvir\u00fcsten korunmak i\u00e7in evde kalmak\u201d ve \u201csoka\u011fa \u00e7\u0131kma yasa\u011f\u0131 gelirse\u201d olarak belirtilebilir.<\/span><br \/><span style=\"color: #000000;\">Yine Koronavir\u00fcs konusunda yapt\u0131\u011f\u0131m\u0131z kamuoyu ara\u015ft\u0131rmas\u0131nda salg\u0131n 1-2 ay i\u00e7erisinde ge\u00e7ecek denilirken son haftalarda 6 ay kadar s\u00fcrece\u011fini belirtenlerin oran\u0131n\u0131n artt\u0131\u011f\u0131n\u0131 g\u00f6rm\u00fc\u015ft\u00fck. Buna paralel olarak da son haftalarda de\u011fi\u015fen ve artan al\u0131\u015fveri\u015f davran\u0131\u015flar\u0131n\u0131 g\u00f6rmeye ba\u015flad\u0131k.<\/span><br \/><span style=\"color: #000000;\">Evde yap\u0131lan en pop\u00fcler aktivite \u201cyemek yapmak\u201d olurken hane i\u00e7i t\u00fcketim de art\u0131yor. Daha fazla \u00e7e\u015fit ve daha farkl\u0131 yemekler yap\u0131l\u0131yor. Bu da al\u0131\u015fveri\u015fte her hafta \u00e7e\u015fitli \u00fcr\u00fcnlerin al\u0131nmas\u0131na sebep oluyor.<\/span><br \/><span style=\"color: #000000;\">Sa\u011fl\u0131k Bakanl\u0131\u011f\u0131\u2019n\u0131n ilk vaka a\u00e7\u0131klamas\u0131n\u0131n \u00fczerinden ge\u00e7en 3 haftal\u0131k s\u00fcre\u00e7te t\u00fcm kategorilerin al\u0131mlar\u0131n\u0131n artmas\u0131, #EVDESTOKVAR durumunu olu\u015fturdu. Bu sebepten dolay\u0131 4. haftay\u0131 biz \u201cdolup ta\u015fan evdeki stoklar\u0131 eritme\u201d haftas\u0131 olarak de\u011ferlendiriyoruz. Hanelerin al\u0131\u015fveri\u015flerinde dura\u011fanl\u0131k ba\u015flad\u0131. Evde yeterince stok yap\u0131ld\u0131\u011f\u0131 i\u00e7in b\u00fcy\u00fcme ile \u00f6ne \u00e7\u0131kan kategori bu hafta g\u00f6r\u00fclmedi. Normal haftaya g\u00f6re ise hala b\u00fcy\u00fcmesi olan kategoriler var.\u201d<\/span><\/p><\/div>\t\t\t\t\t\t\t\t<\/div>\n\t\t\t\t<\/div>\n\t\t\t\t\t<\/div>\n\t\t<\/div>\n\t\t\t\t\t<\/div>\n\t\t<\/section>\n\t\t\t\t<\/div>\n\t\t","protected":false},"excerpt":{"rendered":"<p>Ipsos Hane T\u00fcketim Paneli dijital hanelerinden gelen verilere g\u00f6re Sa\u011fl\u0131k Bakanl\u0131\u011f\u0131\u2019n\u0131n a\u00e7\u0131klamas\u0131ndan sonraki 4. haftada art\u0131\u015f g\u00f6steren kategori olmad\u0131. \u0130lk tepki olarak artan kategorilerin haftal\u0131k geli\u015fimine bak\u0131ld\u0131\u011f\u0131nda Makarna ve Islak mendil daral\u0131rken \u00e7o\u011fu kategori de sabit kald\u0131. Dezenfekte \u00fcr\u00fcnleri ile un-maya ikilisinin ise hala art\u0131\u015fta oldu\u011fu g\u00f6r\u00fcl\u00fcyor. Sa\u011fl\u0131k Bakanl\u0131\u011f\u0131\u2019n\u0131n ilk vaka a\u00e7\u0131klamas\u0131 sonras\u0131 4. Haftaya, [&hellip;]<\/p>\n","protected":false},"author":1,"featured_media":1932,"comment_status":"closed","ping_status":"closed","sticky":false,"template":"","format":"standard","meta":{"_monsterinsights_skip_tracking":false,"_monsterinsights_sitenote_active":false,"_monsterinsights_sitenote_note":"","_monsterinsights_sitenote_category":0,"footnotes":""},"categories":[23,32],"tags":[],"class_list":{"0":"post-1931","1":"post","2":"type-post","3":"status-publish","4":"format-standard","5":"has-post-thumbnail","7":"category-haberler","8":"category-sektorden-haberler-haberler"},"featured_image_src":"https:\/\/www.gidaperakendecileri.org\/wp-content\/uploads\/2020\/04\/ipsos-hane-paneli.jpg","author_info":{"display_name":"ph16171887571_m2ho1594","author_link":"https:\/\/www.gidaperakendecileri.org\/?author=1"},"yoast_head":"<!-- This site is optimized with the Yoast SEO plugin v26.7 - https:\/\/yoast.com\/wordpress\/plugins\/seo\/ -->\n<title>Bu Hafta, Stoktan T\u00fcketim Haftas\u0131 Oldu! - GPD<\/title>\n<meta name=\"robots\" content=\"index, follow, max-snippet:-1, max-image-preview:large, max-video-preview:-1\" \/>\n<link rel=\"canonical\" href=\"https:\/\/www.gidaperakendecileri.org\/?p=1931\" \/>\n<meta property=\"og:locale\" content=\"en_US\" \/>\n<meta property=\"og:type\" content=\"article\" \/>\n<meta property=\"og:title\" content=\"Bu Hafta, Stoktan T\u00fcketim Haftas\u0131 Oldu! - GPD\" \/>\n<meta property=\"og:description\" content=\"Ipsos Hane T\u00fcketim Paneli dijital hanelerinden gelen verilere g\u00f6re Sa\u011fl\u0131k Bakanl\u0131\u011f\u0131\u2019n\u0131n a\u00e7\u0131klamas\u0131ndan sonraki 4. haftada art\u0131\u015f g\u00f6steren kategori olmad\u0131. \u0130lk tepki olarak artan kategorilerin haftal\u0131k geli\u015fimine bak\u0131ld\u0131\u011f\u0131nda Makarna ve Islak mendil daral\u0131rken \u00e7o\u011fu kategori de sabit kald\u0131. Dezenfekte \u00fcr\u00fcnleri ile un-maya ikilisinin ise hala art\u0131\u015fta oldu\u011fu g\u00f6r\u00fcl\u00fcyor. Sa\u011fl\u0131k Bakanl\u0131\u011f\u0131\u2019n\u0131n ilk vaka a\u00e7\u0131klamas\u0131 sonras\u0131 4. Haftaya, [&hellip;]\" \/>\n<meta property=\"og:url\" content=\"https:\/\/www.gidaperakendecileri.org\/?p=1931\" \/>\n<meta property=\"og:site_name\" content=\"GPD\" \/>\n<meta property=\"article:published_time\" content=\"2020-04-10T13:48:01+00:00\" \/>\n<meta property=\"article:modified_time\" content=\"2021-02-05T12:59:20+00:00\" \/>\n<meta property=\"og:image\" content=\"https:\/\/www.gidaperakendecileri.org\/wp-content\/uploads\/2020\/04\/ipsos-hane-paneli.jpg\" \/>\n\t<meta property=\"og:image:width\" content=\"1378\" \/>\n\t<meta property=\"og:image:height\" content=\"1033\" \/>\n\t<meta property=\"og:image:type\" content=\"image\/jpeg\" \/>\n<meta name=\"author\" content=\"ph16171887571_m2ho1594\" \/>\n<meta name=\"twitter:card\" content=\"summary_large_image\" \/>\n<meta name=\"twitter:label1\" content=\"Written by\" \/>\n\t<meta name=\"twitter:data1\" content=\"ph16171887571_m2ho1594\" \/>\n\t<meta name=\"twitter:label2\" content=\"Est. reading time\" \/>\n\t<meta name=\"twitter:data2\" content=\"3 minutes\" \/>\n<script type=\"application\/ld+json\" class=\"yoast-schema-graph\">{\"@context\":\"https:\/\/schema.org\",\"@graph\":[{\"@type\":\"Article\",\"@id\":\"https:\/\/www.gidaperakendecileri.org\/?p=1931#article\",\"isPartOf\":{\"@id\":\"https:\/\/www.gidaperakendecileri.org\/?p=1931\"},\"author\":{\"name\":\"ph16171887571_m2ho1594\",\"@id\":\"https:\/\/www.gidaperakendecileri.org\/#\/schema\/person\/2a9973560de07919114aa1faead0a371\"},\"headline\":\"Bu Hafta, Stoktan T\u00fcketim Haftas\u0131 Oldu!\",\"datePublished\":\"2020-04-10T13:48:01+00:00\",\"dateModified\":\"2021-02-05T12:59:20+00:00\",\"mainEntityOfPage\":{\"@id\":\"https:\/\/www.gidaperakendecileri.org\/?p=1931\"},\"wordCount\":601,\"image\":{\"@id\":\"https:\/\/www.gidaperakendecileri.org\/?p=1931#primaryimage\"},\"thumbnailUrl\":\"https:\/\/www.gidaperakendecileri.org\/wp-content\/uploads\/2020\/04\/ipsos-hane-paneli.jpg\",\"articleSection\":[\"Haberler\",\"Sekt\u00f6rden Haberler\"],\"inLanguage\":\"en-US\"},{\"@type\":\"WebPage\",\"@id\":\"https:\/\/www.gidaperakendecileri.org\/?p=1931\",\"url\":\"https:\/\/www.gidaperakendecileri.org\/?p=1931\",\"name\":\"Bu Hafta, Stoktan T\u00fcketim Haftas\u0131 Oldu! - GPD\",\"isPartOf\":{\"@id\":\"https:\/\/www.gidaperakendecileri.org\/#website\"},\"primaryImageOfPage\":{\"@id\":\"https:\/\/www.gidaperakendecileri.org\/?p=1931#primaryimage\"},\"image\":{\"@id\":\"https:\/\/www.gidaperakendecileri.org\/?p=1931#primaryimage\"},\"thumbnailUrl\":\"https:\/\/www.gidaperakendecileri.org\/wp-content\/uploads\/2020\/04\/ipsos-hane-paneli.jpg\",\"datePublished\":\"2020-04-10T13:48:01+00:00\",\"dateModified\":\"2021-02-05T12:59:20+00:00\",\"author\":{\"@id\":\"https:\/\/www.gidaperakendecileri.org\/#\/schema\/person\/2a9973560de07919114aa1faead0a371\"},\"breadcrumb\":{\"@id\":\"https:\/\/www.gidaperakendecileri.org\/?p=1931#breadcrumb\"},\"inLanguage\":\"en-US\",\"potentialAction\":[{\"@type\":\"ReadAction\",\"target\":[\"https:\/\/www.gidaperakendecileri.org\/?p=1931\"]}]},{\"@type\":\"ImageObject\",\"inLanguage\":\"en-US\",\"@id\":\"https:\/\/www.gidaperakendecileri.org\/?p=1931#primaryimage\",\"url\":\"https:\/\/www.gidaperakendecileri.org\/wp-content\/uploads\/2020\/04\/ipsos-hane-paneli.jpg\",\"contentUrl\":\"https:\/\/www.gidaperakendecileri.org\/wp-content\/uploads\/2020\/04\/ipsos-hane-paneli.jpg\",\"width\":1378,\"height\":1033},{\"@type\":\"BreadcrumbList\",\"@id\":\"https:\/\/www.gidaperakendecileri.org\/?p=1931#breadcrumb\",\"itemListElement\":[{\"@type\":\"ListItem\",\"position\":1,\"name\":\"Home\",\"item\":\"https:\/\/www.gidaperakendecileri.org\/\"},{\"@type\":\"ListItem\",\"position\":2,\"name\":\"Bu Hafta, Stoktan T\u00fcketim Haftas\u0131 Oldu!\"}]},{\"@type\":\"WebSite\",\"@id\":\"https:\/\/www.gidaperakendecileri.org\/#website\",\"url\":\"https:\/\/www.gidaperakendecileri.org\/\",\"name\":\"GPD\",\"description\":\"G\u0131da Perakendecileri Derne\u011fi\",\"potentialAction\":[{\"@type\":\"SearchAction\",\"target\":{\"@type\":\"EntryPoint\",\"urlTemplate\":\"https:\/\/www.gidaperakendecileri.org\/?s={search_term_string}\"},\"query-input\":{\"@type\":\"PropertyValueSpecification\",\"valueRequired\":true,\"valueName\":\"search_term_string\"}}],\"inLanguage\":\"en-US\"},{\"@type\":\"Person\",\"@id\":\"https:\/\/www.gidaperakendecileri.org\/#\/schema\/person\/2a9973560de07919114aa1faead0a371\",\"name\":\"ph16171887571_m2ho1594\",\"image\":{\"@type\":\"ImageObject\",\"inLanguage\":\"en-US\",\"@id\":\"https:\/\/www.gidaperakendecileri.org\/#\/schema\/person\/image\/\",\"url\":\"https:\/\/secure.gravatar.com\/avatar\/6aa3f1f40edc90be5904b6c95a027d0e9963a528a5b2f13ee07d82a1baae7c25?s=96&d=mm&r=g\",\"contentUrl\":\"https:\/\/secure.gravatar.com\/avatar\/6aa3f1f40edc90be5904b6c95a027d0e9963a528a5b2f13ee07d82a1baae7c25?s=96&d=mm&r=g\",\"caption\":\"ph16171887571_m2ho1594\"},\"url\":\"https:\/\/www.gidaperakendecileri.org\/?author=1\"}]}<\/script>\n<!-- \/ Yoast SEO plugin. -->","yoast_head_json":{"title":"Bu Hafta, Stoktan T\u00fcketim Haftas\u0131 Oldu! - GPD","robots":{"index":"index","follow":"follow","max-snippet":"max-snippet:-1","max-image-preview":"max-image-preview:large","max-video-preview":"max-video-preview:-1"},"canonical":"https:\/\/www.gidaperakendecileri.org\/?p=1931","og_locale":"en_US","og_type":"article","og_title":"Bu Hafta, Stoktan T\u00fcketim Haftas\u0131 Oldu! - GPD","og_description":"Ipsos Hane T\u00fcketim Paneli dijital hanelerinden gelen verilere g\u00f6re Sa\u011fl\u0131k Bakanl\u0131\u011f\u0131\u2019n\u0131n a\u00e7\u0131klamas\u0131ndan sonraki 4. haftada art\u0131\u015f g\u00f6steren kategori olmad\u0131. \u0130lk tepki olarak artan kategorilerin haftal\u0131k geli\u015fimine bak\u0131ld\u0131\u011f\u0131nda Makarna ve Islak mendil daral\u0131rken \u00e7o\u011fu kategori de sabit kald\u0131. Dezenfekte \u00fcr\u00fcnleri ile un-maya ikilisinin ise hala art\u0131\u015fta oldu\u011fu g\u00f6r\u00fcl\u00fcyor. Sa\u011fl\u0131k Bakanl\u0131\u011f\u0131\u2019n\u0131n ilk vaka a\u00e7\u0131klamas\u0131 sonras\u0131 4. Haftaya, [&hellip;]","og_url":"https:\/\/www.gidaperakendecileri.org\/?p=1931","og_site_name":"GPD","article_published_time":"2020-04-10T13:48:01+00:00","article_modified_time":"2021-02-05T12:59:20+00:00","og_image":[{"width":1378,"height":1033,"url":"https:\/\/www.gidaperakendecileri.org\/wp-content\/uploads\/2020\/04\/ipsos-hane-paneli.jpg","type":"image\/jpeg"}],"author":"ph16171887571_m2ho1594","twitter_card":"summary_large_image","twitter_misc":{"Written by":"ph16171887571_m2ho1594","Est. reading time":"3 minutes"},"schema":{"@context":"https:\/\/schema.org","@graph":[{"@type":"Article","@id":"https:\/\/www.gidaperakendecileri.org\/?p=1931#article","isPartOf":{"@id":"https:\/\/www.gidaperakendecileri.org\/?p=1931"},"author":{"name":"ph16171887571_m2ho1594","@id":"https:\/\/www.gidaperakendecileri.org\/#\/schema\/person\/2a9973560de07919114aa1faead0a371"},"headline":"Bu Hafta, Stoktan T\u00fcketim Haftas\u0131 Oldu!","datePublished":"2020-04-10T13:48:01+00:00","dateModified":"2021-02-05T12:59:20+00:00","mainEntityOfPage":{"@id":"https:\/\/www.gidaperakendecileri.org\/?p=1931"},"wordCount":601,"image":{"@id":"https:\/\/www.gidaperakendecileri.org\/?p=1931#primaryimage"},"thumbnailUrl":"https:\/\/www.gidaperakendecileri.org\/wp-content\/uploads\/2020\/04\/ipsos-hane-paneli.jpg","articleSection":["Haberler","Sekt\u00f6rden Haberler"],"inLanguage":"en-US"},{"@type":"WebPage","@id":"https:\/\/www.gidaperakendecileri.org\/?p=1931","url":"https:\/\/www.gidaperakendecileri.org\/?p=1931","name":"Bu Hafta, Stoktan T\u00fcketim Haftas\u0131 Oldu! - GPD","isPartOf":{"@id":"https:\/\/www.gidaperakendecileri.org\/#website"},"primaryImageOfPage":{"@id":"https:\/\/www.gidaperakendecileri.org\/?p=1931#primaryimage"},"image":{"@id":"https:\/\/www.gidaperakendecileri.org\/?p=1931#primaryimage"},"thumbnailUrl":"https:\/\/www.gidaperakendecileri.org\/wp-content\/uploads\/2020\/04\/ipsos-hane-paneli.jpg","datePublished":"2020-04-10T13:48:01+00:00","dateModified":"2021-02-05T12:59:20+00:00","author":{"@id":"https:\/\/www.gidaperakendecileri.org\/#\/schema\/person\/2a9973560de07919114aa1faead0a371"},"breadcrumb":{"@id":"https:\/\/www.gidaperakendecileri.org\/?p=1931#breadcrumb"},"inLanguage":"en-US","potentialAction":[{"@type":"ReadAction","target":["https:\/\/www.gidaperakendecileri.org\/?p=1931"]}]},{"@type":"ImageObject","inLanguage":"en-US","@id":"https:\/\/www.gidaperakendecileri.org\/?p=1931#primaryimage","url":"https:\/\/www.gidaperakendecileri.org\/wp-content\/uploads\/2020\/04\/ipsos-hane-paneli.jpg","contentUrl":"https:\/\/www.gidaperakendecileri.org\/wp-content\/uploads\/2020\/04\/ipsos-hane-paneli.jpg","width":1378,"height":1033},{"@type":"BreadcrumbList","@id":"https:\/\/www.gidaperakendecileri.org\/?p=1931#breadcrumb","itemListElement":[{"@type":"ListItem","position":1,"name":"Home","item":"https:\/\/www.gidaperakendecileri.org\/"},{"@type":"ListItem","position":2,"name":"Bu Hafta, Stoktan T\u00fcketim Haftas\u0131 Oldu!"}]},{"@type":"WebSite","@id":"https:\/\/www.gidaperakendecileri.org\/#website","url":"https:\/\/www.gidaperakendecileri.org\/","name":"GPD","description":"G\u0131da Perakendecileri Derne\u011fi","potentialAction":[{"@type":"SearchAction","target":{"@type":"EntryPoint","urlTemplate":"https:\/\/www.gidaperakendecileri.org\/?s={search_term_string}"},"query-input":{"@type":"PropertyValueSpecification","valueRequired":true,"valueName":"search_term_string"}}],"inLanguage":"en-US"},{"@type":"Person","@id":"https:\/\/www.gidaperakendecileri.org\/#\/schema\/person\/2a9973560de07919114aa1faead0a371","name":"ph16171887571_m2ho1594","image":{"@type":"ImageObject","inLanguage":"en-US","@id":"https:\/\/www.gidaperakendecileri.org\/#\/schema\/person\/image\/","url":"https:\/\/secure.gravatar.com\/avatar\/6aa3f1f40edc90be5904b6c95a027d0e9963a528a5b2f13ee07d82a1baae7c25?s=96&d=mm&r=g","contentUrl":"https:\/\/secure.gravatar.com\/avatar\/6aa3f1f40edc90be5904b6c95a027d0e9963a528a5b2f13ee07d82a1baae7c25?s=96&d=mm&r=g","caption":"ph16171887571_m2ho1594"},"url":"https:\/\/www.gidaperakendecileri.org\/?author=1"}]}},"amp_enabled":true,"_links":{"self":[{"href":"https:\/\/www.gidaperakendecileri.org\/index.php?rest_route=\/wp\/v2\/posts\/1931","targetHints":{"allow":["GET"]}}],"collection":[{"href":"https:\/\/www.gidaperakendecileri.org\/index.php?rest_route=\/wp\/v2\/posts"}],"about":[{"href":"https:\/\/www.gidaperakendecileri.org\/index.php?rest_route=\/wp\/v2\/types\/post"}],"author":[{"embeddable":true,"href":"https:\/\/www.gidaperakendecileri.org\/index.php?rest_route=\/wp\/v2\/users\/1"}],"replies":[{"embeddable":true,"href":"https:\/\/www.gidaperakendecileri.org\/index.php?rest_route=%2Fwp%2Fv2%2Fcomments&post=1931"}],"version-history":[{"count":3,"href":"https:\/\/www.gidaperakendecileri.org\/index.php?rest_route=\/wp\/v2\/posts\/1931\/revisions"}],"predecessor-version":[{"id":1937,"href":"https:\/\/www.gidaperakendecileri.org\/index.php?rest_route=\/wp\/v2\/posts\/1931\/revisions\/1937"}],"wp:featuredmedia":[{"embeddable":true,"href":"https:\/\/www.gidaperakendecileri.org\/index.php?rest_route=\/wp\/v2\/media\/1932"}],"wp:attachment":[{"href":"https:\/\/www.gidaperakendecileri.org\/index.php?rest_route=%2Fwp%2Fv2%2Fmedia&parent=1931"}],"wp:term":[{"taxonomy":"category","embeddable":true,"href":"https:\/\/www.gidaperakendecileri.org\/index.php?rest_route=%2Fwp%2Fv2%2Fcategories&post=1931"},{"taxonomy":"post_tag","embeddable":true,"href":"https:\/\/www.gidaperakendecileri.org\/index.php?rest_route=%2Fwp%2Fv2%2Ftags&post=1931"}],"curies":[{"name":"wp","href":"https:\/\/api.w.org\/{rel}","templated":true}]}}