{"id":1818,"date":"2020-03-11T10:07:02","date_gmt":"2020-03-11T10:07:02","guid":{"rendered":"https:\/\/www.gidaperakendecileri.org\/?p=1818"},"modified":"2021-02-05T12:59:36","modified_gmt":"2021-02-05T12:59:36","slug":"onlemlerimizi-aldik-tuketici-ihtiyaclarini-karsilamada-sikinti-yasamayacagiz","status":"publish","type":"post","link":"https:\/\/www.gidaperakendecileri.org\/?p=1818","title":{"rendered":"\u201c\u00d6nlemlerimizi Ald\u0131k, T\u00fcketici \u0130htiya\u00e7lar\u0131n\u0131 Kar\u015f\u0131lamada S\u0131k\u0131nt\u0131 Ya\u015famayaca\u011f\u0131z\u201d"},"content":{"rendered":"\t\t<div data-elementor-type=\"wp-post\" data-elementor-id=\"1818\" class=\"elementor elementor-1818\">\n\t\t\t\t\t\t<section class=\"elementor-section elementor-top-section elementor-element elementor-element-3ef128ae elementor-section-boxed elementor-section-height-default elementor-section-height-default\" data-id=\"3ef128ae\" data-element_type=\"section\">\n\t\t\t\t\t\t<div class=\"elementor-container elementor-column-gap-default\">\n\t\t\t\t\t<div class=\"elementor-column elementor-col-100 elementor-top-column elementor-element elementor-element-6c0ce5df\" data-id=\"6c0ce5df\" data-element_type=\"column\">\n\t\t\t<div class=\"elementor-widget-wrap elementor-element-populated\">\n\t\t\t\t\t\t<div class=\"elementor-element elementor-element-5aacae7a elementor-widget elementor-widget-text-editor\" data-id=\"5aacae7a\" data-element_type=\"widget\" data-widget_type=\"text-editor.default\">\n\t\t\t\t<div class=\"elementor-widget-container\">\n\t\t\t\t\t\t\t\t\t<div class=\"td-paragraph-padding-1\"><h3><span style=\"color: #000000;\"><strong>G\u0131da perakendesinin \u00f6nc\u00fc kurulu\u015fu olan Derne\u011fimiz, Yeni Korona Vir\u00fcs vakas\u0131 a\u00e7\u0131klamas\u0131n\u0131n ard\u0131ndan, t\u00fcketicilere \u00fcr\u00fcn ve hizmet tedari\u011finde bir s\u0131k\u0131nt\u0131 \u00f6ng\u00f6r\u00fclmedi\u011fini, gerek \u00fcr\u00fcn stoklar\u0131 gerekse personel olarak sekt\u00f6r\u00fcn \u00f6nceden tedbirlerini alarak haz\u0131r oldu\u011funu a\u00e7\u0131klad\u0131.<\/strong><\/span><\/h3><p><span style=\"color: #000000;\">G\u0131da Perakendecileri Derne\u011fi (GPD) \u00fcyesi market ve g\u0131da servis zincirleri, 81 ildeki 40 bini a\u015fk\u0131n sat\u0131\u015f noktas\u0131nda \u00fcr\u00fcn ve hizmet tedari\u011fini kesintisiz s\u00fcrd\u00fcr\u00fcyor. Sa\u011fl\u0131k Bakan\u0131 Dr. Fahrettin Koca\u2019n\u0131n a\u00e7\u0131klamas\u0131n\u0131n ard\u0131ndan bir panik havas\u0131 olu\u015fturulmamas\u0131na \u00f6zen g\u00f6sterilmesini dile getiren Ba\u015fkan\u0131m\u0131z Galip Ayka\u00e7, modern perakende kanallar\u0131n\u0131n hali haz\u0131rda tedbirlerini ald\u0131\u011f\u0131n\u0131 ve t\u00fcketici taleplerinin kesintisiz kar\u015f\u0131lanaca\u011f\u0131n\u0131 ifade etti.<br \/>Modern g\u0131da perakendesinin temsilcisi konumundaki G\u0131da Perakendecileri Derne\u011fi (GPD), Yeni Korona Vir\u00fcs (COVID19) vakas\u0131 tespiti a\u00e7\u0131klamas\u0131n\u0131n ard\u0131ndan, t\u00fcketicilere \u00fcr\u00fcn ve hizmet tedari\u011finde bir s\u0131k\u0131nt\u0131 \u00f6ng\u00f6r\u00fclmedi\u011fini, gerek \u00fcr\u00fcn stoklar\u0131 gerekse personel olarak sekt\u00f6r\u00fcn \u00f6nceden tedbirlerini alarak haz\u0131r oldu\u011funu dile getiren Ayka\u00e7, a\u00e7\u0131klamas\u0131na \u015f\u00f6yle devam etti:<br \/>\u201cSa\u011fl\u0131k Bakan\u0131m\u0131z Dr. Fahrettin Koca\u2019n\u0131n da s\u00f6zlerinde belirtti\u011fi gibi \u00fcz\u00fcc\u00fc ancak korkutucu olmayan a\u00e7\u0131klama, sekt\u00f6r oyuncular\u0131m\u0131z taraf\u0131ndan sakinlikle kar\u015f\u0131lanm\u0131\u015ft\u0131r. Vir\u00fcs\u00fcn \u00c7in\u2019de ilk tespiti, ard\u0131ndan di\u011fer \u00fclkelerde g\u00f6r\u00fclmesi ve vaka say\u0131lar\u0131n\u0131n artmas\u0131yla di\u011fer \u00fclkelerde ya\u015fanan s\u0131k\u0131nt\u0131lar g\u00f6z \u00f6n\u00fcnde bulundurularak, \u00fclkemizde de bir vaka ile kar\u015f\u0131la\u015f\u0131lmas\u0131 olas\u0131l\u0131\u011f\u0131na dair \u00f6nlemlerimizi alm\u0131\u015ft\u0131k. Bakanl\u0131\u011f\u0131m\u0131z\u0131n konunun ba\u015f\u0131ndan itibaren \u00f6zverili \u00e7al\u0131\u015fmalar\u0131, Bilim Kurulu\u2019nun uyar\u0131lar\u0131, \u00fclke genelinde al\u0131nan \u00f6nlemler ve yap\u0131lan uyar\u0131lar i\u00e7in \u00f6ncelikle t\u00fcm sekt\u00f6r\u00fcm\u00fcz ad\u0131na te\u015fekk\u00fcr ederiz. Devletimizin uyar\u0131lar\u0131n\u0131 ve ald\u0131\u011f\u0131 \u00f6nlemleri yak\u0131ndan takip ederek h\u0131zl\u0131ca uygulamaya al\u0131yoruz.\u201d<\/span><\/p><p><strong><span style=\"color: #000000;\">\u201cPanik Yapmadan \u0130\u015flerimizi Devaml\u0131l\u0131\u011f\u0131n\u0131 Sa\u011flayaca\u011f\u0131z\u201d<\/span><\/strong><br \/><span style=\"color: #000000;\">Panik havas\u0131 olu\u015fturulmamas\u0131 gerekti\u011finin alt\u0131n\u0131 \u00e7izen Ayka\u00e7, \u201cPerakendeciler \u00fcr\u00fcn tedari\u011fi ve stoklar\u0131 bak\u0131m\u0131ndan bir s\u0131k\u0131nt\u0131 ya\u015famamaktad\u0131r. \u0130\u015flerimizin devaml\u0131l\u0131\u011f\u0131n\u0131 sa\u011flayacak, t\u00fcketicimizin ihtiya\u00e7lar\u0131n\u0131 kesintisiz kar\u015f\u0131layaca\u011f\u0131z. Bu noktada medyam\u0131z\u0131n panik olu\u015fturacak haberlerden uzak durmas\u0131n\u0131, vatanda\u015flar\u0131m\u0131z\u0131n sosyal medya payla\u015f\u0131mlar\u0131ndaki bilgi kirlili\u011finden etkilenmemesini diliyoruz\u201d dedi. Yetkili kurumlar\u0131n a\u00e7\u0131klamalar\u0131na itibar ederek gerekli \u00f6nlemlerin al\u0131nmas\u0131n\u0131n b\u00fcy\u00fck \u00f6nem ta\u015f\u0131d\u0131\u011f\u0131n\u0131 belirten Ayka\u00e7, ki\u015fisel hijyen ve temasa dikkat edilerek korunma y\u00f6ntemlerinin uygulanmas\u0131 i\u00e7in seferber olunmas\u0131 gerekti\u011fini belirtti.<\/span><br \/><span style=\"color: #000000;\">Vir\u00fcs\u00fcn \u00f6zellikle \u00c7in\u2019den sonra di\u011fer \u00fclkelerde h\u0131zla yay\u0131lmas\u0131 neticesinde, vir\u00fcs\u00fcn \u00fclkemize de s\u0131\u00e7ramas\u0131 ihtimallerine kar\u015f\u0131l\u0131k GPD Y\u00f6netim Kurulu\u2019nun bir dizi toplant\u0131 yaparak al\u0131nacak \u00f6nlemleri g\u00f6r\u00fc\u015ft\u00fc\u011f\u00fcn\u00fc ve baz\u0131 kararlar ald\u0131\u011f\u0131n\u0131 belirten Ayka\u00e7, \u201c\u00d6nlemlerimizi artt\u0131rarak ba\u015fta \u00e7al\u0131\u015fanlar\u0131m\u0131z\u0131n hijyen e\u011fitimlerini s\u0131kla\u015ft\u0131r\u0131yoruz. Ma\u011fazalar\u0131m\u0131zda, marketlerimizde, restoranlar\u0131m\u0131zda ve eve teslimat yapan sipari\u015f noktalar\u0131m\u0131zda \u00f6nlemlerimiz devam ediyor. Tedarik zincirimizdeki di\u011fer oyuncular\u0131 da haz\u0131rl\u0131kl\u0131 olma y\u00f6n\u00fcnde uyar\u0131yoruz ve destekliyoruz. Genel merkez, depo ve sat\u0131\u015f noktalar\u0131m\u0131zda ki\u015fisel hijyen ve dezenfektasyon malzemelerinin kullan\u0131m\u0131n\u0131 \u00f6zendiriyoruz. T\u00fcm sat\u0131\u015f noktalar\u0131m\u0131z\u0131n giri\u015f ve \u00e7\u0131k\u0131\u015flar\u0131nda, kasalarda, el temas\u0131n\u0131n yo\u011fun oldu\u011fu yerlerde dezenfektasyon \u00fcr\u00fcnlerini bulundurma ve t\u00fcketicilerimizin kullan\u0131m\u0131n\u0131 \u00f6zendirmeye karar verdik. \u0130lk etapta bu aksiyonu h\u0131zl\u0131ca uyguluyoruz\u201d dedi.<br \/><\/span><\/p><p><strong><span style=\"color: #000000;\">\u201cT\u00fcketici Taleplerinin Kar\u015f\u0131lanmas\u0131nda Sorun Ya\u015famayaca\u011f\u0131z\u201d<\/span><\/strong><br \/><span style=\"color: #000000;\">T\u00fcketici ihtiya\u00e7lar\u0131n\u0131n kar\u015f\u0131lanmas\u0131 a\u015famas\u0131nda bir kesinti beklemediklerini belirten Ayka\u00e7, \u201cBu gibi d\u00f6nemlerde \u00f6zellikle temel ihtiya\u00e7 maddelerine talebin h\u0131zl\u0131ca artt\u0131\u011f\u0131 e\u011filimini g\u00f6z \u00f6n\u00fcnde bulundurarak, \u00f6nceden \u00f6zellikle ki\u015fisel bak\u0131m ve hijyen kategorilerinde, kolonya, \u0131slak mendil, el sabunu gibi \u00fcr\u00fcnler ile temel ihtiya\u00e7 maddesi olan su, s\u00fct, un, ya\u011f, \u015feker, makarna ve bakliyat \u00fcr\u00fcnleri, bebek bezi, bebek mamas\u0131 gibi \u00fcr\u00fcnlerde stoklar\u0131m\u0131z\u0131 bir miktar artt\u0131rma yoluna gittik. Ald\u0131\u011f\u0131m\u0131z bu ve benzeri \u00f6nlemler, \u00fcreticilerimizle bir koordinasyon i\u00e7erisinde yap\u0131lmaktad\u0131r. Bu sayede t\u00fcketicimizi hi\u00e7bir \u015fekilde zor durumda b\u0131rakmayaca\u011f\u0131z. Bu a\u015famada vatanda\u015flar\u0131m\u0131zdan, ihtiya\u00e7lar\u0131ndan \u00e7ok daha fazla miktarda al\u0131\u015fveri\u015f yapmaktan ka\u00e7\u0131nmalar\u0131n\u0131, \u00f6zellikle tavsiye ediyoruz. Bir ki\u015finin yapaca\u011f\u0131 ihtiya\u00e7 fazlas\u0131 al\u0131\u015fveri\u015f di\u011fer bir ki\u015finin esas ihtiyac\u0131n\u0131n kar\u015f\u0131lanmas\u0131nda s\u0131k\u0131nt\u0131 olu\u015fturacakt\u0131r. Bu hususta \u00f6zellikle hassasiyet bekliyoruz\u201d dedi.<\/span><br \/><span style=\"color: #000000;\">Devlet ve \u00f6zel sekt\u00f6r taraf\u0131ndan al\u0131nan \u00f6nlemlerin yan\u0131 s\u0131ra, toplum taraf\u0131ndan uygulanacak bireysel \u00f6nlemlerin de b\u00fcy\u00fck \u00f6nem ta\u015f\u0131d\u0131\u011f\u0131n\u0131 ifade eden Ayka\u00e7, Sa\u011fl\u0131k Bakanl\u0131\u011f\u0131 taraf\u0131ndan vurgulanan 14 g\u00fcn kural\u0131 ve 14 koruma \u00f6nleminin her kesim taraf\u0131ndan mutlaka uygulamaya al\u0131nmas\u0131 gerekti\u011fini belirtti. GPD \u00fcyesi global perakendecilerin de deneyimlerinden yararland\u0131klar\u0131n\u0131 dile getiren Ayka\u00e7 s\u00f6zlerine \u015f\u00f6yle devam etti: \u201c\u00c7al\u0131\u015fanlar\u0131m\u0131z\u0131n sa\u011fl\u0131\u011f\u0131na b\u00fcy\u00fck \u00f6nem vererek uyar\u0131lar\u0131 dikkate al\u0131yor, gerekli tedbirleri uyguluyoruz. \u0130\u015flerimizin s\u00fcreklili\u011fi ve t\u00fcketicimize kesintisiz hizmeti s\u00fcrd\u00fcrmek i\u00e7in \u00e7al\u0131\u015fanlar\u0131m\u0131z bizler i\u00e7in \u00e7ok \u00f6nemli. Bununla beraber vir\u00fcs\u00fcn yay\u0131lmas\u0131n\u0131n h\u0131zl\u0131ca \u00f6nlenmesi ve tespit edilen vakan\u0131n bir an \u00f6nce sa\u011fl\u0131\u011f\u0131na kavu\u015fmas\u0131 da en b\u00fcy\u00fck temennimizdir.\u201d<\/span><\/p><\/div>\t\t\t\t\t\t\t\t<\/div>\n\t\t\t\t<\/div>\n\t\t\t\t\t<\/div>\n\t\t<\/div>\n\t\t\t\t\t<\/div>\n\t\t<\/section>\n\t\t\t\t<\/div>\n\t\t","protected":false},"excerpt":{"rendered":"<p>G\u0131da perakendesinin \u00f6nc\u00fc kurulu\u015fu olan Derne\u011fimiz, Yeni Korona Vir\u00fcs vakas\u0131 a\u00e7\u0131klamas\u0131n\u0131n ard\u0131ndan, t\u00fcketicilere \u00fcr\u00fcn ve hizmet tedari\u011finde bir s\u0131k\u0131nt\u0131 \u00f6ng\u00f6r\u00fclmedi\u011fini, gerek \u00fcr\u00fcn stoklar\u0131 gerekse personel olarak sekt\u00f6r\u00fcn \u00f6nceden tedbirlerini alarak haz\u0131r oldu\u011funu a\u00e7\u0131klad\u0131. G\u0131da Perakendecileri Derne\u011fi (GPD) \u00fcyesi market ve g\u0131da servis zincirleri, 81 ildeki 40 bini a\u015fk\u0131n sat\u0131\u015f noktas\u0131nda \u00fcr\u00fcn ve hizmet tedari\u011fini kesintisiz [&hellip;]<\/p>\n","protected":false},"author":1,"featured_media":1819,"comment_status":"closed","ping_status":"closed","sticky":false,"template":"","format":"standard","meta":{"_monsterinsights_skip_tracking":false,"_monsterinsights_sitenote_active":false,"_monsterinsights_sitenote_note":"","_monsterinsights_sitenote_category":0,"footnotes":""},"categories":[23,32],"tags":[],"class_list":{"0":"post-1818","1":"post","2":"type-post","3":"status-publish","4":"format-standard","5":"has-post-thumbnail","7":"category-haberler","8":"category-sektorden-haberler-haberler"},"featured_image_src":"https:\/\/www.gidaperakendecileri.org\/wp-content\/uploads\/2020\/03\/galip-aykac.jpg","author_info":{"display_name":"ph16171887571_m2ho1594","author_link":"https:\/\/www.gidaperakendecileri.org\/?author=1"},"yoast_head":"<!-- This site is optimized with the Yoast SEO plugin v26.7 - https:\/\/yoast.com\/wordpress\/plugins\/seo\/ -->\n<title>\u201c\u00d6nlemlerimizi Ald\u0131k, T\u00fcketici \u0130htiya\u00e7lar\u0131n\u0131 Kar\u015f\u0131lamada S\u0131k\u0131nt\u0131 Ya\u015famayaca\u011f\u0131z\u201d - GPD<\/title>\n<meta name=\"robots\" content=\"index, follow, max-snippet:-1, max-image-preview:large, max-video-preview:-1\" \/>\n<link rel=\"canonical\" href=\"https:\/\/www.gidaperakendecileri.org\/?p=1818\" \/>\n<meta property=\"og:locale\" content=\"en_US\" \/>\n<meta property=\"og:type\" content=\"article\" \/>\n<meta property=\"og:title\" content=\"\u201c\u00d6nlemlerimizi Ald\u0131k, T\u00fcketici \u0130htiya\u00e7lar\u0131n\u0131 Kar\u015f\u0131lamada S\u0131k\u0131nt\u0131 Ya\u015famayaca\u011f\u0131z\u201d - GPD\" \/>\n<meta property=\"og:description\" content=\"G\u0131da perakendesinin \u00f6nc\u00fc kurulu\u015fu olan Derne\u011fimiz, Yeni Korona Vir\u00fcs vakas\u0131 a\u00e7\u0131klamas\u0131n\u0131n ard\u0131ndan, t\u00fcketicilere \u00fcr\u00fcn ve hizmet tedari\u011finde bir s\u0131k\u0131nt\u0131 \u00f6ng\u00f6r\u00fclmedi\u011fini, gerek \u00fcr\u00fcn stoklar\u0131 gerekse personel olarak sekt\u00f6r\u00fcn \u00f6nceden tedbirlerini alarak haz\u0131r oldu\u011funu a\u00e7\u0131klad\u0131. G\u0131da Perakendecileri Derne\u011fi (GPD) \u00fcyesi market ve g\u0131da servis zincirleri, 81 ildeki 40 bini a\u015fk\u0131n sat\u0131\u015f noktas\u0131nda \u00fcr\u00fcn ve hizmet tedari\u011fini kesintisiz [&hellip;]\" \/>\n<meta property=\"og:url\" content=\"https:\/\/www.gidaperakendecileri.org\/?p=1818\" \/>\n<meta property=\"og:site_name\" content=\"GPD\" \/>\n<meta property=\"article:published_time\" content=\"2020-03-11T10:07:02+00:00\" \/>\n<meta property=\"article:modified_time\" content=\"2021-02-05T12:59:36+00:00\" \/>\n<meta property=\"og:image\" content=\"https:\/\/www.gidaperakendecileri.org\/wp-content\/uploads\/2020\/03\/galip-aykac.jpg\" \/>\n\t<meta property=\"og:image:width\" content=\"1493\" \/>\n\t<meta property=\"og:image:height\" content=\"1194\" \/>\n\t<meta property=\"og:image:type\" content=\"image\/jpeg\" \/>\n<meta name=\"author\" content=\"ph16171887571_m2ho1594\" \/>\n<meta name=\"twitter:card\" content=\"summary_large_image\" \/>\n<meta name=\"twitter:label1\" content=\"Written by\" \/>\n\t<meta name=\"twitter:data1\" content=\"ph16171887571_m2ho1594\" \/>\n\t<meta name=\"twitter:label2\" content=\"Est. reading time\" \/>\n\t<meta name=\"twitter:data2\" content=\"5 minutes\" \/>\n<script type=\"application\/ld+json\" class=\"yoast-schema-graph\">{\"@context\":\"https:\/\/schema.org\",\"@graph\":[{\"@type\":\"Article\",\"@id\":\"https:\/\/www.gidaperakendecileri.org\/?p=1818#article\",\"isPartOf\":{\"@id\":\"https:\/\/www.gidaperakendecileri.org\/?p=1818\"},\"author\":{\"name\":\"ph16171887571_m2ho1594\",\"@id\":\"https:\/\/www.gidaperakendecileri.org\/#\/schema\/person\/2a9973560de07919114aa1faead0a371\"},\"headline\":\"\u201c\u00d6nlemlerimizi Ald\u0131k, T\u00fcketici \u0130htiya\u00e7lar\u0131n\u0131 Kar\u015f\u0131lamada S\u0131k\u0131nt\u0131 Ya\u015famayaca\u011f\u0131z\u201d\",\"datePublished\":\"2020-03-11T10:07:02+00:00\",\"dateModified\":\"2021-02-05T12:59:36+00:00\",\"mainEntityOfPage\":{\"@id\":\"https:\/\/www.gidaperakendecileri.org\/?p=1818\"},\"wordCount\":979,\"image\":{\"@id\":\"https:\/\/www.gidaperakendecileri.org\/?p=1818#primaryimage\"},\"thumbnailUrl\":\"https:\/\/www.gidaperakendecileri.org\/wp-content\/uploads\/2020\/03\/galip-aykac.jpg\",\"articleSection\":[\"Haberler\",\"Sekt\u00f6rden Haberler\"],\"inLanguage\":\"en-US\"},{\"@type\":\"WebPage\",\"@id\":\"https:\/\/www.gidaperakendecileri.org\/?p=1818\",\"url\":\"https:\/\/www.gidaperakendecileri.org\/?p=1818\",\"name\":\"\u201c\u00d6nlemlerimizi Ald\u0131k, T\u00fcketici \u0130htiya\u00e7lar\u0131n\u0131 Kar\u015f\u0131lamada S\u0131k\u0131nt\u0131 Ya\u015famayaca\u011f\u0131z\u201d - GPD\",\"isPartOf\":{\"@id\":\"https:\/\/www.gidaperakendecileri.org\/#website\"},\"primaryImageOfPage\":{\"@id\":\"https:\/\/www.gidaperakendecileri.org\/?p=1818#primaryimage\"},\"image\":{\"@id\":\"https:\/\/www.gidaperakendecileri.org\/?p=1818#primaryimage\"},\"thumbnailUrl\":\"https:\/\/www.gidaperakendecileri.org\/wp-content\/uploads\/2020\/03\/galip-aykac.jpg\",\"datePublished\":\"2020-03-11T10:07:02+00:00\",\"dateModified\":\"2021-02-05T12:59:36+00:00\",\"author\":{\"@id\":\"https:\/\/www.gidaperakendecileri.org\/#\/schema\/person\/2a9973560de07919114aa1faead0a371\"},\"breadcrumb\":{\"@id\":\"https:\/\/www.gidaperakendecileri.org\/?p=1818#breadcrumb\"},\"inLanguage\":\"en-US\",\"potentialAction\":[{\"@type\":\"ReadAction\",\"target\":[\"https:\/\/www.gidaperakendecileri.org\/?p=1818\"]}]},{\"@type\":\"ImageObject\",\"inLanguage\":\"en-US\",\"@id\":\"https:\/\/www.gidaperakendecileri.org\/?p=1818#primaryimage\",\"url\":\"https:\/\/www.gidaperakendecileri.org\/wp-content\/uploads\/2020\/03\/galip-aykac.jpg\",\"contentUrl\":\"https:\/\/www.gidaperakendecileri.org\/wp-content\/uploads\/2020\/03\/galip-aykac.jpg\",\"width\":1493,\"height\":1194},{\"@type\":\"BreadcrumbList\",\"@id\":\"https:\/\/www.gidaperakendecileri.org\/?p=1818#breadcrumb\",\"itemListElement\":[{\"@type\":\"ListItem\",\"position\":1,\"name\":\"Home\",\"item\":\"https:\/\/www.gidaperakendecileri.org\/\"},{\"@type\":\"ListItem\",\"position\":2,\"name\":\"\u201c\u00d6nlemlerimizi Ald\u0131k, T\u00fcketici \u0130htiya\u00e7lar\u0131n\u0131 Kar\u015f\u0131lamada S\u0131k\u0131nt\u0131 Ya\u015famayaca\u011f\u0131z\u201d\"}]},{\"@type\":\"WebSite\",\"@id\":\"https:\/\/www.gidaperakendecileri.org\/#website\",\"url\":\"https:\/\/www.gidaperakendecileri.org\/\",\"name\":\"GPD\",\"description\":\"G\u0131da Perakendecileri Derne\u011fi\",\"potentialAction\":[{\"@type\":\"SearchAction\",\"target\":{\"@type\":\"EntryPoint\",\"urlTemplate\":\"https:\/\/www.gidaperakendecileri.org\/?s={search_term_string}\"},\"query-input\":{\"@type\":\"PropertyValueSpecification\",\"valueRequired\":true,\"valueName\":\"search_term_string\"}}],\"inLanguage\":\"en-US\"},{\"@type\":\"Person\",\"@id\":\"https:\/\/www.gidaperakendecileri.org\/#\/schema\/person\/2a9973560de07919114aa1faead0a371\",\"name\":\"ph16171887571_m2ho1594\",\"image\":{\"@type\":\"ImageObject\",\"inLanguage\":\"en-US\",\"@id\":\"https:\/\/www.gidaperakendecileri.org\/#\/schema\/person\/image\/\",\"url\":\"https:\/\/secure.gravatar.com\/avatar\/6aa3f1f40edc90be5904b6c95a027d0e9963a528a5b2f13ee07d82a1baae7c25?s=96&d=mm&r=g\",\"contentUrl\":\"https:\/\/secure.gravatar.com\/avatar\/6aa3f1f40edc90be5904b6c95a027d0e9963a528a5b2f13ee07d82a1baae7c25?s=96&d=mm&r=g\",\"caption\":\"ph16171887571_m2ho1594\"},\"url\":\"https:\/\/www.gidaperakendecileri.org\/?author=1\"}]}<\/script>\n<!-- \/ Yoast SEO plugin. -->","yoast_head_json":{"title":"\u201c\u00d6nlemlerimizi Ald\u0131k, T\u00fcketici \u0130htiya\u00e7lar\u0131n\u0131 Kar\u015f\u0131lamada S\u0131k\u0131nt\u0131 Ya\u015famayaca\u011f\u0131z\u201d - GPD","robots":{"index":"index","follow":"follow","max-snippet":"max-snippet:-1","max-image-preview":"max-image-preview:large","max-video-preview":"max-video-preview:-1"},"canonical":"https:\/\/www.gidaperakendecileri.org\/?p=1818","og_locale":"en_US","og_type":"article","og_title":"\u201c\u00d6nlemlerimizi Ald\u0131k, T\u00fcketici \u0130htiya\u00e7lar\u0131n\u0131 Kar\u015f\u0131lamada S\u0131k\u0131nt\u0131 Ya\u015famayaca\u011f\u0131z\u201d - GPD","og_description":"G\u0131da perakendesinin \u00f6nc\u00fc kurulu\u015fu olan Derne\u011fimiz, Yeni Korona Vir\u00fcs vakas\u0131 a\u00e7\u0131klamas\u0131n\u0131n ard\u0131ndan, t\u00fcketicilere \u00fcr\u00fcn ve hizmet tedari\u011finde bir s\u0131k\u0131nt\u0131 \u00f6ng\u00f6r\u00fclmedi\u011fini, gerek \u00fcr\u00fcn stoklar\u0131 gerekse personel olarak sekt\u00f6r\u00fcn \u00f6nceden tedbirlerini alarak haz\u0131r oldu\u011funu a\u00e7\u0131klad\u0131. G\u0131da Perakendecileri Derne\u011fi (GPD) \u00fcyesi market ve g\u0131da servis zincirleri, 81 ildeki 40 bini a\u015fk\u0131n sat\u0131\u015f noktas\u0131nda \u00fcr\u00fcn ve hizmet tedari\u011fini kesintisiz [&hellip;]","og_url":"https:\/\/www.gidaperakendecileri.org\/?p=1818","og_site_name":"GPD","article_published_time":"2020-03-11T10:07:02+00:00","article_modified_time":"2021-02-05T12:59:36+00:00","og_image":[{"width":1493,"height":1194,"url":"https:\/\/www.gidaperakendecileri.org\/wp-content\/uploads\/2020\/03\/galip-aykac.jpg","type":"image\/jpeg"}],"author":"ph16171887571_m2ho1594","twitter_card":"summary_large_image","twitter_misc":{"Written by":"ph16171887571_m2ho1594","Est. reading time":"5 minutes"},"schema":{"@context":"https:\/\/schema.org","@graph":[{"@type":"Article","@id":"https:\/\/www.gidaperakendecileri.org\/?p=1818#article","isPartOf":{"@id":"https:\/\/www.gidaperakendecileri.org\/?p=1818"},"author":{"name":"ph16171887571_m2ho1594","@id":"https:\/\/www.gidaperakendecileri.org\/#\/schema\/person\/2a9973560de07919114aa1faead0a371"},"headline":"\u201c\u00d6nlemlerimizi Ald\u0131k, T\u00fcketici \u0130htiya\u00e7lar\u0131n\u0131 Kar\u015f\u0131lamada S\u0131k\u0131nt\u0131 Ya\u015famayaca\u011f\u0131z\u201d","datePublished":"2020-03-11T10:07:02+00:00","dateModified":"2021-02-05T12:59:36+00:00","mainEntityOfPage":{"@id":"https:\/\/www.gidaperakendecileri.org\/?p=1818"},"wordCount":979,"image":{"@id":"https:\/\/www.gidaperakendecileri.org\/?p=1818#primaryimage"},"thumbnailUrl":"https:\/\/www.gidaperakendecileri.org\/wp-content\/uploads\/2020\/03\/galip-aykac.jpg","articleSection":["Haberler","Sekt\u00f6rden Haberler"],"inLanguage":"en-US"},{"@type":"WebPage","@id":"https:\/\/www.gidaperakendecileri.org\/?p=1818","url":"https:\/\/www.gidaperakendecileri.org\/?p=1818","name":"\u201c\u00d6nlemlerimizi Ald\u0131k, T\u00fcketici \u0130htiya\u00e7lar\u0131n\u0131 Kar\u015f\u0131lamada S\u0131k\u0131nt\u0131 Ya\u015famayaca\u011f\u0131z\u201d - GPD","isPartOf":{"@id":"https:\/\/www.gidaperakendecileri.org\/#website"},"primaryImageOfPage":{"@id":"https:\/\/www.gidaperakendecileri.org\/?p=1818#primaryimage"},"image":{"@id":"https:\/\/www.gidaperakendecileri.org\/?p=1818#primaryimage"},"thumbnailUrl":"https:\/\/www.gidaperakendecileri.org\/wp-content\/uploads\/2020\/03\/galip-aykac.jpg","datePublished":"2020-03-11T10:07:02+00:00","dateModified":"2021-02-05T12:59:36+00:00","author":{"@id":"https:\/\/www.gidaperakendecileri.org\/#\/schema\/person\/2a9973560de07919114aa1faead0a371"},"breadcrumb":{"@id":"https:\/\/www.gidaperakendecileri.org\/?p=1818#breadcrumb"},"inLanguage":"en-US","potentialAction":[{"@type":"ReadAction","target":["https:\/\/www.gidaperakendecileri.org\/?p=1818"]}]},{"@type":"ImageObject","inLanguage":"en-US","@id":"https:\/\/www.gidaperakendecileri.org\/?p=1818#primaryimage","url":"https:\/\/www.gidaperakendecileri.org\/wp-content\/uploads\/2020\/03\/galip-aykac.jpg","contentUrl":"https:\/\/www.gidaperakendecileri.org\/wp-content\/uploads\/2020\/03\/galip-aykac.jpg","width":1493,"height":1194},{"@type":"BreadcrumbList","@id":"https:\/\/www.gidaperakendecileri.org\/?p=1818#breadcrumb","itemListElement":[{"@type":"ListItem","position":1,"name":"Home","item":"https:\/\/www.gidaperakendecileri.org\/"},{"@type":"ListItem","position":2,"name":"\u201c\u00d6nlemlerimizi Ald\u0131k, T\u00fcketici \u0130htiya\u00e7lar\u0131n\u0131 Kar\u015f\u0131lamada S\u0131k\u0131nt\u0131 Ya\u015famayaca\u011f\u0131z\u201d"}]},{"@type":"WebSite","@id":"https:\/\/www.gidaperakendecileri.org\/#website","url":"https:\/\/www.gidaperakendecileri.org\/","name":"GPD","description":"G\u0131da Perakendecileri Derne\u011fi","potentialAction":[{"@type":"SearchAction","target":{"@type":"EntryPoint","urlTemplate":"https:\/\/www.gidaperakendecileri.org\/?s={search_term_string}"},"query-input":{"@type":"PropertyValueSpecification","valueRequired":true,"valueName":"search_term_string"}}],"inLanguage":"en-US"},{"@type":"Person","@id":"https:\/\/www.gidaperakendecileri.org\/#\/schema\/person\/2a9973560de07919114aa1faead0a371","name":"ph16171887571_m2ho1594","image":{"@type":"ImageObject","inLanguage":"en-US","@id":"https:\/\/www.gidaperakendecileri.org\/#\/schema\/person\/image\/","url":"https:\/\/secure.gravatar.com\/avatar\/6aa3f1f40edc90be5904b6c95a027d0e9963a528a5b2f13ee07d82a1baae7c25?s=96&d=mm&r=g","contentUrl":"https:\/\/secure.gravatar.com\/avatar\/6aa3f1f40edc90be5904b6c95a027d0e9963a528a5b2f13ee07d82a1baae7c25?s=96&d=mm&r=g","caption":"ph16171887571_m2ho1594"},"url":"https:\/\/www.gidaperakendecileri.org\/?author=1"}]}},"amp_enabled":true,"_links":{"self":[{"href":"https:\/\/www.gidaperakendecileri.org\/index.php?rest_route=\/wp\/v2\/posts\/1818","targetHints":{"allow":["GET"]}}],"collection":[{"href":"https:\/\/www.gidaperakendecileri.org\/index.php?rest_route=\/wp\/v2\/posts"}],"about":[{"href":"https:\/\/www.gidaperakendecileri.org\/index.php?rest_route=\/wp\/v2\/types\/post"}],"author":[{"embeddable":true,"href":"https:\/\/www.gidaperakendecileri.org\/index.php?rest_route=\/wp\/v2\/users\/1"}],"replies":[{"embeddable":true,"href":"https:\/\/www.gidaperakendecileri.org\/index.php?rest_route=%2Fwp%2Fv2%2Fcomments&post=1818"}],"version-history":[{"count":2,"href":"https:\/\/www.gidaperakendecileri.org\/index.php?rest_route=\/wp\/v2\/posts\/1818\/revisions"}],"predecessor-version":[{"id":1821,"href":"https:\/\/www.gidaperakendecileri.org\/index.php?rest_route=\/wp\/v2\/posts\/1818\/revisions\/1821"}],"wp:featuredmedia":[{"embeddable":true,"href":"https:\/\/www.gidaperakendecileri.org\/index.php?rest_route=\/wp\/v2\/media\/1819"}],"wp:attachment":[{"href":"https:\/\/www.gidaperakendecileri.org\/index.php?rest_route=%2Fwp%2Fv2%2Fmedia&parent=1818"}],"wp:term":[{"taxonomy":"category","embeddable":true,"href":"https:\/\/www.gidaperakendecileri.org\/index.php?rest_route=%2Fwp%2Fv2%2Fcategories&post=1818"},{"taxonomy":"post_tag","embeddable":true,"href":"https:\/\/www.gidaperakendecileri.org\/index.php?rest_route=%2Fwp%2Fv2%2Ftags&post=1818"}],"curies":[{"name":"wp","href":"https:\/\/api.w.org\/{rel}","templated":true}]}}