{"id":1790,"date":"2020-02-25T13:06:21","date_gmt":"2020-02-25T13:06:21","guid":{"rendered":"https:\/\/www.gidaperakendecileri.org\/?p=1790"},"modified":"2021-02-05T12:59:36","modified_gmt":"2021-02-05T12:59:36","slug":"perakendede-guven-endeksi-dustu","status":"publish","type":"post","link":"https:\/\/www.gidaperakendecileri.org\/?p=1790","title":{"rendered":"Perakendede G\u00fcven Endeksi D\u00fc\u015ft\u00fc"},"content":{"rendered":"\t\t<div data-elementor-type=\"wp-post\" data-elementor-id=\"1790\" class=\"elementor elementor-1790\">\n\t\t\t\t\t\t<section class=\"elementor-section elementor-top-section elementor-element elementor-element-3ef128ae elementor-section-boxed elementor-section-height-default elementor-section-height-default\" data-id=\"3ef128ae\" data-element_type=\"section\">\n\t\t\t\t\t\t<div class=\"elementor-container elementor-column-gap-default\">\n\t\t\t\t\t<div class=\"elementor-column elementor-col-100 elementor-top-column elementor-element elementor-element-6c0ce5df\" data-id=\"6c0ce5df\" data-element_type=\"column\">\n\t\t\t<div class=\"elementor-widget-wrap elementor-element-populated\">\n\t\t\t\t\t\t<div class=\"elementor-element elementor-element-5aacae7a elementor-widget elementor-widget-text-editor\" data-id=\"5aacae7a\" data-element_type=\"widget\" data-widget_type=\"text-editor.default\">\n\t\t\t\t<div class=\"elementor-widget-container\">\n\t\t\t\t\t\t\t\t\t<div class=\"td-paragraph-padding-1\"><h3><span style=\"color: #000000;\"><strong>T\u00fcrkiye \u0130statistik Kurumu (T\u00dc\u0130K), 2020 y\u0131l\u0131n\u0131n \u015eubat ay\u0131na ait \u2018Sekt\u00f6rel G\u00fcven Endeksleri&#8217; verisini yay\u0131mlad\u0131. Endekslere g\u00f6re, mevsim etkilerinden ar\u0131nd\u0131r\u0131lm\u0131\u015f g\u00fcven endeksi \u015eubat ay\u0131nda bir \u00f6nceki aya g\u00f6re; hizmet sekt\u00f6r\u00fcnde %3,4 artarken perakende ticaret sekt\u00f6r\u00fcnde %2 ve in\u015faat sekt\u00f6r\u00fcnde ise %5,7 azald\u0131.<\/strong><\/span><\/h3><p><span style=\"color: #000000;\"><img fetchpriority=\"high\" decoding=\"async\" class=\" wp-image-1793 alignleft\" src=\"https:\/\/www.gidaperakendecileri.org\/wp-content\/uploads\/2020\/02\/sektorel-guven-subat2020-1-300x128.jpg\" alt=\"\" width=\"399\" height=\"170\" srcset=\"https:\/\/www.gidaperakendecileri.org\/wp-content\/uploads\/2020\/02\/sektorel-guven-subat2020-1-300x128.jpg 300w, https:\/\/www.gidaperakendecileri.org\/wp-content\/uploads\/2020\/02\/sektorel-guven-subat2020-1-768x329.jpg 768w, https:\/\/www.gidaperakendecileri.org\/wp-content\/uploads\/2020\/02\/sektorel-guven-subat2020-1-696x298.jpg 696w, https:\/\/www.gidaperakendecileri.org\/wp-content\/uploads\/2020\/02\/sektorel-guven-subat2020-1.jpg 794w\" sizes=\"(max-width: 399px) 100vw, 399px\" \/>Mevsim etkilerinden ar\u0131nd\u0131r\u0131lm\u0131\u015f g\u00fcven endeksi, \u015eubat ay\u0131nda bir \u00f6nceki aya g\u00f6re; hizmet sekt\u00f6r\u00fcnde %3,4 artarken, perakende ticaret sekt\u00f6r\u00fcnde %2,0 ve in\u015faat sekt\u00f6r\u00fcnde ise %5,7 azald\u0131.<\/span><\/p><p><strong><span style=\"color: #000000;\"><img decoding=\"async\" class=\" wp-image-1791 alignleft\" src=\"https:\/\/www.gidaperakendecileri.org\/wp-content\/uploads\/2020\/02\/sektorel-guven-subat2020-2-300x136.jpg\" alt=\"\" width=\"405\" height=\"184\" srcset=\"https:\/\/www.gidaperakendecileri.org\/wp-content\/uploads\/2020\/02\/sektorel-guven-subat2020-2-300x136.jpg 300w, https:\/\/www.gidaperakendecileri.org\/wp-content\/uploads\/2020\/02\/sektorel-guven-subat2020-2.jpg 684w\" sizes=\"(max-width: 405px) 100vw, 405px\" \/>Perakende Ticaret Sekt\u00f6r\u00fc G\u00fcven Endeksi, 102,9 Oldu<\/span><\/strong><br \/><span style=\"color: #000000;\">Mevsim etkilerinden ar\u0131nd\u0131r\u0131lm\u0131\u015f perakende ticaret sekt\u00f6r\u00fc g\u00fcven endeksi \u015eubat ay\u0131nda %2,0 oran\u0131nda azalarak 102,9 de\u011ferini ald\u0131. Perakende ticaret sekt\u00f6r\u00fcnde bir \u00f6nceki aya g\u00f6re, mevcut mal stok seviyesi endeksi, %3,0 azalarak 107,8 oldu. Gelecek \u00fc\u00e7 ayl\u0131k d\u00f6nemde i\u015f hacmi-sat\u0131\u015flar beklentisi endeksi, %0,6 azalarak 105,0 de\u011ferini, son \u00fc\u00e7 ayl\u0131k d\u00f6nemde i\u015f hacmi sat\u0131\u015flar endeksi ise %2,4 azalarak 95,7 de\u011ferini ald\u0131.<\/span><\/p><p><strong><span style=\"color: #000000;\">Hizmet Sekt\u00f6r\u00fc G\u00fcven Endeksi, 98,5<\/span><\/strong><br \/><span style=\"color: #000000;\">Mevsim etkilerinden ar\u0131nd\u0131r\u0131lm\u0131\u015f hizmet sekt\u00f6r\u00fc g\u00fcven endeksi, Ocak ay\u0131nda 95,2 iken, \u015eubat ay\u0131nda %3,4 oran\u0131nda artarak 98,5 de\u011ferini ald\u0131. Hizmet sekt\u00f6r\u00fcnde bir \u00f6nceki aya g\u00f6re, gelecek \u00fc\u00e7 ayl\u0131k d\u00f6nemde hizmetlere olan talep beklentisi endeksi, %4,0 artarak 105,7 oldu. Son \u00fc\u00e7 ayl\u0131k d\u00f6nemde i\u015f durumu endeksi, %3,2 art\u0131\u015fla 95,1 de\u011ferini ald\u0131. Son \u00fc\u00e7 ayl\u0131k d\u00f6nemde hizmetlere olan talep endeksi ise %2,9 artarak 94,6 oldu.<\/span><\/p><p><strong><span style=\"color: #000000;\">\u0130n\u015faat Sekt\u00f6r\u00fc G\u00fcven Endeksi, 74,5<\/span><\/strong><br \/><span style=\"color: #000000;\">Mevsim etkilerinden ar\u0131nd\u0131r\u0131lm\u0131\u015f in\u015faat sekt\u00f6r\u00fc g\u00fcven endeksi bir \u00f6nceki ayda 78,9 iken, \u015eubat ay\u0131nda %5,7 oran\u0131nda azalarak 74,5 de\u011ferini ald\u0131. \u0130n\u015faat sekt\u00f6r\u00fcnde bir \u00f6nceki aya g\u00f6re, gelecek \u00fc\u00e7 ayl\u0131k d\u00f6nemde toplam \u00e7al\u0131\u015fan say\u0131s\u0131 beklentisi endeksi, %5,1 azalarak 88,5 oldu. Al\u0131nan kay\u0131tl\u0131 sipari\u015flerin mevcut d\u00fczeyi endeksi ise %6,5 azalarak 60,4 de\u011ferini ald\u0131.<\/span><\/p><\/div>\t\t\t\t\t\t\t\t<\/div>\n\t\t\t\t<\/div>\n\t\t\t\t\t<\/div>\n\t\t<\/div>\n\t\t\t\t\t<\/div>\n\t\t<\/section>\n\t\t\t\t<\/div>\n\t\t","protected":false},"excerpt":{"rendered":"<p>T\u00fcrkiye \u0130statistik Kurumu (T\u00dc\u0130K), 2020 y\u0131l\u0131n\u0131n \u015eubat ay\u0131na ait \u2018Sekt\u00f6rel G\u00fcven Endeksleri&#8217; verisini yay\u0131mlad\u0131. Endekslere g\u00f6re, mevsim etkilerinden ar\u0131nd\u0131r\u0131lm\u0131\u015f g\u00fcven endeksi \u015eubat ay\u0131nda bir \u00f6nceki aya g\u00f6re; hizmet sekt\u00f6r\u00fcnde %3,4 artarken perakende ticaret sekt\u00f6r\u00fcnde %2 ve in\u015faat sekt\u00f6r\u00fcnde ise %5,7 azald\u0131. Mevsim etkilerinden ar\u0131nd\u0131r\u0131lm\u0131\u015f g\u00fcven endeksi, \u015eubat ay\u0131nda bir \u00f6nceki aya g\u00f6re; hizmet sekt\u00f6r\u00fcnde %3,4 [&hellip;]<\/p>\n","protected":false},"author":1,"featured_media":1792,"comment_status":"closed","ping_status":"closed","sticky":false,"template":"","format":"standard","meta":{"_monsterinsights_skip_tracking":false,"_monsterinsights_sitenote_active":false,"_monsterinsights_sitenote_note":"","_monsterinsights_sitenote_category":0,"footnotes":""},"categories":[19,23,32],"tags":[],"class_list":{"0":"post-1790","1":"post","2":"type-post","3":"status-publish","4":"format-standard","5":"has-post-thumbnail","7":"category-gpdden-haberler","8":"category-haberler","9":"category-sektorden-haberler-haberler"},"featured_image_src":"https:\/\/www.gidaperakendecileri.org\/wp-content\/uploads\/2020\/02\/sektorel-guven-subat2020.jpg","author_info":{"display_name":"ph16171887571_m2ho1594","author_link":"https:\/\/www.gidaperakendecileri.org\/?author=1"},"yoast_head":"<!-- This site is optimized with the Yoast SEO plugin v26.7 - https:\/\/yoast.com\/wordpress\/plugins\/seo\/ -->\n<title>Perakendede G\u00fcven Endeksi D\u00fc\u015ft\u00fc - GPD<\/title>\n<meta name=\"robots\" content=\"index, follow, max-snippet:-1, max-image-preview:large, max-video-preview:-1\" \/>\n<link rel=\"canonical\" href=\"https:\/\/www.gidaperakendecileri.org\/?p=1790\" \/>\n<meta property=\"og:locale\" content=\"en_US\" \/>\n<meta property=\"og:type\" content=\"article\" \/>\n<meta property=\"og:title\" content=\"Perakendede G\u00fcven Endeksi D\u00fc\u015ft\u00fc - GPD\" \/>\n<meta property=\"og:description\" content=\"T\u00fcrkiye \u0130statistik Kurumu (T\u00dc\u0130K), 2020 y\u0131l\u0131n\u0131n \u015eubat ay\u0131na ait \u2018Sekt\u00f6rel G\u00fcven Endeksleri&#8217; verisini yay\u0131mlad\u0131. Endekslere g\u00f6re, mevsim etkilerinden ar\u0131nd\u0131r\u0131lm\u0131\u015f g\u00fcven endeksi \u015eubat ay\u0131nda bir \u00f6nceki aya g\u00f6re; hizmet sekt\u00f6r\u00fcnde %3,4 artarken perakende ticaret sekt\u00f6r\u00fcnde %2 ve in\u015faat sekt\u00f6r\u00fcnde ise %5,7 azald\u0131. Mevsim etkilerinden ar\u0131nd\u0131r\u0131lm\u0131\u015f g\u00fcven endeksi, \u015eubat ay\u0131nda bir \u00f6nceki aya g\u00f6re; hizmet sekt\u00f6r\u00fcnde %3,4 [&hellip;]\" \/>\n<meta property=\"og:url\" content=\"https:\/\/www.gidaperakendecileri.org\/?p=1790\" \/>\n<meta property=\"og:site_name\" content=\"GPD\" \/>\n<meta property=\"article:published_time\" content=\"2020-02-25T13:06:21+00:00\" \/>\n<meta property=\"article:modified_time\" content=\"2021-02-05T12:59:36+00:00\" \/>\n<meta property=\"og:image\" content=\"https:\/\/www.gidaperakendecileri.org\/wp-content\/uploads\/2020\/02\/sektorel-guven-subat2020.jpg\" \/>\n\t<meta property=\"og:image:width\" content=\"1181\" \/>\n\t<meta property=\"og:image:height\" content=\"787\" \/>\n\t<meta property=\"og:image:type\" content=\"image\/jpeg\" \/>\n<meta name=\"author\" content=\"ph16171887571_m2ho1594\" \/>\n<meta name=\"twitter:card\" content=\"summary_large_image\" \/>\n<meta name=\"twitter:label1\" content=\"Written by\" \/>\n\t<meta name=\"twitter:data1\" content=\"ph16171887571_m2ho1594\" \/>\n\t<meta name=\"twitter:label2\" content=\"Est. reading time\" \/>\n\t<meta name=\"twitter:data2\" content=\"2 minutes\" \/>\n<script type=\"application\/ld+json\" class=\"yoast-schema-graph\">{\"@context\":\"https:\/\/schema.org\",\"@graph\":[{\"@type\":\"Article\",\"@id\":\"https:\/\/www.gidaperakendecileri.org\/?p=1790#article\",\"isPartOf\":{\"@id\":\"https:\/\/www.gidaperakendecileri.org\/?p=1790\"},\"author\":{\"name\":\"ph16171887571_m2ho1594\",\"@id\":\"https:\/\/www.gidaperakendecileri.org\/#\/schema\/person\/2a9973560de07919114aa1faead0a371\"},\"headline\":\"Perakendede G\u00fcven Endeksi D\u00fc\u015ft\u00fc\",\"datePublished\":\"2020-02-25T13:06:21+00:00\",\"dateModified\":\"2021-02-05T12:59:36+00:00\",\"mainEntityOfPage\":{\"@id\":\"https:\/\/www.gidaperakendecileri.org\/?p=1790\"},\"wordCount\":325,\"image\":{\"@id\":\"https:\/\/www.gidaperakendecileri.org\/?p=1790#primaryimage\"},\"thumbnailUrl\":\"https:\/\/www.gidaperakendecileri.org\/wp-content\/uploads\/2020\/02\/sektorel-guven-subat2020.jpg\",\"articleSection\":[\"GPD'den Haberler\",\"Haberler\",\"Sekt\u00f6rden Haberler\"],\"inLanguage\":\"en-US\"},{\"@type\":\"WebPage\",\"@id\":\"https:\/\/www.gidaperakendecileri.org\/?p=1790\",\"url\":\"https:\/\/www.gidaperakendecileri.org\/?p=1790\",\"name\":\"Perakendede G\u00fcven Endeksi D\u00fc\u015ft\u00fc - GPD\",\"isPartOf\":{\"@id\":\"https:\/\/www.gidaperakendecileri.org\/#website\"},\"primaryImageOfPage\":{\"@id\":\"https:\/\/www.gidaperakendecileri.org\/?p=1790#primaryimage\"},\"image\":{\"@id\":\"https:\/\/www.gidaperakendecileri.org\/?p=1790#primaryimage\"},\"thumbnailUrl\":\"https:\/\/www.gidaperakendecileri.org\/wp-content\/uploads\/2020\/02\/sektorel-guven-subat2020.jpg\",\"datePublished\":\"2020-02-25T13:06:21+00:00\",\"dateModified\":\"2021-02-05T12:59:36+00:00\",\"author\":{\"@id\":\"https:\/\/www.gidaperakendecileri.org\/#\/schema\/person\/2a9973560de07919114aa1faead0a371\"},\"breadcrumb\":{\"@id\":\"https:\/\/www.gidaperakendecileri.org\/?p=1790#breadcrumb\"},\"inLanguage\":\"en-US\",\"potentialAction\":[{\"@type\":\"ReadAction\",\"target\":[\"https:\/\/www.gidaperakendecileri.org\/?p=1790\"]}]},{\"@type\":\"ImageObject\",\"inLanguage\":\"en-US\",\"@id\":\"https:\/\/www.gidaperakendecileri.org\/?p=1790#primaryimage\",\"url\":\"https:\/\/www.gidaperakendecileri.org\/wp-content\/uploads\/2020\/02\/sektorel-guven-subat2020.jpg\",\"contentUrl\":\"https:\/\/www.gidaperakendecileri.org\/wp-content\/uploads\/2020\/02\/sektorel-guven-subat2020.jpg\",\"width\":1181,\"height\":787},{\"@type\":\"BreadcrumbList\",\"@id\":\"https:\/\/www.gidaperakendecileri.org\/?p=1790#breadcrumb\",\"itemListElement\":[{\"@type\":\"ListItem\",\"position\":1,\"name\":\"Home\",\"item\":\"https:\/\/www.gidaperakendecileri.org\/\"},{\"@type\":\"ListItem\",\"position\":2,\"name\":\"Perakendede G\u00fcven Endeksi D\u00fc\u015ft\u00fc\"}]},{\"@type\":\"WebSite\",\"@id\":\"https:\/\/www.gidaperakendecileri.org\/#website\",\"url\":\"https:\/\/www.gidaperakendecileri.org\/\",\"name\":\"GPD\",\"description\":\"G\u0131da Perakendecileri Derne\u011fi\",\"potentialAction\":[{\"@type\":\"SearchAction\",\"target\":{\"@type\":\"EntryPoint\",\"urlTemplate\":\"https:\/\/www.gidaperakendecileri.org\/?s={search_term_string}\"},\"query-input\":{\"@type\":\"PropertyValueSpecification\",\"valueRequired\":true,\"valueName\":\"search_term_string\"}}],\"inLanguage\":\"en-US\"},{\"@type\":\"Person\",\"@id\":\"https:\/\/www.gidaperakendecileri.org\/#\/schema\/person\/2a9973560de07919114aa1faead0a371\",\"name\":\"ph16171887571_m2ho1594\",\"image\":{\"@type\":\"ImageObject\",\"inLanguage\":\"en-US\",\"@id\":\"https:\/\/www.gidaperakendecileri.org\/#\/schema\/person\/image\/\",\"url\":\"https:\/\/secure.gravatar.com\/avatar\/6aa3f1f40edc90be5904b6c95a027d0e9963a528a5b2f13ee07d82a1baae7c25?s=96&d=mm&r=g\",\"contentUrl\":\"https:\/\/secure.gravatar.com\/avatar\/6aa3f1f40edc90be5904b6c95a027d0e9963a528a5b2f13ee07d82a1baae7c25?s=96&d=mm&r=g\",\"caption\":\"ph16171887571_m2ho1594\"},\"url\":\"https:\/\/www.gidaperakendecileri.org\/?author=1\"}]}<\/script>\n<!-- \/ Yoast SEO plugin. -->","yoast_head_json":{"title":"Perakendede G\u00fcven Endeksi D\u00fc\u015ft\u00fc - GPD","robots":{"index":"index","follow":"follow","max-snippet":"max-snippet:-1","max-image-preview":"max-image-preview:large","max-video-preview":"max-video-preview:-1"},"canonical":"https:\/\/www.gidaperakendecileri.org\/?p=1790","og_locale":"en_US","og_type":"article","og_title":"Perakendede G\u00fcven Endeksi D\u00fc\u015ft\u00fc - GPD","og_description":"T\u00fcrkiye \u0130statistik Kurumu (T\u00dc\u0130K), 2020 y\u0131l\u0131n\u0131n \u015eubat ay\u0131na ait \u2018Sekt\u00f6rel G\u00fcven Endeksleri&#8217; verisini yay\u0131mlad\u0131. Endekslere g\u00f6re, mevsim etkilerinden ar\u0131nd\u0131r\u0131lm\u0131\u015f g\u00fcven endeksi \u015eubat ay\u0131nda bir \u00f6nceki aya g\u00f6re; hizmet sekt\u00f6r\u00fcnde %3,4 artarken perakende ticaret sekt\u00f6r\u00fcnde %2 ve in\u015faat sekt\u00f6r\u00fcnde ise %5,7 azald\u0131. Mevsim etkilerinden ar\u0131nd\u0131r\u0131lm\u0131\u015f g\u00fcven endeksi, \u015eubat ay\u0131nda bir \u00f6nceki aya g\u00f6re; hizmet sekt\u00f6r\u00fcnde %3,4 [&hellip;]","og_url":"https:\/\/www.gidaperakendecileri.org\/?p=1790","og_site_name":"GPD","article_published_time":"2020-02-25T13:06:21+00:00","article_modified_time":"2021-02-05T12:59:36+00:00","og_image":[{"width":1181,"height":787,"url":"https:\/\/www.gidaperakendecileri.org\/wp-content\/uploads\/2020\/02\/sektorel-guven-subat2020.jpg","type":"image\/jpeg"}],"author":"ph16171887571_m2ho1594","twitter_card":"summary_large_image","twitter_misc":{"Written by":"ph16171887571_m2ho1594","Est. reading time":"2 minutes"},"schema":{"@context":"https:\/\/schema.org","@graph":[{"@type":"Article","@id":"https:\/\/www.gidaperakendecileri.org\/?p=1790#article","isPartOf":{"@id":"https:\/\/www.gidaperakendecileri.org\/?p=1790"},"author":{"name":"ph16171887571_m2ho1594","@id":"https:\/\/www.gidaperakendecileri.org\/#\/schema\/person\/2a9973560de07919114aa1faead0a371"},"headline":"Perakendede G\u00fcven Endeksi D\u00fc\u015ft\u00fc","datePublished":"2020-02-25T13:06:21+00:00","dateModified":"2021-02-05T12:59:36+00:00","mainEntityOfPage":{"@id":"https:\/\/www.gidaperakendecileri.org\/?p=1790"},"wordCount":325,"image":{"@id":"https:\/\/www.gidaperakendecileri.org\/?p=1790#primaryimage"},"thumbnailUrl":"https:\/\/www.gidaperakendecileri.org\/wp-content\/uploads\/2020\/02\/sektorel-guven-subat2020.jpg","articleSection":["GPD'den Haberler","Haberler","Sekt\u00f6rden Haberler"],"inLanguage":"en-US"},{"@type":"WebPage","@id":"https:\/\/www.gidaperakendecileri.org\/?p=1790","url":"https:\/\/www.gidaperakendecileri.org\/?p=1790","name":"Perakendede G\u00fcven Endeksi D\u00fc\u015ft\u00fc - GPD","isPartOf":{"@id":"https:\/\/www.gidaperakendecileri.org\/#website"},"primaryImageOfPage":{"@id":"https:\/\/www.gidaperakendecileri.org\/?p=1790#primaryimage"},"image":{"@id":"https:\/\/www.gidaperakendecileri.org\/?p=1790#primaryimage"},"thumbnailUrl":"https:\/\/www.gidaperakendecileri.org\/wp-content\/uploads\/2020\/02\/sektorel-guven-subat2020.jpg","datePublished":"2020-02-25T13:06:21+00:00","dateModified":"2021-02-05T12:59:36+00:00","author":{"@id":"https:\/\/www.gidaperakendecileri.org\/#\/schema\/person\/2a9973560de07919114aa1faead0a371"},"breadcrumb":{"@id":"https:\/\/www.gidaperakendecileri.org\/?p=1790#breadcrumb"},"inLanguage":"en-US","potentialAction":[{"@type":"ReadAction","target":["https:\/\/www.gidaperakendecileri.org\/?p=1790"]}]},{"@type":"ImageObject","inLanguage":"en-US","@id":"https:\/\/www.gidaperakendecileri.org\/?p=1790#primaryimage","url":"https:\/\/www.gidaperakendecileri.org\/wp-content\/uploads\/2020\/02\/sektorel-guven-subat2020.jpg","contentUrl":"https:\/\/www.gidaperakendecileri.org\/wp-content\/uploads\/2020\/02\/sektorel-guven-subat2020.jpg","width":1181,"height":787},{"@type":"BreadcrumbList","@id":"https:\/\/www.gidaperakendecileri.org\/?p=1790#breadcrumb","itemListElement":[{"@type":"ListItem","position":1,"name":"Home","item":"https:\/\/www.gidaperakendecileri.org\/"},{"@type":"ListItem","position":2,"name":"Perakendede G\u00fcven Endeksi D\u00fc\u015ft\u00fc"}]},{"@type":"WebSite","@id":"https:\/\/www.gidaperakendecileri.org\/#website","url":"https:\/\/www.gidaperakendecileri.org\/","name":"GPD","description":"G\u0131da Perakendecileri Derne\u011fi","potentialAction":[{"@type":"SearchAction","target":{"@type":"EntryPoint","urlTemplate":"https:\/\/www.gidaperakendecileri.org\/?s={search_term_string}"},"query-input":{"@type":"PropertyValueSpecification","valueRequired":true,"valueName":"search_term_string"}}],"inLanguage":"en-US"},{"@type":"Person","@id":"https:\/\/www.gidaperakendecileri.org\/#\/schema\/person\/2a9973560de07919114aa1faead0a371","name":"ph16171887571_m2ho1594","image":{"@type":"ImageObject","inLanguage":"en-US","@id":"https:\/\/www.gidaperakendecileri.org\/#\/schema\/person\/image\/","url":"https:\/\/secure.gravatar.com\/avatar\/6aa3f1f40edc90be5904b6c95a027d0e9963a528a5b2f13ee07d82a1baae7c25?s=96&d=mm&r=g","contentUrl":"https:\/\/secure.gravatar.com\/avatar\/6aa3f1f40edc90be5904b6c95a027d0e9963a528a5b2f13ee07d82a1baae7c25?s=96&d=mm&r=g","caption":"ph16171887571_m2ho1594"},"url":"https:\/\/www.gidaperakendecileri.org\/?author=1"}]}},"amp_enabled":true,"_links":{"self":[{"href":"https:\/\/www.gidaperakendecileri.org\/index.php?rest_route=\/wp\/v2\/posts\/1790","targetHints":{"allow":["GET"]}}],"collection":[{"href":"https:\/\/www.gidaperakendecileri.org\/index.php?rest_route=\/wp\/v2\/posts"}],"about":[{"href":"https:\/\/www.gidaperakendecileri.org\/index.php?rest_route=\/wp\/v2\/types\/post"}],"author":[{"embeddable":true,"href":"https:\/\/www.gidaperakendecileri.org\/index.php?rest_route=\/wp\/v2\/users\/1"}],"replies":[{"embeddable":true,"href":"https:\/\/www.gidaperakendecileri.org\/index.php?rest_route=%2Fwp%2Fv2%2Fcomments&post=1790"}],"version-history":[{"count":3,"href":"https:\/\/www.gidaperakendecileri.org\/index.php?rest_route=\/wp\/v2\/posts\/1790\/revisions"}],"predecessor-version":[{"id":1796,"href":"https:\/\/www.gidaperakendecileri.org\/index.php?rest_route=\/wp\/v2\/posts\/1790\/revisions\/1796"}],"wp:featuredmedia":[{"embeddable":true,"href":"https:\/\/www.gidaperakendecileri.org\/index.php?rest_route=\/wp\/v2\/media\/1792"}],"wp:attachment":[{"href":"https:\/\/www.gidaperakendecileri.org\/index.php?rest_route=%2Fwp%2Fv2%2Fmedia&parent=1790"}],"wp:term":[{"taxonomy":"category","embeddable":true,"href":"https:\/\/www.gidaperakendecileri.org\/index.php?rest_route=%2Fwp%2Fv2%2Fcategories&post=1790"},{"taxonomy":"post_tag","embeddable":true,"href":"https:\/\/www.gidaperakendecileri.org\/index.php?rest_route=%2Fwp%2Fv2%2Ftags&post=1790"}],"curies":[{"name":"wp","href":"https:\/\/api.w.org\/{rel}","templated":true}]}}