{"id":1355,"date":"2019-10-21T10:49:34","date_gmt":"2019-10-21T10:49:34","guid":{"rendered":"https:\/\/www.gidaperakendecileri.org\/?p=1355"},"modified":"2021-02-05T13:00:07","modified_gmt":"2021-02-05T13:00:07","slug":"5-surdurulebilir-gida-zirvesinde-gidanin-gelecegi-masaya-yatirildi","status":"publish","type":"post","link":"https:\/\/www.gidaperakendecileri.org\/?p=1355","title":{"rendered":"5. S\u00fcrd\u00fcr\u00fclebilir G\u0131da Zirvesi\u2019nde G\u0131dan\u0131n Gelece\u011fi Masaya Yat\u0131r\u0131ld\u0131"},"content":{"rendered":"\t\t<div data-elementor-type=\"wp-post\" data-elementor-id=\"1355\" class=\"elementor elementor-1355\">\n\t\t\t\t\t\t<section class=\"elementor-section elementor-top-section elementor-element elementor-element-3ef128ae elementor-section-boxed elementor-section-height-default elementor-section-height-default\" data-id=\"3ef128ae\" data-element_type=\"section\">\n\t\t\t\t\t\t<div class=\"elementor-container elementor-column-gap-default\">\n\t\t\t\t\t<div class=\"elementor-column elementor-col-100 elementor-top-column elementor-element elementor-element-6c0ce5df\" data-id=\"6c0ce5df\" data-element_type=\"column\">\n\t\t\t<div class=\"elementor-widget-wrap elementor-element-populated\">\n\t\t\t\t\t\t<div class=\"elementor-element elementor-element-5aacae7a elementor-widget elementor-widget-text-editor\" data-id=\"5aacae7a\" data-element_type=\"widget\" data-widget_type=\"text-editor.default\">\n\t\t\t\t<div class=\"elementor-widget-container\">\n\t\t\t\t\t\t\t\t\t<div class=\"td-paragraph-padding-1\"><h3><span style=\"color: #000000;\"><strong>S\u00fcrd\u00fcr\u00fclebilirlik Akademisi ve T\u00dcG\u0130S taraf\u0131ndan d\u00fczenlenen S\u00fcrd\u00fcr\u00fclebilir G\u0131da Zirvesi bu y\u0131l, \u2018G\u0131da Sekt\u00f6r\u00fcnde De\u011fi\u015fim\u2019 ana temas\u0131 ile T.C. Tar\u0131m Orman Bakanl\u0131\u011f\u0131 ve BM G\u0131da ve Tar\u0131m \u00d6rg\u00fct\u00fc-FAO\u2019nun destekleriyle Fairmont Quasar Oteli\u2019nde ger\u00e7ekle\u015ftirildi. Beslenme al\u0131\u015fkanl\u0131klar\u0131 sonucunda ya\u015fanan obezite ve a\u00e7l\u0131k sorunlar\u0131n\u0131n masaya yat\u0131r\u0131ld\u0131\u011f\u0131 zirvede konu\u015fmac\u0131lar g\u0131da israf\u0131n\u0131 \u00f6nleme, s\u00fcrd\u00fcr\u00fclebilir beslenme ve sa\u011fl\u0131kl\u0131 g\u0131da hakk\u0131nda g\u00f6r\u00fc\u015f ve de\u011ferlendirmelerde bulundular. <\/strong><\/span><\/h3><p><span style=\"color: #000000;\">G\u0131dan\u0131n bug\u00fcn\u00fc ile ilgili t\u00fcm konular\u0131na, f\u0131rsatlara, sorunlara ve risklere b\u00fct\u00fcnsel bir yakla\u015f\u0131mla \u00f6nc\u00fcl\u00fck etmeyi ama\u00e7layan ve bu sene be\u015finci kez d\u00fczenlenen S\u00fcrd\u00fcr\u00fclebilir G\u0131da Zirvesi, S\u00fcrd\u00fcr\u00fclebilirlik Akademisi ve T\u00dcG\u0130S taraf\u0131ndan, T.C. Tar\u0131m Orman Bakanl\u0131\u011f\u0131 ve BM G\u0131da ve Tar\u0131m \u00d6rg\u00fct\u00fc-FAO\u2019nun destekleriyle Fairmont Quasar Oteli\u2019nde ger\u00e7ekle\u015fti.<\/span><\/p><p><span style=\"color: #000000;\"><strong>\u201cSa\u011fl\u0131ks\u0131z Yeme Al\u0131\u015fkanl\u0131klar\u0131, Yakla\u015f\u0131k 2 Trilyon Dolar Maliyet Demek\u201d<\/strong><\/span><br \/><span style=\"color: #000000;\">S\u00fcrd\u00fcr\u00fclebilir G\u0131da Zirvesi\u2019nin a\u00e7\u0131l\u0131nda konu\u015fan Tar\u0131m ve Orman Bakan\u0131 Bekir Pakdemirli, d\u00fcnyada ne kadar a\u00e7 varsa o kadar da obez bulundu\u011funu s\u00f6yledi. Pekdemirli \u201cSa\u011fl\u0131ks\u0131z yeme al\u0131\u015fkanl\u0131klar\u0131 y\u0131lda 2 trilyon dolara yakla\u015fan maliyetiyle h\u00fck\u00fcmetlerin sa\u011fl\u0131\u011fa ay\u0131rd\u0131klar\u0131 kaynak ve b\u00fct\u00e7elerinin \u00fczerinde b\u00fcy\u00fck bir y\u00fck olu\u015fturuyor\u201d dedi. D\u00fcnyan\u0131n farkl\u0131 \u00fclkelerinde ya\u015fayan insanlar\u0131n gelir da\u011f\u0131l\u0131m\u0131 adaletsizli\u011fi nedeniyle ya\u015fam kalitelerinde fark oldu\u011funu dile getiren Pakdemirli, g\u0131da israf\u0131 ve s\u00fcrd\u00fcr\u00fclebilir kalk\u0131nma konusunda yap\u0131labilecek i\u015f birliklerinin \u00f6nemine i\u015faret etti. Pakdemirli, \u201c\u015eunun alt\u0131n\u0131 \u00e7izmek gerekir ki s\u00fcrd\u00fcr\u00fclebilir g\u0131da sistemleri ve sa\u011fl\u0131kl\u0131 beslenme ile a\u00e7l\u0131\u011fa son vermek gelecek nesillere borcumuzdur. Bu ancak bireysel ve toplumsal bir i\u015f birli\u011fi ve g\u00fc\u00e7 birli\u011fiyle m\u00fcmk\u00fcn olur\u201d dedi.<\/span><\/p><p><span style=\"color: #000000;\"><strong><img fetchpriority=\"high\" decoding=\"async\" class=\"size-medium wp-image-1364 alignleft\" src=\"https:\/\/www.gidaperakendecileri.org\/wp-content\/uploads\/2019\/10\/1571319285_MuratSungur_Bursa-300x200.jpg\" alt=\"\" width=\"300\" height=\"200\" srcset=\"https:\/\/www.gidaperakendecileri.org\/wp-content\/uploads\/2019\/10\/1571319285_MuratSungur_Bursa-300x200.jpg 300w, https:\/\/www.gidaperakendecileri.org\/wp-content\/uploads\/2019\/10\/1571319285_MuratSungur_Bursa-768x512.jpg 768w, https:\/\/www.gidaperakendecileri.org\/wp-content\/uploads\/2019\/10\/1571319285_MuratSungur_Bursa-1024x683.jpg 1024w, https:\/\/www.gidaperakendecileri.org\/wp-content\/uploads\/2019\/10\/1571319285_MuratSungur_Bursa-696x464.jpg 696w, https:\/\/www.gidaperakendecileri.org\/wp-content\/uploads\/2019\/10\/1571319285_MuratSungur_Bursa-1068x712.jpg 1068w, https:\/\/www.gidaperakendecileri.org\/wp-content\/uploads\/2019\/10\/1571319285_MuratSungur_Bursa-630x420.jpg 630w, https:\/\/www.gidaperakendecileri.org\/wp-content\/uploads\/2019\/10\/1571319285_MuratSungur_Bursa.jpg 1417w\" sizes=\"(max-width: 300px) 100vw, 300px\" \/>Ana Eksende S\u00fcrd\u00fcrebilirlik Olmal\u0131<\/strong><\/span><br \/><span style=\"color: #000000;\">A\u00e7\u0131l\u0131\u015f konu\u015fmas\u0131n\u0131 yapan S\u00fcrd\u00fcr\u00fclebilirlik Akademisi Ba\u015fkan\u0131 Murat Sungur Bursa \u201c\u0130\u015f d\u00fcnyas\u0131nda de\u011fi\u015fim yaratma, gelece\u011fi \u015fekillendirme ve de\u011fi\u015fimi y\u00f6netme mottosuyla yola \u00e7\u0131kt\u0131k. Amac\u0131m\u0131z s\u00fcrd\u00fcrebilirli\u011fi hem yerelde hem de globalde i\u015f d\u00fcnyas\u0131n\u0131n ana eksenine koymak. Kurum ve bireyleri s\u00fcrd\u00fcr\u00fclebilirlik konusunda cesaretlendirmek, bu i\u015f modellerini \u00f6zendirmek ve cazip k\u0131lmak i\u00e7in \u00e7al\u0131\u015f\u0131yoruz\u201d dedi.<\/span><\/p><p><span style=\"color: #000000;\"><strong>D\u00fcnyada A\u00e7l\u0131k Art\u0131yor<\/strong><\/span><br \/><span style=\"color: #000000;\">A\u00e7\u0131l\u0131\u015fta konu\u015fan T\u00dcG\u0130S Y\u00f6netim Kurulu Ba\u015fkan\u0131 Necdet Buzba\u015f konu\u015fmas\u0131nda, d\u00fcnyada a\u00e7l\u0131k \u00e7ekenlerin sesi olmak i\u00e7in s\u00fcrd\u00fcr\u00fclebilirli\u011fin \u00e7ok \u00f6nemli oldu\u011funu s\u00f6yledi. Buzba\u015f, \u201cSa\u011fl\u0131kl\u0131 ve s\u00fcrd\u00fcr\u00fclebilir beslenmeyi herkese ula\u015ft\u0131rabilmeyi hedefliyoruz. De\u011fi\u015fen d\u00fcnyada beslenme de de\u011fi\u015fti, hareketsizlik artt\u0131. Bir yandan obezite artarken bir yandan da a\u00e7l\u0131k art\u0131yor. D\u00fcnyada 8 milyona yak\u0131n a\u00e7l\u0131k \u00e7eken insan var. Bunlar\u0131n \u00f6n\u00fcne ge\u00e7mek i\u00e7in s\u00fcrd\u00fcr\u00fclebilir beslenme y\u00f6ntemlerini benimsemek \u00e7ok \u00f6nemli\u201d diye konu\u015ftu.<\/span><\/p><p><span style=\"color: #000000;\"><strong>G\u0131da \u0130sraf\u0131n\u0131 \u00d6nlemek \u0130\u00e7in \u00c7evresel Varl\u0131klar Korunmal\u0131<\/strong><\/span><br \/><span style=\"color: #000000;\">G\u0131da Sanayi\u2019nin Gelecek Yolculu\u011fu oturumunda konu\u015fan Y\u0131ld\u0131z Holding S\u00fcrd\u00fcr\u00fclebilirlik Genel M\u00fcd\u00fcr\u00fc Beg\u00fcm Mutu\u015f, \u201cY\u0131ld\u0131z Holding olarak g\u0131da israf\u0131n\u0131n \u00f6n\u00fcne ge\u00e7ebilmek ve s\u00fcrd\u00fcr\u00fclebilir bir \u00fcretim sa\u011flamak ad\u0131na, \u00fclkemizin ihtiya\u00e7 duydu\u011fu iyi uygulamalar geli\u015ftirmeyi \u00e7ok \u00f6nemsiyoruz. Yapt\u0131\u011f\u0131m\u0131z t\u00fcm i\u015flerde \u00e7evresel varl\u0131klar\u0131n korunmas\u0131n\u0131 ve refah seviyesi y\u00fcksek bir toplum geli\u015fimini sa\u011flamay\u0131 hedefliyor; de\u011fer odakl\u0131 bir ekonomik kalk\u0131nma modelini hayata ge\u00e7irmeyi ama\u00e7l\u0131yoruz. 60 bini a\u015fk\u0131n \u00e7al\u0131\u015fan\u0131m\u0131z, 5 bin 200 tedarik\u00e7imiz, 2 bin 900 \u00e7ift\u00e7imiz ve 400 distrib\u00fct\u00f6r ile T\u00fcrkiye\u2019de bir\u00e7ok alanda \u00f6nc\u00fc konumumuzun getirdi\u011fi sorumluluk ile gelecek ad\u0131mlar\u0131m\u0131z\u0131 planl\u0131yoruz\u201d dedi.<\/span><\/p><p><span style=\"color: #000000;\"><strong>Beslenme D\u00f6n\u00fc\u015f\u00fcm\u00fc \u0130\u00e7in Sa\u011fl\u0131kl\u0131 T\u00fcketim ve S\u00fcrd\u00fcr\u00fclebilir \u00dcretim<\/strong><\/span><br \/><span style=\"color: #000000;\">\u201cGelecek Nesil \u00dcr\u00fcnlerle Gelece\u011fin G\u0131da Sistemini Birlikte Yaratmak\u201d oturumunda konu\u015fan Aromsa Y\u00f6netim Kurulu Ba\u015fkan\u0131 Murat Yasa, \u201c43 y\u0131ld\u0131r g\u0131da sanayisinde \u00e7al\u0131\u015f\u0131yorum. 2050 y\u0131l\u0131nda d\u00fcnya n\u00fcfusunun 10 milyar olmas\u0131 bekleniyor. Obezite sonucunda kalp hastal\u0131klar\u0131 artt\u0131. G\u00fcnl\u00fck ald\u0131\u011f\u0131m\u0131z kalori miktar\u0131 2500\u2019leri buluyor. Bunlar\u0131 2100\u2019lere d\u00fc\u015f\u00fcrmeliyiz. Di\u011fer yanda ise d\u00fcnyada 820 milyon ki\u015fi yata\u011fa a\u00e7 giriyor, bunlar\u0131n \u00f6nlenmesine destek olmak i\u00e7in \u00e7al\u0131\u015f\u0131yoruz. Beslenmede b\u00fcy\u00fck d\u00f6n\u00fc\u015f\u00fcm ancak sa\u011fl\u0131kl\u0131 t\u00fcketim ve s\u00fcrd\u00fcr\u00fclebilir \u00fcretim ile olur\u201d dedi.<\/span><\/p><p><span style=\"color: #000000;\"><strong>Politik \u00c7al\u0131\u015fmalar Yap\u0131lmal\u0131<\/strong><\/span><br \/><span style=\"color: #000000;\">\u201cEn \u0130yi G\u0131da Nerede: K\u00fcresel G\u0131da S\u00fcrd\u00fcr\u00fclebilirlik Endeksi\u201d oturumunda konu\u015fan Economist Intelligence Unit (EIU) Thought Leadership Edit\u00f6r\u00fc Martin Koehring, Barilla G\u0131da ve Beslenme Merkezi\u2019nin (BCFN) talebiyle yap\u0131lan g\u0131da s\u00fcrd\u00fcr\u00fclebilirlik endeksi \u00e7al\u0131\u015fmas\u0131 hakk\u0131nda bilgi verdi. S\u00fcrd\u00fcr\u00fclebilir tar\u0131m, beslenme sorunlar\u0131 ve g\u0131da israf\u0131 konular\u0131n\u0131n birbiriyle nas\u0131l ba\u011fl\u0131 oldu\u011funu ortaya koyan raporda T\u00fcrkiye, genel s\u0131ralamada 19. s\u0131ray\u0131 ald\u0131. Koehring, \u201cFransa\u2019n\u0131n g\u0131da israf\u0131n\u0131 ortadan kald\u0131rmaya y\u00f6nelik ger\u00e7ekten kapsaml\u0131 bir politika \u00e7er\u00e7evesi var. Kanunlarda, s\u00fcpermarketlerin fazla g\u0131dalar\u0131 hay\u0131r kurulu\u015flar\u0131na ba\u011f\u0131\u015flamas\u0131n\u0131 \u015fart ko\u015fan y\u00fck\u00fcml\u00fcl\u00fckleri var. \u0130talya, g\u0131da te\u015fviklerini te\u015fvik eden yasalar\u0131 sayesinde endekste y\u00fcksek puan ald\u0131. G\u0131da israf\u0131n\u0131 \u00f6nlemek isteyen di\u011fer \u00fclkeler de bu yasalar\u0131 \u00f6rnek alabilir\u201d dedi.<\/span><\/p><p><span style=\"color: #000000;\"><strong>S\u00fcrd\u00fcrebilir Kalk\u0131nma Hedefleri Benimsemeli<\/strong><\/span><br \/><span style=\"color: #000000;\">\u201cS\u00fcrd\u00fcr\u00fclebilir Kalk\u0131nma Ama\u00e7lar\u0131n\u0131 G\u0131da Sanayisinde Etkinle\u015ftirmek\u201d oturumunda konu\u015fan S\u00fcrd\u00fcr\u00fclebilirlik Akademisi Y\u00f6netim Kurulu \u00dcyesi Semra Sevin\u00e7, \u201cBug\u00fcn h\u0131zla artan bir n\u00fcfus ve artan \u015fehirle\u015fme var. Bunlar\u0131n sonucunda farkl\u0131 t\u00fcketim ve ya\u015fam modelleri olu\u015ftu ve beslenme \u015fekilleri de\u011fi\u015fti. \u0130klim krizleri ya\u015fan\u0131yor ve dolay\u0131s\u0131yla do\u011fal kaynaklar t\u00fckeniyor. Halihaz\u0131rdaki \u00fcretim modelimiz ile bunun \u00f6n\u00fcne ge\u00e7emeyiz. Hem devlet hem de \u00f6zel sekt\u00f6r, s\u00fcrd\u00fcrebilir kalk\u0131nma hedeflerini benimsemeli\u201d \u015feklinde konu\u015ftu.<\/span><\/p><p><span style=\"color: #000000;\"><strong>G\u0131dan\u0131n Gelecek 50 y\u0131l\u0131<\/strong><\/span><br \/><span style=\"color: #000000;\">\u201cG\u0131dan\u0131n Gelecek 50 Y\u0131l\u0131nda Bizleri Neler Bekliyor\u201d oturumunda konu\u015fan Unilever G\u0131da Kategorisi Pazarlama Direkt\u00f6r\u00fc Asl\u0131 Erdo\u011fan Canbaz, s\u00fcrd\u00fcrebilir gelecek yaratman\u0131n \u00f6nemine de\u011findi. Canbaz \u201cMarka olarak hem T\u00fcrkiye\u2019de hem de globalde \u00e7al\u0131\u015f\u0131yoruz. G\u0131dan\u0131n gelecek 50 y\u0131l\u0131nda bizi bir\u00e7ok tehlikenin bekledi\u011fi a\u015fik\u00e2r. Knorr olarak yay\u0131nlad\u0131\u011f\u0131m\u0131z \u2018Gelece\u011fin 50 G\u0131das\u0131\u2019 raporunda d\u00fcnyan\u0131n d\u00f6rt bir taraf\u0131ndan dikkatle se\u00e7ilmi\u015f bir\u00e7ok farkl\u0131 \u00e7e\u015fit g\u0131day\u0131 listeledik. Bug\u00fcn kulland\u0131\u011f\u0131m\u0131z zararl\u0131 besinleri kullanmaya devam edersek ciddi sonu\u00e7lar\u0131 olacakt\u0131r\u201d dedi.<\/span><\/p><p><span style=\"color: #000000;\"><strong>\u201cBeslenme\u201d Etkinli\u011fi 2. Kez D\u00fczenlendi<\/strong><\/span><br \/><span style=\"color: #000000;\">S\u00fcrd\u00fcr\u00fclebilir G\u0131da Zirvesi bu y\u0131l ikinci kez \u2018Beslenme Etkinli\u011fi\u2019ne ev sahipli\u011fi yapt\u0131. Etkinlikte do\u011fru beslenme fark\u0131ndal\u0131\u011f\u0131, yerel g\u0131da k\u00fclt\u00fcr\u00fc, gastronomi, organik g\u0131dalar, alternatif beslenme modelleri, \u00f6zel risk gruplar\u0131 ve kamu politikalar\u0131 \u00fczerine beslenme konusu bu y\u0131l da \u00e7ok boyutlu oturumlarla irdelenerek birey ve toplum sa\u011fl\u0131\u011f\u0131n\u0131n dinamikleri \u00f6l\u00e7\u00fcmlendi.<\/span><\/p><p><span style=\"color: #000000;\">S\u00fcrd\u00fcr\u00fclebilir G\u0131da Zirvesi\u2019nin ana sponsoru Y\u0131ld\u0131z Holding, Palsgaard ve Aromsa olurken, Platin Sponsorlar P\u0131nar ve Knorr, Alt\u0131n Sponsor Barilla, G\u00fcm\u00fc\u015f sponsor olarak CHEP T\u00fcrkiye ve Barry Callebaut, Cargill, Nestle Bronz sponsor olarak Denizbank, Karadeniz \u0130hracat\u00e7\u0131 Birlikleri, Progrup, S\u00f6ke, Aroma, Balparmak ve \u0130reks destek verdi.<\/span><\/p><\/div>\t\t\t\t\t\t\t\t<\/div>\n\t\t\t\t<\/div>\n\t\t\t\t\t<\/div>\n\t\t<\/div>\n\t\t\t\t\t<\/div>\n\t\t<\/section>\n\t\t\t\t<\/div>\n\t\t","protected":false},"excerpt":{"rendered":"<p>S\u00fcrd\u00fcr\u00fclebilirlik Akademisi ve T\u00dcG\u0130S taraf\u0131ndan d\u00fczenlenen S\u00fcrd\u00fcr\u00fclebilir G\u0131da Zirvesi bu y\u0131l, \u2018G\u0131da Sekt\u00f6r\u00fcnde De\u011fi\u015fim\u2019 ana temas\u0131 ile T.C. Tar\u0131m Orman Bakanl\u0131\u011f\u0131 ve BM G\u0131da ve Tar\u0131m \u00d6rg\u00fct\u00fc-FAO\u2019nun destekleriyle Fairmont Quasar Oteli\u2019nde ger\u00e7ekle\u015ftirildi. Beslenme al\u0131\u015fkanl\u0131klar\u0131 sonucunda ya\u015fanan obezite ve a\u00e7l\u0131k sorunlar\u0131n\u0131n masaya yat\u0131r\u0131ld\u0131\u011f\u0131 zirvede konu\u015fmac\u0131lar g\u0131da israf\u0131n\u0131 \u00f6nleme, s\u00fcrd\u00fcr\u00fclebilir beslenme ve sa\u011fl\u0131kl\u0131 g\u0131da hakk\u0131nda g\u00f6r\u00fc\u015f ve [&hellip;]<\/p>\n","protected":false},"author":1,"featured_media":1361,"comment_status":"closed","ping_status":"closed","sticky":false,"template":"","format":"standard","meta":{"_monsterinsights_skip_tracking":false,"_monsterinsights_sitenote_active":false,"_monsterinsights_sitenote_note":"","_monsterinsights_sitenote_category":0,"footnotes":""},"categories":[23,32],"tags":[],"class_list":{"0":"post-1355","1":"post","2":"type-post","3":"status-publish","4":"format-standard","5":"has-post-thumbnail","7":"category-haberler","8":"category-sektorden-haberler-haberler"},"featured_image_src":"https:\/\/www.gidaperakendecileri.org\/wp-content\/uploads\/2019\/10\/bekirpekdemirli.jpg","author_info":{"display_name":"ph16171887571_m2ho1594","author_link":"https:\/\/www.gidaperakendecileri.org\/?author=1"},"yoast_head":"<!-- This site is optimized with the Yoast SEO plugin v26.7 - https:\/\/yoast.com\/wordpress\/plugins\/seo\/ -->\n<title>5. S\u00fcrd\u00fcr\u00fclebilir G\u0131da Zirvesi\u2019nde G\u0131dan\u0131n Gelece\u011fi Masaya Yat\u0131r\u0131ld\u0131 - GPD<\/title>\n<meta name=\"robots\" content=\"index, follow, max-snippet:-1, max-image-preview:large, max-video-preview:-1\" \/>\n<link rel=\"canonical\" href=\"https:\/\/www.gidaperakendecileri.org\/?p=1355\" \/>\n<meta property=\"og:locale\" content=\"en_US\" \/>\n<meta property=\"og:type\" content=\"article\" \/>\n<meta property=\"og:title\" content=\"5. S\u00fcrd\u00fcr\u00fclebilir G\u0131da Zirvesi\u2019nde G\u0131dan\u0131n Gelece\u011fi Masaya Yat\u0131r\u0131ld\u0131 - GPD\" \/>\n<meta property=\"og:description\" content=\"S\u00fcrd\u00fcr\u00fclebilirlik Akademisi ve T\u00dcG\u0130S taraf\u0131ndan d\u00fczenlenen S\u00fcrd\u00fcr\u00fclebilir G\u0131da Zirvesi bu y\u0131l, \u2018G\u0131da Sekt\u00f6r\u00fcnde De\u011fi\u015fim\u2019 ana temas\u0131 ile T.C. Tar\u0131m Orman Bakanl\u0131\u011f\u0131 ve BM G\u0131da ve Tar\u0131m \u00d6rg\u00fct\u00fc-FAO\u2019nun destekleriyle Fairmont Quasar Oteli\u2019nde ger\u00e7ekle\u015ftirildi. Beslenme al\u0131\u015fkanl\u0131klar\u0131 sonucunda ya\u015fanan obezite ve a\u00e7l\u0131k sorunlar\u0131n\u0131n masaya yat\u0131r\u0131ld\u0131\u011f\u0131 zirvede konu\u015fmac\u0131lar g\u0131da israf\u0131n\u0131 \u00f6nleme, s\u00fcrd\u00fcr\u00fclebilir beslenme ve sa\u011fl\u0131kl\u0131 g\u0131da hakk\u0131nda g\u00f6r\u00fc\u015f ve [&hellip;]\" \/>\n<meta property=\"og:url\" content=\"https:\/\/www.gidaperakendecileri.org\/?p=1355\" \/>\n<meta property=\"og:site_name\" content=\"GPD\" \/>\n<meta property=\"article:published_time\" content=\"2019-10-21T10:49:34+00:00\" \/>\n<meta property=\"article:modified_time\" content=\"2021-02-05T13:00:07+00:00\" \/>\n<meta property=\"og:image\" content=\"https:\/\/www.gidaperakendecileri.org\/wp-content\/uploads\/2019\/10\/bekirpekdemirli.jpg\" \/>\n\t<meta property=\"og:image:width\" content=\"1417\" \/>\n\t<meta property=\"og:image:height\" content=\"945\" \/>\n\t<meta property=\"og:image:type\" content=\"image\/jpeg\" \/>\n<meta name=\"author\" content=\"ph16171887571_m2ho1594\" \/>\n<meta name=\"twitter:card\" content=\"summary_large_image\" \/>\n<meta name=\"twitter:label1\" content=\"Written by\" \/>\n\t<meta name=\"twitter:data1\" content=\"ph16171887571_m2ho1594\" \/>\n\t<meta name=\"twitter:label2\" content=\"Est. reading time\" \/>\n\t<meta name=\"twitter:data2\" content=\"7 minutes\" \/>\n<script type=\"application\/ld+json\" class=\"yoast-schema-graph\">{\"@context\":\"https:\/\/schema.org\",\"@graph\":[{\"@type\":\"Article\",\"@id\":\"https:\/\/www.gidaperakendecileri.org\/?p=1355#article\",\"isPartOf\":{\"@id\":\"https:\/\/www.gidaperakendecileri.org\/?p=1355\"},\"author\":{\"name\":\"ph16171887571_m2ho1594\",\"@id\":\"https:\/\/www.gidaperakendecileri.org\/#\/schema\/person\/2a9973560de07919114aa1faead0a371\"},\"headline\":\"5. S\u00fcrd\u00fcr\u00fclebilir G\u0131da Zirvesi\u2019nde G\u0131dan\u0131n Gelece\u011fi Masaya Yat\u0131r\u0131ld\u0131\",\"datePublished\":\"2019-10-21T10:49:34+00:00\",\"dateModified\":\"2021-02-05T13:00:07+00:00\",\"mainEntityOfPage\":{\"@id\":\"https:\/\/www.gidaperakendecileri.org\/?p=1355\"},\"wordCount\":1360,\"image\":{\"@id\":\"https:\/\/www.gidaperakendecileri.org\/?p=1355#primaryimage\"},\"thumbnailUrl\":\"https:\/\/www.gidaperakendecileri.org\/wp-content\/uploads\/2019\/10\/bekirpekdemirli.jpg\",\"articleSection\":[\"Haberler\",\"Sekt\u00f6rden Haberler\"],\"inLanguage\":\"en-US\"},{\"@type\":\"WebPage\",\"@id\":\"https:\/\/www.gidaperakendecileri.org\/?p=1355\",\"url\":\"https:\/\/www.gidaperakendecileri.org\/?p=1355\",\"name\":\"5. S\u00fcrd\u00fcr\u00fclebilir G\u0131da Zirvesi\u2019nde G\u0131dan\u0131n Gelece\u011fi Masaya Yat\u0131r\u0131ld\u0131 - GPD\",\"isPartOf\":{\"@id\":\"https:\/\/www.gidaperakendecileri.org\/#website\"},\"primaryImageOfPage\":{\"@id\":\"https:\/\/www.gidaperakendecileri.org\/?p=1355#primaryimage\"},\"image\":{\"@id\":\"https:\/\/www.gidaperakendecileri.org\/?p=1355#primaryimage\"},\"thumbnailUrl\":\"https:\/\/www.gidaperakendecileri.org\/wp-content\/uploads\/2019\/10\/bekirpekdemirli.jpg\",\"datePublished\":\"2019-10-21T10:49:34+00:00\",\"dateModified\":\"2021-02-05T13:00:07+00:00\",\"author\":{\"@id\":\"https:\/\/www.gidaperakendecileri.org\/#\/schema\/person\/2a9973560de07919114aa1faead0a371\"},\"breadcrumb\":{\"@id\":\"https:\/\/www.gidaperakendecileri.org\/?p=1355#breadcrumb\"},\"inLanguage\":\"en-US\",\"potentialAction\":[{\"@type\":\"ReadAction\",\"target\":[\"https:\/\/www.gidaperakendecileri.org\/?p=1355\"]}]},{\"@type\":\"ImageObject\",\"inLanguage\":\"en-US\",\"@id\":\"https:\/\/www.gidaperakendecileri.org\/?p=1355#primaryimage\",\"url\":\"https:\/\/www.gidaperakendecileri.org\/wp-content\/uploads\/2019\/10\/bekirpekdemirli.jpg\",\"contentUrl\":\"https:\/\/www.gidaperakendecileri.org\/wp-content\/uploads\/2019\/10\/bekirpekdemirli.jpg\",\"width\":1417,\"height\":945},{\"@type\":\"BreadcrumbList\",\"@id\":\"https:\/\/www.gidaperakendecileri.org\/?p=1355#breadcrumb\",\"itemListElement\":[{\"@type\":\"ListItem\",\"position\":1,\"name\":\"Home\",\"item\":\"https:\/\/www.gidaperakendecileri.org\/\"},{\"@type\":\"ListItem\",\"position\":2,\"name\":\"5. S\u00fcrd\u00fcr\u00fclebilir G\u0131da Zirvesi\u2019nde G\u0131dan\u0131n Gelece\u011fi Masaya Yat\u0131r\u0131ld\u0131\"}]},{\"@type\":\"WebSite\",\"@id\":\"https:\/\/www.gidaperakendecileri.org\/#website\",\"url\":\"https:\/\/www.gidaperakendecileri.org\/\",\"name\":\"GPD\",\"description\":\"G\u0131da Perakendecileri Derne\u011fi\",\"potentialAction\":[{\"@type\":\"SearchAction\",\"target\":{\"@type\":\"EntryPoint\",\"urlTemplate\":\"https:\/\/www.gidaperakendecileri.org\/?s={search_term_string}\"},\"query-input\":{\"@type\":\"PropertyValueSpecification\",\"valueRequired\":true,\"valueName\":\"search_term_string\"}}],\"inLanguage\":\"en-US\"},{\"@type\":\"Person\",\"@id\":\"https:\/\/www.gidaperakendecileri.org\/#\/schema\/person\/2a9973560de07919114aa1faead0a371\",\"name\":\"ph16171887571_m2ho1594\",\"image\":{\"@type\":\"ImageObject\",\"inLanguage\":\"en-US\",\"@id\":\"https:\/\/www.gidaperakendecileri.org\/#\/schema\/person\/image\/\",\"url\":\"https:\/\/secure.gravatar.com\/avatar\/6aa3f1f40edc90be5904b6c95a027d0e9963a528a5b2f13ee07d82a1baae7c25?s=96&d=mm&r=g\",\"contentUrl\":\"https:\/\/secure.gravatar.com\/avatar\/6aa3f1f40edc90be5904b6c95a027d0e9963a528a5b2f13ee07d82a1baae7c25?s=96&d=mm&r=g\",\"caption\":\"ph16171887571_m2ho1594\"},\"url\":\"https:\/\/www.gidaperakendecileri.org\/?author=1\"}]}<\/script>\n<!-- \/ Yoast SEO plugin. -->","yoast_head_json":{"title":"5. S\u00fcrd\u00fcr\u00fclebilir G\u0131da Zirvesi\u2019nde G\u0131dan\u0131n Gelece\u011fi Masaya Yat\u0131r\u0131ld\u0131 - GPD","robots":{"index":"index","follow":"follow","max-snippet":"max-snippet:-1","max-image-preview":"max-image-preview:large","max-video-preview":"max-video-preview:-1"},"canonical":"https:\/\/www.gidaperakendecileri.org\/?p=1355","og_locale":"en_US","og_type":"article","og_title":"5. S\u00fcrd\u00fcr\u00fclebilir G\u0131da Zirvesi\u2019nde G\u0131dan\u0131n Gelece\u011fi Masaya Yat\u0131r\u0131ld\u0131 - GPD","og_description":"S\u00fcrd\u00fcr\u00fclebilirlik Akademisi ve T\u00dcG\u0130S taraf\u0131ndan d\u00fczenlenen S\u00fcrd\u00fcr\u00fclebilir G\u0131da Zirvesi bu y\u0131l, \u2018G\u0131da Sekt\u00f6r\u00fcnde De\u011fi\u015fim\u2019 ana temas\u0131 ile T.C. Tar\u0131m Orman Bakanl\u0131\u011f\u0131 ve BM G\u0131da ve Tar\u0131m \u00d6rg\u00fct\u00fc-FAO\u2019nun destekleriyle Fairmont Quasar Oteli\u2019nde ger\u00e7ekle\u015ftirildi. Beslenme al\u0131\u015fkanl\u0131klar\u0131 sonucunda ya\u015fanan obezite ve a\u00e7l\u0131k sorunlar\u0131n\u0131n masaya yat\u0131r\u0131ld\u0131\u011f\u0131 zirvede konu\u015fmac\u0131lar g\u0131da israf\u0131n\u0131 \u00f6nleme, s\u00fcrd\u00fcr\u00fclebilir beslenme ve sa\u011fl\u0131kl\u0131 g\u0131da hakk\u0131nda g\u00f6r\u00fc\u015f ve [&hellip;]","og_url":"https:\/\/www.gidaperakendecileri.org\/?p=1355","og_site_name":"GPD","article_published_time":"2019-10-21T10:49:34+00:00","article_modified_time":"2021-02-05T13:00:07+00:00","og_image":[{"width":1417,"height":945,"url":"https:\/\/www.gidaperakendecileri.org\/wp-content\/uploads\/2019\/10\/bekirpekdemirli.jpg","type":"image\/jpeg"}],"author":"ph16171887571_m2ho1594","twitter_card":"summary_large_image","twitter_misc":{"Written by":"ph16171887571_m2ho1594","Est. reading time":"7 minutes"},"schema":{"@context":"https:\/\/schema.org","@graph":[{"@type":"Article","@id":"https:\/\/www.gidaperakendecileri.org\/?p=1355#article","isPartOf":{"@id":"https:\/\/www.gidaperakendecileri.org\/?p=1355"},"author":{"name":"ph16171887571_m2ho1594","@id":"https:\/\/www.gidaperakendecileri.org\/#\/schema\/person\/2a9973560de07919114aa1faead0a371"},"headline":"5. S\u00fcrd\u00fcr\u00fclebilir G\u0131da Zirvesi\u2019nde G\u0131dan\u0131n Gelece\u011fi Masaya Yat\u0131r\u0131ld\u0131","datePublished":"2019-10-21T10:49:34+00:00","dateModified":"2021-02-05T13:00:07+00:00","mainEntityOfPage":{"@id":"https:\/\/www.gidaperakendecileri.org\/?p=1355"},"wordCount":1360,"image":{"@id":"https:\/\/www.gidaperakendecileri.org\/?p=1355#primaryimage"},"thumbnailUrl":"https:\/\/www.gidaperakendecileri.org\/wp-content\/uploads\/2019\/10\/bekirpekdemirli.jpg","articleSection":["Haberler","Sekt\u00f6rden Haberler"],"inLanguage":"en-US"},{"@type":"WebPage","@id":"https:\/\/www.gidaperakendecileri.org\/?p=1355","url":"https:\/\/www.gidaperakendecileri.org\/?p=1355","name":"5. S\u00fcrd\u00fcr\u00fclebilir G\u0131da Zirvesi\u2019nde G\u0131dan\u0131n Gelece\u011fi Masaya Yat\u0131r\u0131ld\u0131 - GPD","isPartOf":{"@id":"https:\/\/www.gidaperakendecileri.org\/#website"},"primaryImageOfPage":{"@id":"https:\/\/www.gidaperakendecileri.org\/?p=1355#primaryimage"},"image":{"@id":"https:\/\/www.gidaperakendecileri.org\/?p=1355#primaryimage"},"thumbnailUrl":"https:\/\/www.gidaperakendecileri.org\/wp-content\/uploads\/2019\/10\/bekirpekdemirli.jpg","datePublished":"2019-10-21T10:49:34+00:00","dateModified":"2021-02-05T13:00:07+00:00","author":{"@id":"https:\/\/www.gidaperakendecileri.org\/#\/schema\/person\/2a9973560de07919114aa1faead0a371"},"breadcrumb":{"@id":"https:\/\/www.gidaperakendecileri.org\/?p=1355#breadcrumb"},"inLanguage":"en-US","potentialAction":[{"@type":"ReadAction","target":["https:\/\/www.gidaperakendecileri.org\/?p=1355"]}]},{"@type":"ImageObject","inLanguage":"en-US","@id":"https:\/\/www.gidaperakendecileri.org\/?p=1355#primaryimage","url":"https:\/\/www.gidaperakendecileri.org\/wp-content\/uploads\/2019\/10\/bekirpekdemirli.jpg","contentUrl":"https:\/\/www.gidaperakendecileri.org\/wp-content\/uploads\/2019\/10\/bekirpekdemirli.jpg","width":1417,"height":945},{"@type":"BreadcrumbList","@id":"https:\/\/www.gidaperakendecileri.org\/?p=1355#breadcrumb","itemListElement":[{"@type":"ListItem","position":1,"name":"Home","item":"https:\/\/www.gidaperakendecileri.org\/"},{"@type":"ListItem","position":2,"name":"5. S\u00fcrd\u00fcr\u00fclebilir G\u0131da Zirvesi\u2019nde G\u0131dan\u0131n Gelece\u011fi Masaya Yat\u0131r\u0131ld\u0131"}]},{"@type":"WebSite","@id":"https:\/\/www.gidaperakendecileri.org\/#website","url":"https:\/\/www.gidaperakendecileri.org\/","name":"GPD","description":"G\u0131da Perakendecileri Derne\u011fi","potentialAction":[{"@type":"SearchAction","target":{"@type":"EntryPoint","urlTemplate":"https:\/\/www.gidaperakendecileri.org\/?s={search_term_string}"},"query-input":{"@type":"PropertyValueSpecification","valueRequired":true,"valueName":"search_term_string"}}],"inLanguage":"en-US"},{"@type":"Person","@id":"https:\/\/www.gidaperakendecileri.org\/#\/schema\/person\/2a9973560de07919114aa1faead0a371","name":"ph16171887571_m2ho1594","image":{"@type":"ImageObject","inLanguage":"en-US","@id":"https:\/\/www.gidaperakendecileri.org\/#\/schema\/person\/image\/","url":"https:\/\/secure.gravatar.com\/avatar\/6aa3f1f40edc90be5904b6c95a027d0e9963a528a5b2f13ee07d82a1baae7c25?s=96&d=mm&r=g","contentUrl":"https:\/\/secure.gravatar.com\/avatar\/6aa3f1f40edc90be5904b6c95a027d0e9963a528a5b2f13ee07d82a1baae7c25?s=96&d=mm&r=g","caption":"ph16171887571_m2ho1594"},"url":"https:\/\/www.gidaperakendecileri.org\/?author=1"}]}},"amp_enabled":true,"_links":{"self":[{"href":"https:\/\/www.gidaperakendecileri.org\/index.php?rest_route=\/wp\/v2\/posts\/1355","targetHints":{"allow":["GET"]}}],"collection":[{"href":"https:\/\/www.gidaperakendecileri.org\/index.php?rest_route=\/wp\/v2\/posts"}],"about":[{"href":"https:\/\/www.gidaperakendecileri.org\/index.php?rest_route=\/wp\/v2\/types\/post"}],"author":[{"embeddable":true,"href":"https:\/\/www.gidaperakendecileri.org\/index.php?rest_route=\/wp\/v2\/users\/1"}],"replies":[{"embeddable":true,"href":"https:\/\/www.gidaperakendecileri.org\/index.php?rest_route=%2Fwp%2Fv2%2Fcomments&post=1355"}],"version-history":[{"count":3,"href":"https:\/\/www.gidaperakendecileri.org\/index.php?rest_route=\/wp\/v2\/posts\/1355\/revisions"}],"predecessor-version":[{"id":1365,"href":"https:\/\/www.gidaperakendecileri.org\/index.php?rest_route=\/wp\/v2\/posts\/1355\/revisions\/1365"}],"wp:featuredmedia":[{"embeddable":true,"href":"https:\/\/www.gidaperakendecileri.org\/index.php?rest_route=\/wp\/v2\/media\/1361"}],"wp:attachment":[{"href":"https:\/\/www.gidaperakendecileri.org\/index.php?rest_route=%2Fwp%2Fv2%2Fmedia&parent=1355"}],"wp:term":[{"taxonomy":"category","embeddable":true,"href":"https:\/\/www.gidaperakendecileri.org\/index.php?rest_route=%2Fwp%2Fv2%2Fcategories&post=1355"},{"taxonomy":"post_tag","embeddable":true,"href":"https:\/\/www.gidaperakendecileri.org\/index.php?rest_route=%2Fwp%2Fv2%2Ftags&post=1355"}],"curies":[{"name":"wp","href":"https:\/\/api.w.org\/{rel}","templated":true}]}}